{"id":10092,"date":"2025-05-05T08:21:04","date_gmt":"2025-05-05T06:21:04","guid":{"rendered":"https:\/\/bd-chroniques.be\/?p=10092"},"modified":"2025-05-05T08:21:04","modified_gmt":"2025-05-05T06:21:04","slug":"destins-coreens-jung-et-les-voies-de-ladoption-ici-en-coree-ailleurs-aussi-sans-aucun-doute","status":"publish","type":"post","link":"https:\/\/bd-chroniques.be\/index.php\/2025\/05\/05\/destins-coreens-jung-et-les-voies-de-ladoption-ici-en-coree-ailleurs-aussi-sans-aucun-doute\/","title":{"rendered":"Destins Cor\u00e9ens \u2013 Jung, et les voies de l\u2019adoption ici, en Cor\u00e9e, ailleurs aussi, sans aucun doute\u2026"},"content":{"rendered":"\n<p>Belge d\u2019origine cor\u00e9enne, Jung est un auteur dont les \u0153uvres s\u2019enfouissent au plus profond de ses quotidiens, de ses amiti\u00e9s, de ses amours, de sa r\u00e9alit\u00e9 \u00ab\u00a0d\u2019adopt\u00e9\u00a0\u00bb\u2026 <\/p>\n\n\n<div class=\"wp-block-image\">\n<figure class=\"aligncenter size-full\"><img data-recalc-dims=\"1\" loading=\"lazy\" decoding=\"async\" width=\"768\" height=\"384\" src=\"https:\/\/i0.wp.com\/bd-chroniques.be\/wp-content\/uploads\/2025\/05\/image-10.png?resize=768%2C384&#038;ssl=1\" alt=\"\" class=\"wp-image-10094\" srcset=\"https:\/\/i0.wp.com\/bd-chroniques.be\/wp-content\/uploads\/2025\/05\/image-10.png?w=980&amp;ssl=1 980w, https:\/\/i0.wp.com\/bd-chroniques.be\/wp-content\/uploads\/2025\/05\/image-10.png?resize=300%2C150&amp;ssl=1 300w, https:\/\/i0.wp.com\/bd-chroniques.be\/wp-content\/uploads\/2025\/05\/image-10.png?resize=768%2C384&amp;ssl=1 768w\" sizes=\"auto, (max-width: 768px) 100vw, 768px\" \/><figcaption class=\"wp-element-caption\">copyright delcourt<\/figcaption><\/figure>\n<\/div>\n\n\n<p>Et c\u2019est bien le cas avec ce livre,\u00a0\u00ab\u00a0Destins Cor\u00e9ens\u00a0\u00bb, un album dessin\u00e9 par Jung, avec la collaboration tr\u00e8s proche de sa compagne, La\u00ebtitia Marty. Pour eux deux, l\u2019adoption est partie int\u00e9grante de leur v\u00e9cu, et, ici, elle continue \u00e0 rythmer profond\u00e9ment leur travail artistique, litt\u00e9raire, graphique\u2026 <\/p>\n\n\n<div class=\"wp-block-image\">\n<figure class=\"aligncenter size-full\"><img data-recalc-dims=\"1\" loading=\"lazy\" decoding=\"async\" width=\"539\" height=\"712\" src=\"https:\/\/i0.wp.com\/bd-chroniques.be\/wp-content\/uploads\/2025\/05\/image-11.png?resize=539%2C712&#038;ssl=1\" alt=\"\" class=\"wp-image-10095\" srcset=\"https:\/\/i0.wp.com\/bd-chroniques.be\/wp-content\/uploads\/2025\/05\/image-11.png?w=539&amp;ssl=1 539w, https:\/\/i0.wp.com\/bd-chroniques.be\/wp-content\/uploads\/2025\/05\/image-11.png?resize=227%2C300&amp;ssl=1 227w\" sizes=\"auto, (max-width: 539px) 100vw, 539px\" \/><figcaption class=\"wp-element-caption\">copyright delcourt<\/figcaption><\/figure>\n<\/div>\n\n\n<p>Aux d\u00e9buts de sa carri\u00e8re, Jung a peaufin\u00e9 son talent dans des r\u00e9cits tr\u00e8s souvent inspir\u00e9s par l\u2019Asie, par ses fables, ses l\u00e9gendes. Et puis, d\u00e9laissant ces histoires qu\u2019on pourrait peut-\u00eatre appeler traditionnelles, il s\u2019est un jour lanc\u00e9 dans une \u0153uvre majeure, en quatre albums, \u00ab\u00a0<strong>Couleur de peau\u00a0: Miel<\/strong>\u00a0\u00bb. Quatre livres qui parlent de ses questionnements, de ses sentiments, de ses angoisses, de ses souffrances, aussi, sans rien cacher du commerce que peut, souvent, devenir l\u2019industrie de l\u2019adoption. Une \u00ab\u00a0s\u00e9rie\u00a0\u00bb qui parle aussi des \u00ab\u00a0bien adopt\u00e9s\u00a0\u00bb et des \u00ab\u00a0mal adopt\u00e9s\u00a0\u00bb&#8230; Ces quatre albums l\u2019ont pouss\u00e9 \u00e9galement \u00e0 devenir r\u00e9alisateur, pour un film totalement fid\u00e8le \u00e0 ses dessins, sorti sur les \u00e9crans au d\u00e9but des ann\u00e9es 2010.<\/p>\n\n\n<div class=\"wp-block-image\">\n<figure class=\"aligncenter size-large\"><img data-recalc-dims=\"1\" loading=\"lazy\" decoding=\"async\" width=\"768\" height=\"1010\" src=\"https:\/\/i0.wp.com\/bd-chroniques.be\/wp-content\/uploads\/2025\/05\/image-12.png?resize=768%2C1010&#038;ssl=1\" alt=\"\" class=\"wp-image-10096\" srcset=\"https:\/\/i0.wp.com\/bd-chroniques.be\/wp-content\/uploads\/2025\/05\/image-12.png?resize=779%2C1024&amp;ssl=1 779w, https:\/\/i0.wp.com\/bd-chroniques.be\/wp-content\/uploads\/2025\/05\/image-12.png?resize=228%2C300&amp;ssl=1 228w, https:\/\/i0.wp.com\/bd-chroniques.be\/wp-content\/uploads\/2025\/05\/image-12.png?resize=768%2C1010&amp;ssl=1 768w, https:\/\/i0.wp.com\/bd-chroniques.be\/wp-content\/uploads\/2025\/05\/image-12.png?w=907&amp;ssl=1 907w\" sizes=\"auto, (max-width: 768px) 100vw, 768px\" \/><figcaption class=\"wp-element-caption\">copyright delcourt<\/figcaption><\/figure>\n<\/div>\n\n\n<p>Et cette r\u00e9alit\u00e9 multiforme de l\u2019adoption est encore le th\u00e8me de ce livre-ci, autobiographique \u00e9galement\u2026 Jung a vu son \u00ab\u00a0couleur de peau\u00a0\u00bb traduit en cor\u00e9en. Il a \u00e9t\u00e9 jusque dans son pays d\u2019origine pour d\u00e9dicacer cet album. Il y a rencontr\u00e9 une jeune femme, enceinte, une \u00e9tudiante, qui lui a dit qu\u2019apr\u00e8s avoir lu son livre, elle avait d\u00e9cid\u00e9 de garder cet enfant, de ne pas le donner en adoption. De retour chez lui, en Europe, Jung n\u2019a plus eu de nouvelles\u2026 Cela le hantait\u2026 Et, \u00e0 l\u2019occasion d\u2019un nouveau voyage au pays du matin frais, il cherche \u00e0 la retrouver\u2026 Voil\u00e0 la trame, simple, quotidienne, de cet album puissant&#8230; <\/p>\n\n\n<div class=\"wp-block-image\">\n<figure class=\"aligncenter size-large\"><img data-recalc-dims=\"1\" loading=\"lazy\" decoding=\"async\" width=\"768\" height=\"1010\" src=\"https:\/\/i0.wp.com\/bd-chroniques.be\/wp-content\/uploads\/2025\/05\/image-13.png?resize=768%2C1010&#038;ssl=1\" alt=\"\" class=\"wp-image-10098\" srcset=\"https:\/\/i0.wp.com\/bd-chroniques.be\/wp-content\/uploads\/2025\/05\/image-13.png?resize=779%2C1024&amp;ssl=1 779w, https:\/\/i0.wp.com\/bd-chroniques.be\/wp-content\/uploads\/2025\/05\/image-13.png?resize=228%2C300&amp;ssl=1 228w, https:\/\/i0.wp.com\/bd-chroniques.be\/wp-content\/uploads\/2025\/05\/image-13.png?resize=768%2C1010&amp;ssl=1 768w, https:\/\/i0.wp.com\/bd-chroniques.be\/wp-content\/uploads\/2025\/05\/image-13.png?w=907&amp;ssl=1 907w\" sizes=\"auto, (max-width: 768px) 100vw, 768px\" \/><figcaption class=\"wp-element-caption\">copyright delcourt<\/figcaption><\/figure>\n<\/div>\n\n\n<p>C\u2019est tout cela, oui, que nous raconte ce livre merveilleusement dessin\u00e9, avec des touches de couleur jaune moutarde qui illuminent la grisaille du propos\u2026 De la grisaille, oui, parce que la Cor\u00e9e du Sud est une soci\u00e9t\u00e9 qu\u2019on conna\u00eet peu, ici, en Europe, une soci\u00e9t\u00e9 qui rejette les m\u00e8res c\u00e9libataires, et o\u00f9 la r\u00e9ussite sociale prime sur tout le reste\u2026 Et c\u2019est cette Cor\u00e9e-l\u00e0, sans masque, que Jung nous montre \u00e0 voir\u2026 Avec, pour ces m\u00e8res c\u00e9libataires, la honte, avec, pour les enfants adopt\u00e9s, le syndrome d\u2019abandon, avec les gestes qu\u2019on n\u2019ose pas faire, avec le manque d\u2019amour dont on ne gu\u00e9rit jamais, m\u00eame si l\u2019amour n\u2019est pas une question de filiation, comme le dit Jung dans ce livre. C\u2019est presque une auto-analyse que cet album\u2026 Presque, parce que c\u2019est aussi le r\u00e9cit d\u2019un combat contre un \u00e9tat d&rsquo;esprit, contre une non-existence de la femme, le combat de cette jeune m\u00e8re c\u00e9libataire, Joy, et donc d\u2019un horizon nouveau possible&#8230; <\/p>\n\n\n<div class=\"wp-block-image\">\n<figure class=\"aligncenter size-full\"><img data-recalc-dims=\"1\" loading=\"lazy\" decoding=\"async\" width=\"373\" height=\"500\" src=\"https:\/\/i0.wp.com\/bd-chroniques.be\/wp-content\/uploads\/2025\/05\/image-14.png?resize=373%2C500&#038;ssl=1\" alt=\"\" class=\"wp-image-10099\" srcset=\"https:\/\/i0.wp.com\/bd-chroniques.be\/wp-content\/uploads\/2025\/05\/image-14.png?w=373&amp;ssl=1 373w, https:\/\/i0.wp.com\/bd-chroniques.be\/wp-content\/uploads\/2025\/05\/image-14.png?resize=224%2C300&amp;ssl=1 224w\" sizes=\"auto, (max-width: 373px) 100vw, 373px\" \/><figcaption class=\"wp-element-caption\">copyright delcourt<\/figcaption><\/figure>\n<\/div>\n\n\n<p>C\u2019est un livre humain, intime, \u00e9mouvant\u2026 Un r\u00e9cit \u00ab&nbsp;v\u00e9cu&nbsp;\u00bb que les auteurs nous racontent par petits fragments de vie, avec simplicit\u00e9\u2026 Un livre tout en \u00e9motion, oui, et en intelligence\u2026 Un livre parfaitement r\u00e9ussi, qu\u2019on lit d\u2019une traite\u2026<\/p>\n\n\n\n<p><strong>Jacques et Josiane Schra\u00fbwen<\/strong><\/p>\n\n\n\n<p><strong>Destins Cor\u00e9ens (dessin&nbsp;: Jung \u2013 sc\u00e9nario&nbsp;: La\u00ebtitia Marty et Jung \u2013 \u00e9diteur&nbsp;: Delcourt \u2013 f\u00e9vrier 2025 \u2013 135 pages)<\/strong><\/p>\n","protected":false},"excerpt":{"rendered":"<p>Belge d\u2019origine cor\u00e9enne, Jung est un auteur dont les \u0153uvres s\u2019enfouissent au plus profond de ses quotidiens, de ses amiti\u00e9s, de ses amours, de sa r\u00e9alit\u00e9 \u00ab\u00a0d\u2019adopt\u00e9\u00a0\u00bb\u2026 Et c\u2019est bien le cas avec ce livre,\u00a0\u00ab\u00a0Destins Cor\u00e9ens\u00a0\u00bb, un album dessin\u00e9 par Jung, avec la collaboration tr\u00e8s proche de sa compagne, La\u00ebtitia Marty. Pour eux deux, l\u2019adoption [&hellip;]<\/p>\n","protected":false},"author":1,"featured_media":10093,"comment_status":"open","ping_status":"open","sticky":false,"template":"","format":"standard","meta":{"jetpack_post_was_ever_published":false,"_jetpack_newsletter_access":"","_jetpack_dont_email_post_to_subs":false,"_jetpack_newsletter_tier_id":0,"_jetpack_memberships_contains_paywalled_content":false,"_jetpack_memberships_contains_paid_content":false,"footnotes":"","jetpack_publicize_message":"","jetpack_publicize_feature_enabled":true,"jetpack_social_post_already_shared":true,"jetpack_social_options":{"image_generator_settings":{"template":"highway","default_image_id":0,"font":"","enabled":false},"version":2}},"categories":[14,19],"tags":[],"class_list":["post-10092","post","type-post","status-publish","format-standard","has-post-thumbnail","hentry","category-bd-de-a-a-f","category-d"],"jetpack_publicize_connections":[],"jetpack_featured_media_url":"https:\/\/i0.wp.com\/bd-chroniques.be\/wp-content\/uploads\/2025\/05\/we2.jpg?fit=400%2C523&ssl=1","jetpack_shortlink":"https:\/\/wp.me\/p8dqsu-2CM","jetpack_likes_enabled":true,"jetpack_sharing_enabled":true,"_links":{"self":[{"href":"https:\/\/bd-chroniques.be\/index.php\/wp-json\/wp\/v2\/posts\/10092","targetHints":{"allow":["GET"]}}],"collection":[{"href":"https:\/\/bd-chroniques.be\/index.php\/wp-json\/wp\/v2\/posts"}],"about":[{"href":"https:\/\/bd-chroniques.be\/index.php\/wp-json\/wp\/v2\/types\/post"}],"author":[{"embeddable":true,"href":"https:\/\/bd-chroniques.be\/index.php\/wp-json\/wp\/v2\/users\/1"}],"replies":[{"embeddable":true,"href":"https:\/\/bd-chroniques.be\/index.php\/wp-json\/wp\/v2\/comments?post=10092"}],"version-history":[{"count":2,"href":"https:\/\/bd-chroniques.be\/index.php\/wp-json\/wp\/v2\/posts\/10092\/revisions"}],"predecessor-version":[{"id":10100,"href":"https:\/\/bd-chroniques.be\/index.php\/wp-json\/wp\/v2\/posts\/10092\/revisions\/10100"}],"wp:featuredmedia":[{"embeddable":true,"href":"https:\/\/bd-chroniques.be\/index.php\/wp-json\/wp\/v2\/media\/10093"}],"wp:attachment":[{"href":"https:\/\/bd-chroniques.be\/index.php\/wp-json\/wp\/v2\/media?parent=10092"}],"wp:term":[{"taxonomy":"category","embeddable":true,"href":"https:\/\/bd-chroniques.be\/index.php\/wp-json\/wp\/v2\/categories?post=10092"},{"taxonomy":"post_tag","embeddable":true,"href":"https:\/\/bd-chroniques.be\/index.php\/wp-json\/wp\/v2\/tags?post=10092"}],"curies":[{"name":"wp","href":"https:\/\/api.w.org\/{rel}","templated":true}]}}