{"id":10658,"date":"2025-10-15T17:28:47","date_gmt":"2025-10-15T15:28:47","guid":{"rendered":"https:\/\/bd-chroniques.be\/?p=10658"},"modified":"2025-10-15T17:28:47","modified_gmt":"2025-10-15T15:28:47","slug":"le-pays-de-leau-qui-monte-une-bonne-bande-dessinee-qui-sadresse-a-un-jeune-public-pour-parler-des-consequences-du-bouleversement-climatique","status":"publish","type":"post","link":"https:\/\/bd-chroniques.be\/index.php\/2025\/10\/15\/le-pays-de-leau-qui-monte-une-bonne-bande-dessinee-qui-sadresse-a-un-jeune-public-pour-parler-des-consequences-du-bouleversement-climatique\/","title":{"rendered":"Le Pays De L\u2019Eau Qui Monte \u2013 Une bonne bande dessin\u00e9e qui s\u2019adresse \u00e0 un jeune public pour parler des cons\u00e9quences du bouleversement climatique"},"content":{"rendered":"\n<p>Le d\u00e9r\u00e8glement climatique, souvent appel\u00e9 \u00e0 tort \u00ab\u00a0r\u00e9chauffement\u00a0\u00bb, fait incontestablement partie du paysage m\u00e9diatique\u2026 Avec il faut le dire, une influence stressante sur les enfants. Ce livre peut, peut-\u00eatre, estomper ce stress\u2026<\/p>\n\n\n<div class=\"wp-block-image\">\n<figure class=\"aligncenter size-full\"><img data-recalc-dims=\"1\" loading=\"lazy\" decoding=\"async\" width=\"768\" height=\"384\" src=\"https:\/\/i0.wp.com\/bd-chroniques.be\/wp-content\/uploads\/2025\/10\/image-31.png?resize=768%2C384&#038;ssl=1\" alt=\"\" class=\"wp-image-10660\" srcset=\"https:\/\/i0.wp.com\/bd-chroniques.be\/wp-content\/uploads\/2025\/10\/image-31.png?w=980&amp;ssl=1 980w, https:\/\/i0.wp.com\/bd-chroniques.be\/wp-content\/uploads\/2025\/10\/image-31.png?resize=300%2C150&amp;ssl=1 300w, https:\/\/i0.wp.com\/bd-chroniques.be\/wp-content\/uploads\/2025\/10\/image-31.png?resize=768%2C384&amp;ssl=1 768w\" sizes=\"auto, (max-width: 768px) 100vw, 768px\" \/><figcaption class=\"wp-element-caption\">copyright delcourt<\/figcaption><\/figure>\n<\/div>\n\n\n<p>Un petit village, dans lequel rien, jamais, ne se passe\u2026 Un petit village avec, quand m\u00eame, sa radio libre\u2026 Un petit village qui ne subit pas les ravages d\u2019une soci\u00e9t\u00e9 ax\u00e9e sur la seule rentabilit\u00e9, puisque s\u2019y trouvent encore une boulangerie, une \u00e9picerie, une \u00e9cole, et des enfants. Un petit village dans lequel, depuis des jours et des jours, il pleut\u00a0!<\/p>\n\n\n<div class=\"wp-block-image\">\n<figure class=\"aligncenter size-large\"><img data-recalc-dims=\"1\" loading=\"lazy\" decoding=\"async\" width=\"768\" height=\"1013\" src=\"https:\/\/i0.wp.com\/bd-chroniques.be\/wp-content\/uploads\/2025\/10\/image-32.png?resize=768%2C1013&#038;ssl=1\" alt=\"\" class=\"wp-image-10661\" srcset=\"https:\/\/i0.wp.com\/bd-chroniques.be\/wp-content\/uploads\/2025\/10\/image-32.png?resize=776%2C1024&amp;ssl=1 776w, https:\/\/i0.wp.com\/bd-chroniques.be\/wp-content\/uploads\/2025\/10\/image-32.png?resize=227%2C300&amp;ssl=1 227w, https:\/\/i0.wp.com\/bd-chroniques.be\/wp-content\/uploads\/2025\/10\/image-32.png?resize=768%2C1013&amp;ssl=1 768w, https:\/\/i0.wp.com\/bd-chroniques.be\/wp-content\/uploads\/2025\/10\/image-32.png?w=800&amp;ssl=1 800w\" sizes=\"auto, (max-width: 768px) 100vw, 768px\" \/><figcaption class=\"wp-element-caption\">copyright delcourt<\/figcaption><\/figure>\n<\/div>\n\n\n<p>A partir de ce qui peut, bien \u00e9videmment, passer pour anecdotique, Rodolphe, le sc\u00e9nariste raconte comment les gens peuvent continuer \u00e0 vivre, \u00e0 vivre ensemble, \u00e0 retrouver le sens de ce mot, lorsque la nature d\u00e9cide de remettre les choses en place, de rappeler, simplement, qu\u2019elle existe et que, qu\u2019on le veuille ou non, on d\u00e9pend toutes et tous de lui. Mais n\u2019allez pas croire, dans ce livre, \u00e0 un grand message, non\u00a0! Rodolphe nous offre un r\u00e9cit simple, gentil, presque na\u00eff parfois, utopique souvent, souriant toujours, et ax\u00e9 sur la possibilit\u00e9, toujours aussi, d\u2019une forme d\u2019humanisme.<\/p>\n\n\n<div class=\"wp-block-image\">\n<figure class=\"aligncenter size-full\"><img data-recalc-dims=\"1\" loading=\"lazy\" decoding=\"async\" width=\"500\" height=\"659\" src=\"https:\/\/i0.wp.com\/bd-chroniques.be\/wp-content\/uploads\/2025\/10\/image-33.png?resize=500%2C659&#038;ssl=1\" alt=\"\" class=\"wp-image-10662\" srcset=\"https:\/\/i0.wp.com\/bd-chroniques.be\/wp-content\/uploads\/2025\/10\/image-33.png?w=500&amp;ssl=1 500w, https:\/\/i0.wp.com\/bd-chroniques.be\/wp-content\/uploads\/2025\/10\/image-33.png?resize=228%2C300&amp;ssl=1 228w\" sizes=\"auto, (max-width: 500px) 100vw, 500px\" \/><figcaption class=\"wp-element-caption\">copyright delcourt<\/figcaption><\/figure>\n<\/div>\n\n\n<p>C\u2019est, je le disais, un album qui s\u2019adresse \u00e0 un jeune public\u2026 Et son propos, qui aurait pu \u00eatre s\u00e9rieux, est temp\u00e9r\u00e9 (jeu de mot) par l\u2019anthropomorphisme du r\u00e9cit, du dessin. Patrice Le Sourd, le dessinateur, nous fait ainsi le portrait d\u2019humains au travers de traits animaux. Plus moyen ainsi, de juger sur un visage\u00a0: le lecteur se trouve en face d\u2019une sorte de conte animalier, et il va pouvoir, gr\u00e2ce \u00e0 l\u2019osmose du texte et du graphisme, extrapoler le sujet qui lui est propos\u00e9 et le transposer dans son propre quotidien.<\/p>\n\n\n<div class=\"wp-block-image\">\n<figure class=\"aligncenter size-large\"><img data-recalc-dims=\"1\" loading=\"lazy\" decoding=\"async\" width=\"768\" height=\"1012\" src=\"https:\/\/i0.wp.com\/bd-chroniques.be\/wp-content\/uploads\/2025\/10\/image-34.png?resize=768%2C1012&#038;ssl=1\" alt=\"\" class=\"wp-image-10663\" srcset=\"https:\/\/i0.wp.com\/bd-chroniques.be\/wp-content\/uploads\/2025\/10\/image-34.png?resize=777%2C1024&amp;ssl=1 777w, https:\/\/i0.wp.com\/bd-chroniques.be\/wp-content\/uploads\/2025\/10\/image-34.png?resize=228%2C300&amp;ssl=1 228w, https:\/\/i0.wp.com\/bd-chroniques.be\/wp-content\/uploads\/2025\/10\/image-34.png?resize=768%2C1012&amp;ssl=1 768w, https:\/\/i0.wp.com\/bd-chroniques.be\/wp-content\/uploads\/2025\/10\/image-34.png?w=905&amp;ssl=1 905w\" sizes=\"auto, (max-width: 768px) 100vw, 768px\" \/><figcaption class=\"wp-element-caption\">copyright delcourt<\/figcaption><\/figure>\n<\/div>\n\n\n<p>Le sc\u00e9nario de Rodolphe r\u00e9ussit ici \u00e0 raconter un monde sans manich\u00e9isme. Certes, et je le disais, les bons sentiments sont \u00e0 l\u2019honneur\u2026 L\u2019entraide est une r\u00e9alit\u00e9\u2026 Les enfants passent de maison en maison, les adultes oublient leurs diff\u00e9rends, les inondations deviennent l\u2019occasion de rencontres, de partages, de sourires au profond de la fatigue\u2026 Le journalisme lui-m\u00eame perd ses routines et va, r\u00e9ellement, au-devant des gens r\u00e9els\u00a0! Mais le racisme existe aussi\u2026 Et c\u2019est \u00ab\u00a0ensemble\u00a0\u00bb qu\u2019il peut \u00eatre d\u00e9truit\u2026<\/p>\n\n\n<div class=\"wp-block-image\">\n<figure class=\"aligncenter size-large\"><img data-recalc-dims=\"1\" loading=\"lazy\" decoding=\"async\" width=\"768\" height=\"1012\" src=\"https:\/\/i0.wp.com\/bd-chroniques.be\/wp-content\/uploads\/2025\/10\/image-36.png?resize=768%2C1012&#038;ssl=1\" alt=\"\" class=\"wp-image-10665\" srcset=\"https:\/\/i0.wp.com\/bd-chroniques.be\/wp-content\/uploads\/2025\/10\/image-36-scaled.png?resize=777%2C1024&amp;ssl=1 777w, https:\/\/i0.wp.com\/bd-chroniques.be\/wp-content\/uploads\/2025\/10\/image-36-scaled.png?resize=228%2C300&amp;ssl=1 228w, https:\/\/i0.wp.com\/bd-chroniques.be\/wp-content\/uploads\/2025\/10\/image-36-scaled.png?resize=768%2C1012&amp;ssl=1 768w, https:\/\/i0.wp.com\/bd-chroniques.be\/wp-content\/uploads\/2025\/10\/image-36-scaled.png?resize=1165%2C1536&amp;ssl=1 1165w, https:\/\/i0.wp.com\/bd-chroniques.be\/wp-content\/uploads\/2025\/10\/image-36-scaled.png?resize=1554%2C2048&amp;ssl=1 1554w, https:\/\/i0.wp.com\/bd-chroniques.be\/wp-content\/uploads\/2025\/10\/image-36-scaled.png?w=1942&amp;ssl=1 1942w\" sizes=\"auto, (max-width: 768px) 100vw, 768px\" \/><figcaption class=\"wp-element-caption\">copyright delcourt<\/figcaption><\/figure>\n<\/div>\n\n\n<p>Oui, c\u2019est un album gentil, positif, pr\u00f4nant des sentiments et des actions simples, imm\u00e9diats. Mais qui le fait avec gentillesse, aussi, avec une sorte d\u2019esp\u00e9rance tranquille en l\u2019\u00eatre humain, tout calmement. C\u2019est un livre qui montre, \u00e0 sa mani\u00e8re, que toutes les angoisses peuvent n\u2019avoir aucun sens quand on se donne la main, v\u00e9ritablement\u00a0! Et, ma foi, cela fait du bien, de nos jours, ce genre de livres qui r\u00e9ussit \u00e0 faire un peu r\u00e9fl\u00e9chir, et \u00e0 le faire sans mi\u00e8vrerie\u00a0!<\/p>\n\n\n\n<p><strong>Jacques et Josiane Schra\u00fbwen<\/strong><\/p>\n\n\n\n<p><strong>Le Pays De L\u2019Eau Qui Monte (dessin&nbsp;: Patrice Le Sourd \u2013 sc\u00e9nario&nbsp;: Rodolphe \u2013 \u00e9diteur&nbsp;: Delcourt jeunesse \u2013 juin 2025 \u2013 40 pages)<\/strong><\/p>\n","protected":false},"excerpt":{"rendered":"<p>Le d\u00e9r\u00e8glement climatique, souvent appel\u00e9 \u00e0 tort \u00ab\u00a0r\u00e9chauffement\u00a0\u00bb, fait incontestablement partie du paysage m\u00e9diatique\u2026 Avec il faut le dire, une influence stressante sur les enfants. Ce livre peut, peut-\u00eatre, estomper ce stress\u2026 Un petit village, dans lequel rien, jamais, ne se passe\u2026 Un petit village avec, quand m\u00eame, sa radio libre\u2026 Un petit village qui [&hellip;]<\/p>\n","protected":false},"author":1,"featured_media":10659,"comment_status":"open","ping_status":"open","sticky":false,"template":"","format":"standard","meta":{"jetpack_post_was_ever_published":false,"_jetpack_newsletter_access":"","_jetpack_dont_email_post_to_subs":false,"_jetpack_newsletter_tier_id":0,"_jetpack_memberships_contains_paywalled_content":false,"_jetpack_memberships_contains_paid_content":false,"footnotes":"","jetpack_publicize_message":"","jetpack_publicize_feature_enabled":true,"jetpack_social_post_already_shared":true,"jetpack_social_options":{"image_generator_settings":{"template":"highway","default_image_id":0,"font":"","enabled":false},"version":2}},"categories":[40],"tags":[],"class_list":["post-10658","post","type-post","status-publish","format-standard","has-post-thumbnail","hentry","category-non-classe"],"jetpack_publicize_connections":[],"jetpack_featured_media_url":"https:\/\/i0.wp.com\/bd-chroniques.be\/wp-content\/uploads\/2025\/10\/EAU.jpg?fit=1400%2C1846&ssl=1","jetpack_shortlink":"https:\/\/wp.me\/p8dqsu-2LU","jetpack_likes_enabled":true,"jetpack_sharing_enabled":true,"_links":{"self":[{"href":"https:\/\/bd-chroniques.be\/index.php\/wp-json\/wp\/v2\/posts\/10658","targetHints":{"allow":["GET"]}}],"collection":[{"href":"https:\/\/bd-chroniques.be\/index.php\/wp-json\/wp\/v2\/posts"}],"about":[{"href":"https:\/\/bd-chroniques.be\/index.php\/wp-json\/wp\/v2\/types\/post"}],"author":[{"embeddable":true,"href":"https:\/\/bd-chroniques.be\/index.php\/wp-json\/wp\/v2\/users\/1"}],"replies":[{"embeddable":true,"href":"https:\/\/bd-chroniques.be\/index.php\/wp-json\/wp\/v2\/comments?post=10658"}],"version-history":[{"count":1,"href":"https:\/\/bd-chroniques.be\/index.php\/wp-json\/wp\/v2\/posts\/10658\/revisions"}],"predecessor-version":[{"id":10666,"href":"https:\/\/bd-chroniques.be\/index.php\/wp-json\/wp\/v2\/posts\/10658\/revisions\/10666"}],"wp:featuredmedia":[{"embeddable":true,"href":"https:\/\/bd-chroniques.be\/index.php\/wp-json\/wp\/v2\/media\/10659"}],"wp:attachment":[{"href":"https:\/\/bd-chroniques.be\/index.php\/wp-json\/wp\/v2\/media?parent=10658"}],"wp:term":[{"taxonomy":"category","embeddable":true,"href":"https:\/\/bd-chroniques.be\/index.php\/wp-json\/wp\/v2\/categories?post=10658"},{"taxonomy":"post_tag","embeddable":true,"href":"https:\/\/bd-chroniques.be\/index.php\/wp-json\/wp\/v2\/tags?post=10658"}],"curies":[{"name":"wp","href":"https:\/\/api.w.org\/{rel}","templated":true}]}}