{"id":10728,"date":"2025-11-11T10:01:49","date_gmt":"2025-11-11T09:01:49","guid":{"rendered":"https:\/\/bd-chroniques.be\/?p=10728"},"modified":"2025-11-16T10:18:25","modified_gmt":"2025-11-16T09:18:25","slug":"airborne-11-missing-in-action","status":"publish","type":"post","link":"https:\/\/bd-chroniques.be\/index.php\/2025\/11\/11\/airborne-11-missing-in-action\/","title":{"rendered":"AIRBORNE 11 \u2013 Missing In Action"},"content":{"rendered":"\n<p>Ces jours-ci, c\u2019est l\u2019armistice de la guerre 14-18 qu\u2019on comm\u00e9more, c\u2019est vrai\u2026 Mais cet armistice n\u2019a-t-il pas \u00e9t\u00e9, \u00e0 sa mani\u00e8re, l\u2019initiale de la guerre suivante\u00a0? Et toutes les guerres, finalement, ne se ressemblent-elles pas\u00a0? Et j\u2019ai envie, aujourd\u2019hui, de vous parler du onzi\u00e8me num\u00e9ro d\u2019une s\u00e9rie consacr\u00e9e \u00e0 la guerre 40-45\u00a0!<\/p>\n\n\n<div class=\"wp-block-image\">\n<figure class=\"aligncenter size-full\"><img data-recalc-dims=\"1\" loading=\"lazy\" decoding=\"async\" width=\"600\" height=\"801\" src=\"https:\/\/i0.wp.com\/bd-chroniques.be\/wp-content\/uploads\/2025\/11\/image-13.png?resize=600%2C801&#038;ssl=1\" alt=\"\" class=\"wp-image-10730\" srcset=\"https:\/\/i0.wp.com\/bd-chroniques.be\/wp-content\/uploads\/2025\/11\/image-13.png?w=600&amp;ssl=1 600w, https:\/\/i0.wp.com\/bd-chroniques.be\/wp-content\/uploads\/2025\/11\/image-13.png?resize=225%2C300&amp;ssl=1 225w\" sizes=\"auto, (max-width: 600px) 100vw, 600px\" \/><figcaption class=\"wp-element-caption\">copyright casterman<\/figcaption><\/figure>\n<\/div>\n\n\n<p>Airborne 44 nous plonge en effet, de diptyque en diptyque, dans le conflit 40-45. Et le regard que l\u2019auteur Philippe Jarbinet pose sur cette guerre reste toujours un regard humaniste\u2026 Dans chacun de ses albums, il aime m\u00ealer \u00e0 ce pass\u00e9 d\u2019horreur et de mort des liens avec notre pr\u00e9sent\u2026 Et dans cet album-ci, c\u2019est encore plus vrai\u2026 <\/p>\n\n\n<div class=\"wp-block-image\">\n<figure class=\"aligncenter size-large\"><img data-recalc-dims=\"1\" loading=\"lazy\" decoding=\"async\" width=\"768\" height=\"543\" src=\"https:\/\/i0.wp.com\/bd-chroniques.be\/wp-content\/uploads\/2025\/11\/image-14.png?resize=768%2C543&#038;ssl=1\" alt=\"\" class=\"wp-image-10731\" srcset=\"https:\/\/i0.wp.com\/bd-chroniques.be\/wp-content\/uploads\/2025\/11\/image-14.png?resize=1024%2C724&amp;ssl=1 1024w, https:\/\/i0.wp.com\/bd-chroniques.be\/wp-content\/uploads\/2025\/11\/image-14.png?resize=300%2C212&amp;ssl=1 300w, https:\/\/i0.wp.com\/bd-chroniques.be\/wp-content\/uploads\/2025\/11\/image-14.png?resize=768%2C543&amp;ssl=1 768w, https:\/\/i0.wp.com\/bd-chroniques.be\/wp-content\/uploads\/2025\/11\/image-14.png?w=1200&amp;ssl=1 1200w\" sizes=\"auto, (max-width: 768px) 100vw, 768px\" \/><figcaption class=\"wp-element-caption\">copyright casterman<\/figcaption><\/figure>\n<\/div>\n\n\n<p>Tout commence avec le travail, en Europe de quelques passionn\u00e9s qui recherchent, sur les champs de bataille, les traces de soldats am\u00e9ricains disparus au combat. Et le point de d\u00e9part de ce premier volume du sixi\u00e8me diptyque d\u2019Airborne 44 est celui de la d\u00e9couverte, justement, d\u2019un casque au nom de Campbell. Une d\u00e9couverte qui, aux Etats-Unis, va remettre en question, totalement, l\u2019histoire d\u2019une famille\u00a0: ce soldat est-il mort en Belgique ou en est-il revenu comme l\u2019affirme l\u2019administration am\u00e9ricaine\u00a0?&#8230; <\/p>\n\n\n<div class=\"wp-block-image\">\n<figure class=\"aligncenter size-full\"><img data-recalc-dims=\"1\" loading=\"lazy\" decoding=\"async\" width=\"472\" height=\"590\" src=\"https:\/\/i0.wp.com\/bd-chroniques.be\/wp-content\/uploads\/2025\/11\/image-15.png?resize=472%2C590&#038;ssl=1\" alt=\"\" class=\"wp-image-10732\" srcset=\"https:\/\/i0.wp.com\/bd-chroniques.be\/wp-content\/uploads\/2025\/11\/image-15.png?w=472&amp;ssl=1 472w, https:\/\/i0.wp.com\/bd-chroniques.be\/wp-content\/uploads\/2025\/11\/image-15.png?resize=240%2C300&amp;ssl=1 240w\" sizes=\"auto, (max-width: 472px) 100vw, 472px\" \/><figcaption class=\"wp-element-caption\">copyright casterman<\/figcaption><\/figure>\n<\/div>\n\n\n<p>A partir de l\u00e0, le r\u00e9cit m\u00e9lange pr\u00e9sent et pass\u00e9, guerre et roman noir, v\u00e9rit\u00e9 historique et r\u00e9flexions sur la mort, sens de la famille et regard sur l\u2019arm\u00e9e d\u2019hier comme d\u2019aujourd\u2019hui. C\u2019est un album qui, dans cette s\u00e9rie, est tr\u00e8s diff\u00e9rent des autres\u00a0: on y parle de la guerre, certes, mais on le fait en montrant, de mani\u00e8re symbolique sans doute, tout le poids humain qui reste celui de ce conflit 70 ans apr\u00e8s qu\u2019il se soit termin\u00e9\u2026 Je pense vraiment que ce onzi\u00e8me album, Missing in Action (disparu en op\u00e9ration) est le plus personnel de cette s\u00e9rie.<\/p>\n\n\n\n<figure class=\"wp-block-audio\"><audio controls src=\"https:\/\/bd-chroniques.be\/wp-content\/uploads\/2025\/11\/jarbinetrtbf-1.mp3\"><\/audio><figcaption class=\"wp-element-caption\">Philippe Jarbinet\u00a0: un album diff\u00e9rent<\/figcaption><\/figure>\n\n\n\n<p>Ce qui fait, je pense, la premi\u00e8re qualit\u00e9 de cette s\u00e9rie, c\u2019est que Philippe Jarbinet n\u2019y fait pas le pan\u00e9gyrique du militaire am\u00e9ricain venu sauver l\u2019occident\u00a0! Tous ses diptyques sont \u00e0 taille humaine, d\u2019abord et avant tout. Et son onzi\u00e8me volume encore plus, sans doute, dans la mesure o\u00f9 il aborde des th\u00e8mes longtemps oubli\u00e9s, voire m\u00eame reni\u00e9s\u2026<\/p>\n\n\n\n<figure class=\"wp-block-audio\"><audio controls src=\"https:\/\/bd-chroniques.be\/wp-content\/uploads\/2025\/11\/jarbinet2.mp3\"><\/audio><figcaption class=\"wp-element-caption\">Philippe Jarbinet\u00a0: la part sombre de l\u2019Histoire<\/figcaption><\/figure>\n\n\n\n<p>N\u2019allez pas croire, cependant, que ce m\u00e9lange des genres rend le r\u00e9cit ardu \u00e0 suivre. Il y a dans ce onzi\u00e8me album une vraie fluidit\u00e9\u2026 Qui tient par le sc\u00e9nario, mais aussi, bien \u00e9videmment, par la qualit\u00e9 du dessin de Jarbinet\u00a0: il varie ses plaisirs, en passant du visage du m\u00e9chant (il y a toujours des m\u00e9chants dans les bonnes bd\u2026) \u00e0 ce qui pourrait ressembler \u00e0 un paysage western, il joue avec les couleurs, m\u00ealant par exemple celles d\u2019un drapeau d\u00e9chir\u00e9 et d\u2019une neige omnipr\u00e9sente.<\/p>\n\n\n<div class=\"wp-block-image\">\n<figure class=\"aligncenter size-full\"><img data-recalc-dims=\"1\" loading=\"lazy\" decoding=\"async\" width=\"600\" height=\"794\" src=\"https:\/\/i0.wp.com\/bd-chroniques.be\/wp-content\/uploads\/2025\/11\/image-17.png?resize=600%2C794&#038;ssl=1\" alt=\"\" class=\"wp-image-10736\" srcset=\"https:\/\/i0.wp.com\/bd-chroniques.be\/wp-content\/uploads\/2025\/11\/image-17.png?w=600&amp;ssl=1 600w, https:\/\/i0.wp.com\/bd-chroniques.be\/wp-content\/uploads\/2025\/11\/image-17.png?resize=227%2C300&amp;ssl=1 227w\" sizes=\"auto, (max-width: 600px) 100vw, 600px\" \/><figcaption class=\"wp-element-caption\">copyright casterman<\/figcaption><\/figure>\n<\/div>\n\n\n<p>Ce dessin, r\u00e9aliste, efficace dans la tendresse comme dans l\u2019horreur, fait vraiment de cette s\u00e9rie un incontournable de la bd\u00a0! Une s\u00e9rie qui, au fil des ann\u00e9es, devient \u00e9galement une sorte de long r\u00e9cit dans lequel la grande Histoire et les regards de Jarbinet se m\u00e9langent sans arr\u00eat\u2026 Avec une totale r\u00e9ussite!<\/p>\n\n\n\n<figure class=\"wp-block-audio\"><audio controls src=\"https:\/\/bd-chroniques.be\/wp-content\/uploads\/2025\/11\/jarbinet3.mp3\"><\/audio><figcaption class=\"wp-element-caption\">Philippe Jarbinet\u00a0: la s\u00e9rie<\/figcaption><\/figure>\n\n\n\n<p><strong>Jacques et Josiane Schra\u00fbwen<\/strong><\/p>\n\n\n\n<p><strong>Airborne 44 \u2013 11. Missing In Action (Auteur\u00a0: Philippe Jarbinet \u2013 \u00e9diteur\u00a0: Casterman \u2013 2025)<\/strong><\/p>\n","protected":false},"excerpt":{"rendered":"<p>Ces jours-ci, c\u2019est l\u2019armistice de la guerre 14-18 qu\u2019on comm\u00e9more, c\u2019est vrai\u2026 Mais cet armistice n\u2019a-t-il pas \u00e9t\u00e9, \u00e0 sa mani\u00e8re, l\u2019initiale de la guerre suivante\u00a0? Et toutes les guerres, finalement, ne se ressemblent-elles pas\u00a0? Et j\u2019ai envie, aujourd\u2019hui, de vous parler du onzi\u00e8me num\u00e9ro d\u2019une s\u00e9rie consacr\u00e9e \u00e0 la guerre 40-45\u00a0! Airborne 44 nous [&hellip;]<\/p>\n","protected":false},"author":1,"featured_media":10729,"comment_status":"open","ping_status":"open","sticky":false,"template":"","format":"standard","meta":{"jetpack_post_was_ever_published":false,"_jetpack_newsletter_access":"","_jetpack_dont_email_post_to_subs":false,"_jetpack_newsletter_tier_id":0,"_jetpack_memberships_contains_paywalled_content":false,"_jetpack_memberships_contains_paid_content":false,"footnotes":"","jetpack_publicize_message":"","jetpack_publicize_feature_enabled":true,"jetpack_social_post_already_shared":true,"jetpack_social_options":{"image_generator_settings":{"template":"highway","default_image_id":0,"font":"","enabled":false},"version":2}},"categories":[16,14,40],"tags":[],"class_list":["post-10728","post","type-post","status-publish","format-standard","has-post-thumbnail","hentry","category-a","category-bd-de-a-a-f","category-non-classe"],"jetpack_publicize_connections":[],"jetpack_featured_media_url":"https:\/\/i0.wp.com\/bd-chroniques.be\/wp-content\/uploads\/2025\/11\/airborne.jpg?fit=1248%2C701&ssl=1","jetpack_shortlink":"https:\/\/wp.me\/p8dqsu-2N2","jetpack_likes_enabled":true,"jetpack_sharing_enabled":true,"_links":{"self":[{"href":"https:\/\/bd-chroniques.be\/index.php\/wp-json\/wp\/v2\/posts\/10728","targetHints":{"allow":["GET"]}}],"collection":[{"href":"https:\/\/bd-chroniques.be\/index.php\/wp-json\/wp\/v2\/posts"}],"about":[{"href":"https:\/\/bd-chroniques.be\/index.php\/wp-json\/wp\/v2\/types\/post"}],"author":[{"embeddable":true,"href":"https:\/\/bd-chroniques.be\/index.php\/wp-json\/wp\/v2\/users\/1"}],"replies":[{"embeddable":true,"href":"https:\/\/bd-chroniques.be\/index.php\/wp-json\/wp\/v2\/comments?post=10728"}],"version-history":[{"count":1,"href":"https:\/\/bd-chroniques.be\/index.php\/wp-json\/wp\/v2\/posts\/10728\/revisions"}],"predecessor-version":[{"id":10738,"href":"https:\/\/bd-chroniques.be\/index.php\/wp-json\/wp\/v2\/posts\/10728\/revisions\/10738"}],"wp:featuredmedia":[{"embeddable":true,"href":"https:\/\/bd-chroniques.be\/index.php\/wp-json\/wp\/v2\/media\/10729"}],"wp:attachment":[{"href":"https:\/\/bd-chroniques.be\/index.php\/wp-json\/wp\/v2\/media?parent=10728"}],"wp:term":[{"taxonomy":"category","embeddable":true,"href":"https:\/\/bd-chroniques.be\/index.php\/wp-json\/wp\/v2\/categories?post=10728"},{"taxonomy":"post_tag","embeddable":true,"href":"https:\/\/bd-chroniques.be\/index.php\/wp-json\/wp\/v2\/tags?post=10728"}],"curies":[{"name":"wp","href":"https:\/\/api.w.org\/{rel}","templated":true}]}}