{"id":10774,"date":"2025-12-01T10:06:49","date_gmt":"2025-12-01T09:06:49","guid":{"rendered":"https:\/\/bd-chroniques.be\/?p=10774"},"modified":"2025-12-01T10:06:49","modified_gmt":"2025-12-01T09:06:49","slug":"frank-pe-une-interview","status":"publish","type":"post","link":"https:\/\/bd-chroniques.be\/index.php\/2025\/12\/01\/frank-pe-une-interview\/","title":{"rendered":"Frank P\u00e9: une interview&#8230;"},"content":{"rendered":"\n<p>La voix de Frank P\u00e9 est celle d&rsquo;un auteur, jamais celle d&rsquo;un faiseur&#8230; Un homme empreint de passion, de passions plurielles, et de regards brillants et souriants sur son m\u00e9tier&#8230; <\/p>\n\n\n<div class=\"wp-block-image\">\n<figure class=\"aligncenter size-full\"><img data-recalc-dims=\"1\" loading=\"lazy\" decoding=\"async\" width=\"768\" height=\"576\" src=\"https:\/\/i0.wp.com\/bd-chroniques.be\/wp-content\/uploads\/2025\/12\/image.png?resize=768%2C576&#038;ssl=1\" alt=\"\" class=\"wp-image-10776\" srcset=\"https:\/\/i0.wp.com\/bd-chroniques.be\/wp-content\/uploads\/2025\/12\/image.png?w=1000&amp;ssl=1 1000w, https:\/\/i0.wp.com\/bd-chroniques.be\/wp-content\/uploads\/2025\/12\/image.png?resize=300%2C225&amp;ssl=1 300w, https:\/\/i0.wp.com\/bd-chroniques.be\/wp-content\/uploads\/2025\/12\/image.png?resize=768%2C576&amp;ssl=1 768w\" sizes=\"auto, (max-width: 768px) 100vw, 768px\" \/><figcaption class=\"wp-element-caption\">copyright actualitt\u00e9<\/figcaption><\/figure>\n<\/div>\n\n\n<p>Apr\u00e8s avoir cherch\u00e9, cherch\u00e9 encore, j\u2019ai retrouv\u00e9 le son de l\u2019interview disparue du site internet de la rtbf\u2026 Une interview dans laquelle Frank P\u00e9 a pris le temps de me parler de sa passion, de ses passions, du dessin, de la conception qu\u2019il avait des histoires \u00e0 raconter\u2026 Une interview que Frank P\u00e9 avait conserv\u00e9e sur son site personnel. Et que voici, tout simplement\u2026 \u00a0<\/p>\n\n\n\n<figure class=\"wp-block-audio\"><audio controls src=\"https:\/\/bd-chroniques.be\/wp-content\/uploads\/2025\/12\/67cc3609-2cff-440e-bb31-1d828d9b03b5.mp3\"><\/audio><\/figure>\n\n\n\n<p><strong>Jacques et Josiane Schra\u00fbwen <\/strong><\/p>\n\n\n<div class=\"wp-block-image\">\n<figure class=\"aligncenter size-full\"><img data-recalc-dims=\"1\" loading=\"lazy\" decoding=\"async\" width=\"768\" height=\"512\" src=\"https:\/\/i0.wp.com\/bd-chroniques.be\/wp-content\/uploads\/2025\/12\/image-1.png?resize=768%2C512&#038;ssl=1\" alt=\"\" class=\"wp-image-10778\" srcset=\"https:\/\/i0.wp.com\/bd-chroniques.be\/wp-content\/uploads\/2025\/12\/image-1.png?w=768&amp;ssl=1 768w, https:\/\/i0.wp.com\/bd-chroniques.be\/wp-content\/uploads\/2025\/12\/image-1.png?resize=300%2C200&amp;ssl=1 300w\" sizes=\"auto, (max-width: 768px) 100vw, 768px\" \/><figcaption class=\"wp-element-caption\">copyright Procureur<\/figcaption><\/figure>\n<\/div>\n\n\n<p><\/p>\n","protected":false},"excerpt":{"rendered":"<p>La voix de Frank P\u00e9 est celle d&rsquo;un auteur, jamais celle d&rsquo;un faiseur&#8230; Un homme empreint de passion, de passions plurielles, et de regards brillants et souriants sur son m\u00e9tier&#8230; Apr\u00e8s avoir cherch\u00e9, cherch\u00e9 encore, j\u2019ai retrouv\u00e9 le son de l\u2019interview disparue du site internet de la rtbf\u2026 Une interview dans laquelle Frank P\u00e9 a [&hellip;]<\/p>\n","protected":false},"author":1,"featured_media":10775,"comment_status":"open","ping_status":"open","sticky":false,"template":"","format":"standard","meta":{"jetpack_post_was_ever_published":false,"_jetpack_newsletter_access":"","_jetpack_dont_email_post_to_subs":false,"_jetpack_newsletter_tier_id":0,"_jetpack_memberships_contains_paywalled_content":false,"_jetpack_memberships_contains_paid_content":false,"footnotes":"","jetpack_publicize_message":"","jetpack_publicize_feature_enabled":true,"jetpack_social_post_already_shared":true,"jetpack_social_options":{"image_generator_settings":{"template":"highway","default_image_id":0,"font":"","enabled":false},"version":2}},"categories":[23,1,39,27],"tags":[],"class_list":["post-10774","post","type-post","status-publish","format-standard","has-post-thumbnail","hentry","category-bd-de-m-a-r","category-hommages-2","category-mes-interviews","category-p"],"jetpack_publicize_connections":[],"jetpack_featured_media_url":"https:\/\/bd-chroniques.be\/wp-content\/uploads\/2025\/12\/couvfrank1.avif","jetpack_shortlink":"https:\/\/wp.me\/p8dqsu-2NM","jetpack_likes_enabled":true,"jetpack_sharing_enabled":true,"_links":{"self":[{"href":"https:\/\/bd-chroniques.be\/index.php\/wp-json\/wp\/v2\/posts\/10774","targetHints":{"allow":["GET"]}}],"collection":[{"href":"https:\/\/bd-chroniques.be\/index.php\/wp-json\/wp\/v2\/posts"}],"about":[{"href":"https:\/\/bd-chroniques.be\/index.php\/wp-json\/wp\/v2\/types\/post"}],"author":[{"embeddable":true,"href":"https:\/\/bd-chroniques.be\/index.php\/wp-json\/wp\/v2\/users\/1"}],"replies":[{"embeddable":true,"href":"https:\/\/bd-chroniques.be\/index.php\/wp-json\/wp\/v2\/comments?post=10774"}],"version-history":[{"count":1,"href":"https:\/\/bd-chroniques.be\/index.php\/wp-json\/wp\/v2\/posts\/10774\/revisions"}],"predecessor-version":[{"id":10779,"href":"https:\/\/bd-chroniques.be\/index.php\/wp-json\/wp\/v2\/posts\/10774\/revisions\/10779"}],"wp:featuredmedia":[{"embeddable":true,"href":"https:\/\/bd-chroniques.be\/index.php\/wp-json\/wp\/v2\/media\/10775"}],"wp:attachment":[{"href":"https:\/\/bd-chroniques.be\/index.php\/wp-json\/wp\/v2\/media?parent=10774"}],"wp:term":[{"taxonomy":"category","embeddable":true,"href":"https:\/\/bd-chroniques.be\/index.php\/wp-json\/wp\/v2\/categories?post=10774"},{"taxonomy":"post_tag","embeddable":true,"href":"https:\/\/bd-chroniques.be\/index.php\/wp-json\/wp\/v2\/tags?post=10774"}],"curies":[{"name":"wp","href":"https:\/\/api.w.org\/{rel}","templated":true}]}}