{"id":10795,"date":"2025-12-10T14:27:49","date_gmt":"2025-12-10T13:27:49","guid":{"rendered":"https:\/\/bd-chroniques.be\/?p=10795"},"modified":"2025-12-10T14:27:49","modified_gmt":"2025-12-10T13:27:49","slug":"invisibles-chronique-express","status":"publish","type":"post","link":"https:\/\/bd-chroniques.be\/index.php\/2025\/12\/10\/invisibles-chronique-express\/","title":{"rendered":"Invisibles \u2013 Chronique express"},"content":{"rendered":"\n<p>Les h\u00e9ros ne cacheraient-ils pas quelques h\u00e9ro\u00efnes essentielles&nbsp;?&nbsp;<\/p>\n\n\n\n<p>Voici un livre qui nous plonge dans les mythes et l\u00e9gendes grecques. Un univers dont la m\u00e9moire populaire retient les grands dieux, les grands h\u00e9ros\u00a0!<\/p>\n\n\n<div class=\"wp-block-image\">\n<figure class=\"aligncenter size-full\"><img data-recalc-dims=\"1\" loading=\"lazy\" decoding=\"async\" width=\"371\" height=\"500\" src=\"https:\/\/i0.wp.com\/bd-chroniques.be\/wp-content\/uploads\/2025\/12\/image-10.png?resize=371%2C500&#038;ssl=1\" alt=\"\" class=\"wp-image-10797\" srcset=\"https:\/\/i0.wp.com\/bd-chroniques.be\/wp-content\/uploads\/2025\/12\/image-10.png?w=371&amp;ssl=1 371w, https:\/\/i0.wp.com\/bd-chroniques.be\/wp-content\/uploads\/2025\/12\/image-10.png?resize=223%2C300&amp;ssl=1 223w\" sizes=\"auto, (max-width: 371px) 100vw, 371px\" \/><figcaption class=\"wp-element-caption\">copyright casterman<\/figcaption><\/figure>\n<\/div>\n\n\n<p>Mais Agamemnon comme Ulysse, Achille comme Narcisse, ces personnages auraient-il exist\u00e9 sans que des femmes interviennent avec une importance \u00e9gale \u00e0 la leur\u00a0? C\u2019est ce que ce livre permet de comprendre et d\u00e9couvrir\u2026 Un livre-objet qui, gr\u00e2ce \u00e0 un filtre rouge que l\u2019on peut poser sur chaque page, montre \u00e0 des lecteurs d\u2019une dizaine d\u2019ann\u00e9es au moins les femmes \u00ab\u00a0importantes\u00a0\u00bb qui se cachent derri\u00e8re les h\u00e9ros peut-\u00eatre trop connus.<\/p>\n\n\n<div class=\"wp-block-image\">\n<figure class=\"aligncenter size-large\"><img data-recalc-dims=\"1\" loading=\"lazy\" decoding=\"async\" width=\"768\" height=\"691\" src=\"https:\/\/i0.wp.com\/bd-chroniques.be\/wp-content\/uploads\/2025\/12\/image-11.png?resize=768%2C691&#038;ssl=1\" alt=\"\" class=\"wp-image-10798\" srcset=\"https:\/\/i0.wp.com\/bd-chroniques.be\/wp-content\/uploads\/2025\/12\/image-11.png?resize=1024%2C921&amp;ssl=1 1024w, https:\/\/i0.wp.com\/bd-chroniques.be\/wp-content\/uploads\/2025\/12\/image-11.png?resize=300%2C270&amp;ssl=1 300w, https:\/\/i0.wp.com\/bd-chroniques.be\/wp-content\/uploads\/2025\/12\/image-11.png?resize=768%2C691&amp;ssl=1 768w, https:\/\/i0.wp.com\/bd-chroniques.be\/wp-content\/uploads\/2025\/12\/image-11.png?w=1112&amp;ssl=1 1112w\" sizes=\"auto, (max-width: 768px) 100vw, 768px\" \/><figcaption class=\"wp-element-caption\">copyright casterman<\/figcaption><\/figure>\n<\/div>\n\n\n<p>On se trouve, en quelque sorte, en face d\u2019un livre exp\u00e9rimental\u2026 Une \u0153uvre r\u00e9alis\u00e9e par Ane Arzelus, queer et illustrateur-illustratrice. Un album qui, sans aucun doute, se r\u00e9v\u00e8le \u00eatre d\u2019une forme frontale de f\u00e9minisme, loin de ce que fut ce mouvement jusqu\u2019il y a peu, une forme de r\u00e9\u00e9criture de l\u2019histoire culturelle et donc patrimoniale qui est n\u00f4tre. On peut ne pas souscrire pleinement \u00e0 cette d\u00e9marche, c\u2019est \u00e9vident, et ce livre f\u00e9ministe, engag\u00e9, dont le but est de changer notre regard sur la mythologie, peut d\u00e9ranger\u00a0! Surtout, \u00e0 mon humble avis, par la mani\u00e8re dont il oublie de remettre la mythologie dans sa perspective historique pour mieux la mettre dans une perspective uniquement f\u00e9ministe. Cela dit, et en toute objectivit\u00e9, je pense que cet album est aussi tr\u00e8s agr\u00e9ablement ludique, et je pense aussi qu\u2019on ne peut, lecteurs que s\u2019enrichir en s\u2019int\u00e9ressant \u00e0 des opinions qui ne sont pas uniquement les n\u00f4tres.<\/p>\n\n\n\n<p><strong>Jacques et Josiane Schra\u00fbwen<\/strong><\/p>\n\n\n\n<p><strong>Invisibles (auteur\/autrice&nbsp;: Ane Arzelus \u2013 \u00e9diteur&nbsp;: Casterman \u2013 octobre 2025 \u2013 32 pages)<\/strong><\/p>\n","protected":false},"excerpt":{"rendered":"<p>Les h\u00e9ros ne cacheraient-ils pas quelques h\u00e9ro\u00efnes essentielles&nbsp;?&nbsp; Voici un livre qui nous plonge dans les mythes et l\u00e9gendes grecques. Un univers dont la m\u00e9moire populaire retient les grands dieux, les grands h\u00e9ros\u00a0! Mais Agamemnon comme Ulysse, Achille comme Narcisse, ces personnages auraient-il exist\u00e9 sans que des femmes interviennent avec une importance \u00e9gale \u00e0 la [&hellip;]<\/p>\n","protected":false},"author":1,"featured_media":10796,"comment_status":"open","ping_status":"open","sticky":false,"template":"","format":"standard","meta":{"jetpack_post_was_ever_published":false,"_jetpack_newsletter_access":"","_jetpack_dont_email_post_to_subs":false,"_jetpack_newsletter_tier_id":0,"_jetpack_memberships_contains_paywalled_content":false,"_jetpack_memberships_contains_paid_content":false,"footnotes":"","jetpack_publicize_message":"","jetpack_publicize_feature_enabled":true,"jetpack_social_post_already_shared":true,"jetpack_social_options":{"image_generator_settings":{"template":"highway","default_image_id":0,"font":"","enabled":false},"version":2}},"categories":[22,44,32],"tags":[],"class_list":["post-10795","post","type-post","status-publish","format-standard","has-post-thumbnail","hentry","category-bd-de-g-a-l","category-chroniques-expresses","category-i"],"jetpack_publicize_connections":[],"jetpack_featured_media_url":"https:\/\/i0.wp.com\/bd-chroniques.be\/wp-content\/uploads\/2025\/12\/invisibles.jpg?fit=1112%2C1000&ssl=1","jetpack_shortlink":"https:\/\/wp.me\/p8dqsu-2O7","jetpack_likes_enabled":true,"jetpack_sharing_enabled":true,"_links":{"self":[{"href":"https:\/\/bd-chroniques.be\/index.php\/wp-json\/wp\/v2\/posts\/10795","targetHints":{"allow":["GET"]}}],"collection":[{"href":"https:\/\/bd-chroniques.be\/index.php\/wp-json\/wp\/v2\/posts"}],"about":[{"href":"https:\/\/bd-chroniques.be\/index.php\/wp-json\/wp\/v2\/types\/post"}],"author":[{"embeddable":true,"href":"https:\/\/bd-chroniques.be\/index.php\/wp-json\/wp\/v2\/users\/1"}],"replies":[{"embeddable":true,"href":"https:\/\/bd-chroniques.be\/index.php\/wp-json\/wp\/v2\/comments?post=10795"}],"version-history":[{"count":1,"href":"https:\/\/bd-chroniques.be\/index.php\/wp-json\/wp\/v2\/posts\/10795\/revisions"}],"predecessor-version":[{"id":10799,"href":"https:\/\/bd-chroniques.be\/index.php\/wp-json\/wp\/v2\/posts\/10795\/revisions\/10799"}],"wp:featuredmedia":[{"embeddable":true,"href":"https:\/\/bd-chroniques.be\/index.php\/wp-json\/wp\/v2\/media\/10796"}],"wp:attachment":[{"href":"https:\/\/bd-chroniques.be\/index.php\/wp-json\/wp\/v2\/media?parent=10795"}],"wp:term":[{"taxonomy":"category","embeddable":true,"href":"https:\/\/bd-chroniques.be\/index.php\/wp-json\/wp\/v2\/categories?post=10795"},{"taxonomy":"post_tag","embeddable":true,"href":"https:\/\/bd-chroniques.be\/index.php\/wp-json\/wp\/v2\/tags?post=10795"}],"curies":[{"name":"wp","href":"https:\/\/api.w.org\/{rel}","templated":true}]}}