{"id":10943,"date":"2026-01-26T16:55:02","date_gmt":"2026-01-26T15:55:02","guid":{"rendered":"https:\/\/bd-chroniques.be\/?p=10943"},"modified":"2026-01-26T16:55:02","modified_gmt":"2026-01-26T15:55:02","slug":"manger-quatre-couleurs-pour-parler-des-troubles-du-comportement-alimentaire","status":"publish","type":"post","link":"https:\/\/bd-chroniques.be\/index.php\/2026\/01\/26\/manger-quatre-couleurs-pour-parler-des-troubles-du-comportement-alimentaire\/","title":{"rendered":"Manger \u2013 quatre couleurs pour parler des troubles du comportement alimentaire"},"content":{"rendered":"\n<p>En bande dessin\u00e9e comme en litt\u00e9rature, il faut oser quitter les sentiers battus, et c\u2019est bien le cas avec cette bd sign\u00e9e par El\u00e9onore Marchal, et qui a re\u00e7u le prix \u00ab\u00a0l\u2019Espi\u00e8gle\u00a0\u00bb de la premi\u00e8re \u0153uvre en bande dessin\u00e9e, prix d\u00e9cern\u00e9 par la F\u00e9d\u00e9ration Wallonie Bruxelles.<\/p>\n\n\n<div class=\"wp-block-image\">\n<figure class=\"aligncenter size-full\"><img data-recalc-dims=\"1\" loading=\"lazy\" decoding=\"async\" width=\"400\" height=\"565\" src=\"https:\/\/i0.wp.com\/bd-chroniques.be\/wp-content\/uploads\/2026\/01\/image-38.png?resize=400%2C565&#038;ssl=1\" alt=\"\" class=\"wp-image-10945\" srcset=\"https:\/\/i0.wp.com\/bd-chroniques.be\/wp-content\/uploads\/2026\/01\/image-38.png?w=400&amp;ssl=1 400w, https:\/\/i0.wp.com\/bd-chroniques.be\/wp-content\/uploads\/2026\/01\/image-38.png?resize=212%2C300&amp;ssl=1 212w\" sizes=\"auto, (max-width: 400px) 100vw, 400px\" \/><figcaption class=\"wp-element-caption\">copyright cambourakis<\/figcaption><\/figure>\n<\/div>\n\n\n<p>D\u00e8s la premi\u00e8re page, El\u00e9onore Marchal nous dit qu\u2019il ne s\u2019agit pas d\u2019une autobiographie, mais d\u2019un r\u00e9cit inspir\u00e9 par sa propre existence. On y suit le trajet de Miss, en bute aux troubles du comportement alimentaire, anorexie, boulimie\u2026 Miss, qui se sait n\u2019\u00eatre pas assez mince pour \u00eatre heureuse, dans un monde d\u2019apparences, le n\u00f4tre. <\/p>\n\n\n<div class=\"wp-block-image\">\n<figure class=\"aligncenter size-full\"><img data-recalc-dims=\"1\" loading=\"lazy\" decoding=\"async\" width=\"768\" height=\"542\" src=\"https:\/\/i0.wp.com\/bd-chroniques.be\/wp-content\/uploads\/2026\/01\/image-39.png?resize=768%2C542&#038;ssl=1\" alt=\"\" class=\"wp-image-10946\" srcset=\"https:\/\/i0.wp.com\/bd-chroniques.be\/wp-content\/uploads\/2026\/01\/image-39.png?w=1024&amp;ssl=1 1024w, https:\/\/i0.wp.com\/bd-chroniques.be\/wp-content\/uploads\/2026\/01\/image-39.png?resize=300%2C212&amp;ssl=1 300w, https:\/\/i0.wp.com\/bd-chroniques.be\/wp-content\/uploads\/2026\/01\/image-39.png?resize=768%2C542&amp;ssl=1 768w\" sizes=\"auto, (max-width: 768px) 100vw, 768px\" \/><figcaption class=\"wp-element-caption\">copyright cambourakis<\/figcaption><\/figure>\n<\/div>\n\n\n<p>Mais Miss veut aussi devenir cr\u00e9atrice de couleurs. Ce livre, ainsi, se partage en chapitres, chacun domin\u00e9 par une couleur. Ce qui en fait une \u0153uvre extr\u00eamement artistique\u2026 Dans ses r\u00e9f\u00e9rences par exemple, \u00e0 Matisse entre autres, dont une danse passe d\u2019une tonalit\u00e9 \u00e0 une autre, d\u2019une d\u00e9formation \u00e0 une autre, au fil des pages, en accompagnement symbolique, en quelque sorte, du trajet humain de l&rsquo;h\u00e9ro\u00efne. <\/p>\n\n\n<div class=\"wp-block-image\">\n<figure class=\"aligncenter size-full\"><img data-recalc-dims=\"1\" loading=\"lazy\" decoding=\"async\" width=\"768\" height=\"542\" src=\"https:\/\/i0.wp.com\/bd-chroniques.be\/wp-content\/uploads\/2026\/01\/image-40.png?resize=768%2C542&#038;ssl=1\" alt=\"\" class=\"wp-image-10947\" srcset=\"https:\/\/i0.wp.com\/bd-chroniques.be\/wp-content\/uploads\/2026\/01\/image-40.png?w=1024&amp;ssl=1 1024w, https:\/\/i0.wp.com\/bd-chroniques.be\/wp-content\/uploads\/2026\/01\/image-40.png?resize=300%2C212&amp;ssl=1 300w, https:\/\/i0.wp.com\/bd-chroniques.be\/wp-content\/uploads\/2026\/01\/image-40.png?resize=768%2C542&amp;ssl=1 768w\" sizes=\"auto, (max-width: 768px) 100vw, 768px\" \/><figcaption class=\"wp-element-caption\">copyright cambourakis<\/figcaption><\/figure>\n<\/div>\n\n\n<p>C\u2019est un livre qui se nourrit \u00e0 la fois de r\u00e9alit\u00e9, de r\u00eaveries, de symbolismes pluriels, un livre qui se balade entre r\u00e9alit\u00e9 et sensation, un livre qui utilise l&rsquo;onirisme pour mieux raconter ce qu&rsquo;est l&rsquo;\u00e9motion du corps, un livre hors des normes de la narration et qui, de ce fait, rev\u00eat une forme unique et follement s\u00e9duisante. Et les d\u00e9r\u00e8glements qui y sont d\u00e9crits le sont par un biais qui \u00e9vite toute lourdeur, tout c\u00f4t\u00e9 didactique trop pesant. C\u2019est un livre qui se feuillette en se laissant envahir par ses mouvances de couleurs\u2026 Mais ce livre est s\u00e9rieux, \u00e9galement, et nous montre le d\u00e9roul\u00e9 d\u2019une existence, et de tous les a-priori d\u00e9truisant la richesse des diff\u00e9rences. <\/p>\n\n\n<div class=\"wp-block-image\">\n<figure class=\"aligncenter size-full\"><img data-recalc-dims=\"1\" loading=\"lazy\" decoding=\"async\" width=\"768\" height=\"542\" src=\"https:\/\/i0.wp.com\/bd-chroniques.be\/wp-content\/uploads\/2026\/01\/image-41.png?resize=768%2C542&#038;ssl=1\" alt=\"\" class=\"wp-image-10948\" srcset=\"https:\/\/i0.wp.com\/bd-chroniques.be\/wp-content\/uploads\/2026\/01\/image-41.png?w=1024&amp;ssl=1 1024w, https:\/\/i0.wp.com\/bd-chroniques.be\/wp-content\/uploads\/2026\/01\/image-41.png?resize=300%2C212&amp;ssl=1 300w, https:\/\/i0.wp.com\/bd-chroniques.be\/wp-content\/uploads\/2026\/01\/image-41.png?resize=768%2C542&amp;ssl=1 768w\" sizes=\"auto, (max-width: 768px) 100vw, 768px\" \/><figcaption class=\"wp-element-caption\">copyright cambourakis<\/figcaption><\/figure>\n<\/div>\n\n\n<p>Avec ces deux phrases, que je veux \u00e9pingler\u00a0: <em>\u00ab\u00a0Pourquoi pr\u00e9f\u00e8re-t-on quand tous les corps des brins d\u2019herbe sont coup\u00e9s \u00e0 la m\u00eame taille\u00a0?<\/em>\u00a0\u00bb, et \u00ab\u00a0<em>Pourquoi as-tu d\u00e9cid\u00e9 de mincir\u00a0? Tu \u00e9tais bien AUSSI avant.\u00a0<\/em>\u00bb Et puis, il y a ces cinq derni\u00e8res pages, jaunes, dans lesquelles les brins d&rsquo;herbe sont libres, vivants, et beaux&#8230; C&rsquo;est un livre qui surprend, avec talent\u00a0!<\/p>\n\n\n\n<p><strong>Jacques et Josiane Schra\u00fbwen<\/strong><\/p>\n\n\n\n<p><strong>Manger (autrice&nbsp;: Eleonore Marchal- \u00e9diteur&nbsp;: Cambourakis &#8211; 260 pages.<\/strong><\/p>\n","protected":false},"excerpt":{"rendered":"<p>En bande dessin\u00e9e comme en litt\u00e9rature, il faut oser quitter les sentiers battus, et c\u2019est bien le cas avec cette bd sign\u00e9e par El\u00e9onore Marchal, et qui a re\u00e7u le prix \u00ab\u00a0l\u2019Espi\u00e8gle\u00a0\u00bb de la premi\u00e8re \u0153uvre en bande dessin\u00e9e, prix d\u00e9cern\u00e9 par la F\u00e9d\u00e9ration Wallonie Bruxelles. D\u00e8s la premi\u00e8re page, El\u00e9onore Marchal nous dit qu\u2019il [&hellip;]<\/p>\n","protected":false},"author":1,"featured_media":10944,"comment_status":"open","ping_status":"open","sticky":false,"template":"","format":"standard","meta":{"jetpack_post_was_ever_published":false,"_jetpack_newsletter_access":"","_jetpack_dont_email_post_to_subs":false,"_jetpack_newsletter_tier_id":0,"_jetpack_memberships_contains_paywalled_content":false,"_jetpack_memberships_contains_paid_content":false,"footnotes":"","jetpack_publicize_message":"","jetpack_publicize_feature_enabled":true,"jetpack_social_post_already_shared":true,"jetpack_social_options":{"image_generator_settings":{"template":"highway","default_image_id":0,"font":"","enabled":false},"version":2}},"categories":[23,44,24],"tags":[],"class_list":["post-10943","post","type-post","status-publish","format-standard","has-post-thumbnail","hentry","category-bd-de-m-a-r","category-chroniques-expresses","category-m"],"jetpack_publicize_connections":[],"jetpack_featured_media_url":"https:\/\/i0.wp.com\/bd-chroniques.be\/wp-content\/uploads\/2026\/01\/manger.jpg?fit=567%2C535&ssl=1","jetpack_shortlink":"https:\/\/wp.me\/p8dqsu-2Qv","jetpack_likes_enabled":true,"jetpack_sharing_enabled":true,"_links":{"self":[{"href":"https:\/\/bd-chroniques.be\/index.php\/wp-json\/wp\/v2\/posts\/10943","targetHints":{"allow":["GET"]}}],"collection":[{"href":"https:\/\/bd-chroniques.be\/index.php\/wp-json\/wp\/v2\/posts"}],"about":[{"href":"https:\/\/bd-chroniques.be\/index.php\/wp-json\/wp\/v2\/types\/post"}],"author":[{"embeddable":true,"href":"https:\/\/bd-chroniques.be\/index.php\/wp-json\/wp\/v2\/users\/1"}],"replies":[{"embeddable":true,"href":"https:\/\/bd-chroniques.be\/index.php\/wp-json\/wp\/v2\/comments?post=10943"}],"version-history":[{"count":1,"href":"https:\/\/bd-chroniques.be\/index.php\/wp-json\/wp\/v2\/posts\/10943\/revisions"}],"predecessor-version":[{"id":10949,"href":"https:\/\/bd-chroniques.be\/index.php\/wp-json\/wp\/v2\/posts\/10943\/revisions\/10949"}],"wp:featuredmedia":[{"embeddable":true,"href":"https:\/\/bd-chroniques.be\/index.php\/wp-json\/wp\/v2\/media\/10944"}],"wp:attachment":[{"href":"https:\/\/bd-chroniques.be\/index.php\/wp-json\/wp\/v2\/media?parent=10943"}],"wp:term":[{"taxonomy":"category","embeddable":true,"href":"https:\/\/bd-chroniques.be\/index.php\/wp-json\/wp\/v2\/categories?post=10943"},{"taxonomy":"post_tag","embeddable":true,"href":"https:\/\/bd-chroniques.be\/index.php\/wp-json\/wp\/v2\/tags?post=10943"}],"curies":[{"name":"wp","href":"https:\/\/api.w.org\/{rel}","templated":true}]}}