{"id":11114,"date":"2026-03-13T09:26:35","date_gmt":"2026-03-13T08:26:35","guid":{"rendered":"https:\/\/bd-chroniques.be\/?p=11114"},"modified":"2026-03-16T07:51:07","modified_gmt":"2026-03-16T06:51:07","slug":"soli-deo-gloria-un-livre-dans-lequel-la-musique-se-dessine","status":"publish","type":"post","link":"https:\/\/bd-chroniques.be\/index.php\/2026\/03\/13\/soli-deo-gloria-un-livre-dans-lequel-la-musique-se-dessine\/","title":{"rendered":"Soli Deo Gloria \u2013 Un livre dans lequel la musique se dessine\u2026"},"content":{"rendered":"\n<p>Dans un monde qui ressemble \u00e0 notre dix-huiti\u00e8me si\u00e8cle, un gar\u00e7on et une fille, jumeaux, naissent dans la mis\u00e9rable r\u00e9alit\u00e9 d\u2019un hameau, d\u2019une ferme, et d\u2019une \u00e9table dans laquelle humains et b\u00eates s\u2019entassent. Et c\u2019est la musique, don qu\u2019ils partagent, qui va accompagner toute leur existence\u2026 <\/p>\n\n\n<div class=\"wp-block-image\">\n<figure class=\"aligncenter size-large\"><img data-recalc-dims=\"1\" loading=\"lazy\" decoding=\"async\" width=\"768\" height=\"432\" src=\"https:\/\/i0.wp.com\/bd-chroniques.be\/wp-content\/uploads\/2026\/03\/image-26.png?resize=768%2C432&#038;ssl=1\" alt=\"\" class=\"wp-image-11116\" srcset=\"https:\/\/i0.wp.com\/bd-chroniques.be\/wp-content\/uploads\/2026\/03\/image-26.png?resize=1024%2C576&amp;ssl=1 1024w, https:\/\/i0.wp.com\/bd-chroniques.be\/wp-content\/uploads\/2026\/03\/image-26.png?resize=300%2C169&amp;ssl=1 300w, https:\/\/i0.wp.com\/bd-chroniques.be\/wp-content\/uploads\/2026\/03\/image-26.png?resize=768%2C432&amp;ssl=1 768w, https:\/\/i0.wp.com\/bd-chroniques.be\/wp-content\/uploads\/2026\/03\/image-26.png?resize=1536%2C864&amp;ssl=1 1536w, https:\/\/i0.wp.com\/bd-chroniques.be\/wp-content\/uploads\/2026\/03\/image-26.png?w=1920&amp;ssl=1 1920w\" sizes=\"auto, (max-width: 768px) 100vw, 768px\" \/><figcaption class=\"wp-element-caption\">copyright dupuis<\/figcaption><\/figure>\n<\/div>\n\n\n<p>\u00ab\u00a0Toute naissance est un chant\u00a0\u00bb\u2026 Et la naissance d\u2019Helma et Hans est celle, aussi, d\u2019une vie dans laquelle la laideur et la beaut\u00e9 vont sans cesse s\u2019affronter, tout comme le mercantilisme et l\u2018art, leur ouvrant, peu \u00e0 peu, d\u2019improbables et d\u2019inattendues portes vers des lieux de soci\u00e9t\u00e9 que m\u00eame leurs r\u00eaves n\u2019imaginaient pas. Hans se d\u00e9couvre capable de jouer de mille et un instruments. Helma, elle, poss\u00e8de une voix exceptionnelle qui fait danser toutes les musiques. Et ce sont ces deux talents conjugu\u00e9s qui vont faire d\u2019eux des personnages symboliques d\u2019un saint-Empire dans lequel des guerriers cruels peuvent aussi se vouloir artistes. <\/p>\n\n\n<div class=\"wp-block-image\">\n<figure class=\"aligncenter size-large\"><img data-recalc-dims=\"1\" loading=\"lazy\" decoding=\"async\" width=\"768\" height=\"1019\" src=\"https:\/\/i0.wp.com\/bd-chroniques.be\/wp-content\/uploads\/2026\/03\/image-27.png?resize=768%2C1019&#038;ssl=1\" alt=\"\" class=\"wp-image-11117\" srcset=\"https:\/\/i0.wp.com\/bd-chroniques.be\/wp-content\/uploads\/2026\/03\/image-27.png?resize=772%2C1024&amp;ssl=1 772w, https:\/\/i0.wp.com\/bd-chroniques.be\/wp-content\/uploads\/2026\/03\/image-27.png?resize=226%2C300&amp;ssl=1 226w, https:\/\/i0.wp.com\/bd-chroniques.be\/wp-content\/uploads\/2026\/03\/image-27.png?resize=768%2C1019&amp;ssl=1 768w, https:\/\/i0.wp.com\/bd-chroniques.be\/wp-content\/uploads\/2026\/03\/image-27.png?w=896&amp;ssl=1 896w\" sizes=\"auto, (max-width: 768px) 100vw, 768px\" \/><figcaption class=\"wp-element-caption\">copyright dupuis<\/figcaption><\/figure>\n<\/div>\n\n\n<p>Je ne vais pas vous raconter toutes les p\u00e9rip\u00e9ties (et elles ne manquent pas!) qui vont conduire ces deux enfants \u00e0 se d\u00e9couvrir ensemble, unis, \u00e0 se perdre aussi, \u00e9perdus tous deux de musique, et perdus \u00e0 deux dans les m\u00e9andres de m\u00e9lodies qui font chanter leurs \u00e2mes et celles de ceux qui les \u00e9coutent. Ces p\u00e9rip\u00e9ties les m\u00e8nent d\u2019un \u00ab\u00a0hermite\u00a0\u00bb \u00e0 une \u00ab\u00a0ersatsmutter\u00a0\u00bb, d\u2019un \u00ab\u00a0margrave\u00a0\u00bb \u00e0 la ville \u00ab\u00a0d\u2019Adamstern\u00a0\u00bb, de la \u00ab\u00a0Laguna Majora\u00a0\u00bb \u00e0 la cit\u00e9 du pontife-roi, \u00ab\u00a0Romula\u00a0\u00bb\u2026 Tous ces mots, ces endroits, tout comme d\u2019ailleurs les noms des personnages, rappellent, \u00e9videmment, des figures mythiques de notre Histoire et on croise Bach comme Stradivarius, \u00e0 peine cach\u00e9s\u00a0! Tous les r\u00e9cits, aussi, qui, de chapitre en chapitre construisent ce livre, nous rappellent que cette Histoire dont nous sommes issus n\u2019a jamais rien eu d\u2019id\u00e9al\u2026 La cupidit\u00e9, la mort, la mis\u00e8re, la trahison, l\u2019orgueil, telles \u00e9taient aussi les v\u00e9rit\u00e9s de ce dix-huiti\u00e8me si\u00e8cle, aux c\u00f4t\u00e9s d\u2019une explosion de l\u2019art sous toutes ses formes. <\/p>\n\n\n<div class=\"wp-block-image\">\n<figure class=\"aligncenter size-full\"><img data-recalc-dims=\"1\" loading=\"lazy\" decoding=\"async\" width=\"600\" height=\"400\" src=\"https:\/\/i0.wp.com\/bd-chroniques.be\/wp-content\/uploads\/2026\/03\/image-28.png?resize=600%2C400&#038;ssl=1\" alt=\"\" class=\"wp-image-11119\" srcset=\"https:\/\/i0.wp.com\/bd-chroniques.be\/wp-content\/uploads\/2026\/03\/image-28.png?w=600&amp;ssl=1 600w, https:\/\/i0.wp.com\/bd-chroniques.be\/wp-content\/uploads\/2026\/03\/image-28.png?resize=300%2C200&amp;ssl=1 300w\" sizes=\"auto, (max-width: 600px) 100vw, 600px\" \/><figcaption class=\"wp-element-caption\">copyright dupuis<\/figcaption><\/figure>\n<\/div>\n\n\n<p>Ce qui est passionnant, dans ce livre, ailleurs m\u00eame que dans les aventures cont\u00e9es, c\u2019est qu\u2019il nous montre un apprentissage \u00e0 l\u2019art musical et \u00e0 la vie, en m\u00eame temps\u2026 Qu\u2019il nous dit que tous les dons se doivent d\u2019\u00eatre travaill\u00e9s\u2026 Ou, plut\u00f4t, d\u2019\u00eatre ensemenc\u00e9s, sans cesse, par l\u2019exp\u00e9rience, par la d\u00e9couverte, par le plaisir, par la nature, le chant du vent et celui des oiseaux \u2026 Le dessin d\u2019Edouard Cour, \u00e0 ce titre, est une musique \u00e0 lui tout seul\u2026 Il permet, v\u00e9ritablement, de donner vie \u00e0 la musique de Hans et Helma, en la rendant pratiquement palpable au travers d\u2019un graphisme qui souligne, dans les concerts, dans les solitudes de la cr\u00e9ation, les infinies et folles couleurs que poss\u00e8de la musique pour qui sait l\u2019\u00e9couter, donc la regarder\u2026 La voir\u00a0! <\/p>\n\n\n<div class=\"wp-block-image\">\n<figure class=\"aligncenter size-full\"><img data-recalc-dims=\"1\" loading=\"lazy\" decoding=\"async\" width=\"720\" height=\"956\" src=\"https:\/\/i0.wp.com\/bd-chroniques.be\/wp-content\/uploads\/2026\/03\/image-29.png?resize=720%2C956&#038;ssl=1\" alt=\"\" class=\"wp-image-11120\" srcset=\"https:\/\/i0.wp.com\/bd-chroniques.be\/wp-content\/uploads\/2026\/03\/image-29.png?w=720&amp;ssl=1 720w, https:\/\/i0.wp.com\/bd-chroniques.be\/wp-content\/uploads\/2026\/03\/image-29.png?resize=226%2C300&amp;ssl=1 226w\" sizes=\"auto, (max-width: 720px) 100vw, 720px\" \/><figcaption class=\"wp-element-caption\">copyright dupuis<\/figcaption><\/figure>\n<\/div>\n\n\n<p>Pendant quelque 280 pages, admirablement dessin\u00e9es, le sc\u00e9nariste Jean-Christophe Deveney nous raconte une histoire universelle\u2026 Je sais que bien des chroniqueurs se sont d\u00e9j\u00e0 pench\u00e9s sur ce livre\u2026 Je sais aussi que la plupart d\u2019entre eux parlent d\u2019un \u00ab\u00a0roman graphique\u00a0\u00bb. Certes, c\u2019est un livre extr\u00eamement graphique\u2026 Certes, c\u2019est un livre charpent\u00e9 en chapitres\u2026 Mais j\u2019aime de moins en moins ces alibis actuels qui essaient de donner \u00e0 des vraies et puissantes bandes dessin\u00e9es des excuses, presque, de n\u2019\u00eatre que des \u00ab\u00a0petites mickeys\u00a0\u00bb\u00a0! Cet album est une bd, tout simplement, magnifiquement\u00a0! La bande dessin\u00e9e, pour \u00eatre un art, n\u2019a nul besoin qu\u2019on la mette dans des niches intello-bienpensantes\u2026 <\/p>\n\n\n<div class=\"wp-block-image\">\n<figure class=\"aligncenter size-large\"><img data-recalc-dims=\"1\" loading=\"lazy\" decoding=\"async\" width=\"768\" height=\"1013\" src=\"https:\/\/i0.wp.com\/bd-chroniques.be\/wp-content\/uploads\/2026\/03\/image-30.png?resize=768%2C1013&#038;ssl=1\" alt=\"\" class=\"wp-image-11122\" srcset=\"https:\/\/i0.wp.com\/bd-chroniques.be\/wp-content\/uploads\/2026\/03\/image-30.png?resize=776%2C1024&amp;ssl=1 776w, https:\/\/i0.wp.com\/bd-chroniques.be\/wp-content\/uploads\/2026\/03\/image-30.png?resize=227%2C300&amp;ssl=1 227w, https:\/\/i0.wp.com\/bd-chroniques.be\/wp-content\/uploads\/2026\/03\/image-30.png?resize=768%2C1014&amp;ssl=1 768w, https:\/\/i0.wp.com\/bd-chroniques.be\/wp-content\/uploads\/2026\/03\/image-30.png?w=1080&amp;ssl=1 1080w\" sizes=\"auto, (max-width: 768px) 100vw, 768px\" \/><figcaption class=\"wp-element-caption\">copyright dupuis<\/figcaption><\/figure>\n<\/div>\n\n\n<p>Ce livre, qui se lit et se regarde avec une sorte de magique facilit\u00e9, nous parle de cr\u00e9ation, d\u2019art, de musique, de peinture, de compromissions\u2026 De g\u00e9mellit\u00e9, aussi, du talent, de l\u2019acquis et de l\u2019inn\u00e9\u2026 Il est \u0153uvre historique, d\u00e9tourn\u00e9e, c\u2019est vrai, mais d\u2019une \u00e9vidente fid\u00e9lit\u00e9 \u00e0 l\u2019\u00e9poque montr\u00e9e\u2026 Il est comme une fable, qui aborde le th\u00e8me de l\u2019existence, du v\u00e9cu, de l\u2019apprentissage, de la fusion des \u00e2mes, de l\u2019amour, de la haine, de la s\u00e9paration, des retrouvailles si souvent impossibles\u2026 Il nous parle de la diff\u00e9rence entre exister et \u00eatre, de la mort, aussi, et de ses silences&#8230; Il nous d\u00e9voile, en nous illustrant ce titre, \u00ab\u00a0A Dieu seul la gloire\u00a0\u00bb, les ressources de l\u2019humain, et le fait que toute gloire artistique, finalement, appartient \u00e0 ceux qui l\u2019\u00e9coutent, qui la regardent, qui la lisent, que sais-je encore\u2026 Ce livre est une osmose \u00ab\u00a0extra-ordinaire\u00a0\u00bb entre un sc\u00e9nariste, un dessinateur, et le lecteur qui ne peut que se laisser envo\u00fbter par un rythme musical, muet mais dessin\u00e9, qu\u2019on ne peut oublier la derni\u00e8re page tourn\u00e9e\u2026 <\/p>\n\n\n<div class=\"wp-block-image\">\n<figure class=\"aligncenter size-full\"><img data-recalc-dims=\"1\" loading=\"lazy\" decoding=\"async\" width=\"405\" height=\"720\" src=\"https:\/\/i0.wp.com\/bd-chroniques.be\/wp-content\/uploads\/2026\/03\/image-31.png?resize=405%2C720&#038;ssl=1\" alt=\"\" class=\"wp-image-11123\" srcset=\"https:\/\/i0.wp.com\/bd-chroniques.be\/wp-content\/uploads\/2026\/03\/image-31.png?w=405&amp;ssl=1 405w, https:\/\/i0.wp.com\/bd-chroniques.be\/wp-content\/uploads\/2026\/03\/image-31.png?resize=169%2C300&amp;ssl=1 169w\" sizes=\"auto, (max-width: 405px) 100vw, 405px\" \/><figcaption class=\"wp-element-caption\">copyright dupuis<\/figcaption><\/figure>\n<\/div>\n\n\n<p>Je supporte de moins en moins cette sorte de r\u00e8gle dans le monde de l\u2019\u00e9dition de ne mettre en avant que les derni\u00e8res nouveaut\u00e9s\u00a0! Les libraires bd devraient consacrer, il me semble, une part de leurs magasins \u00e0 des livres qu\u2019ils ont lus, qu\u2019ils ont absolument aim\u00e9s, et qui datent de plusieurs mois\u00a0! Des livres qu&rsquo;ils pousseraient \u00e0 exister plus que deux ou trois mois! Des livres qui sont la musique d\u2019un art que l\u2019on dit neuvi\u00e8me et qui aurait tout \u00e0 gagner \u00e0 ne pas se contenter des routines d\u2019un march\u00e9 qui perd, de plus en plus, l\u2019envie d\u2019\u00eatre culturel\u2026<\/p>\n\n\n\n<p><strong>Jacques et Josiane Schra\u00fbwen<\/strong><\/p>\n\n\n\n<p><strong>Soli Deo Gloria (dessin&nbsp;: Edouard Cour \u2013 sc\u00e9nario&nbsp;: Jean-Christophe Deveney \u2013 \u00e9diteur&nbsp;: Dupuis \u2013 octobre 2025 \u2013 280 pages)<\/strong><\/p>\n","protected":false},"excerpt":{"rendered":"<p>Dans un monde qui ressemble \u00e0 notre dix-huiti\u00e8me si\u00e8cle, un gar\u00e7on et une fille, jumeaux, naissent dans la mis\u00e9rable r\u00e9alit\u00e9 d\u2019un hameau, d\u2019une ferme, et d\u2019une \u00e9table dans laquelle humains et b\u00eates s\u2019entassent. Et c\u2019est la musique, don qu\u2019ils partagent, qui va accompagner toute leur existence\u2026 \u00ab\u00a0Toute naissance est un chant\u00a0\u00bb\u2026 Et la naissance d\u2019Helma [&hellip;]<\/p>\n","protected":false},"author":1,"featured_media":11115,"comment_status":"open","ping_status":"open","sticky":false,"template":"","format":"standard","meta":{"jetpack_post_was_ever_published":false,"_jetpack_newsletter_access":"","_jetpack_dont_email_post_to_subs":false,"_jetpack_newsletter_tier_id":0,"_jetpack_memberships_contains_paywalled_content":false,"_jetpack_memberships_contains_paid_content":false,"footnotes":"","jetpack_publicize_message":"","jetpack_publicize_feature_enabled":true,"jetpack_social_post_already_shared":true,"jetpack_social_options":{"image_generator_settings":{"template":"highway","default_image_id":0,"font":"","enabled":false},"version":2}},"categories":[3,7],"tags":[],"class_list":["post-11114","post","type-post","status-publish","format-standard","has-post-thumbnail","hentry","category-bd-de-s-a-z","category-s"],"jetpack_publicize_connections":[],"jetpack_featured_media_url":"https:\/\/i0.wp.com\/bd-chroniques.be\/wp-content\/uploads\/2026\/03\/soli.jpg?fit=800%2C1091&ssl=1","jetpack_shortlink":"https:\/\/wp.me\/p8dqsu-2Tg","jetpack_likes_enabled":true,"jetpack_sharing_enabled":true,"_links":{"self":[{"href":"https:\/\/bd-chroniques.be\/index.php\/wp-json\/wp\/v2\/posts\/11114","targetHints":{"allow":["GET"]}}],"collection":[{"href":"https:\/\/bd-chroniques.be\/index.php\/wp-json\/wp\/v2\/posts"}],"about":[{"href":"https:\/\/bd-chroniques.be\/index.php\/wp-json\/wp\/v2\/types\/post"}],"author":[{"embeddable":true,"href":"https:\/\/bd-chroniques.be\/index.php\/wp-json\/wp\/v2\/users\/1"}],"replies":[{"embeddable":true,"href":"https:\/\/bd-chroniques.be\/index.php\/wp-json\/wp\/v2\/comments?post=11114"}],"version-history":[{"count":3,"href":"https:\/\/bd-chroniques.be\/index.php\/wp-json\/wp\/v2\/posts\/11114\/revisions"}],"predecessor-version":[{"id":11124,"href":"https:\/\/bd-chroniques.be\/index.php\/wp-json\/wp\/v2\/posts\/11114\/revisions\/11124"}],"wp:featuredmedia":[{"embeddable":true,"href":"https:\/\/bd-chroniques.be\/index.php\/wp-json\/wp\/v2\/media\/11115"}],"wp:attachment":[{"href":"https:\/\/bd-chroniques.be\/index.php\/wp-json\/wp\/v2\/media?parent=11114"}],"wp:term":[{"taxonomy":"category","embeddable":true,"href":"https:\/\/bd-chroniques.be\/index.php\/wp-json\/wp\/v2\/categories?post=11114"},{"taxonomy":"post_tag","embeddable":true,"href":"https:\/\/bd-chroniques.be\/index.php\/wp-json\/wp\/v2\/tags?post=11114"}],"curies":[{"name":"wp","href":"https:\/\/api.w.org\/{rel}","templated":true}]}}