{"id":1143,"date":"2017-10-26T18:21:02","date_gmt":"2017-10-26T16:21:02","guid":{"rendered":"http:\/\/bd-chroniques.be\/?p=1143"},"modified":"2017-10-27T09:02:45","modified_gmt":"2017-10-27T07:02:45","slug":"le-regne-2-le-maitre-du-shrine","status":"publish","type":"post","link":"https:\/\/bd-chroniques.be\/index.php\/2017\/10\/26\/le-regne-2-le-maitre-du-shrine\/","title":{"rendered":"Le R\u00e8gne : 2. Le Ma\u00eetre du Shrine"},"content":{"rendered":"<h1 class=\"rtbf-article-main__title \" style=\"text-align: center;\">Un album,une exposition \u00e0 Bruxelles,<\/h1>\n<h1 class=\"rtbf-article-main__title \" style=\"text-align: center;\">une interview du sc\u00e9nariste<\/h1>\n<p>&nbsp;<\/p>\n<div class=\"rtbf-paragraph\">\n<p>&nbsp;<\/p>\n<p>J\u2019ai, en son temps, dit ici tout le bien que je pensais du premier tome de cette s\u00e9rie. Et ce deuxi\u00e8me volume est tout aussi passionnant, avec des personnages qui, perdus dans une science-fiction violente, nous rappellent sans cesse notre propre \u00e9poque !<\/p>\n<\/div>\n<div class=\"rtbf-paragraph clearfix\">\n<figure class=\"www-media custom_large www-media--last js-gallery-figure\"><a id=\"image-9228343\" class=\"www-media-fullscreen js-gallery-image\" href=\"https:\/\/i0.wp.com\/ds1.static.rtbf.be\/article\/image\/1240x800\/e\/9\/c\/3fcc47dbb6db134bd394f485bc5986ed-1508942186.jpg?ssl=1\" target=\"_blank\" rel=\"noopener\" data-id=\"9228343\"><img data-recalc-dims=\"1\" decoding=\"async\" class=\"img-responsive www-img-full lazyloaded\" title=\"Le R\u00e8gne\" src=\"https:\/\/i0.wp.com\/ds1.static.rtbf.be\/article\/image\/370xAuto\/e\/9\/c\/3fcc47dbb6db134bd394f485bc5986ed-1508942186.jpg?w=768&#038;ssl=1\" sizes=\"(min-width: 1200px) calc(992px*0.66), (min-width: 992px) 66vw, 100vw\" srcset=\"https:\/\/ds1.static.rtbf.be\/article\/image\/370xAuto\/e\/9\/c\/3fcc47dbb6db134bd394f485bc5986ed-1508942186.jpg 370w,https:\/\/ds1.static.rtbf.be\/article\/image\/770xAuto\/e\/9\/c\/3fcc47dbb6db134bd394f485bc5986ed-1508942186.jpg 770w,https:\/\/ds1.static.rtbf.be\/article\/image\/1248xAuto\/e\/9\/c\/3fcc47dbb6db134bd394f485bc5986ed-1508942186.jpg 1248w\" alt=\"Le R\u00e8gne\" data-sizes=\"(min-width: 1200px) calc(992px*0.66), (min-width: 992px) 66vw, 100vw\" data-srcset=\"https:\/\/ds1.static.rtbf.be\/article\/image\/370xAuto\/e\/9\/c\/3fcc47dbb6db134bd394f485bc5986ed-1508942186.jpg 370w,https:\/\/ds1.static.rtbf.be\/article\/image\/770xAuto\/e\/9\/c\/3fcc47dbb6db134bd394f485bc5986ed-1508942186.jpg 770w,https:\/\/ds1.static.rtbf.be\/article\/image\/1248xAuto\/e\/9\/c\/3fcc47dbb6db134bd394f485bc5986ed-1508942186.jpg 1248w\" \/><i class=\"ico ico-circle ico-stack-2x www-media-enlarge__bg\"><\/i><i class=\"ico ico-expand ico-stack-1x ico-inverse www-media-enlarge__icon\"><\/i><\/a><figcaption class=\"www-media-caption\"><em><span class=\"www-media-caption__text\">Le R\u00e8gne &#8211; \u00a9 Le Lombard<\/span><\/em><\/figcaption><\/figure>\n<p>&nbsp;<\/p>\n<p>Dans le premier tome, les auteurs installaient les personnages, sans se presser, mais en nous offrant d\u00e9j\u00e0 quelques sc\u00e8nes \u00e9piques et \u00e9motionnelles particuli\u00e8rement r\u00e9ussies.<\/p>\n<p>Des personnages qui, pour animaliers qu\u2019ils soient, mais dou\u00e9s de parole, sont les miroirs \u00e0 peine d\u00e9form\u00e9s du monde qui est n\u00f4tre, du monde, surtout, que nous sommes en train de pr\u00e9parer.<\/p>\n<p>Le r\u00e9sum\u00e9 du \u00ab\u00a0canevas\u00a0\u00bb de cette s\u00e9rie est assez simple \u00e0 faire : trois mercenaires ont \u00e9t\u00e9 engag\u00e9s par une famille riche pour les garder en vie jusqu\u2019\u00e0 leur entr\u00e9e dans un sanctuaire, le Shrine, seul endroit capable de r\u00e9sister \u00e0 des forces de la nature que tout le monde appelle \u00a0\u00bb D\u00e9mons Humains \u00ab\u00a0.<\/p>\n<p>Dans le premier volume, les trois mercenaires, et une partie seulement de ceux qu\u2019ils doivent prot\u00e9ger, arrivaient devant ce fameux sanctuaire.<\/p>\n<p>Ici, dans cette suite, on les retrouve donc, soucieux d\u2019abord et avant tout de mener \u00e0 bien leur mission, et confront\u00e9s \u00e0 d\u2019autres violences qu\u2019\u00e0 celles venues du ciel et de ses perturbations climatiques.<\/p>\n<p>Les auteurs nous font ainsi d\u00e9couvrir un peu plus du pass\u00e9 de ces trois h\u00e9ros\u2026 Un peu plus, \u00e9galement, de cet univers dans lequel l\u2019humain n\u2019est plus qu\u2019un souvenir que la m\u00e9moire recr\u00e9e sans cesse, de cette plan\u00e8te qui ne meurt jamais mais qui, comme toute entit\u00e9 vivante, \u00e9volue et accepte comme voyageurs de la vie de voir dispara\u00eetre des esp\u00e8ces vivantes vite remplac\u00e9es par d\u2019autres\u2026<\/p>\n<h6 class=\"audio-player__title\">Sylvain Runberg: le sc\u00e9nario<\/h6>\n<audio class=\"wp-audio-shortcode\" id=\"audio-1143-1\" preload=\"none\" style=\"width: 100%;\" controls=\"controls\"><source type=\"audio\/mpeg\" src=\"http:\/\/bd-chroniques.be\/wp-content\/uploads\/2017\/10\/DbMBy8WK6w.mp3?_=1\" \/><a href=\"http:\/\/bd-chroniques.be\/wp-content\/uploads\/2017\/10\/DbMBy8WK6w.mp3\">http:\/\/bd-chroniques.be\/wp-content\/uploads\/2017\/10\/DbMBy8WK6w.mp3<\/a><\/audio>\n<h6 class=\"audio-player__title\">Sylvain Runberg: les d\u00e9mons humains<\/h6>\n<audio class=\"wp-audio-shortcode\" id=\"audio-1143-2\" preload=\"none\" style=\"width: 100%;\" controls=\"controls\"><source type=\"audio\/mpeg\" src=\"http:\/\/bd-chroniques.be\/wp-content\/uploads\/2017\/10\/MmVWmPtO4x.mp3?_=2\" \/><a href=\"http:\/\/bd-chroniques.be\/wp-content\/uploads\/2017\/10\/MmVWmPtO4x.mp3\">http:\/\/bd-chroniques.be\/wp-content\/uploads\/2017\/10\/MmVWmPtO4x.mp3<\/a><\/audio>\n<div class=\"rtbf-article-main__audio\"><\/div>\n<div class=\"rtbf-article-main__audio\"><\/div>\n<\/div>\n<div class=\"rtbf-paragraph clearfix\">\n<figure class=\"www-media custom_large www-media--last js-gallery-figure\"><a id=\"image-9228344\" class=\"www-media-fullscreen js-gallery-image\" href=\"https:\/\/i0.wp.com\/ds1.static.rtbf.be\/article\/image\/1240x800\/9\/e\/7\/40be6592d344c55d38a264344dfd6ec7-1508942287.jpg?ssl=1\" target=\"_blank\" rel=\"noopener\" data-id=\"9228344\"><img data-recalc-dims=\"1\" decoding=\"async\" class=\"img-responsive www-img-full lazyloaded\" title=\"Le R\u00e8gne\" src=\"https:\/\/i0.wp.com\/ds1.static.rtbf.be\/article\/image\/370xAuto\/9\/e\/7\/40be6592d344c55d38a264344dfd6ec7-1508942287.jpg?w=768&#038;ssl=1\" sizes=\"(min-width: 1200px) calc(992px*0.66), (min-width: 992px) 66vw, 100vw\" srcset=\"https:\/\/ds1.static.rtbf.be\/article\/image\/370xAuto\/9\/e\/7\/40be6592d344c55d38a264344dfd6ec7-1508942287.jpg 370w,https:\/\/ds1.static.rtbf.be\/article\/image\/770xAuto\/9\/e\/7\/40be6592d344c55d38a264344dfd6ec7-1508942287.jpg 770w,https:\/\/ds1.static.rtbf.be\/article\/image\/1248xAuto\/9\/e\/7\/40be6592d344c55d38a264344dfd6ec7-1508942287.jpg 1248w\" alt=\"Le R\u00e8gne\" data-sizes=\"(min-width: 1200px) calc(992px*0.66), (min-width: 992px) 66vw, 100vw\" data-srcset=\"https:\/\/ds1.static.rtbf.be\/article\/image\/370xAuto\/9\/e\/7\/40be6592d344c55d38a264344dfd6ec7-1508942287.jpg 370w,https:\/\/ds1.static.rtbf.be\/article\/image\/770xAuto\/9\/e\/7\/40be6592d344c55d38a264344dfd6ec7-1508942287.jpg 770w,https:\/\/ds1.static.rtbf.be\/article\/image\/1248xAuto\/9\/e\/7\/40be6592d344c55d38a264344dfd6ec7-1508942287.jpg 1248w\" \/><i class=\"ico ico-circle ico-stack-2x www-media-enlarge__bg\"><\/i><i class=\"ico ico-expand ico-stack-1x ico-inverse www-media-enlarge__icon\"><\/i><\/a><figcaption class=\"www-media-caption\"><em><span class=\"www-media-caption__text\">Le R\u00e8gne &#8211; \u00a9 Le Lombard<\/span><\/em><\/figcaption><\/figure>\n<p>&nbsp;<\/p>\n<p>Il s\u2019agit, totalement, de science-fiction, et le fait d\u2019avoir choisi de nous parler d\u2019un monde post-apocalyptique en prenant comme personnages exclusivement des animaux dot\u00e9s de parole, de sentiments exacerb\u00e9s pour la plupart d\u2019entre eux, transforme le r\u00e9cit en une sorte de fable au travers de laquelle notre propre r\u00e9alit\u00e9 se trouve repr\u00e9sent\u00e9e comme dans un miroir d\u00e9formant. A peine d\u00e9formant, m\u00eame, au gr\u00e9 des th\u00e8mes abord\u00e9s.<\/p>\n<p>Ce monde que nous montrent Boiscommun et Runberg se nourrit de violence, d\u2019avidit\u00e9 de pouvoir, de folie, de trahisons, de conqu\u00eates, de d\u00e9missions, de fuites. Tout comme le n\u00f4tre\u2026. Et tout comme dans notre propre monde, la religion, Les Religions, plut\u00f4t, occupent une place pr\u00e9pond\u00e9rante. Elles sont, plurielles et toutes ali\u00e9nantes, et dans toutes les sph\u00e8res de la population, sources d\u2019abord et avant tout d\u2019horreurs et d\u2019injustices.<\/p>\n<h6 class=\"audio-player__title\">Sylvain Runberg: les religions<\/h6>\n<audio class=\"wp-audio-shortcode\" id=\"audio-1143-3\" preload=\"none\" style=\"width: 100%;\" controls=\"controls\"><source type=\"audio\/mpeg\" src=\"http:\/\/bd-chroniques.be\/wp-content\/uploads\/2017\/10\/P8aBEWu3P9.mp3?_=3\" \/><a href=\"http:\/\/bd-chroniques.be\/wp-content\/uploads\/2017\/10\/P8aBEWu3P9.mp3\">http:\/\/bd-chroniques.be\/wp-content\/uploads\/2017\/10\/P8aBEWu3P9.mp3<\/a><\/audio>\n<div class=\"rtbf-article-main__audio\"><\/div>\n<\/div>\n<div class=\"rtbf-paragraph clearfix\">\n<figure class=\"www-media custom_large www-media--last js-gallery-figure\"><a id=\"image-9228345\" class=\"www-media-fullscreen js-gallery-image\" href=\"https:\/\/i0.wp.com\/ds1.static.rtbf.be\/article\/image\/1240x800\/e\/9\/0\/a66a89e24dbd0590f3cd2e551c40c716-1508942360.jpg?ssl=1\" target=\"_blank\" rel=\"noopener\" data-id=\"9228345\"><img data-recalc-dims=\"1\" decoding=\"async\" class=\"img-responsive www-img-full lazyloaded\" title=\"Le R\u00e8gne\" src=\"https:\/\/i0.wp.com\/ds1.static.rtbf.be\/article\/image\/370xAuto\/e\/9\/0\/a66a89e24dbd0590f3cd2e551c40c716-1508942360.jpg?w=768&#038;ssl=1\" sizes=\"(min-width: 1200px) calc(992px*0.66), (min-width: 992px) 66vw, 100vw\" srcset=\"https:\/\/ds1.static.rtbf.be\/article\/image\/370xAuto\/e\/9\/0\/a66a89e24dbd0590f3cd2e551c40c716-1508942360.jpg 370w,https:\/\/ds1.static.rtbf.be\/article\/image\/770xAuto\/e\/9\/0\/a66a89e24dbd0590f3cd2e551c40c716-1508942360.jpg 770w,https:\/\/ds1.static.rtbf.be\/article\/image\/1248xAuto\/e\/9\/0\/a66a89e24dbd0590f3cd2e551c40c716-1508942360.jpg 1248w\" alt=\"Le R\u00e8gne\" data-sizes=\"(min-width: 1200px) calc(992px*0.66), (min-width: 992px) 66vw, 100vw\" data-srcset=\"https:\/\/ds1.static.rtbf.be\/article\/image\/370xAuto\/e\/9\/0\/a66a89e24dbd0590f3cd2e551c40c716-1508942360.jpg 370w,https:\/\/ds1.static.rtbf.be\/article\/image\/770xAuto\/e\/9\/0\/a66a89e24dbd0590f3cd2e551c40c716-1508942360.jpg 770w,https:\/\/ds1.static.rtbf.be\/article\/image\/1248xAuto\/e\/9\/0\/a66a89e24dbd0590f3cd2e551c40c716-1508942360.jpg 1248w\" \/><i class=\"ico ico-circle ico-stack-2x www-media-enlarge__bg\"><\/i><i class=\"ico ico-expand ico-stack-1x ico-inverse www-media-enlarge__icon\"><\/i><\/a><figcaption class=\"www-media-caption\"><em><span class=\"www-media-caption__text\">Le R\u00e8gne &#8211; \u00a9 Le Lombard<\/span><\/em><\/figcaption><\/figure>\n<p>&nbsp;<\/p>\n<p>Cela dit, malgr\u00e9 la noirceur du r\u00e9cit, malgr\u00e9 le pessimisme constant qui r\u00e8gne dans cette s\u00e9rie qui nous livre des portraits peu reluisants de l\u2019humanit\u00e9, Sylvain Runberg parvient \u00e0 garder des fen\u00eatres ouvertes, au fil des pages, des \u00e9claircies, des envol\u00e9es qui ne sont pas uniquement des fuites, mais qui deviennent de v\u00e9ritables qu\u00eates, identitaires parfois, humanistes aussi.<\/p>\n<p>Bien s\u00fbr, l\u2019aventure r\u00e8gne en ma\u00eetresse absolue dans ce deuxi\u00e8me album. Mais s\u2019il fallait trouver un ma\u00eetre-mot \u00e0 l\u2019histoire qui nous y est cont\u00e9e, ce serait, me semble-t-il, le mot \u00a0\u00bb solidarit\u00e9 \u00ab\u00a0\u2026<\/p>\n<p>Parce que les trois personnages centraux, m\u00eame mercenaires, m\u00eame mercantiles, m\u00eame plong\u00e9s dans un univers aux impitoyables r\u00e9alit\u00e9s, ces trois personnages ont un code d\u2019honneur et, pour que survivre soit une r\u00e9alit\u00e9, ils se doivent d\u2019agir en solidarit\u00e9, entre eux, mais aussi avec ceux qui, de pr\u00e8s ou de loin, peuvent leur \u00eatre compagnons de vie.<\/p>\n<h6 class=\"audio-player__title\">Sylvain Runberg: la solidarit\u00e9<\/h6>\n<audio class=\"wp-audio-shortcode\" id=\"audio-1143-4\" preload=\"none\" style=\"width: 100%;\" controls=\"controls\"><source type=\"audio\/mpeg\" src=\"http:\/\/bd-chroniques.be\/wp-content\/uploads\/2017\/10\/RafBj8THFv.mp3?_=4\" \/><a href=\"http:\/\/bd-chroniques.be\/wp-content\/uploads\/2017\/10\/RafBj8THFv.mp3\">http:\/\/bd-chroniques.be\/wp-content\/uploads\/2017\/10\/RafBj8THFv.mp3<\/a><\/audio>\n<p>&nbsp;<\/p>\n<div class=\"rtbf-article-main__embed js-embed-audio\"><\/div>\n<\/div>\n<div class=\"rtbf-paragraph clearfix\">\n<figure class=\"www-media custom_large www-media--last js-gallery-figure\"><a id=\"image-9228346\" class=\"www-media-fullscreen js-gallery-image\" href=\"https:\/\/i0.wp.com\/ds1.static.rtbf.be\/article\/image\/1240x800\/1\/9\/f\/5f8a015342240f9d64bad488fe06789b-1508942470.jpg?ssl=1\" target=\"_blank\" rel=\"noopener\" data-id=\"9228346\"><img data-recalc-dims=\"1\" decoding=\"async\" class=\"img-responsive www-img-full lazyloaded\" title=\"Le R\u00e8gne\" src=\"https:\/\/i0.wp.com\/ds1.static.rtbf.be\/article\/image\/370xAuto\/1\/9\/f\/5f8a015342240f9d64bad488fe06789b-1508942470.jpg?w=768&#038;ssl=1\" sizes=\"(min-width: 1200px) calc(992px*0.66), (min-width: 992px) 66vw, 100vw\" srcset=\"https:\/\/ds1.static.rtbf.be\/article\/image\/370xAuto\/1\/9\/f\/5f8a015342240f9d64bad488fe06789b-1508942470.jpg 370w,https:\/\/ds1.static.rtbf.be\/article\/image\/770xAuto\/1\/9\/f\/5f8a015342240f9d64bad488fe06789b-1508942470.jpg 770w,https:\/\/ds1.static.rtbf.be\/article\/image\/1248xAuto\/1\/9\/f\/5f8a015342240f9d64bad488fe06789b-1508942470.jpg 1248w\" alt=\"Le R\u00e8gne\" data-sizes=\"(min-width: 1200px) calc(992px*0.66), (min-width: 992px) 66vw, 100vw\" data-srcset=\"https:\/\/ds1.static.rtbf.be\/article\/image\/370xAuto\/1\/9\/f\/5f8a015342240f9d64bad488fe06789b-1508942470.jpg 370w,https:\/\/ds1.static.rtbf.be\/article\/image\/770xAuto\/1\/9\/f\/5f8a015342240f9d64bad488fe06789b-1508942470.jpg 770w,https:\/\/ds1.static.rtbf.be\/article\/image\/1248xAuto\/1\/9\/f\/5f8a015342240f9d64bad488fe06789b-1508942470.jpg 1248w\" \/><i class=\"ico ico-circle ico-stack-2x www-media-enlarge__bg\"><\/i><i class=\"ico ico-expand ico-stack-1x ico-inverse www-media-enlarge__icon\"><\/i><\/a><figcaption class=\"www-media-caption\"><em><span class=\"www-media-caption__text\">Le R\u00e8gne &#8211; \u00a9 Le Lombard<\/span><\/em><\/figcaption><\/figure>\n<p>&nbsp;<\/p>\n<p>Vous l\u2019aurez compris, Sylvain Runberg ma\u00eetrise parfaitement son sujet.<\/p>\n<p>Il en va de m\u00eame pour Olivier Boiscommun, dont le dessin, extr\u00eamement expressif, ne s\u2019encombre pas de d\u00e9cors trop nombreux, de mani\u00e8re \u00e0 mettre en avant, toujours, ses personnages.<\/p>\n<p>Dessinateur du mouvement, il s\u2019est \u00e9galement amus\u00e9, dans ce \u00a0\u00bb Ma\u00eetre du Shrime \u00ab\u00a0, \u00e0 cr\u00e9er des environnements color\u00e9s, picturaux, qui, justement, permettent d\u2019estomper les d\u00e9cors, parfois, au profit des visages et du rythme.<\/p>\n<p>Et il est normal, d\u00e8s lors, et particuli\u00e8rement bienvenu, qu\u2019une exposition soit consacr\u00e9e aux planches originales de ce livre. Une exposition dans un lieu extraordinaire uniquement consacr\u00e9 \u00e0 la d\u00e9fense de la bande dessin\u00e9e dans tous ses \u00e9tats, le\u00a0Centre Belge de la Bande Dessin\u00e9e.<\/p>\n<h6 class=\"audio-player__title\">Sylvain Runberg: l&rsquo;exposition<\/h6>\n<audio class=\"wp-audio-shortcode\" id=\"audio-1143-5\" preload=\"none\" style=\"width: 100%;\" controls=\"controls\"><source type=\"audio\/mpeg\" src=\"http:\/\/bd-chroniques.be\/wp-content\/uploads\/2017\/10\/rZJ6o2kK34.mp3?_=5\" \/><a href=\"http:\/\/bd-chroniques.be\/wp-content\/uploads\/2017\/10\/rZJ6o2kK34.mp3\">http:\/\/bd-chroniques.be\/wp-content\/uploads\/2017\/10\/rZJ6o2kK34.mp3<\/a><\/audio>\n<div class=\"rtbf-article-main__audio\"><\/div>\n<\/div>\n<div class=\"rtbf-paragraph clearfix\">\n<p>Que vos pas, donc, vous m\u00e8nent jusqu\u2019au\u00a0Centre Belge de la Bande Dessin\u00e9e\u2026 Que vos yeux s\u2019attardent sur les deux albums du \u00a0\u00bb R\u00e8gne \u00a0\u00bb d\u00e9j\u00e0 paru\u2026 Et que vos impatiences naissent de vite en d\u00e9couvrir la suite !&#8230;<\/p>\n<p>&nbsp;<\/p>\n<p><strong>Jacques Schra\u00fbwen<\/strong><\/p>\n<p><strong>Le R\u00e8gne : 2. Le Ma\u00eetre du Shrine (dessin : Olivier Boiscommun \u2013 sc\u00e9nario : Sylvain Runberg \u2013 \u00e9diteur : Le Lombard \u2013\u00a0<\/strong><\/p>\n<p style=\"text-align: center;\"><strong>Exposition au Centre Belge de la Bande Dessin\u00e9e jusqu&rsquo;au 20 novembre)<\/strong><\/p>\n<\/div>\n","protected":false},"excerpt":{"rendered":"<p>Un album,une exposition \u00e0 Bruxelles, une interview du sc\u00e9nariste &nbsp; &nbsp; J\u2019ai, en son temps, dit ici tout le bien que je pensais du premier tome de cette s\u00e9rie. Et ce deuxi\u00e8me volume est tout aussi passionnant, avec des personnages qui, perdus dans une science-fiction violente, nous rappellent sans cesse notre propre \u00e9poque ! Le [&hellip;]<\/p>\n","protected":false},"author":1,"featured_media":1152,"comment_status":"open","ping_status":"open","sticky":false,"template":"","format":"standard","meta":{"jetpack_post_was_ever_published":false,"_jetpack_newsletter_access":"","_jetpack_dont_email_post_to_subs":false,"_jetpack_newsletter_tier_id":0,"_jetpack_memberships_contains_paywalled_content":false,"_jetpack_memberships_contains_paid_content":false,"footnotes":"","jetpack_publicize_message":"","jetpack_publicize_feature_enabled":true,"jetpack_social_post_already_shared":true,"jetpack_social_options":{"image_generator_settings":{"template":"highway","default_image_id":0,"font":"","enabled":false},"version":2}},"categories":[23,29],"tags":[],"class_list":["post-1143","post","type-post","status-publish","format-standard","has-post-thumbnail","hentry","category-bd-de-m-a-r","category-r"],"jetpack_publicize_connections":[],"jetpack_featured_media_url":"https:\/\/i0.wp.com\/bd-chroniques.be\/wp-content\/uploads\/2017\/10\/fd70d257a9d3473b616c750a66ecbd49-1508942071.jpg?fit=1248%2C701&ssl=1","jetpack_shortlink":"https:\/\/wp.me\/p8dqsu-ir","jetpack_likes_enabled":true,"jetpack_sharing_enabled":true,"_links":{"self":[{"href":"https:\/\/bd-chroniques.be\/index.php\/wp-json\/wp\/v2\/posts\/1143","targetHints":{"allow":["GET"]}}],"collection":[{"href":"https:\/\/bd-chroniques.be\/index.php\/wp-json\/wp\/v2\/posts"}],"about":[{"href":"https:\/\/bd-chroniques.be\/index.php\/wp-json\/wp\/v2\/types\/post"}],"author":[{"embeddable":true,"href":"https:\/\/bd-chroniques.be\/index.php\/wp-json\/wp\/v2\/users\/1"}],"replies":[{"embeddable":true,"href":"https:\/\/bd-chroniques.be\/index.php\/wp-json\/wp\/v2\/comments?post=1143"}],"version-history":[{"count":5,"href":"https:\/\/bd-chroniques.be\/index.php\/wp-json\/wp\/v2\/posts\/1143\/revisions"}],"predecessor-version":[{"id":1156,"href":"https:\/\/bd-chroniques.be\/index.php\/wp-json\/wp\/v2\/posts\/1143\/revisions\/1156"}],"wp:featuredmedia":[{"embeddable":true,"href":"https:\/\/bd-chroniques.be\/index.php\/wp-json\/wp\/v2\/media\/1152"}],"wp:attachment":[{"href":"https:\/\/bd-chroniques.be\/index.php\/wp-json\/wp\/v2\/media?parent=1143"}],"wp:term":[{"taxonomy":"category","embeddable":true,"href":"https:\/\/bd-chroniques.be\/index.php\/wp-json\/wp\/v2\/categories?post=1143"},{"taxonomy":"post_tag","embeddable":true,"href":"https:\/\/bd-chroniques.be\/index.php\/wp-json\/wp\/v2\/tags?post=1143"}],"curies":[{"name":"wp","href":"https:\/\/api.w.org\/{rel}","templated":true}]}}