{"id":11591,"date":"2026-09-03T09:39:15","date_gmt":"2026-09-03T07:39:15","guid":{"rendered":"https:\/\/bd-chroniques.be\/?p=11591"},"modified":"2026-09-03T09:39:15","modified_gmt":"2026-09-03T07:39:15","slug":"fils-de-bourge-le-doux-printemps-1936","status":"publish","type":"post","link":"https:\/\/bd-chroniques.be\/index.php\/2026\/09\/03\/fils-de-bourge-le-doux-printemps-1936\/","title":{"rendered":"Fils De Bourge \u2013 le doux printemps 1936"},"content":{"rendered":"\n<p class=\"wp-block-paragraph\">Eric Stalner est un dessinateur dont le dessin r\u00e9aliste enchante le monde du neuvi\u00e8me art depuis quelque 90 albums\u2026 Amoureux de l\u2019Histoire, des liens qu\u2019elle peut -et doit- avoir avec le pr\u00e9sent, il est aussi un superbe raconteur d\u2019histoires\u2026<\/p>\n\n\n<div class=\"wp-block-image\">\n<figure class=\"aligncenter size-full\"><img data-recalc-dims=\"1\" loading=\"lazy\" decoding=\"async\" width=\"768\" height=\"432\" src=\"https:\/\/i0.wp.com\/bd-chroniques.be\/wp-content\/uploads\/2026\/09\/1.jpg?resize=768%2C432&#038;ssl=1\" alt=\"\" class=\"wp-image-11593\" srcset=\"https:\/\/i0.wp.com\/bd-chroniques.be\/wp-content\/uploads\/2026\/09\/1.jpg?w=1024&amp;ssl=1 1024w, https:\/\/i0.wp.com\/bd-chroniques.be\/wp-content\/uploads\/2026\/09\/1.jpg?resize=300%2C169&amp;ssl=1 300w, https:\/\/i0.wp.com\/bd-chroniques.be\/wp-content\/uploads\/2026\/09\/1.jpg?resize=768%2C432&amp;ssl=1 768w\" sizes=\"auto, (max-width: 768px) 100vw, 768px\" \/><figcaption class=\"wp-element-caption\">copyright grandangle<\/figcaption><\/figure>\n<\/div>\n\n\n<p class=\"wp-block-paragraph\">Le \u00ab\u00a0fils de bourge\u00a0\u00bb, c\u2019est Fran\u00e7ois Bompierre, \u00e2g\u00e9 de 17 ans. Il d\u00e9barque \u00e0 Gramont, une petite cit\u00e9 industrielle du centre de la France, avec ses parents et sa s\u0153ur. Le p\u00e8re, sous-directeur de l\u2019usine locale, est autoritaire\u2026 L\u2019\u00e9ducation, pour lui, passe par sa ceinture qui claque sur le dos de son fils pour des punitions r\u00e9p\u00e9t\u00e9es\u2026 Mais nous sommes en 1935, et les notables et industriels voient monter tout autour d\u2019eux un sentiment de r\u00e9volte qui, petit \u00e0 petit, devient r\u00e9volutionnaire\u2026 Et la gr\u00e8ve r\u00e8gne dans l\u2019usine qui fait \u00ab\u00a0vivre\u00a0\u00bb une grande partie de la population locale\u2026 <\/p>\n\n\n<div class=\"wp-block-image\">\n<figure class=\"aligncenter size-large\"><img data-recalc-dims=\"1\" loading=\"lazy\" decoding=\"async\" width=\"768\" height=\"1012\" src=\"https:\/\/i0.wp.com\/bd-chroniques.be\/wp-content\/uploads\/2026\/09\/2.jpg?resize=768%2C1012&#038;ssl=1\" alt=\"\" class=\"wp-image-11594\" srcset=\"https:\/\/i0.wp.com\/bd-chroniques.be\/wp-content\/uploads\/2026\/09\/2.jpg?resize=777%2C1024&amp;ssl=1 777w, https:\/\/i0.wp.com\/bd-chroniques.be\/wp-content\/uploads\/2026\/09\/2.jpg?resize=228%2C300&amp;ssl=1 228w, https:\/\/i0.wp.com\/bd-chroniques.be\/wp-content\/uploads\/2026\/09\/2.jpg?resize=768%2C1012&amp;ssl=1 768w, https:\/\/i0.wp.com\/bd-chroniques.be\/wp-content\/uploads\/2026\/09\/2.jpg?w=883&amp;ssl=1 883w\" sizes=\"auto, (max-width: 768px) 100vw, 768px\" \/><figcaption class=\"wp-element-caption\">copyright grandangle<\/figcaption><\/figure>\n<\/div>\n\n\n<p class=\"wp-block-paragraph\">Fran\u00e7ois, fils de Bourgeois, fils de notable, fils d\u2019un sous-directeur dont l\u2019id\u00e9ologie se tourne vers l\u2019Allemagne et son charismatique \u00ab\u00a0guide\u00a0\u00bb, porte en lui la m\u00eame r\u00e9volte, mais exclusivement tourn\u00e9e vers son p\u00e8re\u2026 A chaque punition re\u00e7ue, quinze coups de ceinture tr\u00e8s exactement, il ferme les yeux, pense \u00e0 une libellule cherchant \u00e0 \u00e9chapper \u00e0 un crapaud. Cela l\u2019aide, non pas \u00e0 supporter la douleur, encore moins \u00e0 l\u2019accepter, mais \u00e0 en faire, silencieusement, une force.<\/p>\n\n\n<div class=\"wp-block-image\">\n<figure class=\"aligncenter size-large\"><img data-recalc-dims=\"1\" loading=\"lazy\" decoding=\"async\" width=\"768\" height=\"1012\" src=\"https:\/\/i0.wp.com\/bd-chroniques.be\/wp-content\/uploads\/2026\/09\/3.jpg?resize=768%2C1012&#038;ssl=1\" alt=\"\" class=\"wp-image-11595\" srcset=\"https:\/\/i0.wp.com\/bd-chroniques.be\/wp-content\/uploads\/2026\/09\/3.jpg?resize=777%2C1024&amp;ssl=1 777w, https:\/\/i0.wp.com\/bd-chroniques.be\/wp-content\/uploads\/2026\/09\/3.jpg?resize=228%2C300&amp;ssl=1 228w, https:\/\/i0.wp.com\/bd-chroniques.be\/wp-content\/uploads\/2026\/09\/3.jpg?resize=768%2C1012&amp;ssl=1 768w, https:\/\/i0.wp.com\/bd-chroniques.be\/wp-content\/uploads\/2026\/09\/3.jpg?w=883&amp;ssl=1 883w\" sizes=\"auto, (max-width: 768px) 100vw, 768px\" \/><figcaption class=\"wp-element-caption\">copyright grandangle<\/figcaption><\/figure>\n<\/div>\n\n\n<p class=\"wp-block-paragraph\">Eric Stalner nous montre le quotidien de Fran\u00e7ois\u2026 Le manque de vrais rapports familiaux, m\u00eame avec sa s\u0153ur, sa haine pour son p\u00e8re, son absence de compr\u00e9hension \u00e0 l\u2019\u00e9gard de sa m\u00e8re qui laisse faire. Permettez-moi, du haut de mon grand \u00e2ge, de laisser ici parler ma m\u00e9moire personnelle. Intime\u2026 J\u2019ai eu droit, enfant, \u00e0 de telles punitions, moins r\u00e9p\u00e9t\u00e9es, certes, mais tout aussi cinglantes\u2026 Et j\u2019ai toujours gard\u00e9 la souvenance de la pr\u00e9sence de ma m\u00e8re regardant agir mon p\u00e8re sans dire un mot\u2026 Le temps a pass\u00e9, sans que s\u2019efface le souvenir, m\u00eame si j\u2019ai, au fil des ann\u00e9es, compris les raisons de mon p\u00e8re, des raisons venues de sa propre enfance, des raisons d\u2019\u00e9ducation, des raisons ancr\u00e9es dans un monde qui fut mais qui n\u2019est plus, et qu\u2019on ne peut juger, d\u00e8s lors, qu\u2019\u00e0 l\u2019aune du moment historique o\u00f9 elles ont r\u00e9gn\u00e9. <\/p>\n\n\n<div class=\"wp-block-image\">\n<figure class=\"aligncenter size-large\"><img data-recalc-dims=\"1\" loading=\"lazy\" decoding=\"async\" width=\"768\" height=\"922\" src=\"https:\/\/i0.wp.com\/bd-chroniques.be\/wp-content\/uploads\/2026\/09\/4.jpg?resize=768%2C922&#038;ssl=1\" alt=\"\" class=\"wp-image-11596\" srcset=\"https:\/\/i0.wp.com\/bd-chroniques.be\/wp-content\/uploads\/2026\/09\/4.jpg?resize=853%2C1024&amp;ssl=1 853w, https:\/\/i0.wp.com\/bd-chroniques.be\/wp-content\/uploads\/2026\/09\/4.jpg?resize=250%2C300&amp;ssl=1 250w, https:\/\/i0.wp.com\/bd-chroniques.be\/wp-content\/uploads\/2026\/09\/4.jpg?resize=768%2C921&amp;ssl=1 768w, https:\/\/i0.wp.com\/bd-chroniques.be\/wp-content\/uploads\/2026\/09\/4.jpg?resize=1280%2C1536&amp;ssl=1 1280w, https:\/\/i0.wp.com\/bd-chroniques.be\/wp-content\/uploads\/2026\/09\/4.jpg?w=1500&amp;ssl=1 1500w\" sizes=\"auto, (max-width: 768px) 100vw, 768px\" \/><figcaption class=\"wp-element-caption\">copyright grandangle<\/figcaption><\/figure>\n<\/div>\n\n\n<p class=\"wp-block-paragraph\">Fin de mon intervention personnelle\u2026 Parce que ce livre d\u00e9passe largement l\u2019anecdote. Fran\u00e7ois, solitaire, refusant de se joindre \u00e0 la bande de jeunes bourgeois (comme lui) qui jouent au tennis, va s\u2019\u00e9veiller \u00e0 la vie en rencontrant une bande de non-bourgeois\u2026 En faisant, avec eux, l\u2019apprentissage de la libert\u00e9 et, en parall\u00e8le, de la col\u00e8re, de la r\u00e9volte, de la castagne avec le pouvoir \u00e9tabli, notables et flics\u2026 Son adolescence s\u2019affirme et se vit d\u00e9sormais aux c\u00f4t\u00e9s des gr\u00e9vistes\u2026 Contre le pouvoir, contre son p\u00e8re\u2026 Contre son milieu. Ainsi, Stalner, au travers du portrait de ce fils de bourge, nous esquisse aussi le portrait d\u2019une \u00e9poque\u2026 Le front populaire va arriver, bient\u00f4t, et ses esp\u00e9rances vont vite \u00eatre mises \u00e0 bas par la haine officielle et \u00e9tatique \u00e0 l&rsquo;encontre des bolch\u00e9viques, des Juifs et des francs-ma\u00e7ons\u2026 Bient\u00f4t va venir une \u00e9poque d\u2019ombre, de violence, et de mort\u2026<\/p>\n\n\n<div class=\"wp-block-image\">\n<figure class=\"aligncenter size-large\"><img data-recalc-dims=\"1\" loading=\"lazy\" decoding=\"async\" width=\"768\" height=\"922\" src=\"https:\/\/i0.wp.com\/bd-chroniques.be\/wp-content\/uploads\/2026\/09\/5.jpg?resize=768%2C922&#038;ssl=1\" alt=\"\" class=\"wp-image-11597\" srcset=\"https:\/\/i0.wp.com\/bd-chroniques.be\/wp-content\/uploads\/2026\/09\/5.jpg?resize=853%2C1024&amp;ssl=1 853w, https:\/\/i0.wp.com\/bd-chroniques.be\/wp-content\/uploads\/2026\/09\/5.jpg?resize=250%2C300&amp;ssl=1 250w, https:\/\/i0.wp.com\/bd-chroniques.be\/wp-content\/uploads\/2026\/09\/5.jpg?resize=768%2C921&amp;ssl=1 768w, https:\/\/i0.wp.com\/bd-chroniques.be\/wp-content\/uploads\/2026\/09\/5.jpg?resize=1280%2C1536&amp;ssl=1 1280w, https:\/\/i0.wp.com\/bd-chroniques.be\/wp-content\/uploads\/2026\/09\/5.jpg?w=1500&amp;ssl=1 1500w\" sizes=\"auto, (max-width: 768px) 100vw, 768px\" \/><figcaption class=\"wp-element-caption\">copyright grandangle<\/figcaption><\/figure>\n<\/div>\n\n\n<p class=\"wp-block-paragraph\">Sans aucun manich\u00e9isme, avec une fid\u00e9lit\u00e9 historique fouill\u00e9e sans jamais \u00eatre pesante, Stalner nous remet en m\u00e9moire un univers qui devrait ne plus jamais exister, mais qui, cependant, repointe le bout de son horreur r\u00e9guli\u00e8rement. Les Bourges de 1935 lisaient Drumont et Mauras, pendant que les Prol\u00e9taires \u00ab&nbsp;\u00e9duqu\u00e9s&nbsp;\u00bb lisaient Blum et Aragon\u2026 Et si le livre d\u00e9passe l\u2019ann\u00e9e 1935, nous fait entrer, pendant quelques pages, dans les actions de la r\u00e9sistance, c\u2019est pour nous montrer que, finalement, la libellule peut arriver \u00e0 ne plus \u00eatre d\u00e9vor\u00e9e par les crapauds de l\u2019universelle connerie\u2026<\/p>\n\n\n\n<p class=\"wp-block-paragraph\"><strong>Jacques et Josiane Schra\u00fbwen<\/strong><\/p>\n\n\n\n<p class=\"wp-block-paragraph\"><strong>Fils De Bourge (auteur&nbsp;: Eric Stalner \u2013 \u00e9diteur&nbsp;: Grandangle \u2013 mai 2026 \u2013 80 pages)<\/strong><\/p>\n\n\n<div class=\"wp-block-image\">\n<figure class=\"aligncenter size-large\"><img data-recalc-dims=\"1\" loading=\"lazy\" decoding=\"async\" width=\"768\" height=\"1012\" src=\"https:\/\/i0.wp.com\/bd-chroniques.be\/wp-content\/uploads\/2026\/09\/6.jpg?resize=768%2C1012&#038;ssl=1\" alt=\"\" class=\"wp-image-11598\" srcset=\"https:\/\/i0.wp.com\/bd-chroniques.be\/wp-content\/uploads\/2026\/09\/6.jpg?resize=777%2C1024&amp;ssl=1 777w, https:\/\/i0.wp.com\/bd-chroniques.be\/wp-content\/uploads\/2026\/09\/6.jpg?resize=228%2C300&amp;ssl=1 228w, https:\/\/i0.wp.com\/bd-chroniques.be\/wp-content\/uploads\/2026\/09\/6.jpg?resize=768%2C1012&amp;ssl=1 768w, https:\/\/i0.wp.com\/bd-chroniques.be\/wp-content\/uploads\/2026\/09\/6.jpg?w=883&amp;ssl=1 883w\" sizes=\"auto, (max-width: 768px) 100vw, 768px\" \/><figcaption class=\"wp-element-caption\">copyright grandangle<\/figcaption><\/figure>\n<\/div>","protected":false},"excerpt":{"rendered":"<p>Eric Stalner est un dessinateur dont le dessin r\u00e9aliste enchante le monde du neuvi\u00e8me art depuis quelque 90 albums\u2026 Amoureux de l\u2019Histoire, des liens qu\u2019elle peut -et doit- avoir avec le pr\u00e9sent, il est aussi un superbe raconteur d\u2019histoires\u2026 Le \u00ab\u00a0fils de bourge\u00a0\u00bb, c\u2019est Fran\u00e7ois Bompierre, \u00e2g\u00e9 de 17 ans. Il d\u00e9barque \u00e0 Gramont, une [&hellip;]<\/p>\n","protected":false},"author":1,"featured_media":11592,"comment_status":"open","ping_status":"open","sticky":false,"template":"","format":"standard","meta":{"_jetpack_newsletter_access":"","_jetpack_dont_email_post_to_subs":false,"_jetpack_newsletter_tier_id":0,"_jetpack_memberships_contains_paywalled_content":false,"_jetpack_feature_clip_id":0,"_jetpack_memberships_contains_paid_content":false,"footnotes":"","jetpack_publicize_message":"","jetpack_publicize_feature_enabled":true,"jetpack_social_post_already_shared":true,"jetpack_social_options":{"image_generator_settings":{"template":"highway","default_image_id":0,"font":"","enabled":false},"version":2},"jetpack_post_was_ever_published":false},"categories":[40],"tags":[],"class_list":["post-11591","post","type-post","status-publish","format-standard","has-post-thumbnail","hentry","category-non-classe"],"jetpack_publicize_connections":[],"jetpack_shortlink":"https:\/\/wp.me\/p8dqsu-30X","jetpack_likes_enabled":true,"jetpack_sharing_enabled":true,"jetpack_featured_media_url":"https:\/\/i0.wp.com\/bd-chroniques.be\/wp-content\/uploads\/2026\/09\/0.png?fit=720%2C951&ssl=1","_links":{"self":[{"href":"https:\/\/bd-chroniques.be\/index.php\/wp-json\/wp\/v2\/posts\/11591","targetHints":{"allow":["GET"]}}],"collection":[{"href":"https:\/\/bd-chroniques.be\/index.php\/wp-json\/wp\/v2\/posts"}],"about":[{"href":"https:\/\/bd-chroniques.be\/index.php\/wp-json\/wp\/v2\/types\/post"}],"author":[{"embeddable":true,"href":"https:\/\/bd-chroniques.be\/index.php\/wp-json\/wp\/v2\/users\/1"}],"replies":[{"embeddable":true,"href":"https:\/\/bd-chroniques.be\/index.php\/wp-json\/wp\/v2\/comments?post=11591"}],"version-history":[{"count":1,"href":"https:\/\/bd-chroniques.be\/index.php\/wp-json\/wp\/v2\/posts\/11591\/revisions"}],"predecessor-version":[{"id":11599,"href":"https:\/\/bd-chroniques.be\/index.php\/wp-json\/wp\/v2\/posts\/11591\/revisions\/11599"}],"wp:featuredmedia":[{"embeddable":true,"href":"https:\/\/bd-chroniques.be\/index.php\/wp-json\/wp\/v2\/media\/11592"}],"wp:attachment":[{"href":"https:\/\/bd-chroniques.be\/index.php\/wp-json\/wp\/v2\/media?parent=11591"}],"wp:term":[{"taxonomy":"category","embeddable":true,"href":"https:\/\/bd-chroniques.be\/index.php\/wp-json\/wp\/v2\/categories?post=11591"},{"taxonomy":"post_tag","embeddable":true,"href":"https:\/\/bd-chroniques.be\/index.php\/wp-json\/wp\/v2\/tags?post=11591"}],"curies":[{"name":"wp","href":"https:\/\/api.w.org\/{rel}","templated":true}]}}