{"id":1231,"date":"2017-11-14T16:47:42","date_gmt":"2017-11-14T15:47:42","guid":{"rendered":"http:\/\/bd-chroniques.be\/?p=1231"},"modified":"2017-11-14T16:49:33","modified_gmt":"2017-11-14T15:49:33","slug":"marrons-nous","status":"publish","type":"post","link":"https:\/\/bd-chroniques.be\/index.php\/2017\/11\/14\/marrons-nous\/","title":{"rendered":"Marrons-nous"},"content":{"rendered":"<div class=\"rtbf-paragraph\">\n<p><img data-recalc-dims=\"1\" loading=\"lazy\" decoding=\"async\" class=\"aligncenter size-full wp-image-1232\" src=\"https:\/\/i0.wp.com\/bd-chroniques.be\/wp-content\/uploads\/2017\/11\/8c2d9fc862b37bcf4a5e8dee73ea76d3-1510647556.jpg?resize=768%2C432\" alt=\"\" width=\"768\" height=\"432\" srcset=\"https:\/\/i0.wp.com\/bd-chroniques.be\/wp-content\/uploads\/2017\/11\/8c2d9fc862b37bcf4a5e8dee73ea76d3-1510647556.jpg?w=1248&amp;ssl=1 1248w, https:\/\/i0.wp.com\/bd-chroniques.be\/wp-content\/uploads\/2017\/11\/8c2d9fc862b37bcf4a5e8dee73ea76d3-1510647556.jpg?resize=300%2C169&amp;ssl=1 300w, https:\/\/i0.wp.com\/bd-chroniques.be\/wp-content\/uploads\/2017\/11\/8c2d9fc862b37bcf4a5e8dee73ea76d3-1510647556.jpg?resize=768%2C432&amp;ssl=1 768w, https:\/\/i0.wp.com\/bd-chroniques.be\/wp-content\/uploads\/2017\/11\/8c2d9fc862b37bcf4a5e8dee73ea76d3-1510647556.jpg?resize=1024%2C576&amp;ssl=1 1024w\" sizes=\"auto, (max-width: 768px) 100vw, 768px\" \/>Comme chaque ann\u00e9e, Nicolas Vadot partage avec nous un choix de ses dessins de presse\u2026 Toute une ann\u00e9e de r\u00e9flexions dessin\u00e9es ! Et une chronique, ici,\u00a0o\u00f9 vous allez pouvoir l\u2019\u00e9couter tout en d\u00e9couvrant son album\u2026<\/p>\n<p>&nbsp;<\/p>\n<\/div>\n<div class=\"rtbf-paragraph clearfix\">\n<figure class=\"www-media custom_large www-media--last js-gallery-figure\"><a id=\"image-9244224\" class=\"www-media-fullscreen js-gallery-image\" href=\"https:\/\/i0.wp.com\/ds1.static.rtbf.be\/article\/image\/1240x800\/a\/d\/0\/69659a37c5cf9070b2e5ec86962a1424-1510647735.jpg?ssl=1\" target=\"_blank\" rel=\"noopener\" data-id=\"9244224\"> <img data-recalc-dims=\"1\" decoding=\"async\" class=\"img-responsive www-img-full lazyloaded\" title=\"Marrons-nous\" src=\"https:\/\/i0.wp.com\/ds1.static.rtbf.be\/article\/image\/370xAuto\/a\/d\/0\/69659a37c5cf9070b2e5ec86962a1424-1510647735.jpg?w=768&#038;ssl=1\" sizes=\"(min-width: 1200px) calc(992px*0.66), (min-width: 992px) 66vw, 100vw\" srcset=\"https:\/\/ds1.static.rtbf.be\/article\/image\/370xAuto\/a\/d\/0\/69659a37c5cf9070b2e5ec86962a1424-1510647735.jpg 370w,https:\/\/ds1.static.rtbf.be\/article\/image\/770xAuto\/a\/d\/0\/69659a37c5cf9070b2e5ec86962a1424-1510647735.jpg 770w,https:\/\/ds1.static.rtbf.be\/article\/image\/1248xAuto\/a\/d\/0\/69659a37c5cf9070b2e5ec86962a1424-1510647735.jpg 1248w\" alt=\"Marrons-nous\" data-sizes=\"(min-width: 1200px) calc(992px*0.66), (min-width: 992px) 66vw, 100vw\" data-srcset=\"https:\/\/ds1.static.rtbf.be\/article\/image\/370xAuto\/a\/d\/0\/69659a37c5cf9070b2e5ec86962a1424-1510647735.jpg 370w,https:\/\/ds1.static.rtbf.be\/article\/image\/770xAuto\/a\/d\/0\/69659a37c5cf9070b2e5ec86962a1424-1510647735.jpg 770w,https:\/\/ds1.static.rtbf.be\/article\/image\/1248xAuto\/a\/d\/0\/69659a37c5cf9070b2e5ec86962a1424-1510647735.jpg 1248w\" \/> <i class=\"ico ico-circle ico-stack-2x www-media-enlarge__bg\"><\/i> <i class=\"ico ico-expand ico-stack-1x ico-inverse www-media-enlarge__icon\"><\/i> <\/a><figcaption class=\"www-media-caption\"><em><span class=\"www-media-caption__text\">Marrons-nous &#8211; \u00a9 Nicolas Vadot<\/span><\/em><\/figcaption><\/figure>\n<p>&nbsp;<\/p>\n<p>Y a-t-il vraiment de quoi s\u2019amuser en laissant tra\u00eener ses regards et ses r\u00e9flexions sur les douze derniers mois ?&#8230;<\/p>\n<p>On peut en douter, tant il est\u00a0 vrai que le monde qui nous entoure, auquel on se rattache, politiquement, socialement, culturellement qu\u2019on le veuille ou non, manque de sources de plaisir ou de simple bonne humeur!<\/p>\n<p>Cela dit, l\u2019humour \u00e9tant la politesse du d\u00e9sespoir (une citation attribu\u00e9e \u00e0 bien des auteurs diff\u00e9rents, de Breton \u00e0 Sternberg, en passant par Dac\u2026), un livre comme celui-ci ne manque bien \u00e9videmment pas d\u2019int\u00e9r\u00eat. Il nous pousse \u00e0 sourire, certes, mais aussi \u00e0 r\u00e9fl\u00e9chir. Au travers des nombreux dessins qui le construisent, tel un r\u00e9cit lin\u00e9aire, Vadot vulgarise, \u00e0 sa mani\u00e8re, l\u2019actualit\u00e9 que nous avons toutes et tous v\u00e9cue. Non pas parce qu\u2019il consid\u00e8re que nous sommes incapables de la \u00a0\u00bb saisir \u00a0\u00bb sans aide, mais, plus simplement, parce qu\u2019il a, lui, de par\u00a0son m\u00e9tier, une immersion totale dans les \u00e9v\u00e9nements qui sont l\u2019horizon de notre monde au jour le jour.<\/p>\n<p>Et c\u2019est l\u00e0 que Vadot, m\u00eame si ses dessins sont beaucoup plus \u00a0\u00bb travaill\u00e9s \u00ab\u00a0, de par la couleur entre autres, que ceux de ses confr\u00e8res, se r\u00e9v\u00e8le totalement dessinateur de presse. Bien entendu, il a des avis sur ce qu\u2019il d\u00e9cide de montrer, voire d\u2019analyser en quelques traits, en quelques mots. Mais il n\u2019impose rien, tant il est vrai que le regard peut, certes, s\u2019attarder sur un dessin, mais il peut aussi l\u2019\u00e9viter en une fraction de seconde\u2026<\/p>\n<div class=\"row audio-player js-audio-player\">\n<div class=\"audio-player__content\">\n<h6><\/h6>\n<h6 class=\"audio-player__title\">Nicolas Vadot:<\/h6>\n<audio class=\"wp-audio-shortcode\" id=\"audio-1231-1\" preload=\"none\" style=\"width: 100%;\" controls=\"controls\"><source type=\"audio\/mpeg\" src=\"http:\/\/bd-chroniques.be\/wp-content\/uploads\/2017\/11\/rAlajGMKpW.mp3?_=1\" \/><a href=\"http:\/\/bd-chroniques.be\/wp-content\/uploads\/2017\/11\/rAlajGMKpW.mp3\">http:\/\/bd-chroniques.be\/wp-content\/uploads\/2017\/11\/rAlajGMKpW.mp3<\/a><\/audio>\n<div class=\"row audio-player js-audio-player\">\n<div class=\"audio-player__content\">\n<h6 class=\"audio-player__title\">Nicolas Vadot: le dessin de presse<\/h6>\n<audio class=\"wp-audio-shortcode\" id=\"audio-1231-2\" preload=\"none\" style=\"width: 100%;\" controls=\"controls\"><source type=\"audio\/mpeg\" src=\"http:\/\/bd-chroniques.be\/wp-content\/uploads\/2017\/11\/TuvPwNSoi8.mp3?_=2\" \/><a href=\"http:\/\/bd-chroniques.be\/wp-content\/uploads\/2017\/11\/TuvPwNSoi8.mp3\">http:\/\/bd-chroniques.be\/wp-content\/uploads\/2017\/11\/TuvPwNSoi8.mp3<\/a><\/audio>\n<\/div>\n<\/div>\n<\/div>\n<\/div>\n<div class=\"rtbf-article-main__audio\"><\/div>\n<div class=\"rtbf-article-main__audio\"><\/div>\n<\/div>\n<div class=\"rtbf-paragraph clearfix\">\n<figure class=\"www-media custom_large www-media--last js-gallery-figure\"><a id=\"image-9244225\" class=\"www-media-fullscreen js-gallery-image\" href=\"https:\/\/i0.wp.com\/ds1.static.rtbf.be\/article\/image\/1240x800\/5\/f\/6\/2eb021079d6a5eeae2544d32a7347a08-1510647876.jpg?ssl=1\" target=\"_blank\" rel=\"noopener\" data-id=\"9244225\"> <img data-recalc-dims=\"1\" decoding=\"async\" class=\"img-responsive www-img-full lazyloaded\" title=\"Marrons-nous\" src=\"https:\/\/i0.wp.com\/ds1.static.rtbf.be\/article\/image\/370xAuto\/5\/f\/6\/2eb021079d6a5eeae2544d32a7347a08-1510647876.jpg?w=768&#038;ssl=1\" sizes=\"(min-width: 1200px) calc(992px*0.66), (min-width: 992px) 66vw, 100vw\" srcset=\"https:\/\/ds1.static.rtbf.be\/article\/image\/370xAuto\/5\/f\/6\/2eb021079d6a5eeae2544d32a7347a08-1510647876.jpg 370w,https:\/\/ds1.static.rtbf.be\/article\/image\/770xAuto\/5\/f\/6\/2eb021079d6a5eeae2544d32a7347a08-1510647876.jpg 770w,https:\/\/ds1.static.rtbf.be\/article\/image\/1248xAuto\/5\/f\/6\/2eb021079d6a5eeae2544d32a7347a08-1510647876.jpg 1248w\" alt=\"Marrons-nous\" data-sizes=\"(min-width: 1200px) calc(992px*0.66), (min-width: 992px) 66vw, 100vw\" data-srcset=\"https:\/\/ds1.static.rtbf.be\/article\/image\/370xAuto\/5\/f\/6\/2eb021079d6a5eeae2544d32a7347a08-1510647876.jpg 370w,https:\/\/ds1.static.rtbf.be\/article\/image\/770xAuto\/5\/f\/6\/2eb021079d6a5eeae2544d32a7347a08-1510647876.jpg 770w,https:\/\/ds1.static.rtbf.be\/article\/image\/1248xAuto\/5\/f\/6\/2eb021079d6a5eeae2544d32a7347a08-1510647876.jpg 1248w\" \/> <i class=\"ico ico-circle ico-stack-2x www-media-enlarge__bg\"><\/i> <i class=\"ico ico-expand ico-stack-1x ico-inverse www-media-enlarge__icon\"><\/i> <\/a><figcaption class=\"www-media-caption\"><em><span class=\"www-media-caption__text\">Marrons-nous &#8211; \u00a9 Nicolas Vadot<\/span><\/em><\/figcaption><\/figure>\n<p>On parle souvent\u00a0de nos jours de populisme, en oubliant que ce mot, \u00e0 sa naissance, \u00e9tait celui d\u2019un combat \u00ab\u00a0populaire\u00a0\u00bb pour une vraie libert\u00e9 d\u2019expression politique, donc de vote\u2026 Et face \u00e0 un recueil de dessins politiques, de dessins, en tout cas, s\u2019enfouissant au plus profond des r\u00e9alit\u00e9s tristement sombres du monde de la politique, on pourrait se trouver face \u00e0 un manich\u00e9isme d\u00e9magogique. Un livre du style \u00a0\u00bb tous pourris \u00ab\u00a0\u2026<\/p>\n<p>Il n\u2019en est rien, et m\u00eame si Nicolas Vadot nous dresse le portrait d\u2019une soci\u00e9t\u00e9 en d\u00e9cadence, d\u2019une civilisation, peut-\u00eatre, en d\u00e9liquescence, il le fait avec humour, \u00e9videmment, puisque telle se doit d\u2019\u00eatre la marque de fabrique de tout dessinateur de presse, mais avec aussi un regard qui n\u2019est jamais d\u00e9sesp\u00e9r\u00e9\u2026<\/p>\n<h6 class=\"audio-player__title\">Nicolas Vadot: d\u00e9cadence&#8230;<\/h6>\n<audio class=\"wp-audio-shortcode\" id=\"audio-1231-3\" preload=\"none\" style=\"width: 100%;\" controls=\"controls\"><source type=\"audio\/mpeg\" src=\"http:\/\/bd-chroniques.be\/wp-content\/uploads\/2017\/11\/dr2YvUbNuL.mp3?_=3\" \/><a href=\"http:\/\/bd-chroniques.be\/wp-content\/uploads\/2017\/11\/dr2YvUbNuL.mp3\">http:\/\/bd-chroniques.be\/wp-content\/uploads\/2017\/11\/dr2YvUbNuL.mp3<\/a><\/audio>\n<h6 class=\"audio-player__title\">Nicolas Vadot: tous pourris?&#8230;<\/h6>\n<audio class=\"wp-audio-shortcode\" id=\"audio-1231-4\" preload=\"none\" style=\"width: 100%;\" controls=\"controls\"><source type=\"audio\/mpeg\" src=\"http:\/\/bd-chroniques.be\/wp-content\/uploads\/2017\/11\/LZbTZjYX3i.mp3?_=4\" \/><a href=\"http:\/\/bd-chroniques.be\/wp-content\/uploads\/2017\/11\/LZbTZjYX3i.mp3\">http:\/\/bd-chroniques.be\/wp-content\/uploads\/2017\/11\/LZbTZjYX3i.mp3<\/a><\/audio>\n<p>&nbsp;<\/p>\n<div class=\"rtbf-article-main__audio\"><\/div>\n<div class=\"rtbf-article-main__audio\"><\/div>\n<\/div>\n<div class=\"rtbf-paragraph clearfix\">\n<figure class=\"www-media custom_large www-media--last js-gallery-figure\"><a id=\"image-9244226\" class=\"www-media-fullscreen js-gallery-image\" href=\"https:\/\/i0.wp.com\/ds1.static.rtbf.be\/article\/image\/1240x800\/9\/f\/8\/3dcc2e13ceefe41d677108d4b36e150a-1510647969.jpg?ssl=1\" target=\"_blank\" rel=\"noopener\" data-id=\"9244226\"> <img data-recalc-dims=\"1\" decoding=\"async\" class=\"img-responsive www-img-full lazyloaded\" title=\"Marrons-nous\" src=\"https:\/\/i0.wp.com\/ds1.static.rtbf.be\/article\/image\/370xAuto\/9\/f\/8\/3dcc2e13ceefe41d677108d4b36e150a-1510647969.jpg?w=768&#038;ssl=1\" sizes=\"(min-width: 1200px) calc(992px*0.66), (min-width: 992px) 66vw, 100vw\" srcset=\"https:\/\/ds1.static.rtbf.be\/article\/image\/370xAuto\/9\/f\/8\/3dcc2e13ceefe41d677108d4b36e150a-1510647969.jpg 370w,https:\/\/ds1.static.rtbf.be\/article\/image\/770xAuto\/9\/f\/8\/3dcc2e13ceefe41d677108d4b36e150a-1510647969.jpg 770w,https:\/\/ds1.static.rtbf.be\/article\/image\/1248xAuto\/9\/f\/8\/3dcc2e13ceefe41d677108d4b36e150a-1510647969.jpg 1248w\" alt=\"Marrons-nous\" data-sizes=\"(min-width: 1200px) calc(992px*0.66), (min-width: 992px) 66vw, 100vw\" data-srcset=\"https:\/\/ds1.static.rtbf.be\/article\/image\/370xAuto\/9\/f\/8\/3dcc2e13ceefe41d677108d4b36e150a-1510647969.jpg 370w,https:\/\/ds1.static.rtbf.be\/article\/image\/770xAuto\/9\/f\/8\/3dcc2e13ceefe41d677108d4b36e150a-1510647969.jpg 770w,https:\/\/ds1.static.rtbf.be\/article\/image\/1248xAuto\/9\/f\/8\/3dcc2e13ceefe41d677108d4b36e150a-1510647969.jpg 1248w\" \/> <i class=\"ico ico-circle ico-stack-2x www-media-enlarge__bg\"><\/i> <i class=\"ico ico-expand ico-stack-1x ico-inverse www-media-enlarge__icon\"><\/i> <\/a><figcaption class=\"www-media-caption\"><em><span class=\"www-media-caption__text\">Marrons-nous &#8211; \u00a9 Nicolas Vadot<\/span><\/em><\/figcaption><\/figure>\n<p>&nbsp;<\/p>\n<p>La soci\u00e9t\u00e9 qui est la n\u00f4tre, comme le dit Vadot lui-m\u00eame d\u2019ailleurs, est une soci\u00e9t\u00e9 o\u00f9 il est plus important d\u2019\u00eatre reconnu que d\u2018\u00eatre connu!&#8230;<\/p>\n<p>A ce titre, on peut s\u2019\u00e9tonner que le monde des r\u00e9seaux sociaux, ce monde qui bouffe de plus en plus, de jour en jour, le monde de la r\u00e9alit\u00e9, que cet univers de virtualit\u00e9s exhibitionnistes prenne une aussi petite place dans le livre de Vadot. Mais Nicolas Vadot l\u2019aborde, malgr\u00e9 tout, avec ce regard qui est et reste le sien, un regard \u00e0 la fois amus\u00e9 et pessimiste\u2026 Lucide, donc&#8230;<\/p>\n<h6 class=\"audio-player__title\">Nicolas Vadot: les r\u00e9seaux sociaux<\/h6>\n<audio class=\"wp-audio-shortcode\" id=\"audio-1231-5\" preload=\"none\" style=\"width: 100%;\" controls=\"controls\"><source type=\"audio\/mpeg\" src=\"http:\/\/bd-chroniques.be\/wp-content\/uploads\/2017\/11\/e1wWKAqJyi.mp3?_=5\" \/><a href=\"http:\/\/bd-chroniques.be\/wp-content\/uploads\/2017\/11\/e1wWKAqJyi.mp3\">http:\/\/bd-chroniques.be\/wp-content\/uploads\/2017\/11\/e1wWKAqJyi.mp3<\/a><\/audio>\n<div class=\"rtbf-article-main__audio\"><\/div>\n<\/div>\n<div class=\"rtbf-paragraph clearfix\">\n<p>Parmi tous les dessins de cet album, il en est un qui a, plus que les autres, retenu mon attention : celui que Nicolas Vadot consacre \u00e0 la mort de Simone Veil. En un seul dessin, c\u2019est toute l\u2019existence et toute la conviction souveraine de cette grande dame du vingti\u00e8me si\u00e8cle qu\u2019il nous remet en m\u00e9moire, des camps nazis \u00e0 la construction de l\u2019Europe\u2026<\/p>\n<p>Rien que pour ce dessin (mais pour tous les autres aussi\u2026), ce livre m\u00e9rite, assur\u00e9ment, d\u2019\u00eatre lu\u2026 relu\u2026. Pour ne pas perdre la m\u00e9moire de ce qui fut et de ce qui pourra peut-\u00eatre demain \u00eatre \u00e9vit\u00e9 !<\/p>\n<p>&nbsp;<\/p>\n<p><strong>Jacques Schra\u00fbwen<\/strong><\/p>\n<p><strong>Marrons-nous (auteur : Nicolas Vadot &#8211;\u00a0 \u00e9diteur : nicolasvadot.com)<\/strong><\/p>\n<\/div>\n","protected":false},"excerpt":{"rendered":"<p>Comme chaque ann\u00e9e, Nicolas Vadot partage avec nous un choix de ses dessins de presse\u2026 Toute une ann\u00e9e de r\u00e9flexions dessin\u00e9es ! Et une chronique, ici,\u00a0o\u00f9 vous allez pouvoir l\u2019\u00e9couter tout en d\u00e9couvrant son album\u2026 &nbsp; Marrons-nous &#8211; \u00a9 Nicolas Vadot &nbsp; Y a-t-il vraiment de quoi s\u2019amuser en laissant tra\u00eener ses regards et ses [&hellip;]<\/p>\n","protected":false},"author":1,"featured_media":0,"comment_status":"open","ping_status":"open","sticky":false,"template":"","format":"standard","meta":{"jetpack_post_was_ever_published":false,"_jetpack_newsletter_access":"","_jetpack_dont_email_post_to_subs":false,"_jetpack_newsletter_tier_id":0,"_jetpack_memberships_contains_paywalled_content":false,"_jetpack_memberships_contains_paid_content":false,"footnotes":"","jetpack_publicize_message":"","jetpack_publicize_feature_enabled":true,"jetpack_social_post_already_shared":true,"jetpack_social_options":{"image_generator_settings":{"template":"highway","default_image_id":0,"font":"","enabled":false},"version":2}},"categories":[23,24],"tags":[],"class_list":["post-1231","post","type-post","status-publish","format-standard","hentry","category-bd-de-m-a-r","category-m"],"jetpack_publicize_connections":[],"jetpack_featured_media_url":"","jetpack_shortlink":"https:\/\/wp.me\/p8dqsu-jR","jetpack_likes_enabled":true,"jetpack_sharing_enabled":true,"_links":{"self":[{"href":"https:\/\/bd-chroniques.be\/index.php\/wp-json\/wp\/v2\/posts\/1231","targetHints":{"allow":["GET"]}}],"collection":[{"href":"https:\/\/bd-chroniques.be\/index.php\/wp-json\/wp\/v2\/posts"}],"about":[{"href":"https:\/\/bd-chroniques.be\/index.php\/wp-json\/wp\/v2\/types\/post"}],"author":[{"embeddable":true,"href":"https:\/\/bd-chroniques.be\/index.php\/wp-json\/wp\/v2\/users\/1"}],"replies":[{"embeddable":true,"href":"https:\/\/bd-chroniques.be\/index.php\/wp-json\/wp\/v2\/comments?post=1231"}],"version-history":[{"count":2,"href":"https:\/\/bd-chroniques.be\/index.php\/wp-json\/wp\/v2\/posts\/1231\/revisions"}],"predecessor-version":[{"id":1240,"href":"https:\/\/bd-chroniques.be\/index.php\/wp-json\/wp\/v2\/posts\/1231\/revisions\/1240"}],"wp:attachment":[{"href":"https:\/\/bd-chroniques.be\/index.php\/wp-json\/wp\/v2\/media?parent=1231"}],"wp:term":[{"taxonomy":"category","embeddable":true,"href":"https:\/\/bd-chroniques.be\/index.php\/wp-json\/wp\/v2\/categories?post=1231"},{"taxonomy":"post_tag","embeddable":true,"href":"https:\/\/bd-chroniques.be\/index.php\/wp-json\/wp\/v2\/tags?post=1231"}],"curies":[{"name":"wp","href":"https:\/\/api.w.org\/{rel}","templated":true}]}}