{"id":1278,"date":"2017-11-28T09:59:24","date_gmt":"2017-11-28T08:59:24","guid":{"rendered":"http:\/\/bd-chroniques.be\/?p=1278"},"modified":"2017-11-28T09:59:24","modified_gmt":"2017-11-28T08:59:24","slug":"seule-a-la-recre","status":"publish","type":"post","link":"https:\/\/bd-chroniques.be\/index.php\/2017\/11\/28\/seule-a-la-recre\/","title":{"rendered":"Seule \u00e0 la r\u00e9cr\u00e9"},"content":{"rendered":"<div class=\"rtbf-paragraph\">\n<p>Lisez ce livre, faites-le lire \u00e0 vos enfants ! Le <strong>harc\u00e8lement<\/strong>, dont on parle beaucoup de nos jours, ne se vit pas uniquement dans les r\u00e9seaux sociaux ou dans le monde du travail. Le milieu scolaire est loin d\u2019y \u00e9chapper, et ce livre est l\u00e0 pour en parler, \u00e0 <strong>TOUS LES PUBLICS<\/strong> !&#8230;<\/p>\n<p>&nbsp;<\/p>\n<\/div>\n<div class=\"rtbf-paragraph  clearfix\">\n<figure class=\"www-media custom_large www-media--last js-gallery-figure\"><a id=\"image-9255657\" class=\"www-media-fullscreen js-gallery-image\" href=\"https:\/\/i0.wp.com\/ds1.static.rtbf.be\/article\/image\/1240x800\/1\/8\/a\/8cbc4948c9ab5b3a4e621593dabeb536-1511803116.jpg?ssl=1\" target=\"_blank\" rel=\"noopener\" data-id=\"9255657\"> <img data-recalc-dims=\"1\" decoding=\"async\" class=\"img-responsive www-img-full  lazyloaded\" title=\"Seule \u00e0 la r\u00e9cr\u00e9\" src=\"https:\/\/i0.wp.com\/ds1.static.rtbf.be\/article\/image\/370xAuto\/1\/8\/a\/8cbc4948c9ab5b3a4e621593dabeb536-1511803116.jpg?w=768&#038;ssl=1\" sizes=\"(min-width: 1200px) calc(992px*0.66), (min-width: 992px) 66vw, 100vw\" srcset=\"https:\/\/ds1.static.rtbf.be\/article\/image\/370xAuto\/1\/8\/a\/8cbc4948c9ab5b3a4e621593dabeb536-1511803116.jpg 370w,https:\/\/ds1.static.rtbf.be\/article\/image\/770xAuto\/1\/8\/a\/8cbc4948c9ab5b3a4e621593dabeb536-1511803116.jpg 770w,https:\/\/ds1.static.rtbf.be\/article\/image\/1248xAuto\/1\/8\/a\/8cbc4948c9ab5b3a4e621593dabeb536-1511803116.jpg 1248w\" alt=\"Seule \u00e0 la r\u00e9cr\u00e9\" data-sizes=\"(min-width: 1200px) calc(992px*0.66), (min-width: 992px) 66vw, 100vw\" data-srcset=\"https:\/\/ds1.static.rtbf.be\/article\/image\/370xAuto\/1\/8\/a\/8cbc4948c9ab5b3a4e621593dabeb536-1511803116.jpg 370w,https:\/\/ds1.static.rtbf.be\/article\/image\/770xAuto\/1\/8\/a\/8cbc4948c9ab5b3a4e621593dabeb536-1511803116.jpg 770w,https:\/\/ds1.static.rtbf.be\/article\/image\/1248xAuto\/1\/8\/a\/8cbc4948c9ab5b3a4e621593dabeb536-1511803116.jpg 1248w\" \/> <i class=\"ico ico-circle ico-stack-2x www-media-enlarge__bg\"><\/i> <i class=\"ico ico-expand ico-stack-1x ico-inverse www-media-enlarge__icon\"><\/i> <\/a><figcaption class=\"www-media-caption\"><em><span class=\"www-media-caption__text\">Seule \u00e0 la r\u00e9cr\u00e9 &#8211; \u00a9 Bamboo<\/span><\/em><\/figcaption><\/figure>\n<p>L\u2019information est ainsi faite que certains sujets, sous les feux de l\u2019actualit\u00e9, prennent soudain une importance capitale et deviennent des v\u00e9ritables faits de soci\u00e9t\u00e9. C\u2019est oublier, souvent, que ces r\u00e9alit\u00e9s existent depuis bien longtemps ! Et que ces faits de soci\u00e9t\u00e9 ont \u00e9t\u00e9 tellement minimis\u00e9s qu\u2019ils sont devenus, dans la conscience collective, de simples petits faits divers.<\/p>\n<p>Le harc\u00e8lement, ainsi, est \u00e0 la une de tous les m\u00e9dias, pour le moment. A cause de Hollywood, bien s\u00fbr\u2026<\/p>\n<p>Mais il n\u2019y a pas que le harc\u00e8lement sexuel, ou moral, dans le monde du travail ou dans celui des paillettes ! Le harc\u00e8lement commence bien plus t\u00f4t, dans les cours de r\u00e9cr\u00e9ation. Nous avons tous connu des \u00a0\u00bb t\u00eates de Turcs \u00ab\u00a0\u2026 ou nous l\u2019avons \u00e9t\u00e9 !<\/p>\n<p>Aujourd\u2019hui, \u00e0 cause de l\u2019attrait exponentiel de la virtualit\u00e9 et des r\u00e9seaux sociaux, \u00e0 cause d\u2019une certaine d\u00e9mission des garde-fous traditionnels (\u00e9cole, parents\u2026), ce harc\u00e8lement quitte les classes pour s\u2019\u00e9taler un peu partout, et rendre une existence invivable.<\/p>\n<p>Et ce livre, tout simple, destin\u00e9 \u00e0 tous les publics, sans ostentation, a d\u00e9cid\u00e9 d\u2019en parler. De nous en parler, \u00e0 toutes et \u00e0 tous, avec l\u2019espoir que, peut-\u00eatre, nous pourrons bient\u00f4t prendre, adultes, le taureau par les cornes !<\/p>\n<\/div>\n<div class=\"rtbf-paragraph  clearfix\">\n<figure class=\"www-media custom_large www-media--last js-gallery-figure\"><a id=\"image-9255658\" class=\"www-media-fullscreen js-gallery-image\" href=\"https:\/\/i0.wp.com\/ds1.static.rtbf.be\/article\/image\/1240x800\/4\/f\/e\/1ae1c1bc7b558b45097f0f6f85ea92d4-1511803152.jpg?ssl=1\" target=\"_blank\" rel=\"noopener\" data-id=\"9255658\"> <img data-recalc-dims=\"1\" decoding=\"async\" class=\"img-responsive www-img-full  lazyloaded\" title=\"Seule \u00e0 la r\u00e9cr\u00e9\" src=\"https:\/\/i0.wp.com\/ds1.static.rtbf.be\/article\/image\/370xAuto\/4\/f\/e\/1ae1c1bc7b558b45097f0f6f85ea92d4-1511803152.jpg?w=768&#038;ssl=1\" sizes=\"(min-width: 1200px) calc(992px*0.66), (min-width: 992px) 66vw, 100vw\" srcset=\"https:\/\/ds1.static.rtbf.be\/article\/image\/370xAuto\/4\/f\/e\/1ae1c1bc7b558b45097f0f6f85ea92d4-1511803152.jpg 370w,https:\/\/ds1.static.rtbf.be\/article\/image\/770xAuto\/4\/f\/e\/1ae1c1bc7b558b45097f0f6f85ea92d4-1511803152.jpg 770w,https:\/\/ds1.static.rtbf.be\/article\/image\/1248xAuto\/4\/f\/e\/1ae1c1bc7b558b45097f0f6f85ea92d4-1511803152.jpg 1248w\" alt=\"Seule \u00e0 la r\u00e9cr\u00e9\" data-sizes=\"(min-width: 1200px) calc(992px*0.66), (min-width: 992px) 66vw, 100vw\" data-srcset=\"https:\/\/ds1.static.rtbf.be\/article\/image\/370xAuto\/4\/f\/e\/1ae1c1bc7b558b45097f0f6f85ea92d4-1511803152.jpg 370w,https:\/\/ds1.static.rtbf.be\/article\/image\/770xAuto\/4\/f\/e\/1ae1c1bc7b558b45097f0f6f85ea92d4-1511803152.jpg 770w,https:\/\/ds1.static.rtbf.be\/article\/image\/1248xAuto\/4\/f\/e\/1ae1c1bc7b558b45097f0f6f85ea92d4-1511803152.jpg 1248w\" \/> <i class=\"ico ico-circle ico-stack-2x www-media-enlarge__bg\"><\/i> <i class=\"ico ico-expand ico-stack-1x ico-inverse www-media-enlarge__icon\"><\/i> <\/a><figcaption class=\"www-media-caption\"><em><span class=\"www-media-caption__text\">Seule \u00e0 la r\u00e9cr\u00e9 &#8211; \u00a9 Bamboo<\/span><\/em><\/figcaption><\/figure>\n<p>Emma est en primaire, et peu heureuse, les grandes vacances termin\u00e9es, de retourner \u00e0 l\u2019\u00e9cole. Une \u00e9cole o\u00f9 elle va retrouver Clarisse, une fille qui a r\u00e9ussi \u00e0 diriger la classe, \u00e0 en devenir la meneuse, et qui a choisi de la mettre elle, Emma, en dehors du groupe. De la brimer. De la harceler\u2026<\/p>\n<p>A partir de l\u00e0, ce livre r\u00e9ussit l\u2019exploit de nous montrer une r\u00e9alit\u00e9 quotidienne qui n\u2019a rien de spectaculaire, qui se vit essentiellement dans la solitude d\u2019une enfant. A nous la montrer en m\u00eame temps telle qu\u2019elle est vue de l\u2019ext\u00e9rieur, par les enseignants, les autres \u00e9coliers, les parents d\u2019Emma, les parents de Clarisse. Il n\u2019y a, dans cet album, aucune dramatisation du r\u00e9cit, mais un simple constat qui, pour sombre qu\u2019il soit, parvient \u00e0 g\u00e9n\u00e9rer des moments d\u2019humour, de tendresse, surtout \u00e0 partir du moment o\u00f9 les parents d\u2019Emma s\u2019investissent r\u00e9ellement dans la recherche d\u2019une solution. Ce sont des gags d\u2019un page qui construisent l\u2019histoire de cet album, et qui font sourire\u2026 Mais qui font surtout r\u00e9fl\u00e9chir !<\/p>\n<p>&nbsp;<\/p>\n<\/div>\n<div class=\"rtbf-paragraph  clearfix\">\n<figure class=\"www-media custom_large www-media--last js-gallery-figure\"><a id=\"image-9255659\" class=\"www-media-fullscreen js-gallery-image\" href=\"https:\/\/i0.wp.com\/ds1.static.rtbf.be\/article\/image\/1240x800\/f\/d\/1\/3b4d2f45019e9c4a4020498eb3bbb00f-1511803245.png?ssl=1\" target=\"_blank\" rel=\"noopener\" data-id=\"9255659\"> <img data-recalc-dims=\"1\" decoding=\"async\" class=\"img-responsive www-img-full  lazyloaded\" title=\"Seule \u00e0 la r\u00e9cr\u00e9\" src=\"https:\/\/i0.wp.com\/ds1.static.rtbf.be\/article\/image\/370xAuto\/f\/d\/1\/3b4d2f45019e9c4a4020498eb3bbb00f-1511803245.png?w=768&#038;ssl=1\" sizes=\"(min-width: 1200px) calc(992px*0.66), (min-width: 992px) 66vw, 100vw\" srcset=\"https:\/\/ds1.static.rtbf.be\/article\/image\/370xAuto\/f\/d\/1\/3b4d2f45019e9c4a4020498eb3bbb00f-1511803245.png 370w,https:\/\/ds1.static.rtbf.be\/article\/image\/770xAuto\/f\/d\/1\/3b4d2f45019e9c4a4020498eb3bbb00f-1511803245.png 770w,https:\/\/ds1.static.rtbf.be\/article\/image\/1248xAuto\/f\/d\/1\/3b4d2f45019e9c4a4020498eb3bbb00f-1511803245.png 1248w\" alt=\"Seule \u00e0 la r\u00e9cr\u00e9\" data-sizes=\"(min-width: 1200px) calc(992px*0.66), (min-width: 992px) 66vw, 100vw\" data-srcset=\"https:\/\/ds1.static.rtbf.be\/article\/image\/370xAuto\/f\/d\/1\/3b4d2f45019e9c4a4020498eb3bbb00f-1511803245.png 370w,https:\/\/ds1.static.rtbf.be\/article\/image\/770xAuto\/f\/d\/1\/3b4d2f45019e9c4a4020498eb3bbb00f-1511803245.png 770w,https:\/\/ds1.static.rtbf.be\/article\/image\/1248xAuto\/f\/d\/1\/3b4d2f45019e9c4a4020498eb3bbb00f-1511803245.png 1248w\" \/> <i class=\"ico ico-circle ico-stack-2x www-media-enlarge__bg\"><\/i> <i class=\"ico ico-expand ico-stack-1x ico-inverse www-media-enlarge__icon\"><\/i> <\/a><figcaption class=\"www-media-caption\"><em><span class=\"www-media-caption__text\">Seule \u00e0 la r\u00e9cr\u00e9 &#8211; \u00a9 Bamboo<\/span><\/em><\/figcaption><\/figure>\n<p>&nbsp;<\/p>\n<p>L\u2019observation\u2026 C\u2019est d\u2019une part le point fort de ce livre. Les auteurs, sans aucun doute possible, savent de quoi ils parlent, comme, finalement, nous le savons toutes et tous. Nos souvenirs, si nous acceptons d\u2019\u00eatre honn\u00eates par rapport \u00e0 eux, ne peuvent que nous remettre en m\u00e9moire des moments de harc\u00e8lement, que nous avons v\u00e9cus ou impos\u00e9s.<\/p>\n<p>Ph\u00e9nom\u00e8ne de groupe naissant de la personnalit\u00e9 d\u2019une seule personne qui en prend la direction, le harc\u00e8lement reste encore, pour beaucoup d\u2019adultes d\u2019aujourd\u2019hui, un \u00e9l\u00e9ment formatif de l\u2019existence !&#8230; \u00a0Seulement, avec la technologie omnipr\u00e9sente de nos jours, ce n\u2019est absolument plus le cas, et un livre comme ce \u00a0\u00bb Seule \u00e0 la r\u00e9cr\u00e9 \u00a0\u00bb vient \u00e0 son heure. Pour que les enfants qui le lisent prennent conscience de ce qu\u2019est l\u2019horreur quotidienne d\u2019une personne harcel\u00e9e, pour que les adultes, eux, comprennent qu\u2019il est grand temps d\u2019ouvrir les yeux et d\u2019intervenir ! D\u2019\u00eatre des \u00e9ducateurs \u00e0 part enti\u00e8re !<\/p>\n<p>Parce que d\u2019autre part, l\u2019observation est aussi le seul point fort qui peut permettre \u00e0 un entourage, quel qu\u2019il soit, d\u2019emp\u00eacher, d\u00e8s le plus jeune \u00e2ge, que la discrimination devienne une redoutable habitude !<\/p>\n<p>Un livre souriant pour un sujet qui ne l\u2019est absolument pas, et c\u2019est ce qui\u00a0 en fait un livre important !<\/p>\n<p>&nbsp;<\/p>\n<p>&nbsp;<\/p>\n<p><strong>Jacques Schra\u00fbwen<\/strong><\/p>\n<p><strong>Seule \u00e0 la r\u00e9cr\u00e9\u00e9 (dessin : Bloz \u2013 sc\u00e9nario : Ana et Bloz \u2013 couleur : David Lunven \u2013 \u00e9diteur : Bamboo)<\/strong><\/p>\n<\/div>\n","protected":false},"excerpt":{"rendered":"<p>Lisez ce livre, faites-le lire \u00e0 vos enfants ! Le harc\u00e8lement, dont on parle beaucoup de nos jours, ne se vit pas uniquement dans les r\u00e9seaux sociaux ou dans le monde du travail. Le milieu scolaire est loin d\u2019y \u00e9chapper, et ce livre est l\u00e0 pour en parler, \u00e0 TOUS LES PUBLICS !&#8230; &nbsp; Seule [&hellip;]<\/p>\n","protected":false},"author":1,"featured_media":1279,"comment_status":"open","ping_status":"open","sticky":false,"template":"","format":"standard","meta":{"jetpack_post_was_ever_published":false,"_jetpack_newsletter_access":"","_jetpack_dont_email_post_to_subs":false,"_jetpack_newsletter_tier_id":0,"_jetpack_memberships_contains_paywalled_content":false,"_jetpack_memberships_contains_paid_content":false,"footnotes":"","jetpack_publicize_message":"","jetpack_publicize_feature_enabled":true,"jetpack_social_post_already_shared":true,"jetpack_social_options":{"image_generator_settings":{"template":"highway","default_image_id":0,"font":"","enabled":false},"version":2}},"categories":[3,7],"tags":[],"class_list":["post-1278","post","type-post","status-publish","format-standard","has-post-thumbnail","hentry","category-bd-de-s-a-z","category-s"],"jetpack_publicize_connections":[],"jetpack_featured_media_url":"https:\/\/i0.wp.com\/bd-chroniques.be\/wp-content\/uploads\/2017\/11\/d9a08e118fab67b42008ba50bd693d7d-1511803047.jpg?fit=1248%2C701&ssl=1","jetpack_shortlink":"https:\/\/wp.me\/p8dqsu-kC","jetpack_likes_enabled":true,"jetpack_sharing_enabled":true,"_links":{"self":[{"href":"https:\/\/bd-chroniques.be\/index.php\/wp-json\/wp\/v2\/posts\/1278","targetHints":{"allow":["GET"]}}],"collection":[{"href":"https:\/\/bd-chroniques.be\/index.php\/wp-json\/wp\/v2\/posts"}],"about":[{"href":"https:\/\/bd-chroniques.be\/index.php\/wp-json\/wp\/v2\/types\/post"}],"author":[{"embeddable":true,"href":"https:\/\/bd-chroniques.be\/index.php\/wp-json\/wp\/v2\/users\/1"}],"replies":[{"embeddable":true,"href":"https:\/\/bd-chroniques.be\/index.php\/wp-json\/wp\/v2\/comments?post=1278"}],"version-history":[{"count":1,"href":"https:\/\/bd-chroniques.be\/index.php\/wp-json\/wp\/v2\/posts\/1278\/revisions"}],"predecessor-version":[{"id":1280,"href":"https:\/\/bd-chroniques.be\/index.php\/wp-json\/wp\/v2\/posts\/1278\/revisions\/1280"}],"wp:featuredmedia":[{"embeddable":true,"href":"https:\/\/bd-chroniques.be\/index.php\/wp-json\/wp\/v2\/media\/1279"}],"wp:attachment":[{"href":"https:\/\/bd-chroniques.be\/index.php\/wp-json\/wp\/v2\/media?parent=1278"}],"wp:term":[{"taxonomy":"category","embeddable":true,"href":"https:\/\/bd-chroniques.be\/index.php\/wp-json\/wp\/v2\/categories?post=1278"},{"taxonomy":"post_tag","embeddable":true,"href":"https:\/\/bd-chroniques.be\/index.php\/wp-json\/wp\/v2\/tags?post=1278"}],"curies":[{"name":"wp","href":"https:\/\/api.w.org\/{rel}","templated":true}]}}