{"id":1411,"date":"2018-01-12T09:17:35","date_gmt":"2018-01-12T08:17:35","guid":{"rendered":"http:\/\/bd-chroniques.be\/?p=1411"},"modified":"2018-01-12T09:17:35","modified_gmt":"2018-01-12T08:17:35","slug":"alix-le-serment-du-gladiateur","status":"publish","type":"post","link":"https:\/\/bd-chroniques.be\/index.php\/2018\/01\/12\/alix-le-serment-du-gladiateur\/","title":{"rendered":"Alix : Le Serment Du Gladiateur"},"content":{"rendered":"<p style=\"text-align: center;\"><strong><cite>Chronique de Jacques Schra\u00fbwen, publi\u00e9e sur le site de la RTBF, le vendredi 05 janvier 2018 \u00e0 14h00<br \/>\n<\/cite><\/strong><\/p>\n<div class=\"rtbf-paragraph\">\n<p>Alix, personnage mythique de la bande dessin\u00e9e, continue \u00e0 vivre des aventures dans une antiquit\u00e9 romaine qui fut ch\u00e8re \u00e0 Jacques Martin\u2026 Dans cette chronique, \u00e9coutez Marc Jailloux parler du retour d\u2019Alix \u00e0 Pomp\u00e9i\u00a0!<\/p>\n<\/div>\n<div class=\"rtbf-paragraph  clearfix\">\n<figure class=\"www-media custom_large www-media--last js-gallery-figure\"><a id=\"image-9282972\" class=\"www-media-fullscreen js-gallery-image\" href=\"https:\/\/i0.wp.com\/ds1.static.rtbf.be\/article\/image\/1240x800\/f\/8\/1\/8d78aa25e77fe5b57d966ef4d8999877-1515155575.jpg?ssl=1\" target=\"_blank\" rel=\"noopener\" data-id=\"9282972\"> <img data-recalc-dims=\"1\" decoding=\"async\" class=\"img-responsive www-img-full  lazyloaded\" title=\"Le serment du gladiateur\" src=\"https:\/\/i0.wp.com\/ds1.static.rtbf.be\/article\/image\/370xAuto\/f\/8\/1\/8d78aa25e77fe5b57d966ef4d8999877-1515155575.jpg?w=768&#038;ssl=1\" sizes=\"(min-width: 1200px) calc(992px*0.66), (min-width: 992px) 66vw, 100vw\" srcset=\"https:\/\/ds1.static.rtbf.be\/article\/image\/370xAuto\/f\/8\/1\/8d78aa25e77fe5b57d966ef4d8999877-1515155575.jpg 370w,https:\/\/ds1.static.rtbf.be\/article\/image\/770xAuto\/f\/8\/1\/8d78aa25e77fe5b57d966ef4d8999877-1515155575.jpg 770w,https:\/\/ds1.static.rtbf.be\/article\/image\/1248xAuto\/f\/8\/1\/8d78aa25e77fe5b57d966ef4d8999877-1515155575.jpg 1248w\" alt=\"Le serment du gladiateur\" data-sizes=\"(min-width: 1200px) calc(992px*0.66), (min-width: 992px) 66vw, 100vw\" data-srcset=\"https:\/\/ds1.static.rtbf.be\/article\/image\/370xAuto\/f\/8\/1\/8d78aa25e77fe5b57d966ef4d8999877-1515155575.jpg 370w,https:\/\/ds1.static.rtbf.be\/article\/image\/770xAuto\/f\/8\/1\/8d78aa25e77fe5b57d966ef4d8999877-1515155575.jpg 770w,https:\/\/ds1.static.rtbf.be\/article\/image\/1248xAuto\/f\/8\/1\/8d78aa25e77fe5b57d966ef4d8999877-1515155575.jpg 1248w\" \/> <i class=\"ico ico-circle ico-stack-2x www-media-enlarge__bg\"><\/i> <i class=\"ico ico-expand ico-stack-1x ico-inverse www-media-enlarge__icon\"><\/i> <\/a><figcaption class=\"www-media-caption\"><em><span class=\"www-media-caption__text\">Le serment du gladiateur &#8211; \u00a9 casterman<\/span><\/em><\/figcaption><\/figure>\n<p>&nbsp;<\/p>\n<p>Dans ce trente-sixi\u00e8me volume des aventures d\u2019Alix, on se retrouve dans la lign\u00e9e de Jacques Martin, de sa fa\u00e7on de construire des histoires, de sa mani\u00e8re de les dessiner. Ce n\u2019est pas de filiation qu\u2019il s\u2019agit, tant au niveau du graphisme que du sc\u00e9nario, mais de continuation. Et, ma foi, une continuation r\u00e9ussie, malgr\u00e9, ici et l\u00e0, quelques petits b\u00e9mols. D\u2019autant plus r\u00e9ussie et assum\u00e9e, dans cet album-ci, que les auteurs nous ram\u00e8nent en Italie, dans des lieux o\u00f9 Alix, en d\u2019autres temps, s\u2019\u00e9tait d\u00e9j\u00e0 balad\u00e9. Et que les r\u00e9f\u00e9rences \u00e0 \u00a0\u00bb\u00a0La Griffe Noire\u00a0\u00a0\u00bb nous replongent, \u00e9galement, dans la grande histoire de ce h\u00e9ros sans peur ni reproche.<\/p>\n<p>&nbsp;<\/p>\n<h4 class=\"audio-player__title\">Marc Jailloux: Pompei, La Griffe Noire<\/h4>\n<audio class=\"wp-audio-shortcode\" id=\"audio-1411-1\" preload=\"none\" style=\"width: 100%;\" controls=\"controls\"><source type=\"audio\/mpeg\" src=\"http:\/\/bd-chroniques.be\/wp-content\/uploads\/2018\/01\/h4yIL4SiVt.mp3?_=1\" \/><a href=\"http:\/\/bd-chroniques.be\/wp-content\/uploads\/2018\/01\/h4yIL4SiVt.mp3\">http:\/\/bd-chroniques.be\/wp-content\/uploads\/2018\/01\/h4yIL4SiVt.mp3<\/a><\/audio>\n<p>&nbsp;<\/p>\n<div class=\"rtbf-article-main__audio\">\n<div id=\"audio-O\" class=\"rtbf-article-main__embed js-embed-audio\"><\/div>\n<\/div>\n<\/div>\n<div class=\"rtbf-paragraph  clearfix\">\n<figure class=\"www-media custom_large www-media--last js-gallery-figure\"><a id=\"image-9282973\" class=\"www-media-fullscreen js-gallery-image\" href=\"https:\/\/i0.wp.com\/ds1.static.rtbf.be\/article\/image\/1240x800\/6\/2\/b\/c46f1ecec2fb1b15229f8e4ef246ad6b-1515155716.jpg?ssl=1\" target=\"_blank\" rel=\"noopener\" data-id=\"9282973\"> <img data-recalc-dims=\"1\" decoding=\"async\" class=\"img-responsive www-img-full  lazyloaded\" title=\"Le serment du gladiateur\" src=\"https:\/\/i0.wp.com\/ds1.static.rtbf.be\/article\/image\/370xAuto\/6\/2\/b\/c46f1ecec2fb1b15229f8e4ef246ad6b-1515155716.jpg?w=768&#038;ssl=1\" sizes=\"(min-width: 1200px) calc(992px*0.66), (min-width: 992px) 66vw, 100vw\" srcset=\"https:\/\/ds1.static.rtbf.be\/article\/image\/370xAuto\/6\/2\/b\/c46f1ecec2fb1b15229f8e4ef246ad6b-1515155716.jpg 370w,https:\/\/ds1.static.rtbf.be\/article\/image\/770xAuto\/6\/2\/b\/c46f1ecec2fb1b15229f8e4ef246ad6b-1515155716.jpg 770w,https:\/\/ds1.static.rtbf.be\/article\/image\/1248xAuto\/6\/2\/b\/c46f1ecec2fb1b15229f8e4ef246ad6b-1515155716.jpg 1248w\" alt=\"Le serment du gladiateur\" data-sizes=\"(min-width: 1200px) calc(992px*0.66), (min-width: 992px) 66vw, 100vw\" data-srcset=\"https:\/\/ds1.static.rtbf.be\/article\/image\/370xAuto\/6\/2\/b\/c46f1ecec2fb1b15229f8e4ef246ad6b-1515155716.jpg 370w,https:\/\/ds1.static.rtbf.be\/article\/image\/770xAuto\/6\/2\/b\/c46f1ecec2fb1b15229f8e4ef246ad6b-1515155716.jpg 770w,https:\/\/ds1.static.rtbf.be\/article\/image\/1248xAuto\/6\/2\/b\/c46f1ecec2fb1b15229f8e4ef246ad6b-1515155716.jpg 1248w\" \/> <i class=\"ico ico-circle ico-stack-2x www-media-enlarge__bg\"><\/i> <i class=\"ico ico-expand ico-stack-1x ico-inverse www-media-enlarge__icon\"><\/i> <\/a><figcaption class=\"www-media-caption\"><em><span class=\"www-media-caption__text\">Le serment du gladiateur &#8211; \u00a9 Casterman<\/span><\/em><\/figcaption><figcaption><\/figcaption><figcaption><\/figcaption><\/figure>\n<p>C\u2019est \u00e0 Pomp\u00e9i, donc, qu\u2019on retrouve Alix et Enak. Venu rendre visite \u00e0 sa cousine, veuve depuis peu, Alix se prend d\u2019int\u00e9r\u00eat et d\u2019amiti\u00e9 pour un gladiateur renomm\u00e9, le sculptural Lame-Serpent. A partir de cette rencontre, plusieurs th\u00e8mes vont alimenter le r\u00e9cit. La magie et la religion, les rites diff\u00e9rents d\u2019un peuple \u00e0 l\u2019autre, l\u2019esclavagisme, les diff\u00e9rences de classe, les l\u00e2chet\u00e9s et les compromissions, les d\u00e9pendances \u00e0 des croyances nourries de mort. La \u00a0\u00bb\u00a0collaboration\u00a0\u00a0\u00bb aussi, puisque le gladiateur, qui se r\u00e9v\u00e8le tr\u00e8s vite comme \u00e9tant le personnage principal de cet album, est consid\u00e9r\u00e9 comme un tra\u00eetre par son propre peuple, qu\u2019il rejoint, libre, dans la seconde partie de l\u2019album.<\/p>\n<p>Outre ce sc\u00e9nario touffu mais lisible et, finalement, tr\u00e8s lin\u00e9aire dans sa narration, il y a le dessin de Jailloux qui, toujours dans la lign\u00e9e de Jacques Martin, se veut de bout en bout historiquement fid\u00e8le au monde d\u00e9crit et racont\u00e9. Cette fid\u00e9lit\u00e9 historique est pr\u00e9sente dans les habillements, dans la configuration de la cit\u00e9, des peuplades rencontr\u00e9es, dans l\u2019architecture aussi, \u00e9videmment\u00a0! A ce titre, il faut souligner la \u00a0\u00bb\u00a0pr\u00e9sence\u00a0\u00a0\u00bb imposante de l\u2019amphith\u00e9\u00e2tre de Pompei, cette ar\u00e8ne qu\u2019on d\u00e9couvre recouverte d\u2019une esp\u00e8ce de toit, comme le sont, de nos jours, les stades de football\u2026<\/p>\n<p>&nbsp;<\/p>\n<div class=\"row audio-player js-audio-player\">\n<div class=\"audio-player__content\">\n<h4 class=\"audio-player__title\">Marc Jailloux: l&rsquo;amphith\u00e9\u00e2tre<\/h4>\n<\/div>\n<audio class=\"wp-audio-shortcode\" id=\"audio-1411-2\" preload=\"none\" style=\"width: 100%;\" controls=\"controls\"><source type=\"audio\/mpeg\" src=\"http:\/\/bd-chroniques.be\/wp-content\/uploads\/2018\/01\/ffES1OimlE.mp3?_=2\" \/><a href=\"http:\/\/bd-chroniques.be\/wp-content\/uploads\/2018\/01\/ffES1OimlE.mp3\">http:\/\/bd-chroniques.be\/wp-content\/uploads\/2018\/01\/ffES1OimlE.mp3<\/a><\/audio>\n<\/div>\n<div class=\"rtbf-article-main__audio\">\n<div id=\"audio-O\" class=\"rtbf-article-main__embed js-embed-audio\"><\/div>\n<\/div>\n<\/div>\n<div class=\"rtbf-paragraph  clearfix\">\n<figure class=\"www-media custom_large www-media--last js-gallery-figure\"><a id=\"image-9282974\" class=\"www-media-fullscreen js-gallery-image\" href=\"https:\/\/i0.wp.com\/ds1.static.rtbf.be\/article\/image\/1240x800\/d\/f\/0\/7fa590f2e9e5358fb5f49141d30b93a1-1515155819.jpg?ssl=1\" target=\"_blank\" rel=\"noopener\" data-id=\"9282974\"> <img data-recalc-dims=\"1\" decoding=\"async\" class=\"img-responsive www-img-full  lazyloaded\" title=\"Le serment du gladiateur\" src=\"https:\/\/i0.wp.com\/ds1.static.rtbf.be\/article\/image\/370xAuto\/d\/f\/0\/7fa590f2e9e5358fb5f49141d30b93a1-1515155819.jpg?w=768&#038;ssl=1\" sizes=\"(min-width: 1200px) calc(992px*0.66), (min-width: 992px) 66vw, 100vw\" srcset=\"https:\/\/ds1.static.rtbf.be\/article\/image\/370xAuto\/d\/f\/0\/7fa590f2e9e5358fb5f49141d30b93a1-1515155819.jpg 370w,https:\/\/ds1.static.rtbf.be\/article\/image\/770xAuto\/d\/f\/0\/7fa590f2e9e5358fb5f49141d30b93a1-1515155819.jpg 770w,https:\/\/ds1.static.rtbf.be\/article\/image\/1248xAuto\/d\/f\/0\/7fa590f2e9e5358fb5f49141d30b93a1-1515155819.jpg 1248w\" alt=\"Le serment du gladiateur\" data-sizes=\"(min-width: 1200px) calc(992px*0.66), (min-width: 992px) 66vw, 100vw\" data-srcset=\"https:\/\/ds1.static.rtbf.be\/article\/image\/370xAuto\/d\/f\/0\/7fa590f2e9e5358fb5f49141d30b93a1-1515155819.jpg 370w,https:\/\/ds1.static.rtbf.be\/article\/image\/770xAuto\/d\/f\/0\/7fa590f2e9e5358fb5f49141d30b93a1-1515155819.jpg 770w,https:\/\/ds1.static.rtbf.be\/article\/image\/1248xAuto\/d\/f\/0\/7fa590f2e9e5358fb5f49141d30b93a1-1515155819.jpg 1248w\" \/> <i class=\"ico ico-circle ico-stack-2x www-media-enlarge__bg\"><\/i> <i class=\"ico ico-expand ico-stack-1x ico-inverse www-media-enlarge__icon\"><\/i> <\/a><figcaption class=\"www-media-caption\"><em><span class=\"www-media-caption__text\">Le serment du gladiateur &#8211; \u00a9 Casterman<\/span><\/em><\/figcaption><figcaption><\/figcaption><figcaption><\/figcaption><\/figure>\n<p>Cela dit, au-del\u00e0 de cette n\u00e9cessit\u00e9 de respecter le canevas historique, il y a aussi la richesse d\u2019analyse du monde des gladiateurs. Il ne s\u2019agit pas, ici, de ces clich\u00e9s qui nous montrent souvent les gladiateurs comme de simples esclaves un peu plus choy\u00e9s que les autres esclaves gr\u00e2ce \u00e0 leur force et \u00e0 leur talent de guerriers. Les auteurs de ce livre nous font d\u00e9couvrir r\u00e9ellement l\u2019organisation de la \u00ab\u00a0gladiature\u00a0\u00bb, tout ce qui faisait le quotidien de ces \u00eatres ne vivant que pour et par le combat offert en spectacle.<\/p>\n<p>L\u00e0 aussi, les liens avec notre soci\u00e9t\u00e9 actuelle, qui revient, par ondes interpos\u00e9es, au fameux \u00a0\u00bb\u00a0panem et circenses\u00a0\u00a0\u00bb des Latins antiques, ces liens sont \u00e9vidents et font de la lecture de ce \u00a0\u00bb\u00a0Serment du gladiateur\u00a0\u00a0\u00bb un peu plus que la plong\u00e9e dans une simple bd d\u2019aventure.<\/p>\n<p>&nbsp;<\/p>\n<div class=\"row audio-player js-audio-player\">\n<div class=\"audio-player__content\">\n<h4 class=\"audio-player__title\">Marc Jailloux: la gladiature<\/h4>\n<\/div>\n<audio class=\"wp-audio-shortcode\" id=\"audio-1411-3\" preload=\"none\" style=\"width: 100%;\" controls=\"controls\"><source type=\"audio\/mpeg\" src=\"http:\/\/bd-chroniques.be\/wp-content\/uploads\/2018\/01\/B1d8E9uAmE.mp3?_=3\" \/><a href=\"http:\/\/bd-chroniques.be\/wp-content\/uploads\/2018\/01\/B1d8E9uAmE.mp3\">http:\/\/bd-chroniques.be\/wp-content\/uploads\/2018\/01\/B1d8E9uAmE.mp3<\/a><\/audio>\n<\/div>\n<div class=\"rtbf-article-main__audio\">\n<div id=\"audio-O\" class=\"rtbf-article-main__embed js-embed-audio\"><\/div>\n<\/div>\n<\/div>\n<div class=\"rtbf-paragraph  clearfix\">\n<p>Je ne vais pas vous raconter la fin de cet album\u2026 V\u00e9ritablement po\u00e9tique, elle rejoint des l\u00e9gendes appartenant \u00e0 toutes les cultures, de ces l\u00e9gendes qui m\u00ealent intimement haine et amour, mort et vie, courage et abandon.<\/p>\n<p>Ce que je peux dire, par contre, sans rien \u00e9dulcorer d\u2019essentiel de cette histoire, c\u2019est qu\u2019Alix y joue un r\u00f4le de spectateur plus que d\u2019acteur\u2026 Et qu\u2019on l\u2019y d\u00e9couvre, donc, pour une fois, en \u00e9tat de faiblesse, ce qui le rend plus humain\u2026 Je peux aussi dire que, dans cet album-ci, le r\u00f4le des femmes et leur pr\u00e9sence, quelque peu charnelle, sont plus importants que dans les livres de Jacques Martin.<\/p>\n<p>Et tout cela fait de ce \u00a0\u00bb\u00a0Serment du gladiateur\u00a0\u00a0\u00bb une lecture \u00e0 la fois agr\u00e9able et instructive. Un des bons crus, donc, de cette s\u00e9rie qui reste mythique\u00a0!<\/p>\n<p>&nbsp;<\/p>\n<p><strong>Jacques Schra\u00fbwen<\/strong><\/p>\n<p><strong>Alix\u00a0: Le Serment Du Gladiateur (dessin\u00a0: Marc Jailloux \u2013 sc\u00e9nario\u00a0: Mathieu Br\u00e9da \u2013 couleurs\u00a0: Corinne Pleyers \u2013 \u00e9diteur\u00a0: Casterman)<\/strong><\/p>\n<\/div>\n<p>&nbsp;<\/p>\n","protected":false},"excerpt":{"rendered":"<p>Chronique de Jacques Schra\u00fbwen, publi\u00e9e sur le site de la RTBF, le vendredi 05 janvier 2018 \u00e0 14h00 Alix, personnage mythique de la bande dessin\u00e9e, continue \u00e0 vivre des aventures dans une antiquit\u00e9 romaine qui fut ch\u00e8re \u00e0 Jacques Martin\u2026 Dans cette chronique, \u00e9coutez Marc Jailloux parler du retour d\u2019Alix \u00e0 Pomp\u00e9i\u00a0! Le serment du [&hellip;]<\/p>\n","protected":false},"author":1,"featured_media":1415,"comment_status":"open","ping_status":"open","sticky":false,"template":"","format":"standard","meta":{"jetpack_post_was_ever_published":false,"_jetpack_newsletter_access":"","_jetpack_dont_email_post_to_subs":false,"_jetpack_newsletter_tier_id":0,"_jetpack_memberships_contains_paywalled_content":false,"_jetpack_memberships_contains_paid_content":false,"footnotes":"","jetpack_publicize_message":"","jetpack_publicize_feature_enabled":true,"jetpack_social_post_already_shared":true,"jetpack_social_options":{"image_generator_settings":{"template":"highway","default_image_id":0,"font":"","enabled":false},"version":2}},"categories":[16,14],"tags":[],"class_list":["post-1411","post","type-post","status-publish","format-standard","has-post-thumbnail","hentry","category-a","category-bd-de-a-a-f"],"jetpack_publicize_connections":[],"jetpack_featured_media_url":"https:\/\/i0.wp.com\/bd-chroniques.be\/wp-content\/uploads\/2018\/01\/e785aafffd9569934863aa8b99a8109c-1515155450.jpg?fit=1248%2C701&ssl=1","jetpack_shortlink":"https:\/\/wp.me\/p8dqsu-mL","jetpack_likes_enabled":true,"jetpack_sharing_enabled":true,"_links":{"self":[{"href":"https:\/\/bd-chroniques.be\/index.php\/wp-json\/wp\/v2\/posts\/1411","targetHints":{"allow":["GET"]}}],"collection":[{"href":"https:\/\/bd-chroniques.be\/index.php\/wp-json\/wp\/v2\/posts"}],"about":[{"href":"https:\/\/bd-chroniques.be\/index.php\/wp-json\/wp\/v2\/types\/post"}],"author":[{"embeddable":true,"href":"https:\/\/bd-chroniques.be\/index.php\/wp-json\/wp\/v2\/users\/1"}],"replies":[{"embeddable":true,"href":"https:\/\/bd-chroniques.be\/index.php\/wp-json\/wp\/v2\/comments?post=1411"}],"version-history":[{"count":1,"href":"https:\/\/bd-chroniques.be\/index.php\/wp-json\/wp\/v2\/posts\/1411\/revisions"}],"predecessor-version":[{"id":1416,"href":"https:\/\/bd-chroniques.be\/index.php\/wp-json\/wp\/v2\/posts\/1411\/revisions\/1416"}],"wp:featuredmedia":[{"embeddable":true,"href":"https:\/\/bd-chroniques.be\/index.php\/wp-json\/wp\/v2\/media\/1415"}],"wp:attachment":[{"href":"https:\/\/bd-chroniques.be\/index.php\/wp-json\/wp\/v2\/media?parent=1411"}],"wp:term":[{"taxonomy":"category","embeddable":true,"href":"https:\/\/bd-chroniques.be\/index.php\/wp-json\/wp\/v2\/categories?post=1411"},{"taxonomy":"post_tag","embeddable":true,"href":"https:\/\/bd-chroniques.be\/index.php\/wp-json\/wp\/v2\/tags?post=1411"}],"curies":[{"name":"wp","href":"https:\/\/api.w.org\/{rel}","templated":true}]}}