{"id":1451,"date":"2018-01-25T14:39:32","date_gmt":"2018-01-25T13:39:32","guid":{"rendered":"http:\/\/bd-chroniques.be\/?p=1451"},"modified":"2018-01-25T14:39:32","modified_gmt":"2018-01-25T13:39:32","slug":"les-reportages-de-lefranc-les-batailles-de-moselle","status":"publish","type":"post","link":"https:\/\/bd-chroniques.be\/index.php\/2018\/01\/25\/les-reportages-de-lefranc-les-batailles-de-moselle\/","title":{"rendered":"Les Reportages De Lefranc : Les Batailles De Moselle"},"content":{"rendered":"<div class=\"rtbf-paragraph\">\n<p style=\"text-align: center;\"><strong><em>Chronique de Jacques Schra\u00fbwen, publi\u00e9e sur le site de la RTBF <\/em><cite><em>le samed<\/em>i 20 janvier 2018 \u00e0 12h20<\/cite><\/strong><\/p>\n<p>&nbsp;<\/p>\n<p>La Moselle a toujours \u00e9t\u00e9, en France, de par sa proximit\u00e9 avec l\u2019Allemagne, un terrain de batailles farouches et meurtri\u00e8res. Trois d\u2019entre elles sont d\u00e9crites et analys\u00e9es dans cet album historique de fort belle tenue.<\/p>\n<\/div>\n<div class=\"rtbf-paragraph  clearfix\">\n<figure class=\"www-media custom_large www-media--last js-gallery-figure\"><a id=\"image-9295144\" class=\"www-media-fullscreen js-gallery-image\" href=\"https:\/\/i0.wp.com\/ds1.static.rtbf.be\/article\/image\/1240x800\/e\/1\/f\/87ac48d0d7d40a5a142385ce73483c9c-1516446899.jpg?ssl=1\" target=\"_blank\" rel=\"noopener\" data-id=\"9295144\"> <img data-recalc-dims=\"1\" decoding=\"async\" class=\"img-responsive www-img-full  lazyloaded\" title=\"Les batailles de Moselle\" src=\"https:\/\/i0.wp.com\/ds1.static.rtbf.be\/article\/image\/370xAuto\/e\/1\/f\/87ac48d0d7d40a5a142385ce73483c9c-1516446899.jpg?w=768&#038;ssl=1\" sizes=\"(min-width: 1200px) calc(992px*0.66), (min-width: 992px) 66vw, 100vw\" srcset=\"https:\/\/ds1.static.rtbf.be\/article\/image\/370xAuto\/e\/1\/f\/87ac48d0d7d40a5a142385ce73483c9c-1516446899.jpg 370w,https:\/\/ds1.static.rtbf.be\/article\/image\/770xAuto\/e\/1\/f\/87ac48d0d7d40a5a142385ce73483c9c-1516446899.jpg 770w,https:\/\/ds1.static.rtbf.be\/article\/image\/1248xAuto\/e\/1\/f\/87ac48d0d7d40a5a142385ce73483c9c-1516446899.jpg 1248w\" alt=\"Les batailles de Moselle\" data-sizes=\"(min-width: 1200px) calc(992px*0.66), (min-width: 992px) 66vw, 100vw\" data-srcset=\"https:\/\/ds1.static.rtbf.be\/article\/image\/370xAuto\/e\/1\/f\/87ac48d0d7d40a5a142385ce73483c9c-1516446899.jpg 370w,https:\/\/ds1.static.rtbf.be\/article\/image\/770xAuto\/e\/1\/f\/87ac48d0d7d40a5a142385ce73483c9c-1516446899.jpg 770w,https:\/\/ds1.static.rtbf.be\/article\/image\/1248xAuto\/e\/1\/f\/87ac48d0d7d40a5a142385ce73483c9c-1516446899.jpg 1248w\" \/> <i class=\"ico ico-circle ico-stack-2x www-media-enlarge__bg\"><\/i> <i class=\"ico ico-expand ico-stack-1x ico-inverse www-media-enlarge__icon\"><\/i> <\/a><figcaption class=\"www-media-caption\"><em><span class=\"www-media-caption__text\">Les batailles de Moselle &#8211; \u00a9 Casterman<\/span><\/em><\/figcaption><\/figure>\n<p>C\u2019est en 1952, avec la parution des premi\u00e8res planches de \u00a0\u00bb\u00a0La Grande Menace\u00a0\u00ab\u00a0, dans les pages du \u00a0\u00bb\u00a0journal de Tintin\u00a0\u00a0\u00bb et dessin\u00e9 par Jacques Martin, que le personnage du journaliste Guy Lefranc prend vie.<\/p>\n<p>Dans cette apr\u00e8s-guerre, Guy Lefranc a \u00e9t\u00e9 un h\u00e9ros dans la lign\u00e9e de Valhardi\u00a0: sans peur, sans reproche, se battant pour la paix, contre les m\u00e9chants de l\u2019\u00e9poque qui, bien entendu, \u00e9taient d\u2019anciens nazis, ou de terribles communistes, tr\u00e8s souvent.<\/p>\n<p>Jacques Martin, en cr\u00e9ant son h\u00e9ros, s\u2019inscrivait dans son \u00e9poque, de mani\u00e8re talentueuse, en racontant des histoires d\u2019aventure au premier degr\u00e9, mais extr\u00eamement bien construites, toujours. Peut-\u00eatre parce que, comme Jacobs de son c\u00f4t\u00e9 avec Olrik, il mettait en face de Lefranc un vrai \u00a0\u00bb\u00a0m\u00e9chant\u00a0\u00a0\u00bb superbe, l\u2019inf\u00e2me Borg\u00a0!<\/p>\n<p>Au fil des ann\u00e9es, apr\u00e8s le d\u00e9c\u00e8s de Jacques Martin, Guy Lefranc, avec des hauts et des bas, a surv\u00e9cu. Il a aussi donn\u00e9 naissance \u00e0 quelques albums qui ne sont pas de la bande dessin\u00e9e, mais des reportages historiques illustr\u00e9s.<\/p>\n<p>C\u2019est \u00e0 cette collection que \u00a0\u00bb\u00a0Les Batailles de Moselle\u00a0\u00a0\u00bb appartient.<\/p>\n<p>Le d\u00e9partement de la Moselle, de par sa position entre deux pays historiquement ennemis, l\u2019Allemagne et la France, a toujours \u00e9t\u00e9 un enjeu \u00e0 la fois politique et militaire. C\u2019est une r\u00e9gion de France qui a \u00e9t\u00e9, de ce fait, le th\u00e9\u00e2tre de combats souvent extr\u00eamement meurtriers.<\/p>\n<p>Et dans ce livre-ci, les auteurs s\u2019attardent sur trois de ces batailles, au cours de trois guerres diff\u00e9rentes\u00a0: Gravelotte en ao\u00fbt 1870, Morhange en ao\u00fbt 1914, et Dornot-Corny en septembre 1944.<\/p>\n<h6><\/h6>\n<h6 class=\"audio-player__title\">Olivier Weinberg: trois batailles embl\u00e9matiques<\/h6>\n<audio class=\"wp-audio-shortcode\" id=\"audio-1451-1\" preload=\"none\" style=\"width: 100%;\" controls=\"controls\"><source type=\"audio\/mpeg\" src=\"http:\/\/bd-chroniques.be\/wp-content\/uploads\/2018\/01\/j3ZOfkRRTg.mp3?_=1\" \/><a href=\"http:\/\/bd-chroniques.be\/wp-content\/uploads\/2018\/01\/j3ZOfkRRTg.mp3\">http:\/\/bd-chroniques.be\/wp-content\/uploads\/2018\/01\/j3ZOfkRRTg.mp3<\/a><\/audio>\n<p>&nbsp;<\/p>\n<div class=\"rtbf-article-main__audio\">\n<div id=\"audio-O\" class=\"rtbf-article-main__embed js-embed-audio\"><\/div>\n<\/div>\n<\/div>\n<div class=\"rtbf-paragraph  clearfix\">\n<figure class=\"www-media custom_large www-media--last js-gallery-figure\"><a id=\"image-9295145\" class=\"www-media-fullscreen js-gallery-image\" href=\"https:\/\/i0.wp.com\/ds1.static.rtbf.be\/article\/image\/1240x800\/2\/0\/c\/ff42769c3f683a6b0535c602428d149e-1516447132.jpg?ssl=1\" target=\"_blank\" rel=\"noopener\" data-id=\"9295145\"> <img data-recalc-dims=\"1\" decoding=\"async\" class=\"img-responsive www-img-full  lazyloaded\" title=\"Les batailles de Moselle\" src=\"https:\/\/i0.wp.com\/ds1.static.rtbf.be\/article\/image\/370xAuto\/2\/0\/c\/ff42769c3f683a6b0535c602428d149e-1516447132.jpg?w=768&#038;ssl=1\" sizes=\"(min-width: 1200px) calc(992px*0.66), (min-width: 992px) 66vw, 100vw\" srcset=\"https:\/\/ds1.static.rtbf.be\/article\/image\/370xAuto\/2\/0\/c\/ff42769c3f683a6b0535c602428d149e-1516447132.jpg 370w,https:\/\/ds1.static.rtbf.be\/article\/image\/770xAuto\/2\/0\/c\/ff42769c3f683a6b0535c602428d149e-1516447132.jpg 770w,https:\/\/ds1.static.rtbf.be\/article\/image\/1248xAuto\/2\/0\/c\/ff42769c3f683a6b0535c602428d149e-1516447132.jpg 1248w\" alt=\"Les batailles de Moselle\" data-sizes=\"(min-width: 1200px) calc(992px*0.66), (min-width: 992px) 66vw, 100vw\" data-srcset=\"https:\/\/ds1.static.rtbf.be\/article\/image\/370xAuto\/2\/0\/c\/ff42769c3f683a6b0535c602428d149e-1516447132.jpg 370w,https:\/\/ds1.static.rtbf.be\/article\/image\/770xAuto\/2\/0\/c\/ff42769c3f683a6b0535c602428d149e-1516447132.jpg 770w,https:\/\/ds1.static.rtbf.be\/article\/image\/1248xAuto\/2\/0\/c\/ff42769c3f683a6b0535c602428d149e-1516447132.jpg 1248w\" \/> <i class=\"ico ico-circle ico-stack-2x www-media-enlarge__bg\"><\/i> <i class=\"ico ico-expand ico-stack-1x ico-inverse www-media-enlarge__icon\"><\/i> <\/a><figcaption class=\"www-media-caption\"><em><span class=\"www-media-caption__text\">Les batailles de Moselle &#8211; \u00a9 Casterman<\/span><\/em><\/figcaption><\/figure>\n<p>&nbsp;<\/p>\n<p>Je le disais, il ne s\u2019agit nullement d\u2019une bande dessin\u00e9e, mais d\u2019un v\u00e9ritable livre d\u2019histoire, avec une documentation fouill\u00e9e, avec un texte clair, avec des photos d\u2019\u00e9poque, avec une remise en perspective de chaque \u00e9v\u00e9nement d\u00e9crit et racont\u00e9.<\/p>\n<p>A ce titre, Olivier Weinberg, le dessinateur-illustrateur attitr\u00e9 de cette s\u00e9rie, se devait de rendre son dessin d&rsquo;abord et avant tout parlant, de par les lieux dessin\u00e9s, de par les mouvements de troupe qui y sont d\u00e9crits, de par un r\u00e9alisme qui se doit de montrer l\u2019horreur d\u2019un combat sans pour autant s\u2019en faire le voyeur. Il se devait aussi de se r\u00e9v\u00e9ler didactique. Il s\u2019agit pour lui, au profond de chacune des trois batailles pr\u00e9sentes de ce livre-ci, de ne pas trahir la v\u00e9rit\u00e9 historique du texte, de montrer sans s\u2019appesantir, de raconter sans avoir besoin de codes narratifs pr\u00e9cis\u2026 Et \u00e0 ce titre, on peut dire que son travail est une r\u00e9ussite. Un peu, mais de mani\u00e8re plus moderne, comme l\u2019\u00e9taient les chromos qu\u2019on trouvait dans des barres chocolat\u00e9es ou, plus loin encore, comme l\u2019\u00e9taient les images d\u2019Epinal.<\/p>\n<h6 class=\"audio-player__title\">Olivier Weinberg: un dessin didactique<\/h6>\n<audio class=\"wp-audio-shortcode\" id=\"audio-1451-2\" preload=\"none\" style=\"width: 100%;\" controls=\"controls\"><source type=\"audio\/mpeg\" src=\"http:\/\/bd-chroniques.be\/wp-content\/uploads\/2018\/01\/FJEHmPIvqz.mp3?_=2\" \/><a href=\"http:\/\/bd-chroniques.be\/wp-content\/uploads\/2018\/01\/FJEHmPIvqz.mp3\">http:\/\/bd-chroniques.be\/wp-content\/uploads\/2018\/01\/FJEHmPIvqz.mp3<\/a><\/audio>\n<div class=\"rtbf-article-main__audio\">\n<div id=\"audio-O\" class=\"rtbf-article-main__embed js-embed-audio\"><\/div>\n<\/div>\n<\/div>\n<div class=\"rtbf-paragraph  clearfix\">\n<p>Les passionn\u00e9s d\u2019Histoire, celle des guerres, certes, mais celle, surtout qui a construit la soci\u00e9t\u00e9 dans laquelle nous vivons aujourd\u2019hui, trouveront leur content, sans aucun doute, dans cet album. Les curieux aussi, ceux qui aiment, simplement, les r\u00e9cits qui \u00e9vitent les grandes envol\u00e9es lyriques pour s\u2019attarder, finalement, sur l\u2019humain, d\u2019abord et avant tout.<\/p>\n<p>Un bon livre, donc, instructif, comme le sont tous les reportages de Lefranc depuis quelques ann\u00e9es.<\/p>\n<p>&nbsp;<\/p>\n<p><strong>Jacques Schra\u00fbwen<\/strong><\/p>\n<p><strong>Les Reportages De Lefranc\u00a0: Les Batailles De Moselle (auteur\u00a0: Olivier Weinberg, d\u2019apr\u00e8s Jacques Martin \u2013 couleurs\u00a0: Emmanuel Bonnet \u2013 textes\u00a0: Marc Houver et Jean-Fran\u00e7ois Patricola \u2013 \u00e9diteur\u00a0: Casterman et le D\u00e9partement de la Moselle)<\/strong><\/p>\n<\/div>\n","protected":false},"excerpt":{"rendered":"<p>Chronique de Jacques Schra\u00fbwen, publi\u00e9e sur le site de la RTBF le samedi 20 janvier 2018 \u00e0 12h20 &nbsp; La Moselle a toujours \u00e9t\u00e9, en France, de par sa proximit\u00e9 avec l\u2019Allemagne, un terrain de batailles farouches et meurtri\u00e8res. Trois d\u2019entre elles sont d\u00e9crites et analys\u00e9es dans cet album historique de fort belle tenue. Les [&hellip;]<\/p>\n","protected":false},"author":1,"featured_media":1454,"comment_status":"open","ping_status":"open","sticky":false,"template":"","format":"standard","meta":{"jetpack_post_was_ever_published":false,"_jetpack_newsletter_access":"","_jetpack_dont_email_post_to_subs":false,"_jetpack_newsletter_tier_id":0,"_jetpack_memberships_contains_paywalled_content":false,"_jetpack_memberships_contains_paid_content":false,"footnotes":"","jetpack_publicize_message":"","jetpack_publicize_feature_enabled":true,"jetpack_social_post_already_shared":true,"jetpack_social_options":{"image_generator_settings":{"template":"highway","default_image_id":0,"font":"","enabled":false},"version":2}},"categories":[23,29],"tags":[],"class_list":["post-1451","post","type-post","status-publish","format-standard","has-post-thumbnail","hentry","category-bd-de-m-a-r","category-r"],"jetpack_publicize_connections":[],"jetpack_featured_media_url":"https:\/\/i0.wp.com\/bd-chroniques.be\/wp-content\/uploads\/2018\/01\/0e35c043563c2208bad320fc419a60eb-1516446673.jpg?fit=1248%2C701&ssl=1","jetpack_shortlink":"https:\/\/wp.me\/p8dqsu-np","jetpack_likes_enabled":true,"jetpack_sharing_enabled":true,"_links":{"self":[{"href":"https:\/\/bd-chroniques.be\/index.php\/wp-json\/wp\/v2\/posts\/1451","targetHints":{"allow":["GET"]}}],"collection":[{"href":"https:\/\/bd-chroniques.be\/index.php\/wp-json\/wp\/v2\/posts"}],"about":[{"href":"https:\/\/bd-chroniques.be\/index.php\/wp-json\/wp\/v2\/types\/post"}],"author":[{"embeddable":true,"href":"https:\/\/bd-chroniques.be\/index.php\/wp-json\/wp\/v2\/users\/1"}],"replies":[{"embeddable":true,"href":"https:\/\/bd-chroniques.be\/index.php\/wp-json\/wp\/v2\/comments?post=1451"}],"version-history":[{"count":1,"href":"https:\/\/bd-chroniques.be\/index.php\/wp-json\/wp\/v2\/posts\/1451\/revisions"}],"predecessor-version":[{"id":1455,"href":"https:\/\/bd-chroniques.be\/index.php\/wp-json\/wp\/v2\/posts\/1451\/revisions\/1455"}],"wp:featuredmedia":[{"embeddable":true,"href":"https:\/\/bd-chroniques.be\/index.php\/wp-json\/wp\/v2\/media\/1454"}],"wp:attachment":[{"href":"https:\/\/bd-chroniques.be\/index.php\/wp-json\/wp\/v2\/media?parent=1451"}],"wp:term":[{"taxonomy":"category","embeddable":true,"href":"https:\/\/bd-chroniques.be\/index.php\/wp-json\/wp\/v2\/categories?post=1451"},{"taxonomy":"post_tag","embeddable":true,"href":"https:\/\/bd-chroniques.be\/index.php\/wp-json\/wp\/v2\/tags?post=1451"}],"curies":[{"name":"wp","href":"https:\/\/api.w.org\/{rel}","templated":true}]}}