{"id":1569,"date":"2018-02-27T18:24:12","date_gmt":"2018-02-27T17:24:12","guid":{"rendered":"http:\/\/bd-chroniques.be\/?p=1569"},"modified":"2018-02-27T18:24:12","modified_gmt":"2018-02-27T17:24:12","slug":"les-enfants-de-la-resistance-4-lescalade","status":"publish","type":"post","link":"https:\/\/bd-chroniques.be\/index.php\/2018\/02\/27\/les-enfants-de-la-resistance-4-lescalade\/","title":{"rendered":"Les enfants de la R\u00e9sistance : 4. L&rsquo;Escalade"},"content":{"rendered":"<div class=\"rtbf-paragraph\">\n<p>Quatri\u00e8me tome, d\u00e9j\u00e0, pour cette excellente s\u00e9rie, destin\u00e9e \u00e0 tous les publics. Les enfants deviennent adolescents, ils r\u00e9sistent toujours, et la guerre plonge doucement dans l\u2019horreur du g\u00e9nocide\u2026 Une chronique \u00e0 lire, \u00e0 regarder, et o\u00f9 \u00e9couter les auteurs !&#8230;<\/p>\n<\/div>\n<div class=\"rtbf-paragraph  clearfix\">\n<figure class=\"www-media custom_large www-media--last js-gallery-figure\"><a id=\"image-9325632\" class=\"www-media-fullscreen js-gallery-image\" href=\"https:\/\/i0.wp.com\/ds1.static.rtbf.be\/article\/image\/1240x800\/4\/b\/7\/da6803af5a20d94855973dd85726327b-1519661219.jpg?ssl=1\" target=\"_blank\" rel=\"noopener\" data-id=\"9325632\"> <img data-recalc-dims=\"1\" decoding=\"async\" class=\"img-responsive www-img-full  lazyloaded\" title=\"Les enfants de la r\u00e9sistance\" src=\"https:\/\/i0.wp.com\/ds1.static.rtbf.be\/article\/image\/370xAuto\/4\/b\/7\/da6803af5a20d94855973dd85726327b-1519661219.jpg?w=768&#038;ssl=1\" sizes=\"(min-width: 1200px) calc(992px*0.66), (min-width: 992px) 66vw, 100vw\" srcset=\"https:\/\/ds1.static.rtbf.be\/article\/image\/370xAuto\/4\/b\/7\/da6803af5a20d94855973dd85726327b-1519661219.jpg 370w,https:\/\/ds1.static.rtbf.be\/article\/image\/770xAuto\/4\/b\/7\/da6803af5a20d94855973dd85726327b-1519661219.jpg 770w,https:\/\/ds1.static.rtbf.be\/article\/image\/1248xAuto\/4\/b\/7\/da6803af5a20d94855973dd85726327b-1519661219.jpg 1248w\" alt=\"Les enfants de la r\u00e9sistance\" data-sizes=\"(min-width: 1200px) calc(992px*0.66), (min-width: 992px) 66vw, 100vw\" data-srcset=\"https:\/\/ds1.static.rtbf.be\/article\/image\/370xAuto\/4\/b\/7\/da6803af5a20d94855973dd85726327b-1519661219.jpg 370w,https:\/\/ds1.static.rtbf.be\/article\/image\/770xAuto\/4\/b\/7\/da6803af5a20d94855973dd85726327b-1519661219.jpg 770w,https:\/\/ds1.static.rtbf.be\/article\/image\/1248xAuto\/4\/b\/7\/da6803af5a20d94855973dd85726327b-1519661219.jpg 1248w\" \/> <i class=\"ico ico-circle ico-stack-2x www-media-enlarge__bg\"><\/i> <i class=\"ico ico-expand ico-stack-1x ico-inverse www-media-enlarge__icon\"><\/i> <\/a><figcaption class=\"www-media-caption\"><em><span class=\"www-media-caption__text\">Les enfants de la r\u00e9sistance &#8211; \u00a9 Le Lombard<\/span><\/em><\/figcaption><\/figure>\n<p>Dans les trois premiers volumes de cette s\u00e9rie passionnante, on se trouvait dans une aventure dangereuse, mais aussi v\u00e9cue par des enfants comme un \u00a0\u00bb\u00a0grand jeu\u00a0\u00ab\u00a0. M\u00eame si la mort y avait d\u00e9j\u00e0 sa place, l\u2019accent \u00e9tait surtout mis sur la mani\u00e8re dont ces trois enfants, deux gar\u00e7ons et une fille, appr\u00e9hendaient leur quotidien, tentaient de pallier les manquements des adultes frileux les entourant, l&rsquo;accent \u00e9tait aussi mis sur la fa\u00e7on dont ils entraient en r\u00e9sistance en toute connaissance de cause, mais avec une sorte de d\u00e9tachement presque amus\u00e9 parfois.<\/p>\n<p>Ici, les choses changent lentement, tranquillement ai-je envie de dire, m\u00eame si ce mot n\u2019est pas tout \u00e0 fait appropri\u00e9 \u00e0 l\u2019\u00e9poque d\u00e9crite, racont\u00e9e.<\/p>\n<p>Il y a une vraie gradation dans l\u2019intrigue, avec l\u2019apparition, tangible, des premi\u00e8res vraies collaborations entre Fran\u00e7ais et Allemands, avec les d\u00e9lations anonymes,\u00a0avec la rafle du Vel d\u2019hiv, avec des wagons \u00e0 bestiaux remplis d\u2019humains porteurs d\u2019une \u00e9toile jaune\u2026<\/p>\n<p>Mais ce qui rend cet album v\u00e9ritablement int\u00e9ressant, c\u2019est que tout cela est trait\u00e9 avec pudeur. Et, surtout, \u00e0 hauteur du regard des enfants qui deviennent des h\u00e9ros encore plus concern\u00e9s par une r\u00e9sistance n\u00e9cessaire, essentielle.<\/p>\n<p>Pour ce faire, il y a le sc\u00e9nario de Vincent Dugomier, lin\u00e9aire, ne cherchant \u00e0 aucun moment \u00e0 \u00e9blouir, \u00e0 extrapoler non plus. Et il y a le dessin, simple, rond, souriant, sans ostentation mais extr\u00eamement efficace dans le graphisme comme dans la couleur, qui reste, sans cesse, construit \u00e0 l\u2019aune du regard des enfants en train de devenir adolescents. Le lecteur, d\u2019une certaine mani\u00e8re, d\u00e9couvre la guerre avec eux, m\u00eame si tout lui est connu de ce qui y fut v\u00e9cu\u2026 L\u2019enfance est un filtre narratif particuli\u00e8rement r\u00e9ussi dans cette s\u00e9rie\u00a0!<\/p>\n<h6>Vincent Dugomier: l&rsquo;\u00e9volution de la guerre<\/h6>\n<audio class=\"wp-audio-shortcode\" id=\"audio-1569-1\" preload=\"none\" style=\"width: 100%;\" controls=\"controls\"><source type=\"audio\/mpeg\" src=\"http:\/\/bd-chroniques.be\/wp-content\/uploads\/2018\/02\/enfants-gradation.mp3?_=1\" \/><a href=\"http:\/\/bd-chroniques.be\/wp-content\/uploads\/2018\/02\/enfants-gradation.mp3\">http:\/\/bd-chroniques.be\/wp-content\/uploads\/2018\/02\/enfants-gradation.mp3<\/a><\/audio>\n<h6>Beno\u00eet Ers: l&rsquo;enfance<\/h6>\n<audio class=\"wp-audio-shortcode\" id=\"audio-1569-2\" preload=\"none\" style=\"width: 100%;\" controls=\"controls\"><source type=\"audio\/mpeg\" src=\"http:\/\/bd-chroniques.be\/wp-content\/uploads\/2018\/02\/enfants-dessin-enfance.mp3?_=2\" \/><a href=\"http:\/\/bd-chroniques.be\/wp-content\/uploads\/2018\/02\/enfants-dessin-enfance.mp3\">http:\/\/bd-chroniques.be\/wp-content\/uploads\/2018\/02\/enfants-dessin-enfance.mp3<\/a><\/audio>\n<div class=\"rtbf-article-main__audio\">\n<div id=\"audio-O\" class=\"rtbf-article-main__embed embed-responsive embed-responsive-16by9\"><\/div>\n<\/div>\n<div class=\"rtbf-article-main__audio\">\n<div id=\"audio-P\" class=\"rtbf-article-main__embed embed-responsive embed-responsive-16by9\"><\/div>\n<\/div>\n<\/div>\n<div class=\"rtbf-paragraph  clearfix\">\n<figure class=\"www-media custom_large www-media--last js-gallery-figure\"><a id=\"image-9325633\" class=\"www-media-fullscreen js-gallery-image\" href=\"https:\/\/i0.wp.com\/ds1.static.rtbf.be\/article\/image\/1240x800\/c\/e\/2\/bcbd358f487158f3ec3b43020e8a2ed5-1519661330.jpg?ssl=1\" target=\"_blank\" rel=\"noopener\" data-id=\"9325633\"> <img data-recalc-dims=\"1\" decoding=\"async\" class=\"img-responsive www-img-full  lazyloaded\" title=\"Les enfants de la r\u00e9sistance\" src=\"https:\/\/i0.wp.com\/ds1.static.rtbf.be\/article\/image\/370xAuto\/c\/e\/2\/bcbd358f487158f3ec3b43020e8a2ed5-1519661330.jpg?w=768&#038;ssl=1\" sizes=\"(min-width: 1200px) calc(992px*0.66), (min-width: 992px) 66vw, 100vw\" srcset=\"https:\/\/ds1.static.rtbf.be\/article\/image\/370xAuto\/c\/e\/2\/bcbd358f487158f3ec3b43020e8a2ed5-1519661330.jpg 370w,https:\/\/ds1.static.rtbf.be\/article\/image\/770xAuto\/c\/e\/2\/bcbd358f487158f3ec3b43020e8a2ed5-1519661330.jpg 770w,https:\/\/ds1.static.rtbf.be\/article\/image\/1248xAuto\/c\/e\/2\/bcbd358f487158f3ec3b43020e8a2ed5-1519661330.jpg 1248w\" alt=\"Les enfants de la r\u00e9sistance\" data-sizes=\"(min-width: 1200px) calc(992px*0.66), (min-width: 992px) 66vw, 100vw\" data-srcset=\"https:\/\/ds1.static.rtbf.be\/article\/image\/370xAuto\/c\/e\/2\/bcbd358f487158f3ec3b43020e8a2ed5-1519661330.jpg 370w,https:\/\/ds1.static.rtbf.be\/article\/image\/770xAuto\/c\/e\/2\/bcbd358f487158f3ec3b43020e8a2ed5-1519661330.jpg 770w,https:\/\/ds1.static.rtbf.be\/article\/image\/1248xAuto\/c\/e\/2\/bcbd358f487158f3ec3b43020e8a2ed5-1519661330.jpg 1248w\" \/> <i class=\"ico ico-circle ico-stack-2x www-media-enlarge__bg\"><\/i> <i class=\"ico ico-expand ico-stack-1x ico-inverse www-media-enlarge__icon\"><\/i> <\/a><figcaption class=\"www-media-caption\"><em><span class=\"www-media-caption__text\">Les enfants de la r\u00e9sistance &#8211; \u00a9 Le Lombard<\/span><\/em><\/figcaption><\/figure>\n<p>Et c\u2019est l\u00e0 aussi que cette bande dessin\u00e9e prend encore plus de force, peut-\u00eatre\u00a0: dans les liens qu\u2019une fiction bas\u00e9e sur une r\u00e9alit\u00e9 ancienne peut tisser avec le monde d\u2019aujourd\u2019hui\u00a0!<\/p>\n<p>Les enfants de la r\u00e9sistance se demandent jusqu\u2019o\u00f9 ira l\u2019horreur, la violence, le racisme, sans oser croire vraiment que d\u2019inacceptables limites puissent \u00eatre franchies.<\/p>\n<p>Les auteurs semblent ainsi appeler \u00e0 r\u00e9sister les jeunes d\u2019aujourd\u2019hui, ces enfants, souvent jeunes, qui sont de plus en plus nombreux \u00e0 \u00eatre fans de cette s\u00e9rie. R\u00e9sister \u00e0 l\u2019indiff\u00e9rence, comme le chantait B\u00e9caud, r\u00e9sister \u00e0 l\u2019injustice, r\u00e9sister et, surtout, agir, parler\u2026<\/p>\n<h6>Vincent Dugomier:\u00a0\u00bbjusqu&rsquo;o\u00f9? &#8230;\u00a0\u00bb<\/h6>\n<audio class=\"wp-audio-shortcode\" id=\"audio-1569-3\" preload=\"none\" style=\"width: 100%;\" controls=\"controls\"><source type=\"audio\/mpeg\" src=\"http:\/\/bd-chroniques.be\/wp-content\/uploads\/2018\/02\/enfants-scen-jusquo\u00a6.mp3?_=3\" \/><a href=\"http:\/\/bd-chroniques.be\/wp-content\/uploads\/2018\/02\/enfants-scen-jusquo\u00a6.mp3\">http:\/\/bd-chroniques.be\/wp-content\/uploads\/2018\/02\/enfants-scen-jusquo\u00a6.mp3<\/a><\/audio>\n<div class=\"rtbf-article-main__audio\">\n<div id=\"audio-O\" class=\"rtbf-article-main__embed embed-responsive embed-responsive-16by9\"><\/div>\n<\/div>\n<\/div>\n<div class=\"rtbf-paragraph  clearfix\">\n<figure class=\"www-media custom_large www-media--last js-gallery-figure\"><a id=\"image-9325634\" class=\"www-media-fullscreen js-gallery-image\" href=\"https:\/\/i0.wp.com\/ds1.static.rtbf.be\/article\/image\/1240x800\/5\/e\/9\/73abdc4ac147b70104ed2bcde4310c0b-1519661424.jpg?ssl=1\" target=\"_blank\" rel=\"noopener\" data-id=\"9325634\"> <img data-recalc-dims=\"1\" decoding=\"async\" class=\"img-responsive www-img-full  lazyloaded\" title=\"Les enfants de la r\u00e9sistance\" src=\"https:\/\/i0.wp.com\/ds1.static.rtbf.be\/article\/image\/370xAuto\/5\/e\/9\/73abdc4ac147b70104ed2bcde4310c0b-1519661424.jpg?w=768&#038;ssl=1\" sizes=\"(min-width: 1200px) calc(992px*0.66), (min-width: 992px) 66vw, 100vw\" srcset=\"https:\/\/ds1.static.rtbf.be\/article\/image\/370xAuto\/5\/e\/9\/73abdc4ac147b70104ed2bcde4310c0b-1519661424.jpg 370w,https:\/\/ds1.static.rtbf.be\/article\/image\/770xAuto\/5\/e\/9\/73abdc4ac147b70104ed2bcde4310c0b-1519661424.jpg 770w,https:\/\/ds1.static.rtbf.be\/article\/image\/1248xAuto\/5\/e\/9\/73abdc4ac147b70104ed2bcde4310c0b-1519661424.jpg 1248w\" alt=\"Les enfants de la r\u00e9sistance\" data-sizes=\"(min-width: 1200px) calc(992px*0.66), (min-width: 992px) 66vw, 100vw\" data-srcset=\"https:\/\/ds1.static.rtbf.be\/article\/image\/370xAuto\/5\/e\/9\/73abdc4ac147b70104ed2bcde4310c0b-1519661424.jpg 370w,https:\/\/ds1.static.rtbf.be\/article\/image\/770xAuto\/5\/e\/9\/73abdc4ac147b70104ed2bcde4310c0b-1519661424.jpg 770w,https:\/\/ds1.static.rtbf.be\/article\/image\/1248xAuto\/5\/e\/9\/73abdc4ac147b70104ed2bcde4310c0b-1519661424.jpg 1248w\" \/> <i class=\"ico ico-circle ico-stack-2x www-media-enlarge__bg\"><\/i> <i class=\"ico ico-expand ico-stack-1x ico-inverse www-media-enlarge__icon\"><\/i> <\/a><figcaption class=\"www-media-caption\"><em><span class=\"www-media-caption__text\">Les enfants de la r\u00e9sistance &#8211; \u00a9 Le Lombard<\/span><\/em><\/figcaption><\/figure>\n<p>Cela dit, ne croyez pas que ce livre est un livre \u00e0 messages\u00a0! C\u2019est, d\u2019abord et avant tout, un livre d\u2019aventure, comme je le disais, un album qui se plonge dans les r\u00eaves de l\u2019enfance toujours pr\u00eate \u00e0 se jeter \u00e0 la poursuite des tr\u00e9sors les plus fous, \u00e0 empoigner la vie comme on s\u2019agrippe \u00e0 un vaisseau fant\u00f4me voguant sur les flots de tous les possibles\u00a0!<\/p>\n<p>Mais cette aventure qu\u2019ils vivent, qu\u2019ils veulent vivre et qui, petit \u00e0 petit, les d\u00e9passe, cette aventure qui pourrait \u00eatre horrible, est temp\u00e9r\u00e9e, dans ce livre, par un sens du d\u00e9cor, de la part de Beno\u00eet Ers, bucolique souvent, presque po\u00e9tique aussi, et se livrant au fil du temps qui passe.<\/p>\n<p>L\u2019enfance devient adolescence, l\u2019hiver laisse la place au printemps, et ce sont ces contrastes quotidiens qui permettent \u00e0 l\u2019histoire de rester pudique, humaine, humaniste. Les saisons de la guerre sont aussi celles de l\u2019existence qui vieillit\u2026<\/p>\n<h6>Beno\u00eet Ers: les contrastes dans le dessin<\/h6>\n<audio class=\"wp-audio-shortcode\" id=\"audio-1569-4\" preload=\"none\" style=\"width: 100%;\" controls=\"controls\"><source type=\"audio\/mpeg\" src=\"http:\/\/bd-chroniques.be\/wp-content\/uploads\/2018\/02\/enfants-dessin-contraste.mp3?_=4\" \/><a href=\"http:\/\/bd-chroniques.be\/wp-content\/uploads\/2018\/02\/enfants-dessin-contraste.mp3\">http:\/\/bd-chroniques.be\/wp-content\/uploads\/2018\/02\/enfants-dessin-contraste.mp3<\/a><\/audio>\n<h6>Vincent Dugomier: l&rsquo;adolescence<\/h6>\n<audio class=\"wp-audio-shortcode\" id=\"audio-1569-5\" preload=\"none\" style=\"width: 100%;\" controls=\"controls\"><source type=\"audio\/mpeg\" src=\"http:\/\/bd-chroniques.be\/wp-content\/uploads\/2018\/02\/enfants-scen-adolescence.mp3?_=5\" \/><a href=\"http:\/\/bd-chroniques.be\/wp-content\/uploads\/2018\/02\/enfants-scen-adolescence.mp3\">http:\/\/bd-chroniques.be\/wp-content\/uploads\/2018\/02\/enfants-scen-adolescence.mp3<\/a><\/audio>\n<div class=\"rtbf-article-main__audio\">\n<div id=\"audio-O\" class=\"rtbf-article-main__embed embed-responsive embed-responsive-16by9\"><\/div>\n<\/div>\n<div class=\"rtbf-article-main__audio\">\n<div id=\"audio-P\" class=\"rtbf-article-main__embed embed-responsive embed-responsive-16by9\"><\/div>\n<\/div>\n<\/div>\n<div class=\"rtbf-paragraph  clearfix\">\n<figure class=\"www-media custom_large www-media--last js-gallery-figure\"><a id=\"image-9325635\" class=\"www-media-fullscreen js-gallery-image\" href=\"https:\/\/i0.wp.com\/ds1.static.rtbf.be\/article\/image\/1240x800\/d\/5\/4\/f4d4b020580f190ddbd50d912cb367f2-1519661522.jpg?ssl=1\" target=\"_blank\" rel=\"noopener\" data-id=\"9325635\"> <img data-recalc-dims=\"1\" decoding=\"async\" class=\"img-responsive www-img-full  lazyloaded\" title=\"Les enfants de la r\u00e9sistance\" src=\"https:\/\/i0.wp.com\/ds1.static.rtbf.be\/article\/image\/370xAuto\/d\/5\/4\/f4d4b020580f190ddbd50d912cb367f2-1519661522.jpg?w=768&#038;ssl=1\" sizes=\"(min-width: 1200px) calc(992px*0.66), (min-width: 992px) 66vw, 100vw\" srcset=\"https:\/\/ds1.static.rtbf.be\/article\/image\/370xAuto\/d\/5\/4\/f4d4b020580f190ddbd50d912cb367f2-1519661522.jpg 370w,https:\/\/ds1.static.rtbf.be\/article\/image\/770xAuto\/d\/5\/4\/f4d4b020580f190ddbd50d912cb367f2-1519661522.jpg 770w,https:\/\/ds1.static.rtbf.be\/article\/image\/1248xAuto\/d\/5\/4\/f4d4b020580f190ddbd50d912cb367f2-1519661522.jpg 1248w\" alt=\"Les enfants de la r\u00e9sistance\" data-sizes=\"(min-width: 1200px) calc(992px*0.66), (min-width: 992px) 66vw, 100vw\" data-srcset=\"https:\/\/ds1.static.rtbf.be\/article\/image\/370xAuto\/d\/5\/4\/f4d4b020580f190ddbd50d912cb367f2-1519661522.jpg 370w,https:\/\/ds1.static.rtbf.be\/article\/image\/770xAuto\/d\/5\/4\/f4d4b020580f190ddbd50d912cb367f2-1519661522.jpg 770w,https:\/\/ds1.static.rtbf.be\/article\/image\/1248xAuto\/d\/5\/4\/f4d4b020580f190ddbd50d912cb367f2-1519661522.jpg 1248w\" \/> <i class=\"ico ico-circle ico-stack-2x www-media-enlarge__bg\"><\/i> <i class=\"ico ico-expand ico-stack-1x ico-inverse www-media-enlarge__icon\"><\/i> <\/a><figcaption class=\"www-media-caption\"><em><span class=\"www-media-caption__text\">Les enfants de la r\u00e9sistance &#8211; \u00a9 Le Lombard<\/span><\/em><\/figcaption><\/figure>\n<p>Quand on aborde le sujet de la guerre 40\/45 en litt\u00e9rature, en bande dessin\u00e9e ou au cin\u00e9ma, la tentation du manich\u00e9isme est omnipr\u00e9sente. Le film \u00a0\u00bb\u00a0Dunkerke\u00a0\u00a0\u00bb en est un bel exemple\u00a0: belle \u0153uvre d\u2019aventure spectaculaire, ce film est loin, tr\u00e8s loin m\u00eame, d\u2019avoir l\u2019intensit\u00e9 humaine du \u00a0\u00bb\u00a0dernier week-end \u00e0 Zuydcoote\u00a0\u00a0\u00bb\u00a0!<\/p>\n<p>Ici, aucune vision \u00e0 l\u2019emporte-pi\u00e8ce d\u2019une \u00e9poque certes r\u00e9volue, mais toujours sujette \u00e0 bien des d\u00e9rives\u00a0! Le fait d\u2019avoir pris des enfants comme h\u00e9ros n\u2019est pas \u00e9tranger \u00e0 cette sorte d\u2019objectivit\u00e9 narrative, c\u2019est vrai. Mais il y a aussi la volont\u00e9 des deux auteurs de coller au plus pr\u00e8s, \u00e9galement, de ce que fut le quotidien de monsieur et madame tout le monde pendant cette p\u00e9riode sombre de l\u2019histoire du vingti\u00e8me si\u00e8cle. Et de ne porter aucun jugement a posteriori, m\u00eame en ce qui concerne les collaborateurs, voire la personnalit\u00e9 et la personne d\u2019un officier allemand confront\u00e9 \u00e0 une d\u00e9nonciation\u2026<\/p>\n<h6>Vincent Dugomier et Beno\u00eet Ers: pas de manich\u00e9isme &#8230;<\/h6>\n<audio class=\"wp-audio-shortcode\" id=\"audio-1569-6\" preload=\"none\" style=\"width: 100%;\" controls=\"controls\"><source type=\"audio\/mpeg\" src=\"http:\/\/bd-chroniques.be\/wp-content\/uploads\/2018\/02\/enfants-les-2-manich\u00aesime.mp3?_=6\" \/><a href=\"http:\/\/bd-chroniques.be\/wp-content\/uploads\/2018\/02\/enfants-les-2-manich\u00aesime.mp3\">http:\/\/bd-chroniques.be\/wp-content\/uploads\/2018\/02\/enfants-les-2-manich\u00aesime.mp3<\/a><\/audio>\n<div class=\"rtbf-article-main__audio\">\n<div id=\"audio-O\" class=\"rtbf-article-main__embed embed-responsive embed-responsive-16by9\"><\/div>\n<\/div>\n<\/div>\n<div class=\"rtbf-paragraph  clearfix\">\n<figure class=\"www-media custom_large www-media--last js-gallery-figure\"><a id=\"image-9325636\" class=\"www-media-fullscreen js-gallery-image\" href=\"https:\/\/i0.wp.com\/ds1.static.rtbf.be\/article\/image\/1240x800\/c\/a\/1\/fb6e823079f7f909798ae90e00659da8-1519661592.jpg?ssl=1\" target=\"_blank\" rel=\"noopener\" data-id=\"9325636\"> <img data-recalc-dims=\"1\" decoding=\"async\" class=\"img-responsive www-img-full  lazyloaded\" title=\"Les enfants de la r\u00e9sistance\" src=\"https:\/\/i0.wp.com\/ds1.static.rtbf.be\/article\/image\/370xAuto\/c\/a\/1\/fb6e823079f7f909798ae90e00659da8-1519661592.jpg?w=768&#038;ssl=1\" sizes=\"(min-width: 1200px) calc(992px*0.66), (min-width: 992px) 66vw, 100vw\" srcset=\"https:\/\/ds1.static.rtbf.be\/article\/image\/370xAuto\/c\/a\/1\/fb6e823079f7f909798ae90e00659da8-1519661592.jpg 370w,https:\/\/ds1.static.rtbf.be\/article\/image\/770xAuto\/c\/a\/1\/fb6e823079f7f909798ae90e00659da8-1519661592.jpg 770w,https:\/\/ds1.static.rtbf.be\/article\/image\/1248xAuto\/c\/a\/1\/fb6e823079f7f909798ae90e00659da8-1519661592.jpg 1248w\" alt=\"Les enfants de la r\u00e9sistance\" data-sizes=\"(min-width: 1200px) calc(992px*0.66), (min-width: 992px) 66vw, 100vw\" data-srcset=\"https:\/\/ds1.static.rtbf.be\/article\/image\/370xAuto\/c\/a\/1\/fb6e823079f7f909798ae90e00659da8-1519661592.jpg 370w,https:\/\/ds1.static.rtbf.be\/article\/image\/770xAuto\/c\/a\/1\/fb6e823079f7f909798ae90e00659da8-1519661592.jpg 770w,https:\/\/ds1.static.rtbf.be\/article\/image\/1248xAuto\/c\/a\/1\/fb6e823079f7f909798ae90e00659da8-1519661592.jpg 1248w\" \/> <i class=\"ico ico-circle ico-stack-2x www-media-enlarge__bg\"><\/i> <i class=\"ico ico-expand ico-stack-1x ico-inverse www-media-enlarge__icon\"><\/i> <\/a><figcaption class=\"www-media-caption\"><em><span class=\"www-media-caption__text\">Les enfants de la r\u00e9sistance &#8211; \u00a9 Le Lombard<\/span><\/em><\/figcaption><\/figure>\n<p>Quatri\u00e8me tome, d\u00e9j\u00e0, de cette s\u00e9rie qui plaira autant aux adolescents qu\u2019\u00e0 leurs parents.<\/p>\n<p>Quatri\u00e8me tome, oui, et d\u2019autres doivent encore venir, pour nous enthousiasmer, nous passionner, toutes et tous.<\/p>\n<p>Quatri\u00e8me tome, et l\u2019int\u00e9r\u00eat, \u00e0 aucun moment, ne faiblit.<\/p>\n<p>Une s\u00e9rie importante, avec \u00e9vidence, qui prouve, si le besoin s\u2019en faisait encore sentir, que la bande dessin\u00e9e est un art, et un langage surtout, \u00e0 part enti\u00e8re\u00a0!&#8230;<\/p>\n<p>&nbsp;<\/p>\n<p><strong>Jacques Schra\u00fbwen<\/strong><\/p>\n<p><strong>Les enfants de la R\u00e9sistance\u00a0: 4. L\u2019Escalade (dessin\u00a0: Beno\u00eet Ers \u2013 sc\u00e9nario\u00a0: Vincent Dugomier \u2013 \u00e9diteur\u00a0: Le Lombard)<\/strong><\/p>\n<\/div>\n","protected":false},"excerpt":{"rendered":"<p>Quatri\u00e8me tome, d\u00e9j\u00e0, pour cette excellente s\u00e9rie, destin\u00e9e \u00e0 tous les publics. Les enfants deviennent adolescents, ils r\u00e9sistent toujours, et la guerre plonge doucement dans l\u2019horreur du g\u00e9nocide\u2026 Une chronique \u00e0 lire, \u00e0 regarder, et o\u00f9 \u00e9couter les auteurs !&#8230; Les enfants de la r\u00e9sistance &#8211; \u00a9 Le Lombard Dans les trois premiers volumes de [&hellip;]<\/p>\n","protected":false},"author":1,"featured_media":1570,"comment_status":"open","ping_status":"open","sticky":false,"template":"","format":"standard","meta":{"jetpack_post_was_ever_published":false,"_jetpack_newsletter_access":"","_jetpack_dont_email_post_to_subs":false,"_jetpack_newsletter_tier_id":0,"_jetpack_memberships_contains_paywalled_content":false,"_jetpack_memberships_contains_paid_content":false,"footnotes":"","jetpack_publicize_message":"","jetpack_publicize_feature_enabled":true,"jetpack_social_post_already_shared":true,"jetpack_social_options":{"image_generator_settings":{"template":"highway","default_image_id":0,"font":"","enabled":false},"version":2}},"categories":[14,20],"tags":[],"class_list":["post-1569","post","type-post","status-publish","format-standard","has-post-thumbnail","hentry","category-bd-de-a-a-f","category-e"],"jetpack_publicize_connections":[],"jetpack_featured_media_url":"https:\/\/i0.wp.com\/bd-chroniques.be\/wp-content\/uploads\/2018\/02\/fd69dbe29f156a7ef876a40a94f65599-1519660990.jpg?fit=1248%2C701&ssl=1","jetpack_shortlink":"https:\/\/wp.me\/p8dqsu-pj","jetpack_likes_enabled":true,"jetpack_sharing_enabled":true,"_links":{"self":[{"href":"https:\/\/bd-chroniques.be\/index.php\/wp-json\/wp\/v2\/posts\/1569","targetHints":{"allow":["GET"]}}],"collection":[{"href":"https:\/\/bd-chroniques.be\/index.php\/wp-json\/wp\/v2\/posts"}],"about":[{"href":"https:\/\/bd-chroniques.be\/index.php\/wp-json\/wp\/v2\/types\/post"}],"author":[{"embeddable":true,"href":"https:\/\/bd-chroniques.be\/index.php\/wp-json\/wp\/v2\/users\/1"}],"replies":[{"embeddable":true,"href":"https:\/\/bd-chroniques.be\/index.php\/wp-json\/wp\/v2\/comments?post=1569"}],"version-history":[{"count":1,"href":"https:\/\/bd-chroniques.be\/index.php\/wp-json\/wp\/v2\/posts\/1569\/revisions"}],"predecessor-version":[{"id":1577,"href":"https:\/\/bd-chroniques.be\/index.php\/wp-json\/wp\/v2\/posts\/1569\/revisions\/1577"}],"wp:featuredmedia":[{"embeddable":true,"href":"https:\/\/bd-chroniques.be\/index.php\/wp-json\/wp\/v2\/media\/1570"}],"wp:attachment":[{"href":"https:\/\/bd-chroniques.be\/index.php\/wp-json\/wp\/v2\/media?parent=1569"}],"wp:term":[{"taxonomy":"category","embeddable":true,"href":"https:\/\/bd-chroniques.be\/index.php\/wp-json\/wp\/v2\/categories?post=1569"},{"taxonomy":"post_tag","embeddable":true,"href":"https:\/\/bd-chroniques.be\/index.php\/wp-json\/wp\/v2\/tags?post=1569"}],"curies":[{"name":"wp","href":"https:\/\/api.w.org\/{rel}","templated":true}]}}