{"id":166,"date":"2016-12-18T17:35:11","date_gmt":"2016-12-18T16:35:11","guid":{"rendered":"http:\/\/bd-chroniques.be\/?p=166"},"modified":"2016-12-18T17:35:11","modified_gmt":"2016-12-18T16:35:11","slug":"les-aigles-de-rome-livre-v","status":"publish","type":"post","link":"https:\/\/bd-chroniques.be\/index.php\/2016\/12\/18\/les-aigles-de-rome-livre-v\/","title":{"rendered":"Les Aigles de Rome : Livre V"},"content":{"rendered":"<p>&nbsp;<\/p>\n<p>La bande dessin\u00e9e historique a ses h\u00e9rauts : Enrico Marini en est peut-\u00eatre le plus d\u00e9mesur\u00e9 des membres, et il le prouve encore une fois dans ce superbe cinqui\u00e8me volet des Aigles de Rome !<\/p>\n<p><img data-recalc-dims=\"1\" loading=\"lazy\" decoding=\"async\" class=\"alignnone size-full wp-image-168\" src=\"https:\/\/i0.wp.com\/bd-chroniques.be\/wp-content\/uploads\/2016\/12\/5e8d9b0957c64865a50e54a104073906-1481287738.jpg?resize=768%2C1012\" alt=\"\" width=\"768\" height=\"1012\" srcset=\"https:\/\/i0.wp.com\/bd-chroniques.be\/wp-content\/uploads\/2016\/12\/5e8d9b0957c64865a50e54a104073906-1481287738.jpg?w=770&amp;ssl=1 770w, https:\/\/i0.wp.com\/bd-chroniques.be\/wp-content\/uploads\/2016\/12\/5e8d9b0957c64865a50e54a104073906-1481287738.jpg?resize=228%2C300&amp;ssl=1 228w, https:\/\/i0.wp.com\/bd-chroniques.be\/wp-content\/uploads\/2016\/12\/5e8d9b0957c64865a50e54a104073906-1481287738.jpg?resize=768%2C1012&amp;ssl=1 768w\" sizes=\"auto, (max-width: 768px) 100vw, 768px\" \/><\/p>\n<p><em>Les aigles de Rome &#8211; \u00a9 Dargaud<\/em><\/p>\n<p>Cela faisait trois ans qu\u2019on attendait ce nouvel album d\u2019une s\u00e9rie \u00e9pique, fouill\u00e9e, intelligente&#8230; Le voici, enfin, et l\u2019attente de tous les admirateurs de Marini n\u2019est pas d\u00e9\u00e7ue, loin de l\u00e0 ! Ce livre cinq est, tant au niveau du sc\u00e9nario que du dessin, une totale r\u00e9ussite.<\/p>\n<p>Nous sommes toujours au tout d\u00e9but de notre \u00e8re. Et cet album se consacre presque exclusivement, cette fois, \u00e0 une bataille, cruelle, brutale, violente, sans piti\u00e9, une guerre totale opposant les l\u00e9gions romaines et les hordes de barbares germaniques. Une bataille qui va humilier la grande et omnipotente Rome, et qui met en sc\u00e8ne, en face-\u00e0-face, les deux personnages centraux de cette saga \u00e9pique : Marcus, le Romain, et Arminius, le Germain. Ils furent amis, les voici d\u00e9finitivement ennemis, et sans aucune possibilit\u00e9 de retour en arri\u00e8re. Ennemis et se battant, tous deux, pour des id\u00e9es oppos\u00e9es de libert\u00e9 et de pouvoir.<\/p>\n<p>Ce cinqui\u00e8me volume se caract\u00e9rise par une superbe ma\u00eetrise graphique de la part d\u2019Enrico Marini. Une ma\u00eetrise qui rend parfaitement la trag\u00e9die humaine des personnages qu\u2019il semble diriger comme un metteur en sc\u00e8ne de cin\u00e9ma, qui rend encore mieux, et sans pudeur, la violence et la brutalit\u00e9 des combats, la cruaut\u00e9 innommable des combattants, et le pouvoir de la mort, au-del\u00e0 de tous les autres pouvoirs.<\/p>\n<h4 class=\"audio-player__title\">Enrico Marini: la violence<\/h4>\n<audio class=\"wp-audio-shortcode\" id=\"audio-166-1\" preload=\"none\" style=\"width: 100%;\" controls=\"controls\"><source type=\"audio\/mpeg\" src=\"http:\/\/bd-chroniques.be\/wp-content\/uploads\/2016\/12\/marini_violence_1481287415.mp3?_=1\" \/><a href=\"http:\/\/bd-chroniques.be\/wp-content\/uploads\/2016\/12\/marini_violence_1481287415.mp3\">http:\/\/bd-chroniques.be\/wp-content\/uploads\/2016\/12\/marini_violence_1481287415.mp3<\/a><\/audio>\n<h4 class=\"audio-player__title\">Enrico Marini: libert\u00e9 et pouvoir<\/h4>\n<audio class=\"wp-audio-shortcode\" id=\"audio-166-2\" preload=\"none\" style=\"width: 100%;\" controls=\"controls\"><source type=\"audio\/mpeg\" src=\"http:\/\/bd-chroniques.be\/wp-content\/uploads\/2016\/12\/marini_liberteetpouvoir_1481287258.mp3?_=2\" \/><a href=\"http:\/\/bd-chroniques.be\/wp-content\/uploads\/2016\/12\/marini_liberteetpouvoir_1481287258.mp3\">http:\/\/bd-chroniques.be\/wp-content\/uploads\/2016\/12\/marini_liberteetpouvoir_1481287258.mp3<\/a><\/audio>\n<p><img data-recalc-dims=\"1\" loading=\"lazy\" decoding=\"async\" class=\"alignnone size-full wp-image-171\" src=\"https:\/\/i0.wp.com\/bd-chroniques.be\/wp-content\/uploads\/2016\/12\/fc384bdba4c284b2b1183495f184d01f-1481287845.jpg?resize=768%2C1012\" alt=\"\" width=\"768\" height=\"1012\" srcset=\"https:\/\/i0.wp.com\/bd-chroniques.be\/wp-content\/uploads\/2016\/12\/fc384bdba4c284b2b1183495f184d01f-1481287845.jpg?w=770&amp;ssl=1 770w, https:\/\/i0.wp.com\/bd-chroniques.be\/wp-content\/uploads\/2016\/12\/fc384bdba4c284b2b1183495f184d01f-1481287845.jpg?resize=228%2C300&amp;ssl=1 228w, https:\/\/i0.wp.com\/bd-chroniques.be\/wp-content\/uploads\/2016\/12\/fc384bdba4c284b2b1183495f184d01f-1481287845.jpg?resize=768%2C1012&amp;ssl=1 768w\" sizes=\"auto, (max-width: 768px) 100vw, 768px\" \/><\/p>\n<p><em>Les aigles de Rome &#8211; \u00a9 Dargaud<\/em><\/p>\n<p>Ma\u00eetre d\u2019\u0153uvre complet de sa s\u00e9rie, Enrico Marini a longuement m\u00fbri son sc\u00e9nario, c\u2019est \u00e9vident. Le temps qu\u2019il a mis \u00e0 nous offrir (et le terme est bien choisi\u2026) ce nouvel \u00e9pisode de sa s\u00e9rie, il l\u2019a mis \u00e0 profit pour faire de son r\u00e9cit une v\u00e9ritable fresque \u00e0 la fois historique et humaine. M\u00eame dans ses sc\u00e8nes de combat, et ce livre en est \u00e9maill\u00e9, il r\u00e9ussit \u00e0 nous faire plonger, nous les lecteurs, au c\u0153ur de la bataille et de l\u2019horreur, gr\u00e2ce \u00e0 sa mani\u00e8re de faire corps, graphiquement, avec son sc\u00e9nario, gr\u00e2ce \u00e0 sa fa\u00e7on de dessiner toutes les sc\u00e8nes importantes \u00e0 hauteur d\u2019homme, sans effets inutiles, de perspectives entre autres.<\/p>\n<p>Et comment ne pas mettre en \u00e9vidence aussi son travail de la couleur, son talent, par exemple, \u00e0 rendre compte de la brume de laquelle sortent les guerriers\u2026 Il y a l\u00e0 un travail similaire \u00e0 celui, en noir et blanc, d\u2019un Whrigtson, aux Etats-Unis, par exemple\u2026<\/p>\n<h4 class=\"audio-player__title\">Enrico Marini: du sc\u00e9nario au dessin<\/h4>\n<audio class=\"wp-audio-shortcode\" id=\"audio-166-3\" preload=\"none\" style=\"width: 100%;\" controls=\"controls\"><source type=\"audio\/mpeg\" src=\"http:\/\/bd-chroniques.be\/wp-content\/uploads\/2016\/12\/marini_duscenaraudessin_1481287180.mp3?_=3\" \/><a href=\"http:\/\/bd-chroniques.be\/wp-content\/uploads\/2016\/12\/marini_duscenaraudessin_1481287180.mp3\">http:\/\/bd-chroniques.be\/wp-content\/uploads\/2016\/12\/marini_duscenaraudessin_1481287180.mp3<\/a><\/audio>\n<p><img data-recalc-dims=\"1\" loading=\"lazy\" decoding=\"async\" class=\"alignnone size-full wp-image-173\" src=\"https:\/\/i0.wp.com\/bd-chroniques.be\/wp-content\/uploads\/2016\/12\/4ccdca7c100aa89288534e3d3a096a59-1481287960.jpg?resize=768%2C1012\" alt=\"\" width=\"768\" height=\"1012\" srcset=\"https:\/\/i0.wp.com\/bd-chroniques.be\/wp-content\/uploads\/2016\/12\/4ccdca7c100aa89288534e3d3a096a59-1481287960.jpg?w=770&amp;ssl=1 770w, https:\/\/i0.wp.com\/bd-chroniques.be\/wp-content\/uploads\/2016\/12\/4ccdca7c100aa89288534e3d3a096a59-1481287960.jpg?resize=228%2C300&amp;ssl=1 228w, https:\/\/i0.wp.com\/bd-chroniques.be\/wp-content\/uploads\/2016\/12\/4ccdca7c100aa89288534e3d3a096a59-1481287960.jpg?resize=768%2C1012&amp;ssl=1 768w\" sizes=\"auto, (max-width: 768px) 100vw, 768px\" \/><\/p>\n<p><em>Les aigles de Rome &#8211; \u00a9 Dargaud<\/em><\/p>\n<p>Ce qui nourrit \u00e9galement la richesse \u00e0 la fois du sc\u00e9nario et du dessin de Marini, c\u2019est le soin qu\u2019il a pris \u00e0 se documenter. Dans ce domaine, il appartient totalement \u00e0 la lign\u00e9e d\u2019un Jacques Martin. Mais son talent est de r\u00e9ussir \u00e0 ce que sa culture, son \u00e9rudition m\u00eame, n\u2019interf\u00e8rent \u00e0 aucun moment sur la construction narrative de son album. Parce que la finalit\u00e9 n\u2019est pas de nous plonger dans une \u0153uvre historique, mais de nous faire assister \u00e0 un spectacle n\u00e9 d\u2019une imagination fertile, mais d\u2019une imagination soucieuse de respecter \u00e0 la fois le rythme d\u2019une aventure \u00e9pique et la v\u00e9racit\u00e9 historique.<\/p>\n<h4 class=\"audio-player__title\">Enrico Marini: la documentation<\/h4>\n<audio class=\"wp-audio-shortcode\" id=\"audio-166-4\" preload=\"none\" style=\"width: 100%;\" controls=\"controls\"><source type=\"audio\/mpeg\" src=\"http:\/\/bd-chroniques.be\/wp-content\/uploads\/2016\/12\/marini_doc_1481287106.mp3?_=4\" \/><a href=\"http:\/\/bd-chroniques.be\/wp-content\/uploads\/2016\/12\/marini_doc_1481287106.mp3\">http:\/\/bd-chroniques.be\/wp-content\/uploads\/2016\/12\/marini_doc_1481287106.mp3<\/a><\/audio>\n<p><img data-recalc-dims=\"1\" loading=\"lazy\" decoding=\"async\" class=\"alignnone size-full wp-image-175\" src=\"https:\/\/i0.wp.com\/bd-chroniques.be\/wp-content\/uploads\/2016\/12\/434a0fded8e101a04c6aa547b078db1d-1481288203.jpg?resize=768%2C1012\" alt=\"\" width=\"768\" height=\"1012\" srcset=\"https:\/\/i0.wp.com\/bd-chroniques.be\/wp-content\/uploads\/2016\/12\/434a0fded8e101a04c6aa547b078db1d-1481288203.jpg?w=770&amp;ssl=1 770w, https:\/\/i0.wp.com\/bd-chroniques.be\/wp-content\/uploads\/2016\/12\/434a0fded8e101a04c6aa547b078db1d-1481288203.jpg?resize=228%2C300&amp;ssl=1 228w, https:\/\/i0.wp.com\/bd-chroniques.be\/wp-content\/uploads\/2016\/12\/434a0fded8e101a04c6aa547b078db1d-1481288203.jpg?resize=768%2C1012&amp;ssl=1 768w\" sizes=\"auto, (max-width: 768px) 100vw, 768px\" \/><\/p>\n<p><em>Les aigles de Rome &#8211; \u00a9 Dargaud<\/em><\/p>\n<p>Une aventure \u00e9pique, oui, voil\u00e0 ce qu\u2019est cette s\u00e9rie et, singuli\u00e8rement, ce livre cinqui\u00e8me. Une trag\u00e9die, aussi, et surtout peut-\u00eatre, puisque les th\u00e8mes qui sous-tendent toute l\u2019histoire que nous raconte Enrico Marini sont profond\u00e9ment tragiques et \u00ab\u00a0universellement\u00a0\u00bb tragiques. L\u2019amour, la haine, l\u2019amiti\u00e9, la paternit\u00e9, la trahison, les normes impos\u00e9es par une soci\u00e9t\u00e9, quelle qu\u2019elle soit, c\u2019est bien de cela qu\u2019il s\u2019agit, depuis le d\u00e9but de cette s\u00e9rie, mais encore plus dans ce volume-ci, o\u00f9 Marcus se doit de se battre pour son pays, certes, mais surtout pour sauver la femme qu\u2019il aime et l\u2019enfant qui est sien mais qu\u2019il n\u2019a pas pu \u00e9duquer. Un enfant, on le sent, on le devine, qui va, dans les albums suivants, prendre de plus en plus de place !&#8230;<\/p>\n<h4 class=\"audio-player__title\">Enrico Marini: l&rsquo;amiti\u00e9<\/h4>\n<audio class=\"wp-audio-shortcode\" id=\"audio-166-5\" preload=\"none\" style=\"width: 100%;\" controls=\"controls\"><source type=\"audio\/mpeg\" src=\"http:\/\/bd-chroniques.be\/wp-content\/uploads\/2016\/12\/marini_amitie_1481287028.mp3?_=5\" \/><a href=\"http:\/\/bd-chroniques.be\/wp-content\/uploads\/2016\/12\/marini_amitie_1481287028.mp3\">http:\/\/bd-chroniques.be\/wp-content\/uploads\/2016\/12\/marini_amitie_1481287028.mp3<\/a><\/audio>\n<h4 class=\"audio-player__title\">Enrico Marini: la paternit\u00e9<\/h4>\n<audio class=\"wp-audio-shortcode\" id=\"audio-166-6\" preload=\"none\" style=\"width: 100%;\" controls=\"controls\"><source type=\"audio\/mpeg\" src=\"http:\/\/bd-chroniques.be\/wp-content\/uploads\/2016\/12\/marini_paternite_1481287349.mp3?_=6\" \/><a href=\"http:\/\/bd-chroniques.be\/wp-content\/uploads\/2016\/12\/marini_paternite_1481287349.mp3\">http:\/\/bd-chroniques.be\/wp-content\/uploads\/2016\/12\/marini_paternite_1481287349.mp3<\/a><\/audio>\n<p><img data-recalc-dims=\"1\" loading=\"lazy\" decoding=\"async\" class=\"alignnone size-full wp-image-178\" src=\"https:\/\/i0.wp.com\/bd-chroniques.be\/wp-content\/uploads\/2016\/12\/94601bb00fa2dfe4bddbb65d123e3ea3-1481288310.jpg?resize=768%2C1011\" alt=\"\" width=\"768\" height=\"1011\" srcset=\"https:\/\/i0.wp.com\/bd-chroniques.be\/wp-content\/uploads\/2016\/12\/94601bb00fa2dfe4bddbb65d123e3ea3-1481288310.jpg?w=770&amp;ssl=1 770w, https:\/\/i0.wp.com\/bd-chroniques.be\/wp-content\/uploads\/2016\/12\/94601bb00fa2dfe4bddbb65d123e3ea3-1481288310.jpg?resize=228%2C300&amp;ssl=1 228w, https:\/\/i0.wp.com\/bd-chroniques.be\/wp-content\/uploads\/2016\/12\/94601bb00fa2dfe4bddbb65d123e3ea3-1481288310.jpg?resize=768%2C1011&amp;ssl=1 768w\" sizes=\"auto, (max-width: 768px) 100vw, 768px\" \/><\/p>\n<p><em>Les aigles de Rome &#8211; \u00a9 Dargaud<\/em><\/p>\n<p>Enrico Marini est, \u00e0 mon humble avis, un des tout grands dessinateurs r\u00e9alistes et historiques de la BD.<\/p>\n<p>Son graphisme et son sens du sc\u00e9nario r\u00e9ussissent \u00e0 int\u00e9grer des influences, certainement, mais \u00e0 en faire quelque chose de formidablement personnel ! Le Scorpion \u00e9tait une s\u00e9rie pleine de puissance, d\u00e9j\u00e0\u2026 Mais c\u2019est ici, me semble-t-il, dans ces \u00a0\u00bb Aigles de Rome \u00ab\u00a0, que tout son talent, tout son art osons le dire, explose litt\u00e9ralement.<\/p>\n<p>Lisez ce livre V et, si ce n\u2019est d\u00e9j\u00e0 chose faite, plongez-vous dans les quatre volumes pr\u00e9c\u00e9dents pour d\u00e9couvrir toute la valeur d\u2019un Enrico Marini dont la place se situe aux c\u00f4t\u00e9s des plus grands, de Delaby \u00e0 Hermann\u2026<\/p>\n<p>&nbsp;<\/p>\n<p><strong>Jacques Schra\u00fbwen<\/strong><\/p>\n<p><strong>Les Aigles de Rome : Livre V (auteur : Enrico Marini \u2013 \u00e9diteur : Dargaud \u2013 novembre 2016)<\/strong><\/p>\n","protected":false},"excerpt":{"rendered":"<p>&nbsp; La bande dessin\u00e9e historique a ses h\u00e9rauts : Enrico Marini en est peut-\u00eatre le plus d\u00e9mesur\u00e9 des membres, et il le prouve encore une fois dans ce superbe cinqui\u00e8me volet des Aigles de Rome ! Les aigles de Rome &#8211; \u00a9 Dargaud Cela faisait trois ans qu\u2019on attendait ce nouvel album d\u2019une s\u00e9rie \u00e9pique, [&hellip;]<\/p>\n","protected":false},"author":1,"featured_media":167,"comment_status":"open","ping_status":"open","sticky":false,"template":"","format":"standard","meta":{"jetpack_post_was_ever_published":false,"_jetpack_newsletter_access":"","_jetpack_dont_email_post_to_subs":false,"_jetpack_newsletter_tier_id":0,"_jetpack_memberships_contains_paywalled_content":false,"_jetpack_memberships_contains_paid_content":false,"footnotes":"","jetpack_publicize_message":"","jetpack_publicize_feature_enabled":true,"jetpack_social_post_already_shared":true,"jetpack_social_options":{"image_generator_settings":{"template":"highway","default_image_id":0,"font":"","enabled":false},"version":2}},"categories":[16,14],"tags":[],"class_list":["post-166","post","type-post","status-publish","format-standard","has-post-thumbnail","hentry","category-a","category-bd-de-a-a-f"],"jetpack_publicize_connections":[],"jetpack_featured_media_url":"https:\/\/i0.wp.com\/bd-chroniques.be\/wp-content\/uploads\/2016\/12\/594322935c51be83a03c2e606f19b681-1481287574.jpg?fit=1248%2C701&ssl=1","jetpack_shortlink":"https:\/\/wp.me\/p8dqsu-2G","jetpack_likes_enabled":true,"jetpack_sharing_enabled":true,"_links":{"self":[{"href":"https:\/\/bd-chroniques.be\/index.php\/wp-json\/wp\/v2\/posts\/166","targetHints":{"allow":["GET"]}}],"collection":[{"href":"https:\/\/bd-chroniques.be\/index.php\/wp-json\/wp\/v2\/posts"}],"about":[{"href":"https:\/\/bd-chroniques.be\/index.php\/wp-json\/wp\/v2\/types\/post"}],"author":[{"embeddable":true,"href":"https:\/\/bd-chroniques.be\/index.php\/wp-json\/wp\/v2\/users\/1"}],"replies":[{"embeddable":true,"href":"https:\/\/bd-chroniques.be\/index.php\/wp-json\/wp\/v2\/comments?post=166"}],"version-history":[{"count":1,"href":"https:\/\/bd-chroniques.be\/index.php\/wp-json\/wp\/v2\/posts\/166\/revisions"}],"predecessor-version":[{"id":179,"href":"https:\/\/bd-chroniques.be\/index.php\/wp-json\/wp\/v2\/posts\/166\/revisions\/179"}],"wp:featuredmedia":[{"embeddable":true,"href":"https:\/\/bd-chroniques.be\/index.php\/wp-json\/wp\/v2\/media\/167"}],"wp:attachment":[{"href":"https:\/\/bd-chroniques.be\/index.php\/wp-json\/wp\/v2\/media?parent=166"}],"wp:term":[{"taxonomy":"category","embeddable":true,"href":"https:\/\/bd-chroniques.be\/index.php\/wp-json\/wp\/v2\/categories?post=166"},{"taxonomy":"post_tag","embeddable":true,"href":"https:\/\/bd-chroniques.be\/index.php\/wp-json\/wp\/v2\/tags?post=166"}],"curies":[{"name":"wp","href":"https:\/\/api.w.org\/{rel}","templated":true}]}}