{"id":1774,"date":"2018-04-24T10:16:41","date_gmt":"2018-04-24T08:16:41","guid":{"rendered":"http:\/\/bd-chroniques.be\/?p=1774"},"modified":"2018-04-24T10:16:41","modified_gmt":"2018-04-24T08:16:41","slug":"est-ouest","status":"publish","type":"post","link":"https:\/\/bd-chroniques.be\/index.php\/2018\/04\/24\/est-ouest\/","title":{"rendered":"Est-Ouest"},"content":{"rendered":"<p style=\"text-align: center;\"><strong>Une bd, une exposition au CBBD<\/strong><\/p>\n<div class=\"rtbf-paragraph\">\n<p>Un album lumineux, une exposition jusqu&rsquo;au 29 avril au Centre Belge de la Bande Dessin\u00e9e&#8230; Et, dans cette chronique, une interview de Philippe Aymond!<\/p>\n<\/div>\n<div class=\"rtbf-paragraph  clearfix\">\n<figure class=\"www-media custom_large www-media--last js-gallery-figure\"><a id=\"image-9365380\" class=\"www-media-fullscreen js-gallery-image\" href=\"https:\/\/i0.wp.com\/ds1.static.rtbf.be\/article\/image\/1240x800\/3\/2\/1\/ac81eec76c5ba134e2e07f06d3539f7a-1523786404.jpg?ssl=1\" target=\"_blank\" rel=\"noopener\" data-id=\"9365380\"> <img data-recalc-dims=\"1\" loading=\"lazy\" decoding=\"async\" class=\"img-responsive www-img-full  lazyloaded aligncenter\" title=\"Est-Ouest\" src=\"https:\/\/i0.wp.com\/ds1.static.rtbf.be\/article\/image\/370xAuto\/3\/2\/1\/ac81eec76c5ba134e2e07f06d3539f7a-1523786404.jpg?resize=768%2C512&#038;ssl=1\" sizes=\"auto, (min-width: 1200px) calc(992px*0.66), (min-width: 992px) 66vw, 100vw\" srcset=\"https:\/\/ds1.static.rtbf.be\/article\/image\/370xAuto\/3\/2\/1\/ac81eec76c5ba134e2e07f06d3539f7a-1523786404.jpg 370w,https:\/\/ds1.static.rtbf.be\/article\/image\/770xAuto\/3\/2\/1\/ac81eec76c5ba134e2e07f06d3539f7a-1523786404.jpg 770w,https:\/\/ds1.static.rtbf.be\/article\/image\/1248xAuto\/3\/2\/1\/ac81eec76c5ba134e2e07f06d3539f7a-1523786404.jpg 1248w\" alt=\"Est-Ouest\" width=\"768\" height=\"512\" data-sizes=\"(min-width: 1200px) calc(992px*0.66), (min-width: 992px) 66vw, 100vw\" data-srcset=\"https:\/\/ds1.static.rtbf.be\/article\/image\/370xAuto\/3\/2\/1\/ac81eec76c5ba134e2e07f06d3539f7a-1523786404.jpg 370w,https:\/\/ds1.static.rtbf.be\/article\/image\/770xAuto\/3\/2\/1\/ac81eec76c5ba134e2e07f06d3539f7a-1523786404.jpg 770w,https:\/\/ds1.static.rtbf.be\/article\/image\/1248xAuto\/3\/2\/1\/ac81eec76c5ba134e2e07f06d3539f7a-1523786404.jpg 1248w\" \/> <i class=\"ico ico-circle ico-stack-2x www-media-enlarge__bg\"><\/i> <i class=\"ico ico-expand ico-stack-1x ico-inverse www-media-enlarge__icon\"><\/i> <\/a><figcaption class=\"www-media-caption\"><em><span class=\"www-media-caption__text\">Est-Ouest &#8211; \u00a9 Centre Belge de la Bande Dessin\u00e9e<\/span><\/em><\/figcaption><figcaption><\/figcaption><figcaption><\/figcaption><\/figure>\n<p>Une road-bd\u00a0?&#8230;. Oui et non\u2026 Bien s\u00fbr, il y a des voyages, ceux de Pierre Christin, aux Etats-Unis et en Europe de l\u2019Est, dans les ann\u00e9es 60\u2026 Bien s\u00fbr, il y a le sous-titre de ce livre\u00a0: \u00a0\u00bb\u00a0choses vues par Pierre Christin et dessin\u00e9es par Philippe Aymond\u00a0\u00ab\u00a0. Et donc, oui, on se trouve dans une bande dessin\u00e9e consacr\u00e9e \u00e0 des voyages\u2026 Mais ce sont les voyages d\u2019un auteur embl\u00e9matique du neuvi\u00e8me art, le sc\u00e9nariste Pierre Christin, donc des voyages \u00e0 la fois culturels, litt\u00e9raires et g\u00e9ographiques&#8230;<\/p>\n<p>Alors, un biopic en bd\u00a0?&#8230; Oui et non\u2026 Oui, parce que cet album s\u2019attache aux pas de Pierre Christin, des pas qui le m\u00e8nent, certes, \u00e0 gauche et \u00e0 droite sur notre plan\u00e8te, des pas qui le conduisent, surtout, \u00e0 des rencontres humaines, politiques et artistiques.<\/p>\n<p>Il s\u2019agit donc, vous l\u2019aurez compris, plus d\u2019un portrait d\u2019un personnage curieux de tout, Pierre Christin, et du portrait, \u00e9galement, d\u2019une \u00e9poque au cours de laquelle les id\u00e9ologies occupaient une place pr\u00e9pond\u00e9rante dans la vie de tous les jours de nos soci\u00e9t\u00e9s occidentales.<\/p>\n<p>C\u2019est un album qui nous fait entrer, avec un dessin classique, dans ce que fut l\u2019univers d\u2019un des grands sc\u00e9naristes de la bd\u2026<\/p>\n<h6>Philippe Aymond: le livre<\/h6>\n<audio class=\"wp-audio-shortcode\" id=\"audio-1774-1\" preload=\"none\" style=\"width: 100%;\" controls=\"controls\"><source type=\"audio\/mpeg\" src=\"http:\/\/bd-chroniques.be\/wp-content\/uploads\/2018\/04\/estouest-livre.mp3?_=1\" \/><a href=\"http:\/\/bd-chroniques.be\/wp-content\/uploads\/2018\/04\/estouest-livre.mp3\">http:\/\/bd-chroniques.be\/wp-content\/uploads\/2018\/04\/estouest-livre.mp3<\/a><\/audio>\n<p>&nbsp;<\/p>\n<h6>Philippe Aymond: Pierre Christin \u00ab\u00a0dans son jus\u00a0\u00bb<\/h6>\n<audio class=\"wp-audio-shortcode\" id=\"audio-1774-2\" preload=\"none\" style=\"width: 100%;\" controls=\"controls\"><source type=\"audio\/mpeg\" src=\"http:\/\/bd-chroniques.be\/wp-content\/uploads\/2018\/04\/estouest-christindanssonjus.mp3?_=2\" \/><a href=\"http:\/\/bd-chroniques.be\/wp-content\/uploads\/2018\/04\/estouest-christindanssonjus.mp3\">http:\/\/bd-chroniques.be\/wp-content\/uploads\/2018\/04\/estouest-christindanssonjus.mp3<\/a><\/audio>\n<p>&nbsp;<\/p>\n<div class=\"rtbf-article-main__audio\">\n<div id=\"audio-P\" class=\"rtbf-article-main__embed embed-responsive embed-responsive-16by9\"><\/div>\n<\/div>\n<\/div>\n<div class=\"rtbf-paragraph  clearfix\">\n<figure class=\"www-media custom_large www-media--last js-gallery-figure\"><a id=\"image-9365381\" class=\"www-media-fullscreen js-gallery-image\" href=\"https:\/\/i0.wp.com\/ds1.static.rtbf.be\/article\/image\/1240x800\/2\/f\/7\/16908accae3efafd05a6ad23778a9062-1523786470.jpg?ssl=1\" target=\"_blank\" rel=\"noopener\" data-id=\"9365381\"> <img data-recalc-dims=\"1\" loading=\"lazy\" decoding=\"async\" class=\"img-responsive www-img-full  lazyloaded aligncenter\" title=\"Est-Ouest\" src=\"https:\/\/i0.wp.com\/ds1.static.rtbf.be\/article\/image\/370xAuto\/2\/f\/7\/16908accae3efafd05a6ad23778a9062-1523786470.jpg?resize=768%2C1002&#038;ssl=1\" sizes=\"auto, (min-width: 1200px) calc(992px*0.66), (min-width: 992px) 66vw, 100vw\" srcset=\"https:\/\/ds1.static.rtbf.be\/article\/image\/370xAuto\/2\/f\/7\/16908accae3efafd05a6ad23778a9062-1523786470.jpg 370w,https:\/\/ds1.static.rtbf.be\/article\/image\/770xAuto\/2\/f\/7\/16908accae3efafd05a6ad23778a9062-1523786470.jpg 770w,https:\/\/ds1.static.rtbf.be\/article\/image\/1248xAuto\/2\/f\/7\/16908accae3efafd05a6ad23778a9062-1523786470.jpg 1248w\" alt=\"Est-Ouest\" width=\"768\" height=\"1002\" data-sizes=\"(min-width: 1200px) calc(992px*0.66), (min-width: 992px) 66vw, 100vw\" data-srcset=\"https:\/\/ds1.static.rtbf.be\/article\/image\/370xAuto\/2\/f\/7\/16908accae3efafd05a6ad23778a9062-1523786470.jpg 370w,https:\/\/ds1.static.rtbf.be\/article\/image\/770xAuto\/2\/f\/7\/16908accae3efafd05a6ad23778a9062-1523786470.jpg 770w,https:\/\/ds1.static.rtbf.be\/article\/image\/1248xAuto\/2\/f\/7\/16908accae3efafd05a6ad23778a9062-1523786470.jpg 1248w\" \/> <i class=\"ico ico-circle ico-stack-2x www-media-enlarge__bg\"><\/i> <i class=\"ico ico-expand ico-stack-1x ico-inverse www-media-enlarge__icon\"><\/i> <\/a><figcaption class=\"www-media-caption\"><em><span class=\"www-media-caption__text\">Est-Ouest &#8211; \u00a9 Dupuis<\/span><\/em><\/figcaption><figcaption><\/figcaption><figcaption><\/figcaption><\/figure>\n<p>Pierre Christin est essentiellement un \u00eatre curieux, en effet.<\/p>\n<p>C\u2019est aussi un \u00e9crivain qui n\u2019est pas toujours \u00e9vident \u00e0 \u00a0\u00bb\u00a0cerner\u00a0\u00ab\u00a0, \u00e0 \u00a0\u00bb\u00a0d\u00e9finir\u00a0\u00ab\u00a0. Dans tous ses sc\u00e9narios, il aime \u00e0 m\u00e9langer, litt\u00e9rairement, les \u00e9poques, les r\u00e9f\u00e9rences, les lieux. Alors, quand il s\u2019agit, pour lui, de parler de sa vie, il n\u2019y a aucune raison qu\u2019il en aille diff\u00e9remment\u00a0!<\/p>\n<p>D\u2019o\u00f9 la construction de ce livre, assez particuli\u00e8re. Elle n\u2019a rien de lin\u00e9aire, et Philippe Aymond nous emm\u00e8ne, lecteurs attentifs et, ma foi, passionn\u00e9s, dans les deux p\u00f4les politiques de l\u2019histoire des ann\u00e9es 60\u2026 Il y a un grand \u00e9cart, c\u2019est certain, entre le communisme sovi\u00e9tique et le capitalisme am\u00e9ricain. Il y a donc une narration \u00e9clat\u00e9e pour nous d\u00e9crire, graphiquement, l\u2019itin\u00e9raire intellectuel d\u2019un homme qui a toujours voulu \u00a0\u00bb\u00a0juger sur pi\u00e8ces\u00a0\u00ab\u00a0. Mais cet \u00a0\u00bb\u00a0\u00e9clatement\u00a0\u00a0\u00bb du r\u00e9cit n\u2019enl\u00e8ve rien, fort heureusement, \u00e0 la lisibilit\u00e9 de cet album, et, finalement, correspond totalement \u00e0 l\u2019\u00e9tat d\u2019esprit de Christin.<\/p>\n<h6>Philippe Aymond: la narration<\/h6>\n<audio class=\"wp-audio-shortcode\" id=\"audio-1774-3\" preload=\"none\" style=\"width: 100%;\" controls=\"controls\"><source type=\"audio\/mpeg\" src=\"http:\/\/bd-chroniques.be\/wp-content\/uploads\/2018\/04\/estouest-narrationeclatee.mp3?_=3\" \/><a href=\"http:\/\/bd-chroniques.be\/wp-content\/uploads\/2018\/04\/estouest-narrationeclatee.mp3\">http:\/\/bd-chroniques.be\/wp-content\/uploads\/2018\/04\/estouest-narrationeclatee.mp3<\/a><\/audio>\n<p>&nbsp;<\/p>\n<div class=\"rtbf-article-main__audio\">\n<div id=\"audio-O\" class=\"rtbf-article-main__embed embed-responsive embed-responsive-16by9\"><\/div>\n<\/div>\n<\/div>\n<div class=\"rtbf-paragraph  clearfix\">\n<figure class=\"www-media custom_large www-media--last js-gallery-figure\"><a id=\"image-9365382\" class=\"www-media-fullscreen js-gallery-image\" href=\"https:\/\/i0.wp.com\/ds1.static.rtbf.be\/article\/image\/1240x800\/9\/3\/0\/18a88077bcf95cacfdf9df7c0df6fae7-1523786514.jpg?ssl=1\" target=\"_blank\" rel=\"noopener\" data-id=\"9365382\"> <img data-recalc-dims=\"1\" loading=\"lazy\" decoding=\"async\" class=\"img-responsive www-img-full  lazyloaded aligncenter\" title=\"Est-Ouest\" src=\"https:\/\/i0.wp.com\/ds1.static.rtbf.be\/article\/image\/370xAuto\/9\/3\/0\/18a88077bcf95cacfdf9df7c0df6fae7-1523786514.jpg?resize=768%2C543&#038;ssl=1\" sizes=\"auto, (min-width: 1200px) calc(992px*0.66), (min-width: 992px) 66vw, 100vw\" srcset=\"https:\/\/ds1.static.rtbf.be\/article\/image\/370xAuto\/9\/3\/0\/18a88077bcf95cacfdf9df7c0df6fae7-1523786514.jpg 370w,https:\/\/ds1.static.rtbf.be\/article\/image\/770xAuto\/9\/3\/0\/18a88077bcf95cacfdf9df7c0df6fae7-1523786514.jpg 770w,https:\/\/ds1.static.rtbf.be\/article\/image\/1248xAuto\/9\/3\/0\/18a88077bcf95cacfdf9df7c0df6fae7-1523786514.jpg 1248w\" alt=\"Est-Ouest\" width=\"768\" height=\"543\" data-sizes=\"(min-width: 1200px) calc(992px*0.66), (min-width: 992px) 66vw, 100vw\" data-srcset=\"https:\/\/ds1.static.rtbf.be\/article\/image\/370xAuto\/9\/3\/0\/18a88077bcf95cacfdf9df7c0df6fae7-1523786514.jpg 370w,https:\/\/ds1.static.rtbf.be\/article\/image\/770xAuto\/9\/3\/0\/18a88077bcf95cacfdf9df7c0df6fae7-1523786514.jpg 770w,https:\/\/ds1.static.rtbf.be\/article\/image\/1248xAuto\/9\/3\/0\/18a88077bcf95cacfdf9df7c0df6fae7-1523786514.jpg 1248w\" \/> <i class=\"ico ico-circle ico-stack-2x www-media-enlarge__bg\"><\/i> <i class=\"ico ico-expand ico-stack-1x ico-inverse www-media-enlarge__icon\"><\/i> <\/a><figcaption class=\"www-media-caption\"><em><span class=\"www-media-caption__text\">Est-Ouest &#8211; \u00a9 Dupuis<\/span><\/em><\/figcaption><figcaption><\/figcaption><figcaption><\/figcaption><\/figure>\n<p>Pierre Christin, c\u2019est, je le disais, un des auteurs phares de la bd devenant r\u00e9solument adulte au cours des ann\u00e9es 60 et 70. C\u2019est un personnage qui, au travers de ses mots et de ses imaginaires, toujours nourris de r\u00e9alit\u00e9, a toujours rempli ses textes de politique, au sens le plus large du terme. Mais pas de politique \u00a0\u00bb\u00a0engag\u00e9e\u00a0\u00ab\u00a0, m\u00eame dans ses collaborations avec Bilal. D\u2019ailleurs, avec Pierre\u00a0Christin, on devrait sans doute plus parler de \u00a0\u00bb\u00a0r\u00e9flexion\u00a0\u00a0\u00bb politique que d\u2019id\u00e9ologie\u2026<\/p>\n<h6>Philippe Aymond: la r\u00e9flexion politique<\/h6>\n<audio class=\"wp-audio-shortcode\" id=\"audio-1774-4\" preload=\"none\" style=\"width: 100%;\" controls=\"controls\"><source type=\"audio\/mpeg\" src=\"http:\/\/bd-chroniques.be\/wp-content\/uploads\/2018\/04\/esouest-reflexionpolitique.mp3?_=4\" \/><a href=\"http:\/\/bd-chroniques.be\/wp-content\/uploads\/2018\/04\/esouest-reflexionpolitique.mp3\">http:\/\/bd-chroniques.be\/wp-content\/uploads\/2018\/04\/esouest-reflexionpolitique.mp3<\/a><\/audio>\n<div class=\"rtbf-article-main__embed embed-responsive embed-responsive-16by9\"><\/div>\n<\/div>\n<div class=\"rtbf-paragraph  clearfix\">\n<figure class=\"www-media custom_large www-media--last js-gallery-figure\"><a id=\"image-9365383\" class=\"www-media-fullscreen js-gallery-image\" href=\"https:\/\/i0.wp.com\/ds1.static.rtbf.be\/article\/image\/1240x800\/5\/2\/7\/6561841168a7c07754733d5adc720fe5-1523786557.jpg?ssl=1\" target=\"_blank\" rel=\"noopener\" data-id=\"9365383\"> <img data-recalc-dims=\"1\" loading=\"lazy\" decoding=\"async\" class=\"img-responsive www-img-full  lazyloaded aligncenter\" title=\"Est-Ouest\" src=\"https:\/\/i0.wp.com\/ds1.static.rtbf.be\/article\/image\/370xAuto\/5\/2\/7\/6561841168a7c07754733d5adc720fe5-1523786557.jpg?resize=768%2C1020&#038;ssl=1\" sizes=\"auto, (min-width: 1200px) calc(992px*0.66), (min-width: 992px) 66vw, 100vw\" srcset=\"https:\/\/ds1.static.rtbf.be\/article\/image\/370xAuto\/5\/2\/7\/6561841168a7c07754733d5adc720fe5-1523786557.jpg 370w,https:\/\/ds1.static.rtbf.be\/article\/image\/770xAuto\/5\/2\/7\/6561841168a7c07754733d5adc720fe5-1523786557.jpg 770w,https:\/\/ds1.static.rtbf.be\/article\/image\/1248xAuto\/5\/2\/7\/6561841168a7c07754733d5adc720fe5-1523786557.jpg 1248w\" alt=\"Est-Ouest\" width=\"768\" height=\"1020\" data-sizes=\"(min-width: 1200px) calc(992px*0.66), (min-width: 992px) 66vw, 100vw\" data-srcset=\"https:\/\/ds1.static.rtbf.be\/article\/image\/370xAuto\/5\/2\/7\/6561841168a7c07754733d5adc720fe5-1523786557.jpg 370w,https:\/\/ds1.static.rtbf.be\/article\/image\/770xAuto\/5\/2\/7\/6561841168a7c07754733d5adc720fe5-1523786557.jpg 770w,https:\/\/ds1.static.rtbf.be\/article\/image\/1248xAuto\/5\/2\/7\/6561841168a7c07754733d5adc720fe5-1523786557.jpg 1248w\" \/> <i class=\"ico ico-circle ico-stack-2x www-media-enlarge__bg\"><\/i> <i class=\"ico ico-expand ico-stack-1x ico-inverse www-media-enlarge__icon\"><\/i> <\/a><figcaption class=\"www-media-caption\"><em><span class=\"www-media-caption__text\">Est-Ouest &#8211; \u00a9 Dupuis<\/span><\/em><\/figcaption><figcaption><\/figcaption><figcaption><\/figcaption><\/figure>\n<p>Je le disais plus haut\u00a0: c\u2019est le portrait d\u2019une \u00e9poque, en fait, que nous offre cet album. Et pour un tel portrait, il fallait un dessin \u00e0 la fois tr\u00e8s r\u00e9aliste et bien document\u00e9. Et Philippe Aymond, dans ce domaine, se r\u00e9v\u00e8le le compagnon de route graphique parfait pour Pierre Christin\u00a0! Parler des USA, des Mormons, du racisme, de cr\u00e9dit, et r\u00e9ussir \u00e0 placer tout cela dans des d\u00e9cors et des \u00e9v\u00e9nements qui les englobent, et faire de m\u00eame pour la France, avant 1968, en y ajoutant des \u00e9l\u00e9ments de culture litt\u00e9raire et musicale, et compl\u00e9ter le tout par la vie quotidienne dans le bloc sovi\u00e9tique, cela demandait une pr\u00e9cision du dessin, mais aussi des couleurs, et un plaisir, de la part du dessinateur, \u00e0 nous montrer les grands espaces am\u00e9ricains, les sc\u00e8nes plus intimistes dans les campagnes de l\u2019Est de l\u2019Europe, tout en restant fid\u00e8le \u00e0 la ressemblance avec les personnages \u00a0\u00bb\u00a0connus\u00a0\u00a0\u00bb (M\u00e9z\u00e8res, Giraud\u2026).<\/p>\n<p>Il y a dans la totalit\u00e9 de ce livre un vrai rythme\u2026 D\u2019une certaine mani\u00e8re, ce \u00a0\u00bb\u00a0Est-Ouest\u00a0\u00a0\u00bb est un livre \u00e9galement musical\u2026 La musique, que ce soit celle des Roms dans l\u2019est, ou du jazz aux Etats-Unis, est omnipr\u00e9sente, elle accompagne le r\u00e9cit, elle le continue, m\u00eame, et l\u2019envie vient parfois d\u2019\u00e9couter quelques musiciens cit\u00e9s au fil des pages, tout en continuant \u00e0 lire et feuilleter ce livre de voyage int\u00e9rieur, de voyage au long cours, de construction d\u2019une destin\u00e9e humaine\u2026<\/p>\n<h6>Philippe Aymond: la musique<\/h6>\n<audio class=\"wp-audio-shortcode\" id=\"audio-1774-5\" preload=\"none\" style=\"width: 100%;\" controls=\"controls\"><source type=\"audio\/mpeg\" src=\"http:\/\/bd-chroniques.be\/wp-content\/uploads\/2018\/04\/estouest-musique.mp3?_=5\" \/><a href=\"http:\/\/bd-chroniques.be\/wp-content\/uploads\/2018\/04\/estouest-musique.mp3\">http:\/\/bd-chroniques.be\/wp-content\/uploads\/2018\/04\/estouest-musique.mp3<\/a><\/audio>\n<p>&nbsp;<\/p>\n<h6>Philippe Aymond: le dessin<\/h6>\n<audio class=\"wp-audio-shortcode\" id=\"audio-1774-6\" preload=\"none\" style=\"width: 100%;\" controls=\"controls\"><source type=\"audio\/mpeg\" src=\"http:\/\/bd-chroniques.be\/wp-content\/uploads\/2018\/04\/estouest-dessin.mp3?_=6\" \/><a href=\"http:\/\/bd-chroniques.be\/wp-content\/uploads\/2018\/04\/estouest-dessin.mp3\">http:\/\/bd-chroniques.be\/wp-content\/uploads\/2018\/04\/estouest-dessin.mp3<\/a><\/audio>\n<div class=\"rtbf-article-main__audio\">\n<div id=\"audio-O\" class=\"rtbf-article-main__embed embed-responsive embed-responsive-16by9\"><\/div>\n<\/div>\n<div class=\"rtbf-article-main__audio\">\n<div id=\"audio-P\" class=\"rtbf-article-main__embed embed-responsive embed-responsive-16by9\"><\/div>\n<\/div>\n<\/div>\n<div class=\"rtbf-paragraph  clearfix\">\n<p>Un livre int\u00e9ressant, donc, passionnant m\u00eame pour ceux qui veulent en savoir un peu plus sur tout ce qui a amen\u00e9 les petits mickeys \u00e0 devenir le neuvi\u00e8me art\u2026<\/p>\n<p>Un livre qui se compl\u00e8te par une int\u00e9ressante exposition au Centre Belge de la Bande Dessin\u00e9e \u00e0 Bruxelles.<\/p>\n<p>&nbsp;<\/p>\n<p><strong>Jacques Schra\u00fbwen<\/strong><\/p>\n<p><strong>Est-Ouest (dessin\u00a0: Philippe Aymond \u2013 sc\u00e9nario\u00a0: Pierre Christin \u2013 \u00e9diteur\u00a0: Dupuis\/Aire Libre \u2013 <\/strong><\/p>\n<p><strong>Exposition jusqu\u2019au 29 avril \u00e0 la rue des Sables, \u00e0 Bruxelles)<\/strong><\/p>\n<\/div>\n","protected":false},"excerpt":{"rendered":"<p>Une bd, une exposition au CBBD Un album lumineux, une exposition jusqu&rsquo;au 29 avril au Centre Belge de la Bande Dessin\u00e9e&#8230; Et, dans cette chronique, une interview de Philippe Aymond! Est-Ouest &#8211; \u00a9 Centre Belge de la Bande Dessin\u00e9e Une road-bd\u00a0?&#8230;. Oui et non\u2026 Bien s\u00fbr, il y a des voyages, ceux de Pierre Christin, [&hellip;]<\/p>\n","protected":false},"author":1,"featured_media":1781,"comment_status":"closed","ping_status":"open","sticky":false,"template":"","format":"standard","meta":{"jetpack_post_was_ever_published":false,"_jetpack_newsletter_access":"","_jetpack_dont_email_post_to_subs":false,"_jetpack_newsletter_tier_id":0,"_jetpack_memberships_contains_paywalled_content":false,"_jetpack_memberships_contains_paid_content":false,"footnotes":"","jetpack_publicize_message":"","jetpack_publicize_feature_enabled":true,"jetpack_social_post_already_shared":true,"jetpack_social_options":{"image_generator_settings":{"template":"highway","default_image_id":0,"font":"","enabled":false},"version":2}},"categories":[14,20],"tags":[],"class_list":["post-1774","post","type-post","status-publish","format-standard","has-post-thumbnail","hentry","category-bd-de-a-a-f","category-e"],"jetpack_publicize_connections":[],"jetpack_featured_media_url":"https:\/\/i0.wp.com\/bd-chroniques.be\/wp-content\/uploads\/2018\/04\/estouest0.jpg?fit=800%2C1067&ssl=1","jetpack_shortlink":"https:\/\/wp.me\/p8dqsu-sC","jetpack_likes_enabled":true,"jetpack_sharing_enabled":true,"_links":{"self":[{"href":"https:\/\/bd-chroniques.be\/index.php\/wp-json\/wp\/v2\/posts\/1774","targetHints":{"allow":["GET"]}}],"collection":[{"href":"https:\/\/bd-chroniques.be\/index.php\/wp-json\/wp\/v2\/posts"}],"about":[{"href":"https:\/\/bd-chroniques.be\/index.php\/wp-json\/wp\/v2\/types\/post"}],"author":[{"embeddable":true,"href":"https:\/\/bd-chroniques.be\/index.php\/wp-json\/wp\/v2\/users\/1"}],"replies":[{"embeddable":true,"href":"https:\/\/bd-chroniques.be\/index.php\/wp-json\/wp\/v2\/comments?post=1774"}],"version-history":[{"count":2,"href":"https:\/\/bd-chroniques.be\/index.php\/wp-json\/wp\/v2\/posts\/1774\/revisions"}],"predecessor-version":[{"id":1783,"href":"https:\/\/bd-chroniques.be\/index.php\/wp-json\/wp\/v2\/posts\/1774\/revisions\/1783"}],"wp:featuredmedia":[{"embeddable":true,"href":"https:\/\/bd-chroniques.be\/index.php\/wp-json\/wp\/v2\/media\/1781"}],"wp:attachment":[{"href":"https:\/\/bd-chroniques.be\/index.php\/wp-json\/wp\/v2\/media?parent=1774"}],"wp:term":[{"taxonomy":"category","embeddable":true,"href":"https:\/\/bd-chroniques.be\/index.php\/wp-json\/wp\/v2\/categories?post=1774"},{"taxonomy":"post_tag","embeddable":true,"href":"https:\/\/bd-chroniques.be\/index.php\/wp-json\/wp\/v2\/tags?post=1774"}],"curies":[{"name":"wp","href":"https:\/\/api.w.org\/{rel}","templated":true}]}}