{"id":1796,"date":"2018-04-28T08:52:59","date_gmt":"2018-04-28T06:52:59","guid":{"rendered":"http:\/\/bd-chroniques.be\/?p=1796"},"modified":"2018-04-28T08:52:59","modified_gmt":"2018-04-28T06:52:59","slug":"darnand-le-bourreau-francais","status":"publish","type":"post","link":"https:\/\/bd-chroniques.be\/index.php\/2018\/04\/28\/darnand-le-bourreau-francais\/","title":{"rendered":"Darnand\u00a0: Le Bourreau Fran\u00e7ais"},"content":{"rendered":"<p align=\"justify\">Pourquoi parler aujourd\u2019hui de Joseph Darnand, un des personnages les plus sombres de la seconde guerre mondiale\u00a0?&#8230; C\u2019est ce que vous expliquent les auteurs de cette bd dans cette chronique consacr\u00e9e \u00e0 un livre \u00e9tonnant, et passionnant\u00a0!<\/p>\n<p align=\"justify\"><img data-recalc-dims=\"1\" loading=\"lazy\" decoding=\"async\" class=\"aligncenter wp-image-1797\" src=\"https:\/\/i0.wp.com\/bd-chroniques.be\/wp-content\/uploads\/2018\/04\/darnand1.jpg?resize=670%2C892\" alt=\"\" width=\"670\" height=\"892\" srcset=\"https:\/\/i0.wp.com\/bd-chroniques.be\/wp-content\/uploads\/2018\/04\/darnand1.jpg?w=500&amp;ssl=1 500w, https:\/\/i0.wp.com\/bd-chroniques.be\/wp-content\/uploads\/2018\/04\/darnand1.jpg?resize=225%2C300&amp;ssl=1 225w\" sizes=\"auto, (max-width: 670px) 100vw, 670px\" \/><\/p>\n<p align=\"justify\"><em>\u00a0\u00a0\u00a0\u00a0\u00a0\u00a0\u00a0\u00a0\u00a0 Darnand\u00a9rue de S\u00e8vres<\/em><\/p>\n<p align=\"justify\">D\u2019une guerre \u00e0 l\u2019autre\u2026 De h\u00e9ros \u00e0 salaud\u2026 Le tout au nom de la patrie, de l\u2019honneur, d\u2019un hymne national, d\u2019un besoin de reconnaissance\u2026 Le tout dans un univers d\u2019id\u00e9ologies lentement changeantes, glissant, elles aussi, de la normalit\u00e9 \u00e0 l\u2019horreur la plus sanglante.<\/p>\n<p align=\"justify\">Et comme figure embl\u00e9matique de cette \u00e9poque de la grande histoire humaine, un personnage hors du commun, Joseph Darnand.<\/p>\n<p align=\"justify\">Voil\u00e0 le choix de Patrice Perna pour son nouveau sc\u00e9nario, superbement dessin\u00e9 par Fabien Bedouel.<\/p>\n<p align=\"justify\">Un choix qui peut para\u00eetre \u00e9trange, c\u2019est vrai, mais qui correspond bien \u00e0 la volont\u00e9 que Patrice Perna a toujours eue de s\u2019\u00e9carter des sentiers trop balis\u00e9s de l\u2019\u00e9dition, de s\u2019attacher \u00e0 des personnages qui ont du corps, qui ont un vrai destin, et de nous en offrir un portrait sans fioritures mais sans manich\u00e9isme non plus.<\/p>\n<p align=\"justify\">Voil\u00e0 aussi le choix de l\u2019\u00e9diteur, Herv\u00e9 Langlois, pour qui l\u2019important, dans la bande dessin\u00e9e, n\u2019est pas seulement le r\u00e9cit, mais toutes les r\u00e9flexions qu\u2019il est capable d\u2019ouvrir chez le lecteur.<\/p>\n<p align=\"justify\"><img data-recalc-dims=\"1\" loading=\"lazy\" decoding=\"async\" class=\"aligncenter size-full wp-image-1798\" src=\"https:\/\/i0.wp.com\/bd-chroniques.be\/wp-content\/uploads\/2018\/04\/darnand2.jpg?resize=768%2C1024\" alt=\"\" width=\"768\" height=\"1024\" srcset=\"https:\/\/i0.wp.com\/bd-chroniques.be\/wp-content\/uploads\/2018\/04\/darnand2.jpg?w=900&amp;ssl=1 900w, https:\/\/i0.wp.com\/bd-chroniques.be\/wp-content\/uploads\/2018\/04\/darnand2.jpg?resize=225%2C300&amp;ssl=1 225w, https:\/\/i0.wp.com\/bd-chroniques.be\/wp-content\/uploads\/2018\/04\/darnand2.jpg?resize=768%2C1024&amp;ssl=1 768w\" sizes=\"auto, (max-width: 768px) 100vw, 768px\" \/><\/p>\n<p align=\"justify\"><em> Darnand\u00a9rue de S\u00e8vres<\/em><\/p>\n<h6 align=\"justify\"><\/h6>\n<h6 align=\"justify\">Patrice Perna: choix du sujet<\/h6>\n<audio class=\"wp-audio-shortcode\" id=\"audio-1796-1\" preload=\"none\" style=\"width: 100%;\" controls=\"controls\"><source type=\"audio\/mpeg\" src=\"http:\/\/bd-chroniques.be\/wp-content\/uploads\/2018\/04\/darnant-perna-choix-du-sujet.mp3?_=1\" \/><a href=\"http:\/\/bd-chroniques.be\/wp-content\/uploads\/2018\/04\/darnant-perna-choix-du-sujet.mp3\">http:\/\/bd-chroniques.be\/wp-content\/uploads\/2018\/04\/darnant-perna-choix-du-sujet.mp3<\/a><\/audio>\n<p>&nbsp;<\/p>\n<h6>Herv\u00e9 Langlois, \u00e9diteur<\/h6>\n<audio class=\"wp-audio-shortcode\" id=\"audio-1796-2\" preload=\"none\" style=\"width: 100%;\" controls=\"controls\"><source type=\"audio\/mpeg\" src=\"http:\/\/bd-chroniques.be\/wp-content\/uploads\/2018\/04\/darnant-langlois-\u00e9diteur.mp3?_=2\" \/><a href=\"http:\/\/bd-chroniques.be\/wp-content\/uploads\/2018\/04\/darnant-langlois-\u00e9diteur.mp3\">http:\/\/bd-chroniques.be\/wp-content\/uploads\/2018\/04\/darnant-langlois-\u00e9diteur.mp3<\/a><\/audio>\n<p align=\"justify\">D\u2019une guerre \u00e0 l\u2019autre\u2026 En compagnie de ce Joseph Darnand dont la destin\u00e9e a \u00e9t\u00e9 pour le moins exemplaire, au sens premier du terme.<\/p>\n<p align=\"justify\">C\u2019est en 1916, \u00e2g\u00e9 de presque 19 ans, que Joseph Darnand entre de plain-pied dans la guerre, celle que l\u2019on a dite \u00ab\u00a0grande\u00a0\u00bb\u2026 Tr\u00e8s vite, il va se mettre en \u00e9vidence, par sa bravoure, par son autorit\u00e9 naturelle, par son courage aussi, et l\u2019intelligence de ses actions militaires derri\u00e8re les lignes ennemies. Par son sens du respect et de l\u2019amiti\u00e9 \u00e0 porter, \u00e9galement, \u00e0 ses hommes, pour qui il est pr\u00eat \u00e0 se sacrifier.<\/p>\n<p align=\"justify\">De ce fait, la guerre termin\u00e9e, il sera d\u00e9cor\u00e9, on dira de lui qu\u2019il a \u00e9t\u00e9 un artisan de la victoire, il re\u00e7oit la m\u00e9daille militaire des mains du g\u00e9n\u00e9ral P\u00e9tain, \u00e0 qui il vouera d\u00e8s lors une admiration sans bornes, il est \u00e9galement d\u00e9cor\u00e9, comme sous-officier d\u2019\u00e9lite, de la L\u00e9gion d\u2019honneur.<\/p>\n<p align=\"justify\">Et puis, la vie normale le rattrape, l\u2019uniforme rang\u00e9 dans une armoire poussi\u00e9reuse et remplac\u00e9 par un costume de vendeur.<\/p>\n<p align=\"justify\">Par nostalgie sans doute de l\u2019existence folle qui fut la sienne, une existence qui prenait tout son prix par le fait qu\u2019elle pouvait s\u2019arr\u00eater \u00e0 tout moment, il commence vite \u00e0 vivre d\u2019autres engagements, dans des mouvements d\u2019extr\u00eame droite, l\u2019Action Fran\u00e7aise, de Maurras, la ligue royaliste aussi.<\/p>\n<p align=\"justify\">Et lorsque viendra la guerre de 40, Joseph Darnand se rangera aux c\u00f4t\u00e9s de l\u2019occupant, pour une collaboration totale et totalement active, en tant que dirigeant, entre autres, de la Milice, une organisation paramilitaire qui se rendra coupable de crimes atroces.<\/p>\n<p align=\"justify\">Pour Patrice Perna, tout l\u2019int\u00e9r\u00eat de raconter le trajet de cet homme r\u00e9side d\u2019abord dans le plaisir qu\u2019il a \u00e0 cr\u00e9er des narrations qui obligent le lecteur \u00e0 remplir les trous du r\u00e9cit, \u00e0 cr\u00e9er un fil narratif qui n\u2019a rien de lin\u00e9aire, \u00e0 m\u00ealer m\u00eame les \u00e9poques en laissant opaques certains moments qui pourraient pourtant se r\u00e9v\u00e9ler essentiels dans la compr\u00e9hension du personnage qu\u2019il met en sc\u00e8ne.<\/p>\n<p align=\"justify\">Tout l\u2019int\u00e9r\u00eat aussi, pour lui, est de d\u00e9passer le simple portrait d\u2019un personnage odieux pour nous peindre \u00e9galement le tableau d\u2019une \u00e9poque. Pendant l\u2019entre-deux guerres, et depuis bien longtemps, l\u2019antis\u00e9mitisme et le racisme de mani\u00e8re g\u00e9n\u00e9rale \u00e9taient des r\u00e9alit\u00e9s de tous les jours, m\u00eame et surtout chez les \u00ab\u00a0penseurs\u00a0\u00bb, les \u00ab\u00a0\u00e9crivains\u00a0\u00bb, les artistes. Et le fait de n\u2019en parler que par petites touches permet surtout \u00e0 Patrice Perna de nous rappeler que l\u2019extr\u00e9misme n\u2019est pas neuf, et qu\u2019il peut rejaillir \u00e0 tout moment, cr\u00e9ateur de bourreaux aussi impitoyables que Darnand.<\/p>\n<p align=\"justify\"><img data-recalc-dims=\"1\" loading=\"lazy\" decoding=\"async\" class=\"aligncenter wp-image-1801\" src=\"https:\/\/i0.wp.com\/bd-chroniques.be\/wp-content\/uploads\/2018\/04\/darnand3.jpg?resize=768%2C495\" alt=\"\" width=\"768\" height=\"495\" srcset=\"https:\/\/i0.wp.com\/bd-chroniques.be\/wp-content\/uploads\/2018\/04\/darnand3.jpg?w=1240&amp;ssl=1 1240w, https:\/\/i0.wp.com\/bd-chroniques.be\/wp-content\/uploads\/2018\/04\/darnand3.jpg?resize=300%2C194&amp;ssl=1 300w, https:\/\/i0.wp.com\/bd-chroniques.be\/wp-content\/uploads\/2018\/04\/darnand3.jpg?resize=768%2C495&amp;ssl=1 768w, https:\/\/i0.wp.com\/bd-chroniques.be\/wp-content\/uploads\/2018\/04\/darnand3.jpg?resize=1024%2C661&amp;ssl=1 1024w\" sizes=\"auto, (max-width: 768px) 100vw, 768px\" \/><\/p>\n<p align=\"justify\"><em> Darnand\u00a9rue de S\u00e8vres<\/em><\/p>\n<h6 align=\"justify\">Patrice Perna: narration<\/h6>\n<audio class=\"wp-audio-shortcode\" id=\"audio-1796-3\" preload=\"none\" style=\"width: 100%;\" controls=\"controls\"><source type=\"audio\/mpeg\" src=\"http:\/\/bd-chroniques.be\/wp-content\/uploads\/2018\/04\/dernant-perna-narration.mp3?_=3\" \/><a href=\"http:\/\/bd-chroniques.be\/wp-content\/uploads\/2018\/04\/dernant-perna-narration.mp3\">http:\/\/bd-chroniques.be\/wp-content\/uploads\/2018\/04\/dernant-perna-narration.mp3<\/a><\/audio>\n<h6 align=\"justify\">Patrice Perna: l&rsquo;extr\u00eame droite<\/h6>\n<audio class=\"wp-audio-shortcode\" id=\"audio-1796-4\" preload=\"none\" style=\"width: 100%;\" controls=\"controls\"><source type=\"audio\/mpeg\" src=\"http:\/\/bd-chroniques.be\/wp-content\/uploads\/2018\/04\/darnant-perna-extr\u00eame-droite.mp3?_=4\" \/><a href=\"http:\/\/bd-chroniques.be\/wp-content\/uploads\/2018\/04\/darnant-perna-extr\u00eame-droite.mp3\">http:\/\/bd-chroniques.be\/wp-content\/uploads\/2018\/04\/darnant-perna-extr\u00eame-droite.mp3<\/a><\/audio>\n<p>&nbsp;<\/p>\n<p align=\"justify\">Ce \u00ab\u00a0Darnand\u00a0\u00bb va se conjuguer en trois volumes. La qualit\u00e9 des deux auteurs, complices d\u00e9j\u00e0 pour les s\u00e9ries \u00ab\u00a0Kersten\u00a0\u00bb et \u00ab\u00a0For\u00e7ats\u00a0\u00bb, est de plonger les lecteurs, d\u00e8s le premier tome, dans ce qu\u2019ils nous racontent, et de maintenir l\u2019int\u00e9r\u00eat de tout un chacun en laissant des tas de portes ouvertes, en laissant des zones d\u2019ombre dont on devine qu\u2019elles seront, \u00e0 un moment ou un autre, jet\u00e9es en pleine lumi\u00e8re.<\/p>\n<p align=\"justify\">Le sc\u00e9nario de Perna restitue l\u2019\u00e9poque, son ambiance, et la mani\u00e8re de parler de chaque personnage.<\/p>\n<p align=\"justify\">Le dessin de Fabien Bedouel est r\u00e9aliste, bien \u00e9videmment, il est \u00e9galement de facture classique, beaucoup plus que dans ses albums pr\u00e9c\u00e9dents r\u00e9alis\u00e9s avec Patrice Perna. Et ce dessin parvient \u00e0 \u00e9viter tout voyeurisme inutile, m\u00eame dans le compte-rendu dessin\u00e9 de sc\u00e8nes de guerre absolument innommables. Mais il n\u2019a rien, non plus, et fort heureusement, de polic\u00e9, de sage, de passe-partout\u00a0!<\/p>\n<p align=\"justify\"><img data-recalc-dims=\"1\" loading=\"lazy\" decoding=\"async\" class=\"aligncenter size-full wp-image-1804\" src=\"https:\/\/i0.wp.com\/bd-chroniques.be\/wp-content\/uploads\/2018\/04\/darnand4.jpg?resize=768%2C1024\" alt=\"\" width=\"768\" height=\"1024\" srcset=\"https:\/\/i0.wp.com\/bd-chroniques.be\/wp-content\/uploads\/2018\/04\/darnand4.jpg?w=2835&amp;ssl=1 2835w, https:\/\/i0.wp.com\/bd-chroniques.be\/wp-content\/uploads\/2018\/04\/darnand4.jpg?resize=225%2C300&amp;ssl=1 225w, https:\/\/i0.wp.com\/bd-chroniques.be\/wp-content\/uploads\/2018\/04\/darnand4.jpg?resize=768%2C1024&amp;ssl=1 768w, https:\/\/i0.wp.com\/bd-chroniques.be\/wp-content\/uploads\/2018\/04\/darnand4.jpg?w=1536&amp;ssl=1 1536w, https:\/\/i0.wp.com\/bd-chroniques.be\/wp-content\/uploads\/2018\/04\/darnand4.jpg?w=2304&amp;ssl=1 2304w\" sizes=\"auto, (max-width: 768px) 100vw, 768px\" \/><\/p>\n<p align=\"justify\"><em> Darnand\u00a9rue de S\u00e8vres<\/em><\/p>\n<h6 align=\"justify\"><\/h6>\n<h6 align=\"justify\">Patrice Perna et Fabien Bedouel: le dessin<\/h6>\n<audio class=\"wp-audio-shortcode\" id=\"audio-1796-5\" preload=\"none\" style=\"width: 100%;\" controls=\"controls\"><source type=\"audio\/mpeg\" src=\"http:\/\/bd-chroniques.be\/wp-content\/uploads\/2018\/04\/darnant-perna-choix-du-sujet-1.mp3?_=5\" \/><a href=\"http:\/\/bd-chroniques.be\/wp-content\/uploads\/2018\/04\/darnant-perna-choix-du-sujet-1.mp3\">http:\/\/bd-chroniques.be\/wp-content\/uploads\/2018\/04\/darnant-perna-choix-du-sujet-1.mp3<\/a><\/audio>\n<h6 align=\"justify\">Fabien Bedouel: le dessinateur<\/h6>\n<audio class=\"wp-audio-shortcode\" id=\"audio-1796-6\" preload=\"none\" style=\"width: 100%;\" controls=\"controls\"><source type=\"audio\/mpeg\" src=\"http:\/\/bd-chroniques.be\/wp-content\/uploads\/2018\/04\/darnant-bedouel-dessin-humain.mp3?_=6\" \/><a href=\"http:\/\/bd-chroniques.be\/wp-content\/uploads\/2018\/04\/darnant-bedouel-dessin-humain.mp3\">http:\/\/bd-chroniques.be\/wp-content\/uploads\/2018\/04\/darnant-bedouel-dessin-humain.mp3<\/a><\/audio>\n<p>&nbsp;<\/p>\n<p align=\"justify\">Il faut \u00e9galement \u00e9pingler ici le travail de Sandrine Bonini, la coloriste. Avec une palette traditionnelle, sans accumulation d\u2019effets sp\u00e9ciaux, \u00e0 l\u2019instar du travail du dessinateur, elle r\u00e9ussit \u00e0 ajouter une note de po\u00e9sie aux sc\u00e8nes les plus horribles, \u00e0 transformer m\u00eame certaines planches, certaines cases, en \u00e9l\u00e9ments presque abstraits (je pense aux sc\u00e8nes qui mettent en \u00e9vidence la neige, ou certains d\u00e9cors\u2026).<\/p>\n<p align=\"justify\">Le regard que portent ces trois auteurs sur l\u2019Histoire, cette Histoire r\u00e9cente qui reste l\u2019or\u00e9e de celle qu\u2019on vit aujourd\u2019hui, ce regard est un regard aigu, intelligent, humaniste mais sans faux fuyant.<\/p>\n<p align=\"justify\">Et Joseph Darnand, odieux, trouve dans leur r\u00e9cit un contrepoint avec un autre personnage, Ange\u2026 Un contrepoint qui permet \u00e0 l\u2019album, comme je le disais plus haut, de laisser des portes ouvertes, de laisser surtout quelques fen\u00eatres ouvertes sur un ciel plus bleu, moins charg\u00e9 de haine\u2026<\/p>\n<h6 align=\"justify\">Fabien Bedouel: la couleur de Sandrine Bonini<\/h6>\n<audio class=\"wp-audio-shortcode\" id=\"audio-1796-7\" preload=\"none\" style=\"width: 100%;\" controls=\"controls\"><source type=\"audio\/mpeg\" src=\"http:\/\/bd-chroniques.be\/wp-content\/uploads\/2018\/04\/darnant-bedouel-couleur.mp3?_=7\" \/><a href=\"http:\/\/bd-chroniques.be\/wp-content\/uploads\/2018\/04\/darnant-bedouel-couleur.mp3\">http:\/\/bd-chroniques.be\/wp-content\/uploads\/2018\/04\/darnant-bedouel-couleur.mp3<\/a><\/audio>\n<p align=\"justify\">Un livre \u00e0 ne pas rater\u00a0!&#8230;<\/p>\n<p align=\"justify\"><b>Jacques Schra\u00fbwen<\/b><\/p>\n<p align=\"justify\"><strong>D<\/strong><b>arnand\u00a0: Le Bourreau Fran\u00e7ais \u2013 tome 1 (dessin\u00a0: Fabien Bedouel \u2013 sc\u00e9nario\u00a0: Patrice Perna \u2013 couleurs\u00a0: Sandrine Bonini \u2013 \u00e9diteur\u00a0: Rue De S\u00e8vres)<\/b><\/p>\n<p align=\"justify\">\n","protected":false},"excerpt":{"rendered":"<p>Pourquoi parler aujourd\u2019hui de Joseph Darnand, un des personnages les plus sombres de la seconde guerre mondiale\u00a0?&#8230; C\u2019est ce que vous expliquent les auteurs de cette bd dans cette chronique consacr\u00e9e \u00e0 un livre \u00e9tonnant, et passionnant\u00a0! \u00a0\u00a0\u00a0\u00a0\u00a0\u00a0\u00a0\u00a0\u00a0 Darnand\u00a9rue de S\u00e8vres D\u2019une guerre \u00e0 l\u2019autre\u2026 De h\u00e9ros \u00e0 salaud\u2026 Le tout au nom de la [&hellip;]<\/p>\n","protected":false},"author":1,"featured_media":1808,"comment_status":"closed","ping_status":"open","sticky":false,"template":"","format":"standard","meta":{"jetpack_post_was_ever_published":false,"_jetpack_newsletter_access":"","_jetpack_dont_email_post_to_subs":false,"_jetpack_newsletter_tier_id":0,"_jetpack_memberships_contains_paywalled_content":false,"_jetpack_memberships_contains_paid_content":false,"footnotes":"","jetpack_publicize_message":"","jetpack_publicize_feature_enabled":true,"jetpack_social_post_already_shared":true,"jetpack_social_options":{"image_generator_settings":{"template":"highway","default_image_id":0,"font":"","enabled":false},"version":2}},"categories":[14,19],"tags":[],"class_list":["post-1796","post","type-post","status-publish","format-standard","has-post-thumbnail","hentry","category-bd-de-a-a-f","category-d"],"jetpack_publicize_connections":[],"jetpack_featured_media_url":"https:\/\/i0.wp.com\/bd-chroniques.be\/wp-content\/uploads\/2018\/04\/darnand0bis.jpg?fit=1389%2C868&ssl=1","jetpack_shortlink":"https:\/\/wp.me\/p8dqsu-sY","jetpack_likes_enabled":true,"jetpack_sharing_enabled":true,"_links":{"self":[{"href":"https:\/\/bd-chroniques.be\/index.php\/wp-json\/wp\/v2\/posts\/1796","targetHints":{"allow":["GET"]}}],"collection":[{"href":"https:\/\/bd-chroniques.be\/index.php\/wp-json\/wp\/v2\/posts"}],"about":[{"href":"https:\/\/bd-chroniques.be\/index.php\/wp-json\/wp\/v2\/types\/post"}],"author":[{"embeddable":true,"href":"https:\/\/bd-chroniques.be\/index.php\/wp-json\/wp\/v2\/users\/1"}],"replies":[{"embeddable":true,"href":"https:\/\/bd-chroniques.be\/index.php\/wp-json\/wp\/v2\/comments?post=1796"}],"version-history":[{"count":3,"href":"https:\/\/bd-chroniques.be\/index.php\/wp-json\/wp\/v2\/posts\/1796\/revisions"}],"predecessor-version":[{"id":1811,"href":"https:\/\/bd-chroniques.be\/index.php\/wp-json\/wp\/v2\/posts\/1796\/revisions\/1811"}],"wp:featuredmedia":[{"embeddable":true,"href":"https:\/\/bd-chroniques.be\/index.php\/wp-json\/wp\/v2\/media\/1808"}],"wp:attachment":[{"href":"https:\/\/bd-chroniques.be\/index.php\/wp-json\/wp\/v2\/media?parent=1796"}],"wp:term":[{"taxonomy":"category","embeddable":true,"href":"https:\/\/bd-chroniques.be\/index.php\/wp-json\/wp\/v2\/categories?post=1796"},{"taxonomy":"post_tag","embeddable":true,"href":"https:\/\/bd-chroniques.be\/index.php\/wp-json\/wp\/v2\/tags?post=1796"}],"curies":[{"name":"wp","href":"https:\/\/api.w.org\/{rel}","templated":true}]}}