{"id":1927,"date":"2018-05-25T08:00:45","date_gmt":"2018-05-25T06:00:45","guid":{"rendered":"http:\/\/bd-chroniques.be\/?p=1927"},"modified":"2018-05-24T17:42:14","modified_gmt":"2018-05-24T15:42:14","slug":"fred-vargas-recoit-le-prestigieux-prix-litteraire-princesse-des-asturies","status":"publish","type":"post","link":"https:\/\/bd-chroniques.be\/index.php\/2018\/05\/25\/fred-vargas-recoit-le-prestigieux-prix-litteraire-princesse-des-asturies\/","title":{"rendered":"Fred Vargas re\u00e7oit le prestigieux prix litt\u00e9raire Princesse des Asturies"},"content":{"rendered":"<p><img data-recalc-dims=\"1\" loading=\"lazy\" decoding=\"async\" class=\"aligncenter size-full wp-image-1931\" src=\"https:\/\/i0.wp.com\/bd-chroniques.be\/wp-content\/uploads\/2018\/05\/vargas2.jpg?resize=768%2C286\" alt=\"\" width=\"768\" height=\"286\" srcset=\"https:\/\/i0.wp.com\/bd-chroniques.be\/wp-content\/uploads\/2018\/05\/vargas2.jpg?w=780&amp;ssl=1 780w, https:\/\/i0.wp.com\/bd-chroniques.be\/wp-content\/uploads\/2018\/05\/vargas2.jpg?resize=300%2C112&amp;ssl=1 300w, https:\/\/i0.wp.com\/bd-chroniques.be\/wp-content\/uploads\/2018\/05\/vargas2.jpg?resize=768%2C286&amp;ssl=1 768w\" sizes=\"auto, (max-width: 768px) 100vw, 768px\" \/><\/p>\n<p>Consid\u00e9r\u00e9 comme le \u00ab\u00a0Nobel\u00a0\u00bb du monde hispanophone, ce prix couronne cette ann\u00e9e une auteure fran\u00e7aise de \u00ab\u00a0polars\u00a0\u00bb, dont le jury souligne la port\u00e9e universelle et l\u2019apport \u00e0 la revitalisation du roman policier.<br \/>\nIl couronne aussi une femme de lettres qui s\u2019est aventur\u00e9e quelque peu dans le monde du neuvi\u00e8me art.<\/p>\n<p><img data-recalc-dims=\"1\" loading=\"lazy\" decoding=\"async\" class=\"aligncenter size-full wp-image-1928\" src=\"https:\/\/i0.wp.com\/bd-chroniques.be\/wp-content\/uploads\/2018\/05\/vargas0bis.jpg?resize=768%2C1165\" alt=\"\" width=\"768\" height=\"1165\" srcset=\"https:\/\/i0.wp.com\/bd-chroniques.be\/wp-content\/uploads\/2018\/05\/vargas0bis.jpg?w=791&amp;ssl=1 791w, https:\/\/i0.wp.com\/bd-chroniques.be\/wp-content\/uploads\/2018\/05\/vargas0bis.jpg?resize=198%2C300&amp;ssl=1 198w, https:\/\/i0.wp.com\/bd-chroniques.be\/wp-content\/uploads\/2018\/05\/vargas0bis.jpg?resize=768%2C1165&amp;ssl=1 768w, https:\/\/i0.wp.com\/bd-chroniques.be\/wp-content\/uploads\/2018\/05\/vargas0bis.jpg?resize=675%2C1024&amp;ssl=1 675w\" sizes=\"auto, (max-width: 768px) 100vw, 768px\" \/><\/p>\n<p><em>Fred Vargas &#8211; \u00a9 Baudouin\/Vargas<\/em><\/p>\n<p>Fred Vargas n\u2019a rien de sectaire, loin s\u2019en faut, et ses th\u00e8mes de pr\u00e9dilection sont d\u2019abord ceux de l\u2019humain. Bien s\u00fbr, il y a toujours dans ses \u00e9crits les codes du roman policier\u00a0: des meurtres, une enqu\u00eate, des fausses pistes\u2026 Mais il y a d\u2019abord le plaisir qu\u2019elle prend \u00e0 nous montrer des personnages hauts en couleur, dont le portrait lui permet de s\u2019aventurer dans diff\u00e9rentes \u00e9poques de la grande Histoire. Sa fa\u00e7on, par exemple, de nous parler de Robespierre dans un de ses r\u00e9cents romans, est absolument fantastique.<br \/>\nAujourd\u2019hui, c\u2019est peut-\u00eatre au travers des \u00a0\u00bb\u00a0polars\u00a0\u00a0\u00bb que la soci\u00e9t\u00e9 dans laquelle nous vivons se d\u00e9voile le mieux, puisque ce sont les travers humains, les folies et les errances de tout un chacun qui servent toujours de trame \u00e0 ces livres aux mille lucidit\u00e9s.<br \/>\nOn peut, \u00e9videmment citer bien des noms d\u2019auteurs qui, ces derni\u00e8res ann\u00e9es, ont permis d\u2019universaliser ce genre litt\u00e9raire qui, volontairement, puissamment, s\u2019est toujours voulu proche de la r\u00e9alit\u00e9, quelle qu\u2019en soit la d\u00e9mesure.<br \/>\nEt de d\u00e9mesure, il en a toujours \u00e9t\u00e9 question dans les romans de Fred Vargas, cette femme de lettres issue du monde de l\u2019arch\u00e9ologie. D\u00e9mesure dans les intrigues qu\u2019elle aime mettre en sc\u00e8ne(s), d\u00e9mesure dans la vari\u00e9t\u00e9 des personnages qui sont devenus embl\u00e9matiques de ses propres d\u00e9mesures litt\u00e9raires, d\u00e9mesure, surtout, dans la construction extr\u00eamement po\u00e9tique de tous ses romans. Son personnage \u00ab\u00a0f\u00e9tiche\u00a0\u00bb, Adamsberg (dont on a fait une adaptation plus ou moins r\u00e9ussie en t\u00e9l\u00e9, donc plus ou moins rat\u00e9e\u2026) est l\u2019antith\u00e8se du flic tel qu\u2019on l\u2019imagine. Il a, certes, la carrure de Maigret, mais c\u2019est en r\u00eavant, en dessinant, en cultivant le sens du langage, qu\u2019il m\u00e8ne ses enqu\u00eates. C\u2019est un personnage hautement surr\u00e9aliste, oui, sans aucun doute\u00a0!&#8230;<\/p>\n<p><img data-recalc-dims=\"1\" loading=\"lazy\" decoding=\"async\" class=\"aligncenter  wp-image-1930\" src=\"https:\/\/i0.wp.com\/bd-chroniques.be\/wp-content\/uploads\/2018\/05\/vargas1.jpg?resize=647%2C1035\" alt=\"\" width=\"647\" height=\"1035\" srcset=\"https:\/\/i0.wp.com\/bd-chroniques.be\/wp-content\/uploads\/2018\/05\/vargas1.jpg?w=600&amp;ssl=1 600w, https:\/\/i0.wp.com\/bd-chroniques.be\/wp-content\/uploads\/2018\/05\/vargas1.jpg?resize=188%2C300&amp;ssl=1 188w\" sizes=\"auto, (max-width: 647px) 100vw, 647px\" \/><\/p>\n<p><em>Fred Vargas &#8211; \u00a9 Baudouin<\/em><\/p>\n<p>Et Fred Vargas a fait plus qu\u2019une incursion dans l\u2019univers de la bande dessin\u00e9e, puisqu\u2019elle a collabor\u00e9 avec le dessinateur Baudouin, par deux fois si ma m\u00e9moire ne me trahit pas, et une troisi\u00e8me fois au cours d\u2019une exposition qui s\u2019est tenue \u00e0 Bruxelles il y a quelques ann\u00e9es.<br \/>\nBaudouin, que j\u2019avais rencontr\u00e9 \u00e0 cette \u00e9poque, ne tarissait pas d\u2019\u00e9loges sur la disponibilit\u00e9 totale de Fred Vargas, et Fred Vargas, elle, me disait avoir pris un vrai plaisir \u00e0 voir se transformer ses mots en dessins d\u2019une modernit\u00e9 puissante.<br \/>\nLe Prix qu\u2019elle vient de recevoir couronne une \u0153uvre, certes, mais aussi et surtout, peut-\u00eatre, une femme ouverte \u00e0 toutes les r\u00e9alit\u00e9s de la cr\u00e9ation artistique, une femme \u00e0 l\u2019humanisme \u00e9vident\u00a0!<\/p>\n<p><strong>Jacques Schra\u00fbwen<\/strong><\/p>\n","protected":false},"excerpt":{"rendered":"<p>Consid\u00e9r\u00e9 comme le \u00ab\u00a0Nobel\u00a0\u00bb du monde hispanophone, ce prix couronne cette ann\u00e9e une auteure fran\u00e7aise de \u00ab\u00a0polars\u00a0\u00bb, dont le jury souligne la port\u00e9e universelle et l\u2019apport \u00e0 la revitalisation du roman policier. Il couronne aussi une femme de lettres qui s\u2019est aventur\u00e9e quelque peu dans le monde du neuvi\u00e8me art. Fred Vargas &#8211; \u00a9 Baudouin\/Vargas [&hellip;]<\/p>\n","protected":false},"author":1,"featured_media":1929,"comment_status":"closed","ping_status":"open","sticky":false,"template":"","format":"standard","meta":{"jetpack_post_was_ever_published":false,"_jetpack_newsletter_access":"","_jetpack_dont_email_post_to_subs":false,"_jetpack_newsletter_tier_id":0,"_jetpack_memberships_contains_paywalled_content":false,"_jetpack_memberships_contains_paid_content":false,"footnotes":"","jetpack_publicize_message":"","jetpack_publicize_feature_enabled":true,"jetpack_social_post_already_shared":true,"jetpack_social_options":{"image_generator_settings":{"template":"highway","default_image_id":0,"font":"","enabled":false},"version":2}},"categories":[37],"tags":[],"class_list":["post-1927","post","type-post","status-publish","format-standard","has-post-thumbnail","hentry","category-evenements"],"jetpack_publicize_connections":[],"jetpack_featured_media_url":"https:\/\/i0.wp.com\/bd-chroniques.be\/wp-content\/uploads\/2018\/05\/vargas0.jpg?fit=500%2C775&ssl=1","jetpack_shortlink":"https:\/\/wp.me\/p8dqsu-v5","jetpack_likes_enabled":true,"jetpack_sharing_enabled":true,"_links":{"self":[{"href":"https:\/\/bd-chroniques.be\/index.php\/wp-json\/wp\/v2\/posts\/1927","targetHints":{"allow":["GET"]}}],"collection":[{"href":"https:\/\/bd-chroniques.be\/index.php\/wp-json\/wp\/v2\/posts"}],"about":[{"href":"https:\/\/bd-chroniques.be\/index.php\/wp-json\/wp\/v2\/types\/post"}],"author":[{"embeddable":true,"href":"https:\/\/bd-chroniques.be\/index.php\/wp-json\/wp\/v2\/users\/1"}],"replies":[{"embeddable":true,"href":"https:\/\/bd-chroniques.be\/index.php\/wp-json\/wp\/v2\/comments?post=1927"}],"version-history":[{"count":1,"href":"https:\/\/bd-chroniques.be\/index.php\/wp-json\/wp\/v2\/posts\/1927\/revisions"}],"predecessor-version":[{"id":1932,"href":"https:\/\/bd-chroniques.be\/index.php\/wp-json\/wp\/v2\/posts\/1927\/revisions\/1932"}],"wp:featuredmedia":[{"embeddable":true,"href":"https:\/\/bd-chroniques.be\/index.php\/wp-json\/wp\/v2\/media\/1929"}],"wp:attachment":[{"href":"https:\/\/bd-chroniques.be\/index.php\/wp-json\/wp\/v2\/media?parent=1927"}],"wp:term":[{"taxonomy":"category","embeddable":true,"href":"https:\/\/bd-chroniques.be\/index.php\/wp-json\/wp\/v2\/categories?post=1927"},{"taxonomy":"post_tag","embeddable":true,"href":"https:\/\/bd-chroniques.be\/index.php\/wp-json\/wp\/v2\/tags?post=1927"}],"curies":[{"name":"wp","href":"https:\/\/api.w.org\/{rel}","templated":true}]}}