{"id":2091,"date":"2018-07-05T14:54:06","date_gmt":"2018-07-05T12:54:06","guid":{"rendered":"http:\/\/bd-chroniques.be\/?p=2091"},"modified":"2018-07-05T14:54:06","modified_gmt":"2018-07-05T12:54:06","slug":"contes-ordinaires-dune-societe-resignee-un-auteur-turc-pour-une-bd-etonnante","status":"publish","type":"post","link":"https:\/\/bd-chroniques.be\/index.php\/2018\/07\/05\/contes-ordinaires-dune-societe-resignee-un-auteur-turc-pour-une-bd-etonnante\/","title":{"rendered":"Contes Ordinaires D&rsquo;une Soci\u00e9t\u00e9 R\u00e9sign\u00e9e: Un auteur turc pour une bd \u00e9tonnante!"},"content":{"rendered":"<div class=\"col-xs-12 col-md-8 pull-left rtbf-article-main__content js-article-paragraph-list\">\n<div class=\"rtbf-paragraph\">\n<p>Un auteur turc\u2026 Des nouvelles dessin\u00e9es qui, au travers d\u2019un imaginaire r\u00e9solument \u00ab fantastique \u00bb, nous parlent d\u2019aujourd\u2019hui et de ce que pourra \u00eatre demain\u2026 Un livre \u00e9tonnant, \u00e0 d\u00e9couvrir, \u00e0 appr\u00e9cier pour le regard graphique qu\u2019il porte sur notre univers !<\/p>\n<\/div>\n<div class=\"rtbf-paragraph  clearfix\" style=\"text-align: center;\">\n<figure class=\"www-media custom_large www-media--last js-gallery-figure\"><a id=\"image-9425855\" class=\"www-media-fullscreen js-gallery-image\" href=\"https:\/\/i0.wp.com\/ds1.static.rtbf.be\/article\/image\/1240x800\/3\/9\/e\/a72608e113931efca9d6a5b2fae86f31-1530430546.jpg?ssl=1\" target=\"_blank\" rel=\"noopener\" data-id=\"9425855\"> <img data-recalc-dims=\"1\" loading=\"lazy\" decoding=\"async\" class=\"img-responsive www-img-full  lazyloaded aligncenter\" title=\"contes ordinaires\" src=\"https:\/\/i0.wp.com\/ds1.static.rtbf.be\/article\/image\/370xAuto\/3\/9\/e\/a72608e113931efca9d6a5b2fae86f31-1530430546.jpg?resize=761%2C418&#038;ssl=1\" sizes=\"auto, (min-width: 1200px) calc(992px*0.66), (min-width: 992px) 66vw, 100vw\" srcset=\"https:\/\/ds1.static.rtbf.be\/article\/image\/370xAuto\/3\/9\/e\/a72608e113931efca9d6a5b2fae86f31-1530430546.jpg 370w,https:\/\/ds1.static.rtbf.be\/article\/image\/770xAuto\/3\/9\/e\/a72608e113931efca9d6a5b2fae86f31-1530430546.jpg 770w,https:\/\/ds1.static.rtbf.be\/article\/image\/1248xAuto\/3\/9\/e\/a72608e113931efca9d6a5b2fae86f31-1530430546.jpg 1248w\" alt=\"contes ordinaires\" width=\"761\" height=\"418\" data-sizes=\"(min-width: 1200px) calc(992px*0.66), (min-width: 992px) 66vw, 100vw\" data-srcset=\"https:\/\/ds1.static.rtbf.be\/article\/image\/370xAuto\/3\/9\/e\/a72608e113931efca9d6a5b2fae86f31-1530430546.jpg 370w,https:\/\/ds1.static.rtbf.be\/article\/image\/770xAuto\/3\/9\/e\/a72608e113931efca9d6a5b2fae86f31-1530430546.jpg 770w,https:\/\/ds1.static.rtbf.be\/article\/image\/1248xAuto\/3\/9\/e\/a72608e113931efca9d6a5b2fae86f31-1530430546.jpg 1248w\" \/> <\/a><figcaption class=\"www-media-caption\"><em><span class=\"www-media-caption__text\">Contes ordinaires &#8211; \u00a9 Fluide Glacial<\/p>\n<p><\/span><\/em><\/figcaption><\/figure>\n<p style=\"text-align: left;\">Qu\u2019est-ce qu\u2019un \u00a0\u00bb\u00a0conte\u00a0\u00a0\u00bb\u00a0?&#8230; Une histoire, courte, vive, dans laquelle sont d\u00e9crits et racont\u00e9s des faits n\u00e9s de la seule imagination de leur auteur.<\/p>\n<p style=\"text-align: left;\">Au-del\u00e0 de cette d\u00e9finition qui peut coller parfaitement \u00e0 Perrault ou \u00e0 Andersen, bien d\u2019autres voies s\u2019ouvrent aux amateurs de contes\u2026 On peut ainsi suivre Jean Ray et ses contes du whisky, ou aller \u00e0 la rencontre de l\u2019immense Jacques Sternberg au gr\u00e9 de ses contes glac\u00e9s, cruels, incisifs.<\/p>\n<p style=\"text-align: left;\">Le conte a, de mani\u00e8re logique, pris sa place \u00e9galement dans l\u2019univers de la bande dessin\u00e9e. Souvent en se faisant l\u2019adaptation, plus ou moins d\u00e9tourn\u00e9e, de textes litt\u00e9raires pr\u00e9existants. Parfois aussi, avec Yann par exemple, en d\u00e9moralisant totalement ces contes \u00e9crits et destin\u00e9s, originellement, \u00e0 l\u2019enfance.<\/p>\n<p style=\"text-align: left;\">Il y a \u00e9galement Foerster, un des auteurs les plus embl\u00e9matiques du fantastique dessin\u00e9. Un auteur partant, toujours, du quotidien pour le transfigurer et le rendre totalement horrible.<\/p>\n<p style=\"text-align: left;\">Et Ersin Karabulut est \u00e0 placer dans cette lign\u00e9e-l\u00e0, dans une filiation, tant au niveau du sc\u00e9nario que de graphisme parfois, de cette fa\u00e7on qu\u2019a Foerster de r\u00e9inventer en couleurs noires le quotidien qui est le n\u00f4tre.<\/p>\n<p>&nbsp;<\/p>\n<\/div>\n<div class=\"rtbf-paragraph  clearfix\" style=\"text-align: center;\">\n<figure class=\"www-media custom_large www-media--last js-gallery-figure\"><a id=\"image-9423919\" class=\"www-media-fullscreen js-gallery-image\" href=\"https:\/\/i0.wp.com\/ds1.static.rtbf.be\/article\/image\/1240x800\/7\/3\/6\/a37841e15f6c944b07b4d5da37068d00-1530176933.jpg?ssl=1\" target=\"_blank\" rel=\"noopener\" data-id=\"9423919\"> <img data-recalc-dims=\"1\" loading=\"lazy\" decoding=\"async\" class=\"img-responsive www-img-full  lazyloaded\" title=\"Contes ordinaires\" src=\"https:\/\/i0.wp.com\/ds1.static.rtbf.be\/article\/image\/370xAuto\/7\/3\/6\/a37841e15f6c944b07b4d5da37068d00-1530176933.jpg?resize=747%2C423&#038;ssl=1\" sizes=\"auto, (min-width: 1200px) calc(992px*0.66), (min-width: 992px) 66vw, 100vw\" srcset=\"https:\/\/ds1.static.rtbf.be\/article\/image\/370xAuto\/7\/3\/6\/a37841e15f6c944b07b4d5da37068d00-1530176933.jpg 370w,https:\/\/ds1.static.rtbf.be\/article\/image\/770xAuto\/7\/3\/6\/a37841e15f6c944b07b4d5da37068d00-1530176933.jpg 770w,https:\/\/ds1.static.rtbf.be\/article\/image\/1248xAuto\/7\/3\/6\/a37841e15f6c944b07b4d5da37068d00-1530176933.jpg 1248w\" alt=\"Contes ordinaires\" width=\"747\" height=\"423\" data-sizes=\"(min-width: 1200px) calc(992px*0.66), (min-width: 992px) 66vw, 100vw\" data-srcset=\"https:\/\/ds1.static.rtbf.be\/article\/image\/370xAuto\/7\/3\/6\/a37841e15f6c944b07b4d5da37068d00-1530176933.jpg 370w,https:\/\/ds1.static.rtbf.be\/article\/image\/770xAuto\/7\/3\/6\/a37841e15f6c944b07b4d5da37068d00-1530176933.jpg 770w,https:\/\/ds1.static.rtbf.be\/article\/image\/1248xAuto\/7\/3\/6\/a37841e15f6c944b07b4d5da37068d00-1530176933.jpg 1248w\" \/> <i class=\"ico ico-circle ico-stack-2x www-media-enlarge__bg\"><\/i> <i class=\"ico ico-expand ico-stack-1x ico-inverse www-media-enlarge__icon\"><\/i> <\/a><figcaption class=\"www-media-caption\"><span class=\"www-media-caption__text\"><em>Contes ordinaires &#8211; \u00a9 Fluide Glacial<\/em><\/p>\n<p><\/span><\/figcaption><\/figure>\n<p style=\"text-align: left;\">Ici, dans ces quinze contes, le quotidien que nous d\u00e9voile Ersin Karabulut n\u2019est, d\u2019\u00e9vidence, pas celui que l\u2019on conna\u00eet. Mais le monde qu\u2019il construit, qu\u2019il nous d\u00e9crit, r\u00e9pond parfaitement aux codes du fantastique\u00a0: si tout, ou presque, y est imaginaire, tout, \u00e9galement, participe d\u2019une logique totalement plausible.<\/p>\n<p style=\"text-align: left;\">Je disais que les contes de ce livre n\u2019ont pas de rapport avec notre soci\u00e9t\u00e9\u2026 Pas de rapport imm\u00e9diat, sans doute, mais un rapport symbolique, incontestablement\u00a0!<\/p>\n<p style=\"text-align: left;\">Que l\u2019auteur nous raconte l\u2019endoctrinement des enfants et le refus\u00a0de leur ouvrir l\u2019intelligence, que l\u2019auteur nous montre les gens perdant leurs couleurs et cr\u00e9ant ainsi un monde fait exclusivement de grisaille, \u00e0 l\u2019exception d\u2019un ciel, dernier refuge pour le r\u00eave, que\u00a0 l\u2019auteur nous parle de la souffrance, de la mort, de l\u2019omnipr\u00e9sence du pouvoir, c\u2019est, bien \u00e9videmment, de son monde qu\u2019il nous parle, d\u2019une Turquie contemporaine cherchant \u00e0 renouer avec un sultanat qui fut en son temps g\u00e9nocidaire\u2026<\/p>\n<p style=\"text-align: left;\">De son pays, oui, mais du n\u00f4tre aussi. Ou, plut\u00f4t, de ce que notre soci\u00e9t\u00e9 est en train de devenir\u00a0: un pourrissoir de toutes les esp\u00e9rances humaines\u00a0!<\/p>\n<p>&nbsp;<\/p>\n<\/div>\n<div class=\"rtbf-paragraph  clearfix\" style=\"text-align: center;\">\n<figure class=\"www-media custom_large www-media--last js-gallery-figure\"><a id=\"image-9423920\" class=\"www-media-fullscreen js-gallery-image\" href=\"https:\/\/i0.wp.com\/ds1.static.rtbf.be\/article\/image\/1240x800\/9\/a\/f\/f7dc073ab3170128983c2ceaa1458fb4-1530177017.jpg?ssl=1\" target=\"_blank\" rel=\"noopener\" data-id=\"9423920\"> <img data-recalc-dims=\"1\" loading=\"lazy\" decoding=\"async\" class=\"img-responsive www-img-full  lazyloaded aligncenter\" title=\"Contes ordinaires\" src=\"https:\/\/i0.wp.com\/ds1.static.rtbf.be\/article\/image\/370xAuto\/9\/a\/f\/f7dc073ab3170128983c2ceaa1458fb4-1530177017.jpg?resize=768%2C303&#038;ssl=1\" sizes=\"auto, (min-width: 1200px) calc(992px*0.66), (min-width: 992px) 66vw, 100vw\" srcset=\"https:\/\/ds1.static.rtbf.be\/article\/image\/370xAuto\/9\/a\/f\/f7dc073ab3170128983c2ceaa1458fb4-1530177017.jpg 370w,https:\/\/ds1.static.rtbf.be\/article\/image\/770xAuto\/9\/a\/f\/f7dc073ab3170128983c2ceaa1458fb4-1530177017.jpg 770w,https:\/\/ds1.static.rtbf.be\/article\/image\/1248xAuto\/9\/a\/f\/f7dc073ab3170128983c2ceaa1458fb4-1530177017.jpg 1248w\" alt=\"Contes ordinaires\" width=\"768\" height=\"303\" data-sizes=\"(min-width: 1200px) calc(992px*0.66), (min-width: 992px) 66vw, 100vw\" data-srcset=\"https:\/\/ds1.static.rtbf.be\/article\/image\/370xAuto\/9\/a\/f\/f7dc073ab3170128983c2ceaa1458fb4-1530177017.jpg 370w,https:\/\/ds1.static.rtbf.be\/article\/image\/770xAuto\/9\/a\/f\/f7dc073ab3170128983c2ceaa1458fb4-1530177017.jpg 770w,https:\/\/ds1.static.rtbf.be\/article\/image\/1248xAuto\/9\/a\/f\/f7dc073ab3170128983c2ceaa1458fb4-1530177017.jpg 1248w\" \/> <\/a><figcaption class=\"www-media-caption\"><em><span class=\"www-media-caption__text\">Contes ordinaires &#8211; \u00a9 Fluide Glacial<\/p>\n<p><\/span><\/em><\/figcaption><\/figure>\n<p style=\"text-align: left;\">N\u2019allez pas croire, cependant, en lisant les quelques lignes que je viens d\u2019\u00e9crire, que cet album est sobre et d\u00e9sesp\u00e9rant. Il est, tout au contraire, extr\u00eamement agr\u00e9able \u00e0 lire, comme le sont les nouvelles (oui, je me r\u00e9p\u00e8te\u2026) de Sternberg, de Pr\u00e9vot, de Ray, de Seignolle\u00a0!<\/p>\n<p style=\"text-align: left;\">Il y a de l\u2019humour, tr\u00e8s noir, mais sans cesse pr\u00e9sent. Il y a de la r\u00e9flexion, \u00e9galement, il y a de la tendresse, de l\u2019amour, de l\u2019amoralit\u00e9 et de l\u2019immoralit\u00e9\u2026<\/p>\n<p style=\"text-align: left;\">Il y a un dessin qui assume totalement ses influences, de Foerster \u00e0 Gimenez, il y a un auteur qui adore jouer avec les physionomies les plus improbables, au travers de son trait comme de ses couleurs. Des couleurs qui, parfois monochromes, parfois tr\u00e8s expressives et m\u00eame \u00a0\u00bb\u00a0flashy\u00a0\u00ab\u00a0, font de chaque conte, de chaque r\u00e9cit, un moment \u00e0 l\u2019ambiance unique.<\/p>\n<\/div>\n<div class=\"rtbf-paragraph  clearfix\">\n<p style=\"text-align: left;\">Je ne suis pas (je ne suis plus, plut\u00f4t) un tr\u00e8s grand \u00a0\u00bb\u00a0client\u00a0\u00a0\u00bb de Fluide Glacial\u00a0\u00ab\u00a0, je vous l\u2019avoue. Mais lorsque je me retrouve en face d\u2019un livre comme celui-ci, je ne peux que reconna\u00eetre l\u2019utilit\u00e9 de cet \u00e9diteur quand il ouvre les pages de son magazine et de ses albums \u00e0 des auteurs qui m\u00e9ritent d\u2019\u00eatre connus, reconnus\u00a0! Comme Ersin Karabulut, dont le discours, politiquement incorrect, est, de nos jours, essentiel \u00e0 \u00e9couter, \u00e0 lire, \u00e0 partager\u2026<\/p>\n<p style=\"text-align: left;\">\n<p><strong>Jacques Schra\u00fbwen<\/strong><\/p>\n<p><strong>Contes Ordinaires D\u2019une Soci\u00e9t\u00e9 R\u00e9sign\u00e9e (auteur\u00a0: Ersin Karabulut \u2013 \u00e9diteur\u00a0: Fluide Glacial)<\/strong><\/p>\n<\/div>\n<\/div>\n<div class=\"col-xs-12 col-md-8 rtbf-article-main__social article-social rs_skip rs_preserve\">\n<ul class=\"list-inline clearfix js-sharebar \">\n<li class=\"sharebar\" style=\"list-style-type: none;\"><\/li>\n<\/ul>\n<\/div>\n<div class=\"col-xs-12 rs_skip rs_preserve\"><\/div>\n","protected":false},"excerpt":{"rendered":"<p>Un auteur turc\u2026 Des nouvelles dessin\u00e9es qui, au travers d\u2019un imaginaire r\u00e9solument \u00ab fantastique \u00bb, nous parlent d\u2019aujourd\u2019hui et de ce que pourra \u00eatre demain\u2026 Un livre \u00e9tonnant, \u00e0 d\u00e9couvrir, \u00e0 appr\u00e9cier pour le regard graphique qu\u2019il porte sur notre univers ! Contes ordinaires &#8211; \u00a9 Fluide Glacial Qu\u2019est-ce qu\u2019un \u00a0\u00bb\u00a0conte\u00a0\u00a0\u00bb\u00a0?&#8230; Une histoire, courte, vive, [&hellip;]<\/p>\n","protected":false},"author":1,"featured_media":2092,"comment_status":"closed","ping_status":"open","sticky":false,"template":"","format":"standard","meta":{"jetpack_post_was_ever_published":false,"_jetpack_newsletter_access":"","_jetpack_dont_email_post_to_subs":false,"_jetpack_newsletter_tier_id":0,"_jetpack_memberships_contains_paywalled_content":false,"_jetpack_memberships_contains_paid_content":false,"footnotes":"","jetpack_publicize_message":"","jetpack_publicize_feature_enabled":true,"jetpack_social_post_already_shared":true,"jetpack_social_options":{"image_generator_settings":{"template":"highway","default_image_id":0,"font":"","enabled":false},"version":2}},"categories":[14,18],"tags":[],"class_list":["post-2091","post","type-post","status-publish","format-standard","has-post-thumbnail","hentry","category-bd-de-a-a-f","category-c"],"jetpack_publicize_connections":[],"jetpack_featured_media_url":"https:\/\/i0.wp.com\/bd-chroniques.be\/wp-content\/uploads\/2018\/07\/d32d3e02a1d428b7be8696c9b6f7f4e1-1530176412.jpg?fit=1248%2C701&ssl=1","jetpack_shortlink":"https:\/\/wp.me\/p8dqsu-xJ","jetpack_likes_enabled":true,"jetpack_sharing_enabled":true,"_links":{"self":[{"href":"https:\/\/bd-chroniques.be\/index.php\/wp-json\/wp\/v2\/posts\/2091","targetHints":{"allow":["GET"]}}],"collection":[{"href":"https:\/\/bd-chroniques.be\/index.php\/wp-json\/wp\/v2\/posts"}],"about":[{"href":"https:\/\/bd-chroniques.be\/index.php\/wp-json\/wp\/v2\/types\/post"}],"author":[{"embeddable":true,"href":"https:\/\/bd-chroniques.be\/index.php\/wp-json\/wp\/v2\/users\/1"}],"replies":[{"embeddable":true,"href":"https:\/\/bd-chroniques.be\/index.php\/wp-json\/wp\/v2\/comments?post=2091"}],"version-history":[{"count":1,"href":"https:\/\/bd-chroniques.be\/index.php\/wp-json\/wp\/v2\/posts\/2091\/revisions"}],"predecessor-version":[{"id":2093,"href":"https:\/\/bd-chroniques.be\/index.php\/wp-json\/wp\/v2\/posts\/2091\/revisions\/2093"}],"wp:featuredmedia":[{"embeddable":true,"href":"https:\/\/bd-chroniques.be\/index.php\/wp-json\/wp\/v2\/media\/2092"}],"wp:attachment":[{"href":"https:\/\/bd-chroniques.be\/index.php\/wp-json\/wp\/v2\/media?parent=2091"}],"wp:term":[{"taxonomy":"category","embeddable":true,"href":"https:\/\/bd-chroniques.be\/index.php\/wp-json\/wp\/v2\/categories?post=2091"},{"taxonomy":"post_tag","embeddable":true,"href":"https:\/\/bd-chroniques.be\/index.php\/wp-json\/wp\/v2\/tags?post=2091"}],"curies":[{"name":"wp","href":"https:\/\/api.w.org\/{rel}","templated":true}]}}