{"id":2190,"date":"2018-07-21T08:57:36","date_gmt":"2018-07-21T06:57:36","guid":{"rendered":"http:\/\/bd-chroniques.be\/?p=2190"},"modified":"2018-07-21T08:57:37","modified_gmt":"2018-07-21T06:57:37","slug":"moins-quhier-plus-que-demain-une-bd-de-vacances-et-de-sourires","status":"publish","type":"post","link":"https:\/\/bd-chroniques.be\/index.php\/2018\/07\/21\/moins-quhier-plus-que-demain-une-bd-de-vacances-et-de-sourires\/","title":{"rendered":"Moins qu&rsquo;hier (plus que demain) : une bd de vacances et de sourires\u2026"},"content":{"rendered":"<p><a href=\"http:\/\/bd-chroniques.be\/index.php\/2018\/07\/21\/moins-quhier-plus-que-demain-une-bd-de-vacances-et-de-sourires\/moins0ter\/\" rel=\"attachment wp-att-2191\"><img data-recalc-dims=\"1\" loading=\"lazy\" decoding=\"async\" class=\"aligncenter size-full wp-image-2191\" src=\"https:\/\/i0.wp.com\/bd-chroniques.be\/wp-content\/uploads\/2018\/07\/moins0ter.jpg?resize=640%2C367\" alt=\"\" width=\"640\" height=\"367\" srcset=\"https:\/\/i0.wp.com\/bd-chroniques.be\/wp-content\/uploads\/2018\/07\/moins0ter.jpg?w=640&amp;ssl=1 640w, https:\/\/i0.wp.com\/bd-chroniques.be\/wp-content\/uploads\/2018\/07\/moins0ter.jpg?resize=300%2C172&amp;ssl=1 300w\" sizes=\"auto, (max-width: 640px) 100vw, 640px\" \/><\/a><\/p>\n<p>&nbsp;<\/p>\n<p>La collection \u00a0\u00bb Gl\u00e9naaarg \u00a0\u00bb de chez Gl\u00e9nat ne s\u2019encombre pas de politiquement correct, et l\u2019humour qu\u2019elle v\u00e9hicule aime grincer ! La preuve, dans ce livre qui parle d\u2019amour sans le montrer !<\/p>\n<p><a href=\"https:\/\/i0.wp.com\/bd-chroniques.be\/wp-content\/uploads\/2018\/07\/moins1.jpg\"><img data-recalc-dims=\"1\" loading=\"lazy\" decoding=\"async\" class=\"aligncenter size-full wp-image-2192\" src=\"https:\/\/i0.wp.com\/bd-chroniques.be\/wp-content\/uploads\/2018\/07\/moins1.jpg?resize=768%2C1086\" alt=\"\" width=\"768\" height=\"1086\" srcset=\"https:\/\/i0.wp.com\/bd-chroniques.be\/wp-content\/uploads\/2018\/07\/moins1.jpg?w=968&amp;ssl=1 968w, https:\/\/i0.wp.com\/bd-chroniques.be\/wp-content\/uploads\/2018\/07\/moins1.jpg?resize=212%2C300&amp;ssl=1 212w, https:\/\/i0.wp.com\/bd-chroniques.be\/wp-content\/uploads\/2018\/07\/moins1.jpg?resize=768%2C1086&amp;ssl=1 768w, https:\/\/i0.wp.com\/bd-chroniques.be\/wp-content\/uploads\/2018\/07\/moins1.jpg?resize=724%2C1024&amp;ssl=1 724w\" sizes=\"auto, (max-width: 768px) 100vw, 768px\" \/><\/a><\/p>\n<p style=\"text-align: center;\"><em>moins qu&rsquo;hier &#8211; \u00a9 Gl\u00e9nat<\/em><\/p>\n<p>Fabcaro est un auteur particuli\u00e8rement \u00e9clectique, puisque, sc\u00e9nariste, il a travaill\u00e9 autant pour les \u00e9ditions Jungle que pour les \u00e9ditions Dargaud, pour Fluide Glacial comme pour les \u00e9ditions Gl\u00e9nat.<br \/>\nSa marque de fabrique, cependant, reste l\u2019humour\u2026 Un humour que n\u2019auraient sans doute pas d\u00e9savou\u00e9 Greg ni Gotlib, dont il a os\u00e9 reprendre les s\u00e9ries cultes, Achille Talon et Gai Luron, avec plus ou moins de r\u00e9ussite\u2026<br \/>\nMais il n\u2019est jamais meilleur que lorsqu\u2019il peut se laisser aller, lorsqu\u2019il se permet de ne pas suivre les pas de ses anciens, lorsqu\u2019il a la possibilit\u00e9 de faire \u00e9talage de ses deux talents conjugu\u00e9s : \u00eatre une sorte de moraliste non-s\u00e9rieux \u00e0 l\u2019ancienne (je pense \u00e0 La Fontaine, par exemple\u2026), et l\u2019\u00eatre avec une sorte d\u2019humour quelque peu provocateur, et l\u2019\u00eatre surtout au travers d\u2019un dessin d\u2019un r\u00e9alisme \u00e9vident, d\u2019une r\u00e9alit\u00e9 simple mais particuli\u00e8rement aboutie.<\/p>\n<p><a href=\"https:\/\/i0.wp.com\/bd-chroniques.be\/wp-content\/uploads\/2018\/07\/moins2.jpg\"><img data-recalc-dims=\"1\" loading=\"lazy\" decoding=\"async\" class=\"aligncenter size-full wp-image-2193\" src=\"https:\/\/i0.wp.com\/bd-chroniques.be\/wp-content\/uploads\/2018\/07\/moins2.jpg?resize=768%2C1086\" alt=\"\" width=\"768\" height=\"1086\" srcset=\"https:\/\/i0.wp.com\/bd-chroniques.be\/wp-content\/uploads\/2018\/07\/moins2.jpg?w=968&amp;ssl=1 968w, https:\/\/i0.wp.com\/bd-chroniques.be\/wp-content\/uploads\/2018\/07\/moins2.jpg?resize=212%2C300&amp;ssl=1 212w, https:\/\/i0.wp.com\/bd-chroniques.be\/wp-content\/uploads\/2018\/07\/moins2.jpg?resize=768%2C1086&amp;ssl=1 768w, https:\/\/i0.wp.com\/bd-chroniques.be\/wp-content\/uploads\/2018\/07\/moins2.jpg?resize=724%2C1024&amp;ssl=1 724w\" sizes=\"auto, (max-width: 768px) 100vw, 768px\" \/><\/a><\/p>\n<p style=\"text-align: center;\">\n<em>moins qu&rsquo;hier &#8211; \u00a9 Gl\u00e9nat<\/em><\/p>\n<p>Un des th\u00e8mes qu\u2019il a toujours aim\u00e9 traiter, un de ces th\u00e8mes qui forment l\u2019essentiel, d\u2019ailleurs, de l\u2019inspiration artistique de l\u2019homme depuis qu\u2019il a la possibilit\u00e9 de penser, de r\u00e9fl\u00e9chir, d\u2019imaginer, de r\u00eaver (et des r\u00eaves qui ne sont pas footeux\u2026), je veux parler, \u00e9videmment, de l\u2019amour. Celui avec un \u00a0\u00bb A \u00a0\u00bb majuscule, parfois\u2026. Celui, surtout, avec un \u00a0\u00bb a \u00a0\u00bb tout ce qu\u2019il y a de plus minuscule et de plus mesquin !&#8230;<\/p>\n<p>&nbsp;<\/p>\n<p><a href=\"https:\/\/i0.wp.com\/bd-chroniques.be\/wp-content\/uploads\/2018\/07\/moins3.jpg\"><img data-recalc-dims=\"1\" loading=\"lazy\" decoding=\"async\" class=\"aligncenter size-full wp-image-2194\" src=\"https:\/\/i0.wp.com\/bd-chroniques.be\/wp-content\/uploads\/2018\/07\/moins3.jpg?resize=640%2C909\" alt=\"\" width=\"640\" height=\"909\" srcset=\"https:\/\/i0.wp.com\/bd-chroniques.be\/wp-content\/uploads\/2018\/07\/moins3.jpg?w=640&amp;ssl=1 640w, https:\/\/i0.wp.com\/bd-chroniques.be\/wp-content\/uploads\/2018\/07\/moins3.jpg?resize=211%2C300&amp;ssl=1 211w\" sizes=\"auto, (max-width: 640px) 100vw, 640px\" \/><\/a><\/p>\n<p style=\"text-align: center;\">\n<em>moins qu&rsquo;hier &#8211; \u00a9 Gl\u00e9nat<\/em><\/p>\n<p>La mesquinerie est en effet au centre de toutes les pages de cet album, ou presque\u2026 Fabcaro nous raconte, dans ce livre, en gags d\u2019une page, la vie de plusieurs couples. Nous montre, plut\u00f4t que nous raconte, d\u2019ailleurs, et il le fait au travers d\u2019un dessin qui, volontairement, se refuse \u00e0 \u00eatre expressif. Les personnages, hommes et femmes, sont neutres. Et ne prennent vie, finalement, que gr\u00e2ce \u00e0 leurs mots, au travers d\u2019un album qui prouve que Fabcaro est d\u2019abord et avant tout un vrai dialoguiste. Quelque peu ubuesque, parfois, et toujours totalement incorrect ! C\u2019est le quotidien qui l\u2019int\u00e9resse, le quotidien de gens qui vivent ensemble, ne s\u2019aiment peut-\u00eatre plus, mais veulent encore continuer \u00e0 y croire. Un quotidien qui n\u2019a rien de magique, qui fait bien plus sourire que rire, et encore, avec des sourires de grisaille plut\u00f4t que d\u2019arc-en-ciel !<\/p>\n<p><a href=\"https:\/\/i0.wp.com\/bd-chroniques.be\/wp-content\/uploads\/2018\/07\/moins4.jpg\"><img data-recalc-dims=\"1\" loading=\"lazy\" decoding=\"async\" class=\"aligncenter size-full wp-image-2195\" src=\"https:\/\/i0.wp.com\/bd-chroniques.be\/wp-content\/uploads\/2018\/07\/moins4.jpg?resize=768%2C1086\" alt=\"\" width=\"768\" height=\"1086\" srcset=\"https:\/\/i0.wp.com\/bd-chroniques.be\/wp-content\/uploads\/2018\/07\/moins4.jpg?w=968&amp;ssl=1 968w, https:\/\/i0.wp.com\/bd-chroniques.be\/wp-content\/uploads\/2018\/07\/moins4.jpg?resize=212%2C300&amp;ssl=1 212w, https:\/\/i0.wp.com\/bd-chroniques.be\/wp-content\/uploads\/2018\/07\/moins4.jpg?resize=768%2C1086&amp;ssl=1 768w, https:\/\/i0.wp.com\/bd-chroniques.be\/wp-content\/uploads\/2018\/07\/moins4.jpg?resize=724%2C1024&amp;ssl=1 724w\" sizes=\"auto, (max-width: 768px) 100vw, 768px\" \/><\/a><\/p>\n<p style=\"text-align: center;\">\n<em>moins qu&rsquo;hier &#8211; \u00a9 Gl\u00e9nat<\/em><\/p>\n<p>En 62 pages, Fabcaro croque, en traits \u00e0 peine color\u00e9s, la vie de tous les jours de tout un chacun, de nous aussi, donc\u2026 Et ce livre se savoure comme se savoure, sous le soleil des vacances, un bon cocktail\u2026<br \/>\nUn livre \u00e0 emmener sur la plage, donc, ou \u00e0 l\u2019ombre d\u2019un parasol, sur un terrasse accueillante\u2026 Un livre, \u00e9galement, \u00e0 lire \u00e0 deux, pour \u00e9viter les faux-pas de la vie en commun et retrouver le plaisir de r\u00eaver ! Ensemble, bien s\u00fbr!&#8230;<\/p>\n<p><strong>Jacques Schra\u00fbwen<\/strong><br \/>\n<strong>Moins qu\u2019hier (plus que demain) (auteur : Fabcarao \u2013 \u00e9diteur : Gl\u00e9naaarg\/Gl\u00e9nat)<\/strong><\/p>\n","protected":false},"excerpt":{"rendered":"<p>&nbsp; La collection \u00a0\u00bb Gl\u00e9naaarg \u00a0\u00bb de chez Gl\u00e9nat ne s\u2019encombre pas de politiquement correct, et l\u2019humour qu\u2019elle v\u00e9hicule aime grincer ! La preuve, dans ce livre qui parle d\u2019amour sans le montrer ! moins qu&rsquo;hier &#8211; \u00a9 Gl\u00e9nat Fabcaro est un auteur particuli\u00e8rement \u00e9clectique, puisque, sc\u00e9nariste, il a travaill\u00e9 autant pour les \u00e9ditions Jungle [&hellip;]<\/p>\n","protected":false},"author":1,"featured_media":0,"comment_status":"closed","ping_status":"open","sticky":false,"template":"","format":"standard","meta":{"jetpack_post_was_ever_published":false,"_jetpack_newsletter_access":"","_jetpack_dont_email_post_to_subs":false,"_jetpack_newsletter_tier_id":0,"_jetpack_memberships_contains_paywalled_content":false,"_jetpack_memberships_contains_paid_content":false,"footnotes":"","jetpack_publicize_message":"","jetpack_publicize_feature_enabled":true,"jetpack_social_post_already_shared":true,"jetpack_social_options":{"image_generator_settings":{"template":"highway","default_image_id":0,"font":"","enabled":false},"version":2}},"categories":[23,24],"tags":[],"class_list":["post-2190","post","type-post","status-publish","format-standard","hentry","category-bd-de-m-a-r","category-m"],"jetpack_publicize_connections":[],"jetpack_featured_media_url":"","jetpack_shortlink":"https:\/\/wp.me\/p8dqsu-zk","jetpack_likes_enabled":true,"jetpack_sharing_enabled":true,"_links":{"self":[{"href":"https:\/\/bd-chroniques.be\/index.php\/wp-json\/wp\/v2\/posts\/2190","targetHints":{"allow":["GET"]}}],"collection":[{"href":"https:\/\/bd-chroniques.be\/index.php\/wp-json\/wp\/v2\/posts"}],"about":[{"href":"https:\/\/bd-chroniques.be\/index.php\/wp-json\/wp\/v2\/types\/post"}],"author":[{"embeddable":true,"href":"https:\/\/bd-chroniques.be\/index.php\/wp-json\/wp\/v2\/users\/1"}],"replies":[{"embeddable":true,"href":"https:\/\/bd-chroniques.be\/index.php\/wp-json\/wp\/v2\/comments?post=2190"}],"version-history":[{"count":2,"href":"https:\/\/bd-chroniques.be\/index.php\/wp-json\/wp\/v2\/posts\/2190\/revisions"}],"predecessor-version":[{"id":2197,"href":"https:\/\/bd-chroniques.be\/index.php\/wp-json\/wp\/v2\/posts\/2190\/revisions\/2197"}],"wp:attachment":[{"href":"https:\/\/bd-chroniques.be\/index.php\/wp-json\/wp\/v2\/media?parent=2190"}],"wp:term":[{"taxonomy":"category","embeddable":true,"href":"https:\/\/bd-chroniques.be\/index.php\/wp-json\/wp\/v2\/categories?post=2190"},{"taxonomy":"post_tag","embeddable":true,"href":"https:\/\/bd-chroniques.be\/index.php\/wp-json\/wp\/v2\/tags?post=2190"}],"curies":[{"name":"wp","href":"https:\/\/api.w.org\/{rel}","templated":true}]}}