{"id":2220,"date":"2018-08-01T09:02:44","date_gmt":"2018-08-01T07:02:44","guid":{"rendered":"http:\/\/bd-chroniques.be\/?p=2220"},"modified":"2018-07-30T15:25:36","modified_gmt":"2018-07-30T13:25:36","slug":"lobsolescence-programmee-de-nos-sentiments-lamour-le-desir-le-bonheur-et-le-temps-qui-passe","status":"publish","type":"post","link":"https:\/\/bd-chroniques.be\/index.php\/2018\/08\/01\/lobsolescence-programmee-de-nos-sentiments-lamour-le-desir-le-bonheur-et-le-temps-qui-passe\/","title":{"rendered":"L&rsquo;obsolescence programm\u00e9e de nos sentiments : l&rsquo;amour, le d\u00e9sir, le bonheur et le temps qui passe\u2026"},"content":{"rendered":"<div class=\"rtbf-paragraph\">\n<p>Zidrou, d\u2019album en album, aime nous \u00e9tonner tout autant qu\u2019il s\u2019\u00e9tonne lui-m\u00eame, par la vari\u00e9t\u00e9 de ses choix sc\u00e9naristiques, et par la po\u00e9sie profond\u00e9ment humaine de toutes ses aventures en compagnie de dessinateurs toujours inspir\u00e9s\u2026<\/p>\n<\/div>\n<div class=\"rtbf-paragraph  clearfix\" style=\"text-align: center;\">\n<figure class=\"www-media custom_large www-media--last js-gallery-figure\"><a id=\"image-9439957\" class=\"www-media-fullscreen js-gallery-image\" href=\"https:\/\/i0.wp.com\/ds1.static.rtbf.be\/article\/image\/1240x800\/7\/0\/2\/7d4d246bcbebc4d384e830c41ab3e9c4-1532007900.jpg?ssl=1\" target=\"_blank\" rel=\"noopener\" data-id=\"9439957\"> <img data-recalc-dims=\"1\" decoding=\"async\" class=\"img-responsive www-img-full  lazyloaded aligncenter\" title=\"L'obsolescence programm\u00e9e de nos sentiments\" src=\"https:\/\/i0.wp.com\/ds1.static.rtbf.be\/article\/image\/370xAuto\/7\/0\/2\/7d4d246bcbebc4d384e830c41ab3e9c4-1532007900.jpg?w=768&#038;ssl=1\" sizes=\"(min-width: 1200px) calc(992px*0.66), (min-width: 992px) 66vw, 100vw\" srcset=\"https:\/\/ds1.static.rtbf.be\/article\/image\/370xAuto\/7\/0\/2\/7d4d246bcbebc4d384e830c41ab3e9c4-1532007900.jpg 370w,https:\/\/ds1.static.rtbf.be\/article\/image\/770xAuto\/7\/0\/2\/7d4d246bcbebc4d384e830c41ab3e9c4-1532007900.jpg 770w,https:\/\/ds1.static.rtbf.be\/article\/image\/1248xAuto\/7\/0\/2\/7d4d246bcbebc4d384e830c41ab3e9c4-1532007900.jpg 1248w\" alt=\"L'obsolescence programm\u00e9e de nos sentiments\" data-sizes=\"(min-width: 1200px) calc(992px*0.66), (min-width: 992px) 66vw, 100vw\" data-srcset=\"https:\/\/ds1.static.rtbf.be\/article\/image\/370xAuto\/7\/0\/2\/7d4d246bcbebc4d384e830c41ab3e9c4-1532007900.jpg 370w,https:\/\/ds1.static.rtbf.be\/article\/image\/770xAuto\/7\/0\/2\/7d4d246bcbebc4d384e830c41ab3e9c4-1532007900.jpg 770w,https:\/\/ds1.static.rtbf.be\/article\/image\/1248xAuto\/7\/0\/2\/7d4d246bcbebc4d384e830c41ab3e9c4-1532007900.jpg 1248w\" \/> <i class=\"ico ico-circle ico-stack-2x www-media-enlarge__bg\"><\/i> <i class=\"ico ico-expand ico-stack-1x ico-inverse www-media-enlarge__icon\"><\/i> <\/a><figcaption class=\"www-media-caption\"><span class=\"www-media-caption__text\"><em>L&rsquo;obsolescence programm\u00e9e de nos sentiments &#8211; \u00a9 Dargaud<\/em><\/p>\n<p><\/span><\/figcaption><\/figure>\n<p style=\"text-align: left;\">On parle beaucoup, ces derniers temps, de l\u2019obsolescence programm\u00e9e de tous les appareils \u00e9lectro-m\u00e9nagers (au sens le plus large du terme\u2026) qui remplissent de plus en plus notre quotidien.<\/p>\n<p style=\"text-align: left;\">En m\u00eame temps, nous vivons une \u00e9poque o\u00f9 l\u2019\u00eatre humain lui-m\u00eame se trouve en danger de perte de (re)connaissance, face \u00e0 un univers dans lequel la technologie prend de plus en plus le pouvoir.<\/p>\n<p style=\"text-align: left;\">La technologie et l\u2019\u00e2ge. Certes, le \u00a0\u00bb\u00a0jeunisme\u00a0\u00a0\u00bb ne date pas d\u2019aujourd\u2019hui, et il a d\u00e9j\u00e0 quelques belles ann\u00e9es derri\u00e8re lui, mais il est de plus en plus pr\u00e9sent, \u00e9vident, dans toutes les couches de notre soci\u00e9t\u00e9. Le temps qui passe serait-il donc devenu, pour l\u2019homme et la femme, le signe in\u00e9luctable d\u2019une d\u00e9ch\u00e9ance, d\u2019un effacement de tous les bonheurs de la vie\u00a0? Vieillir serait-il le signe charnel d\u2019une obsolescence programm\u00e9e des sentiments humains\u00a0?<\/p>\n<p style=\"text-align: left;\">C\u2019est l\u00e0 tout le th\u00e8me de cet album qui ne ressemble \u00e0 aucun autre, qui aborde, de front, avec tendresse et po\u00e9sie, la beaut\u00e9 de l\u2019\u00e2me et du corps qui, en se sachant vieillis, face \u00e0 leurs propres miroirs, face aussi et surtout aux miroirs des regards des autres, se veulent encore et toujours aptes au d\u00e9sir, au plaisir, donc \u00e0 l\u2019existence\u00a0!<\/p>\n<h6 style=\"text-align: left;\">Zidrou: le th\u00e8me de ce livre<\/h6>\n<audio class=\"wp-audio-shortcode\" id=\"audio-2220-1\" preload=\"none\" style=\"width: 100%;\" controls=\"controls\"><source type=\"audio\/mpeg\" src=\"http:\/\/bd-chroniques.be\/wp-content\/uploads\/2018\/07\/obsolescence-theme.mp3?_=1\" \/><a href=\"http:\/\/bd-chroniques.be\/wp-content\/uploads\/2018\/07\/obsolescence-theme.mp3\">http:\/\/bd-chroniques.be\/wp-content\/uploads\/2018\/07\/obsolescence-theme.mp3<\/a><\/audio>\n<div class=\"rtbf-article-main__audio\">\n<div id=\"audio-O\" class=\"rtbf-article-main__embed embed-responsive embed-responsive-16by9\" style=\"text-align: left;\"><\/div>\n<\/div>\n<\/div>\n<div class=\"rtbf-paragraph  clearfix\" style=\"text-align: center;\">\n<figure class=\"www-media custom_large www-media--last js-gallery-figure\"><a id=\"image-9439958\" class=\"www-media-fullscreen js-gallery-image\" href=\"https:\/\/i0.wp.com\/ds1.static.rtbf.be\/article\/image\/1240x800\/7\/9\/9\/a9ff65a11ef97af8af595e15499c16dd-1532007967.jpg?ssl=1\" target=\"_blank\" rel=\"noopener\" data-id=\"9439958\"> <img data-recalc-dims=\"1\" decoding=\"async\" class=\"img-responsive www-img-full  lazyloaded aligncenter\" title=\"L'obsolescence programm\u00e9e de nos sentiments\" src=\"https:\/\/i0.wp.com\/ds1.static.rtbf.be\/article\/image\/370xAuto\/7\/9\/9\/a9ff65a11ef97af8af595e15499c16dd-1532007967.jpg?w=768&#038;ssl=1\" sizes=\"(min-width: 1200px) calc(992px*0.66), (min-width: 992px) 66vw, 100vw\" srcset=\"https:\/\/ds1.static.rtbf.be\/article\/image\/370xAuto\/7\/9\/9\/a9ff65a11ef97af8af595e15499c16dd-1532007967.jpg 370w,https:\/\/ds1.static.rtbf.be\/article\/image\/770xAuto\/7\/9\/9\/a9ff65a11ef97af8af595e15499c16dd-1532007967.jpg 770w,https:\/\/ds1.static.rtbf.be\/article\/image\/1248xAuto\/7\/9\/9\/a9ff65a11ef97af8af595e15499c16dd-1532007967.jpg 1248w\" alt=\"L'obsolescence programm\u00e9e de nos sentiments\" data-sizes=\"(min-width: 1200px) calc(992px*0.66), (min-width: 992px) 66vw, 100vw\" data-srcset=\"https:\/\/ds1.static.rtbf.be\/article\/image\/370xAuto\/7\/9\/9\/a9ff65a11ef97af8af595e15499c16dd-1532007967.jpg 370w,https:\/\/ds1.static.rtbf.be\/article\/image\/770xAuto\/7\/9\/9\/a9ff65a11ef97af8af595e15499c16dd-1532007967.jpg 770w,https:\/\/ds1.static.rtbf.be\/article\/image\/1248xAuto\/7\/9\/9\/a9ff65a11ef97af8af595e15499c16dd-1532007967.jpg 1248w\" \/> <i class=\"ico ico-circle ico-stack-2x www-media-enlarge__bg\"><\/i> <i class=\"ico ico-expand ico-stack-1x ico-inverse www-media-enlarge__icon\"><\/i> <\/a><figcaption class=\"www-media-caption\"><span class=\"www-media-caption__text\"><em>L&rsquo;obsolescence programm\u00e9e de nos sentiments &#8211; \u00a9 Dargaud<\/em><\/p>\n<p><\/span><\/figcaption><\/figure>\n<p style=\"text-align: left;\">Le r\u00e9sum\u00e9 de ce livre est tout simple. Ulysse, veuf, perd son emploi \u00e0 presque 60 ans. Seul dans la vie, il prom\u00e8ne son ennui entre ses quatre murs. M\u00e9diterran\u00e9e, elle, est commer\u00e7ante et c\u00e9libataire, et vient de perdre sa m\u00e8re, avec qui, sans doute, elle vivait une relation privil\u00e9gi\u00e9e depuis toujours. Ulysse \u00e9tait d\u00e9m\u00e9nageur. M\u00e9diterran\u00e9e fut, il y a des ann\u00e9es, mod\u00e8le de charme, ayant m\u00eame fait la couverture du magazine Lui.<\/p>\n<p style=\"text-align: left;\">Isol\u00e9s, perclus de solitude, pr\u00eats presque \u00e0 se laisser aller \u00e0 un long et lent trajet vers la mort, ils vont se croiser, par hasard. Ils vont se regarder l\u2019un l\u2019autre. Ils vont, non pas rajeunir, mais s\u2019apprivoiser et, ce faisant, apprivoiser le temps, LEUR temps.<\/p>\n<p style=\"text-align: left;\">Lorsqu\u2019un tel sujet est abord\u00e9, en litt\u00e9rature, en chanson, il faut reconnaitre que ce sont souvent les \u00a0\u00bb\u00a0clich\u00e9s\u00a0\u00a0\u00bb qui deviennent le fil conducteur d\u2019un r\u00e9cit plus ou moins bien-pensant et \u00a0\u00bb\u00a0politiquement\u00a0\u00a0\u00bb correct.<\/p>\n<p style=\"text-align: left;\">Avec Zidrou, ce n\u2019est pas du tout le cas, tout comme avec Aim\u00e9e De Jongh, l\u2019\u00e9poustouflante dessinatrice de cet album. Pour aborder le th\u00e8me du vieillissement des sentiments, celui des chairs, ils battent tous les deux en br\u00e8che les habitudes visuelles et litt\u00e9raires rattach\u00e9es \u00e0 la r\u00e9alit\u00e9 de l\u2019\u00e2ge humain. Il y a les mots de Zidrou qui, \u00e0 aucun moment, ne sonnent faux. Il y a le dessin d\u2019Aim\u00e9e De Jongh qui n\u2019embellit rien, qui ose montrer les corps tels qu\u2019ils sont et pas tels qu\u2019on pourrait les r\u00eaver, et qui le fait sans voyeurisme, mais avec une v\u00e9ritable sensualit\u00e9.<\/p>\n<h6 style=\"text-align: left;\">Zidrou: Les clich\u00e9s<\/h6>\n<audio class=\"wp-audio-shortcode\" id=\"audio-2220-2\" preload=\"none\" style=\"width: 100%;\" controls=\"controls\"><source type=\"audio\/mpeg\" src=\"http:\/\/bd-chroniques.be\/wp-content\/uploads\/2018\/07\/obsolescence-clich\u00e9s.mp3?_=2\" \/><a href=\"http:\/\/bd-chroniques.be\/wp-content\/uploads\/2018\/07\/obsolescence-clich\u00e9s.mp3\">http:\/\/bd-chroniques.be\/wp-content\/uploads\/2018\/07\/obsolescence-clich\u00e9s.mp3<\/a><\/audio>\n<div class=\"rtbf-article-main__audio\">\n<div id=\"audio-O\" class=\"rtbf-article-main__embed embed-responsive embed-responsive-16by9\" style=\"text-align: left;\"><\/div>\n<\/div>\n<\/div>\n<div class=\"rtbf-paragraph  clearfix\" style=\"text-align: center;\">\n<figure class=\"www-media custom_large www-media--last js-gallery-figure\"><a id=\"image-9439959\" class=\"www-media-fullscreen js-gallery-image\" href=\"https:\/\/i0.wp.com\/ds1.static.rtbf.be\/article\/image\/1240x800\/0\/7\/6\/f9ae59fd21e981a67eb97d7f2cfde275-1532008018.jpg?ssl=1\" target=\"_blank\" rel=\"noopener\" data-id=\"9439959\"> <img data-recalc-dims=\"1\" decoding=\"async\" class=\"img-responsive www-img-full  lazyloaded aligncenter\" title=\"L'obsolescence programm\u00e9e de nos sentiments\" src=\"https:\/\/i0.wp.com\/ds1.static.rtbf.be\/article\/image\/370xAuto\/0\/7\/6\/f9ae59fd21e981a67eb97d7f2cfde275-1532008018.jpg?w=768&#038;ssl=1\" sizes=\"(min-width: 1200px) calc(992px*0.66), (min-width: 992px) 66vw, 100vw\" srcset=\"https:\/\/ds1.static.rtbf.be\/article\/image\/370xAuto\/0\/7\/6\/f9ae59fd21e981a67eb97d7f2cfde275-1532008018.jpg 370w,https:\/\/ds1.static.rtbf.be\/article\/image\/770xAuto\/0\/7\/6\/f9ae59fd21e981a67eb97d7f2cfde275-1532008018.jpg 770w,https:\/\/ds1.static.rtbf.be\/article\/image\/1248xAuto\/0\/7\/6\/f9ae59fd21e981a67eb97d7f2cfde275-1532008018.jpg 1248w\" alt=\"L'obsolescence programm\u00e9e de nos sentiments\" data-sizes=\"(min-width: 1200px) calc(992px*0.66), (min-width: 992px) 66vw, 100vw\" data-srcset=\"https:\/\/ds1.static.rtbf.be\/article\/image\/370xAuto\/0\/7\/6\/f9ae59fd21e981a67eb97d7f2cfde275-1532008018.jpg 370w,https:\/\/ds1.static.rtbf.be\/article\/image\/770xAuto\/0\/7\/6\/f9ae59fd21e981a67eb97d7f2cfde275-1532008018.jpg 770w,https:\/\/ds1.static.rtbf.be\/article\/image\/1248xAuto\/0\/7\/6\/f9ae59fd21e981a67eb97d7f2cfde275-1532008018.jpg 1248w\" \/> <i class=\"ico ico-circle ico-stack-2x www-media-enlarge__bg\"><\/i> <i class=\"ico ico-expand ico-stack-1x ico-inverse www-media-enlarge__icon\"><\/i> <\/a><figcaption class=\"www-media-caption\"><em><span class=\"www-media-caption__text\">L&rsquo;obsolescence programm\u00e9e de nos sentiments &#8211; \u00a9 Dargaud<\/p>\n<p><\/span><\/em><\/figcaption><\/figure>\n<p style=\"text-align: left;\">C\u2019est ce qui est frappant, dans cet ouvrage, tr\u00e8s vite, d\u2019ailleurs, cette osmose entre texte et graphisme, entre l\u2019image et le mot, entre les visions que les deux auteurs, de g\u00e9n\u00e9rations tr\u00e8s diff\u00e9rentes, partagent de l\u2019humanit\u00e9, du corps dans toutes ses \u00e9volutions, du sentiment qui, si on le veut, peut ne jamais souffrir d\u2019obsolescence, tant il est vrai qu\u2019aucun \u00eatre humain n\u2019est un clich\u00e9! S\u2019il fallait trouver une morale \u00e0 cette histoire, c\u2019est que le sentiment amoureux est la seule et v\u00e9ritable jeunesse de la chair comme de l\u2019\u00e2me, du c\u0153ur comme de l\u2019intelligence.<\/p>\n<p style=\"text-align: left;\">Et, \u00e0 ce titre, la couverture de cet album est parfaitement embl\u00e9matique. Nos deux h\u00e9ros sont nus, mais de dos\u2026 Se parlent-ils ou, silencieux, regardent-ils c\u00f4te \u00e0 c\u00f4te leurs nouveaux horizons\u00a0? Et s\u2019ils sont amoureux, ils ne le sont qu\u2019en pr\u00e9mices, qu\u2019en fr\u00f4lements, qu\u2019en esp\u00e9rances\u2026<\/p>\n<p style=\"text-align: left;\">Cet album est un livre profond\u00e9ment et exclusivement humain, ai-je envie de dire. Un livre dans lequel on sent, avec intensit\u00e9, que tous les personnages, centraux ou secondaires, ont leur importance, ont leur existence propre. Comme cette professionnelle de l\u2019amour, aper\u00e7ue deux fois, et dont le dessin montre, plus que ce qu\u2019auraient pu faire les seuls mots, toute la d\u00e9tresse de voir un client fid\u00e8le, un ami intime donc, la quitter par amour\u2026<\/p>\n<p style=\"text-align: left;\">La pauvret\u00e9 de l\u2019avant-vieillesse devient richesse gr\u00e2ce \u00e0 un dessin tout en douceur, tout en po\u00e9sie \u00e0 la fois pudique et subtilement sensuelle. Aim\u00e9e De Jongh joue avec les regards, avec les ombres sur les corps d\u00e9nud\u00e9s, avec les sourires de chacun de ses personnages\u2026 Et elle fait avec un ind\u00e9niable talent!<\/p>\n<h6 style=\"text-align: left;\">Zidrou: osmose ente dessin et texte<\/h6>\n<audio class=\"wp-audio-shortcode\" id=\"audio-2220-3\" preload=\"none\" style=\"width: 100%;\" controls=\"controls\"><source type=\"audio\/mpeg\" src=\"http:\/\/bd-chroniques.be\/wp-content\/uploads\/2018\/07\/obsolescence-osmose-avec-dessin.mp3?_=3\" \/><a href=\"http:\/\/bd-chroniques.be\/wp-content\/uploads\/2018\/07\/obsolescence-osmose-avec-dessin.mp3\">http:\/\/bd-chroniques.be\/wp-content\/uploads\/2018\/07\/obsolescence-osmose-avec-dessin.mp3<\/a><\/audio>\n<h6 style=\"text-align: left;\">Zidrou: La couverture<\/h6>\n<audio class=\"wp-audio-shortcode\" id=\"audio-2220-4\" preload=\"none\" style=\"width: 100%;\" controls=\"controls\"><source type=\"audio\/mpeg\" src=\"http:\/\/bd-chroniques.be\/wp-content\/uploads\/2018\/07\/obsolescence-couverture-dessin.mp3?_=4\" \/><a href=\"http:\/\/bd-chroniques.be\/wp-content\/uploads\/2018\/07\/obsolescence-couverture-dessin.mp3\">http:\/\/bd-chroniques.be\/wp-content\/uploads\/2018\/07\/obsolescence-couverture-dessin.mp3<\/a><\/audio>\n<h6 style=\"text-align: left;\">Zidrou: Les personnages, en accord total avec la dessinatrice<\/h6>\n<audio class=\"wp-audio-shortcode\" id=\"audio-2220-5\" preload=\"none\" style=\"width: 100%;\" controls=\"controls\"><source type=\"audio\/mpeg\" src=\"http:\/\/bd-chroniques.be\/wp-content\/uploads\/2018\/07\/obsolescence-pmersonnages...-dessinatrice.mp3?_=5\" \/><a href=\"http:\/\/bd-chroniques.be\/wp-content\/uploads\/2018\/07\/obsolescence-pmersonnages...-dessinatrice.mp3\">http:\/\/bd-chroniques.be\/wp-content\/uploads\/2018\/07\/obsolescence-pmersonnages...-dessinatrice.mp3<\/a><\/audio>\n<div class=\"rtbf-article-main__audio\">\n<div id=\"audio-O\" class=\"rtbf-article-main__embed embed-responsive embed-responsive-16by9\" style=\"text-align: left;\"><\/div>\n<\/div>\n<div class=\"rtbf-article-main__audio\">\n<div id=\"audio-P\" class=\"rtbf-article-main__embed embed-responsive embed-responsive-16by9\"><\/div>\n<\/div>\n<div class=\"rtbf-article-main__audio\">\n<div id=\"audio-Q\" class=\"rtbf-article-main__embed embed-responsive embed-responsive-16by9\"><\/div>\n<\/div>\n<\/div>\n<div class=\"rtbf-paragraph  clearfix\" style=\"text-align: center;\">\n<figure class=\"www-media custom_large www-media--last js-gallery-figure\"><a id=\"image-9439960\" class=\"www-media-fullscreen js-gallery-image\" href=\"https:\/\/i0.wp.com\/ds1.static.rtbf.be\/article\/image\/1240x800\/4\/1\/5\/20d0464944634c2bcbe2d5a0d2caefda-1532008082.jpg?ssl=1\" target=\"_blank\" rel=\"noopener\" data-id=\"9439960\"> <img data-recalc-dims=\"1\" decoding=\"async\" class=\"img-responsive www-img-full  lazyloaded aligncenter\" title=\"L'obsolescence programm\u00e9e de nos sentiments\" src=\"https:\/\/i0.wp.com\/ds1.static.rtbf.be\/article\/image\/370xAuto\/4\/1\/5\/20d0464944634c2bcbe2d5a0d2caefda-1532008082.jpg?w=768&#038;ssl=1\" sizes=\"(min-width: 1200px) calc(992px*0.66), (min-width: 992px) 66vw, 100vw\" srcset=\"https:\/\/ds1.static.rtbf.be\/article\/image\/370xAuto\/4\/1\/5\/20d0464944634c2bcbe2d5a0d2caefda-1532008082.jpg 370w,https:\/\/ds1.static.rtbf.be\/article\/image\/770xAuto\/4\/1\/5\/20d0464944634c2bcbe2d5a0d2caefda-1532008082.jpg 770w,https:\/\/ds1.static.rtbf.be\/article\/image\/1248xAuto\/4\/1\/5\/20d0464944634c2bcbe2d5a0d2caefda-1532008082.jpg 1248w\" alt=\"L'obsolescence programm\u00e9e de nos sentiments\" data-sizes=\"(min-width: 1200px) calc(992px*0.66), (min-width: 992px) 66vw, 100vw\" data-srcset=\"https:\/\/ds1.static.rtbf.be\/article\/image\/370xAuto\/4\/1\/5\/20d0464944634c2bcbe2d5a0d2caefda-1532008082.jpg 370w,https:\/\/ds1.static.rtbf.be\/article\/image\/770xAuto\/4\/1\/5\/20d0464944634c2bcbe2d5a0d2caefda-1532008082.jpg 770w,https:\/\/ds1.static.rtbf.be\/article\/image\/1248xAuto\/4\/1\/5\/20d0464944634c2bcbe2d5a0d2caefda-1532008082.jpg 1248w\" \/> <i class=\"ico ico-circle ico-stack-2x www-media-enlarge__bg\"><\/i> <i class=\"ico ico-expand ico-stack-1x ico-inverse www-media-enlarge__icon\"><\/i> <\/a><figcaption class=\"www-media-caption\"><em><span class=\"www-media-caption__text\">L&rsquo;obsolescence programm\u00e9e de nos sentiments &#8211; \u00a9 Dargaud<\/p>\n<p><\/span><\/em><\/figcaption><\/figure>\n<p style=\"text-align: left;\">Ce livre aurait pu \u00eatre d\u00e9sesp\u00e9r\u00e9, voire d\u00e9sesp\u00e9rant, et il n\u2019en est rien, que du contraire. Cette histoire que nous racontent Zidrou et De Jongh est rafra\u00eechissante, souriante, heureuse\u2026 Je ne peux pas r\u00e9sister \u00e0 une citation, d\u2019ailleurs\u00a0: \u00a0\u00bb\u00a0devenir vieux, c\u2019est\u00a0un m\u00e9tier d\u2019avenir\u00a0\u00ab\u00a0.<\/p>\n<p style=\"text-align: left;\">La vie est faite d\u2019\u00e9tapes, para\u00eet-il\u2026 L\u2019\u00e9tape que franchissent Ulysse et M\u00e9diterran\u00e9e est essentielle\u00a0, puisqu\u2019ils ont enfin d\u00e9pass\u00e9 l\u2019\u00e2ge d\u2019\u00eatre raisonnables\u00a0!<\/p>\n<p style=\"text-align: left;\">Zidrou, lui aussi, a d\u00e9pass\u00e9 cet \u00e2ge, depuis quelques ann\u00e9es d\u00e9j\u00e0, des ann\u00e9es au cours desquelles il parvient, de livre en livre, \u00e0 se renouveler, mais \u00e0 le faire sans aucune routine, en parvenant \u00e0 raconter des histoires toutes diff\u00e9rentes les unes des autres, sans aucun doute, mais toutes anim\u00e9es d\u2019une m\u00eame volont\u00e9\u00a0: celle de nous faire aimer des personnages, m\u00eame horribles (comme dans \u00a0\u00bb\u00a0La petite souriante\u00a0\u00ab\u00a0), et de le faire avec un vrai talent litt\u00e9raire, avec un regard \u00e0 la fois tendre et po\u00e9tique, souriant et acerbe, un de ces regards capables de magnifier un quotidien toujours trop lourd \u00e0 supporter\u2026<\/p>\n<p style=\"text-align: left;\">En quelques ann\u00e9es, d\u2019\u00e9tonnement en \u00e9tonnement, Zidrou s\u2019est install\u00e9 dans l\u2019univers du neuvi\u00e8me art comme un des sc\u00e9naristes les plus importants\u00a0!<\/p>\n<h6 style=\"text-align: left;\">Zidrou: \u00eatre sc\u00e9nariste<\/h6>\n<audio class=\"wp-audio-shortcode\" id=\"audio-2220-6\" preload=\"none\" style=\"width: 100%;\" controls=\"controls\"><source type=\"audio\/mpeg\" src=\"http:\/\/bd-chroniques.be\/wp-content\/uploads\/2018\/07\/obsolescence-sc\u00e9nariste-ok.mp3?_=6\" \/><a href=\"http:\/\/bd-chroniques.be\/wp-content\/uploads\/2018\/07\/obsolescence-sc\u00e9nariste-ok.mp3\">http:\/\/bd-chroniques.be\/wp-content\/uploads\/2018\/07\/obsolescence-sc\u00e9nariste-ok.mp3<\/a><\/audio>\n<div class=\"rtbf-article-main__audio\">\n<div id=\"audio-O\" class=\"rtbf-article-main__embed embed-responsive embed-responsive-16by9\" style=\"text-align: left;\"><\/div>\n<\/div>\n<\/div>\n<div class=\"rtbf-paragraph  clearfix\">\n<p>\u00a0\u00bb\u00a0L\u2019obsolescence programm\u00e9e des sentiments\u00a0\u00a0\u00bb est un livre traditionnel dans sa construction, tant graphique que litt\u00e9raire. Mais c&rsquo;est surtout un livre r\u00e9solument moderne dans son traitement&#8230;<\/p>\n<p>C\u2019est aussi un livre qui ne parle, finalement, que du quotidien, dans ce qu\u2019il peut avoir de plus ouvert au r\u00eave et \u00e0 ses r\u00e9alisations.<\/p>\n<p>C\u2019est aussi un album \u00e9mouvant, optimiste, positif, intelligent, avec un humour qui est celui de tout un chacun, tant\u00f4t tendre, tant\u00f4t grivois\u2026<\/p>\n<p>Et j\u2019aime, en lisant un album de bd, \u00eatre \u00e9mu, sourire, r\u00e9fl\u00e9chir, changer mon point de vue, m\u00eame, sur diff\u00e9rentes r\u00e9alit\u00e9s humaines.<\/p>\n<p>Et j\u2019aime donc, \u00e9norm\u00e9ment, ce livre tout en intelligence, qui affirme encore plus le talent de Zidrou et fait, d\u2019ores et d\u00e9j\u00e0, d\u2019Aim\u00e9e De Jongh une de ces dessinatrices avec qui il faut d\u00e9sormais compter dans le monde du neuvi\u00e8me art!<\/p>\n<p>&nbsp;<\/p>\n<p><strong>Jacques Schra\u00fbwen<\/strong><\/p>\n<p><strong>L&rsquo;obsolescence programm\u00e9e de nos sentiments\u00a0(dessin\u00a0: Aim\u00e9e De Jongh \u2013 sc\u00e9nario\u00a0: Zidrou \u2013 \u00e9diteur\u00a0: Dargaud)<\/strong><\/p>\n<\/div>\n","protected":false},"excerpt":{"rendered":"<p>Zidrou, d\u2019album en album, aime nous \u00e9tonner tout autant qu\u2019il s\u2019\u00e9tonne lui-m\u00eame, par la vari\u00e9t\u00e9 de ses choix sc\u00e9naristiques, et par la po\u00e9sie profond\u00e9ment humaine de toutes ses aventures en compagnie de dessinateurs toujours inspir\u00e9s\u2026 L&rsquo;obsolescence programm\u00e9e de nos sentiments &#8211; \u00a9 Dargaud On parle beaucoup, ces derniers temps, de l\u2019obsolescence programm\u00e9e de tous les [&hellip;]<\/p>\n","protected":false},"author":1,"featured_media":2228,"comment_status":"closed","ping_status":"open","sticky":false,"template":"","format":"standard","meta":{"jetpack_post_was_ever_published":false,"_jetpack_newsletter_access":"","_jetpack_dont_email_post_to_subs":false,"_jetpack_newsletter_tier_id":0,"_jetpack_memberships_contains_paywalled_content":false,"_jetpack_memberships_contains_paid_content":false,"footnotes":"","jetpack_publicize_message":"","jetpack_publicize_feature_enabled":true,"jetpack_social_post_already_shared":true,"jetpack_social_options":{"image_generator_settings":{"template":"highway","default_image_id":0,"font":"","enabled":false},"version":2}},"categories":[23,26],"tags":[],"class_list":["post-2220","post","type-post","status-publish","format-standard","has-post-thumbnail","hentry","category-bd-de-m-a-r","category-o"],"jetpack_publicize_connections":[],"jetpack_featured_media_url":"https:\/\/i0.wp.com\/bd-chroniques.be\/wp-content\/uploads\/2018\/08\/obs0bis.jpeg?fit=745%2C377&ssl=1","jetpack_shortlink":"https:\/\/wp.me\/p8dqsu-zO","jetpack_likes_enabled":true,"jetpack_sharing_enabled":true,"_links":{"self":[{"href":"https:\/\/bd-chroniques.be\/index.php\/wp-json\/wp\/v2\/posts\/2220","targetHints":{"allow":["GET"]}}],"collection":[{"href":"https:\/\/bd-chroniques.be\/index.php\/wp-json\/wp\/v2\/posts"}],"about":[{"href":"https:\/\/bd-chroniques.be\/index.php\/wp-json\/wp\/v2\/types\/post"}],"author":[{"embeddable":true,"href":"https:\/\/bd-chroniques.be\/index.php\/wp-json\/wp\/v2\/users\/1"}],"replies":[{"embeddable":true,"href":"https:\/\/bd-chroniques.be\/index.php\/wp-json\/wp\/v2\/comments?post=2220"}],"version-history":[{"count":1,"href":"https:\/\/bd-chroniques.be\/index.php\/wp-json\/wp\/v2\/posts\/2220\/revisions"}],"predecessor-version":[{"id":2227,"href":"https:\/\/bd-chroniques.be\/index.php\/wp-json\/wp\/v2\/posts\/2220\/revisions\/2227"}],"wp:featuredmedia":[{"embeddable":true,"href":"https:\/\/bd-chroniques.be\/index.php\/wp-json\/wp\/v2\/media\/2228"}],"wp:attachment":[{"href":"https:\/\/bd-chroniques.be\/index.php\/wp-json\/wp\/v2\/media?parent=2220"}],"wp:term":[{"taxonomy":"category","embeddable":true,"href":"https:\/\/bd-chroniques.be\/index.php\/wp-json\/wp\/v2\/categories?post=2220"},{"taxonomy":"post_tag","embeddable":true,"href":"https:\/\/bd-chroniques.be\/index.php\/wp-json\/wp\/v2\/tags?post=2220"}],"curies":[{"name":"wp","href":"https:\/\/api.w.org\/{rel}","templated":true}]}}