{"id":2337,"date":"2018-08-28T11:15:50","date_gmt":"2018-08-28T09:15:50","guid":{"rendered":"http:\/\/bd-chroniques.be\/?p=2337"},"modified":"2018-08-28T11:15:50","modified_gmt":"2018-08-28T09:15:50","slug":"ailefroide","status":"publish","type":"post","link":"https:\/\/bd-chroniques.be\/index.php\/2018\/08\/28\/ailefroide\/","title":{"rendered":"Ailefroide"},"content":{"rendered":"<p style=\"text-align: center;\"><strong>Le livre d\u2019une vie, le roman graphique de d\u00e9fis, de r\u00eaves et d\u2019apprentissages\u2026<\/strong><\/p>\n<p>Amoureux de la montagne, ce livre est pour vous\u2026 Amoureux des aventures humaines v\u00e9cues en marge des normes, ce livre est pour vous\u2026 Amoureux d\u2019une bande dessin\u00e9e qui s\u2019accepte totalement comme objet d\u2019art et de litt\u00e9rature, ce livre est pour vous\u00a0!&#8230;<\/p>\n<p>&nbsp;<\/p>\n<p><a href=\"https:\/\/i0.wp.com\/bd-chroniques.be\/wp-content\/uploads\/2018\/08\/aile0.jpg\"><img data-recalc-dims=\"1\" loading=\"lazy\" decoding=\"async\" class=\"aligncenter size-full wp-image-2338\" src=\"https:\/\/i0.wp.com\/bd-chroniques.be\/wp-content\/uploads\/2018\/08\/aile0.jpg?resize=650%2C901\" alt=\"\" width=\"650\" height=\"901\" srcset=\"https:\/\/i0.wp.com\/bd-chroniques.be\/wp-content\/uploads\/2018\/08\/aile0.jpg?w=650&amp;ssl=1 650w, https:\/\/i0.wp.com\/bd-chroniques.be\/wp-content\/uploads\/2018\/08\/aile0.jpg?resize=216%2C300&amp;ssl=1 216w\" sizes=\"auto, (max-width: 650px) 100vw, 650px\" \/><\/a><\/p>\n<p style=\"text-align: center;\"><em>Ailefroide \u00a9 Casterman<\/em><\/p>\n<p>&nbsp;<\/p>\n<p>Avec \u00ab\u00a0Ailefroide\u00a0\u00bb, nous nous trouvons en face d\u2019un livre \u00e9tonnant et multiple.<br \/>\nBien s\u00fbr, c\u2019est d\u2019abord la \u00ab\u00a0biographie\u00a0\u00bb dessin\u00e9e de Jean-Marc Rochette lui-m\u00eame. Il voulait devenir guide de montagne, il s\u2019est r\u00e9alis\u00e9 comme dessinateur de bande dessin\u00e9e. Il se voulait aventurier \u00e9perdu des fulgurances de la nature, il s\u2019est enfoui dans les imaginaires de papier nourris de ses souvenances et de ses esp\u00e9rances.<br \/>\nDans ce livre, tout commence par le peintre Soutine, et ses \u00e9merveillements de lumi\u00e8re qu\u2019un gamin, Rochette, regarde, et veut toucher. Et ce sont ces couleurs-l\u00e0, sans m\u00eame s\u2019en rendre compte, que ce gamin va rechercher dans les d\u00e9fis qu\u2019il s\u2019impose, face d\u2019abord \u00e0 des parois \u00e0 gravir, \u00e0 des montagnes \u00e0 d\u00e9couvrir, par des voies de plus en plus difficiles, de plus en plus envo\u00fbtantes.<br \/>\nDans ce livre, donc, tout continue par ces d\u00e9fis qui sont autant d\u2019apprentissages pour le jeune Rochette. Un gamin qui se d\u00e9couvre dans l\u2019aventure, certes, mais pour qui, inconsciemment, cette aventure est aussi celle de l\u2019amiti\u00e9, celle du partage, pour qui cette aventure devient plus qu\u2019un apprentissage au \u00ab\u00a0sport\u00a0\u00bb, un apprentissage \u00e0 la vie elle-m\u00eame, avec ses passions, ses folies, ses d\u00e9mesures, ses raisons, aussi\u2026<br \/>\nDe page en page, on suit le parcours pratiquement initiatique de ce gamin qui, peu \u00e0 peu, d\u00e9couvre qu\u2019au-del\u00e0 du r\u00eave il y a un au-del\u00e0 infiniment moins lumineux, infiniment plus cruel, celui de la souffrance, celui de la mort.<\/p>\n<p>&nbsp;<\/p>\n<p style=\"text-align: center;\"><a href=\"https:\/\/i0.wp.com\/bd-chroniques.be\/wp-content\/uploads\/2018\/08\/aile1.jpg\"><img data-recalc-dims=\"1\" loading=\"lazy\" decoding=\"async\" class=\"aligncenter size-full wp-image-2339\" src=\"https:\/\/i0.wp.com\/bd-chroniques.be\/wp-content\/uploads\/2018\/08\/aile1.jpg?resize=600%2C808\" alt=\"\" width=\"600\" height=\"808\" srcset=\"https:\/\/i0.wp.com\/bd-chroniques.be\/wp-content\/uploads\/2018\/08\/aile1.jpg?w=600&amp;ssl=1 600w, https:\/\/i0.wp.com\/bd-chroniques.be\/wp-content\/uploads\/2018\/08\/aile1.jpg?resize=223%2C300&amp;ssl=1 223w\" sizes=\"auto, (max-width: 600px) 100vw, 600px\" \/><\/a><em>Ailefroide \u00a9 Casterman<\/em><\/p>\n<p>&nbsp;<\/p>\n<p>Jean-Marc Rochette: Apprentissage _ D\u00e9fis<\/p>\n<audio class=\"wp-audio-shortcode\" id=\"audio-2337-1\" preload=\"none\" style=\"width: 100%;\" controls=\"controls\"><source type=\"audio\/mpeg\" src=\"http:\/\/bd-chroniques.be\/wp-content\/uploads\/2018\/08\/ailefroide-apprentissage-d\u00e9fis.mp3?_=1\" \/><a href=\"http:\/\/bd-chroniques.be\/wp-content\/uploads\/2018\/08\/ailefroide-apprentissage-d\u00e9fis.mp3\">http:\/\/bd-chroniques.be\/wp-content\/uploads\/2018\/08\/ailefroide-apprentissage-d\u00e9fis.mp3<\/a><\/audio>\n<p>&nbsp;<\/p>\n<p>Jean-Marc Rochette: R\u00eave &#8211; R\u00e9alit\u00e9 &#8211; Mort<\/p>\n<audio class=\"wp-audio-shortcode\" id=\"audio-2337-2\" preload=\"none\" style=\"width: 100%;\" controls=\"controls\"><source type=\"audio\/mpeg\" src=\"http:\/\/bd-chroniques.be\/wp-content\/uploads\/2018\/08\/ailefroide-r\u00eave-r\u00e9alit\u00e9-mort.mp3?_=2\" \/><a href=\"http:\/\/bd-chroniques.be\/wp-content\/uploads\/2018\/08\/ailefroide-r\u00eave-r\u00e9alit\u00e9-mort.mp3\">http:\/\/bd-chroniques.be\/wp-content\/uploads\/2018\/08\/ailefroide-r\u00eave-r\u00e9alit\u00e9-mort.mp3<\/a><\/audio>\n<p>&nbsp;<\/p>\n<p>Avec Rochette, on se trouve toujours en porte-\u00e0-faux par rapport aux habitudes qui peuvent \u00eatre celles de la bande dessin\u00e9e. Bien s\u00fbr, il y a une narration graphique parfaitement ma\u00eetris\u00e9e, un d\u00e9coupage traditionnel qui met \u00e0 l\u2019aise tous les lecteurs. Mais il y a aussi la pr\u00e9sence, au d\u00e9tour des pages, et ici d\u00e8s la premi\u00e8re page, d\u2019ailleurs, de l\u2019Art. Soutine, oui\u2026 Mais aussi l\u2019architecture, au travers des d\u00e9cors, des paysages, des chapelles, des ruelles. On sent toujours, chez Rochette, qu\u2019une existence, quelle qu\u2019elle soit, ne peut se montrer, se r\u00e9v\u00e9ler qu\u2019ancr\u00e9e profond\u00e9ment dans un lieu, dans une succession de lieux. Et m\u00eame s\u2019il est, dans ce livre-ci, didactique quant aux techniques de l\u2019alpinisme, il r\u00e9ussit \u00e0 l\u2019\u00eatre en nous montrant la montagne vivre, remuer, palpiter\u2026 Vibrer, m\u00eame, sous la pr\u00e9sence lumineuse de ciels qui, oppressants parfois, se font surtout des envol\u00e9es vers des ailleurs toujours plus lointains, toujours plus po\u00e9tiques.<br \/>\nEt pis, il y a aussi le c\u00f4t\u00e9 litt\u00e9raire de son \u00e9criture. Chaque personnage a sa fa\u00e7on de parler, de s\u2019exprimer, comme il a sa mani\u00e8re personnelle de bouger. On sent aussi, au travers des textes qui \u00e9maillent son r\u00e9cit, la pr\u00e9sence de r\u00e9f\u00e9rences d\u2019\u00e9crivains, pas en tant que \u00ab\u00a0citations\u00a0\u00bb, mais bien plus comme inspiration assum\u00e9e.<\/p>\n<p>&nbsp;<\/p>\n<p style=\"text-align: center;\"><a href=\"https:\/\/i0.wp.com\/bd-chroniques.be\/wp-content\/uploads\/2018\/08\/aile2.jpg\"><img data-recalc-dims=\"1\" loading=\"lazy\" decoding=\"async\" class=\"aligncenter size-full wp-image-2342\" src=\"https:\/\/i0.wp.com\/bd-chroniques.be\/wp-content\/uploads\/2018\/08\/aile2.jpg?resize=640%2C855\" alt=\"\" width=\"640\" height=\"855\" srcset=\"https:\/\/i0.wp.com\/bd-chroniques.be\/wp-content\/uploads\/2018\/08\/aile2.jpg?w=640&amp;ssl=1 640w, https:\/\/i0.wp.com\/bd-chroniques.be\/wp-content\/uploads\/2018\/08\/aile2.jpg?resize=225%2C300&amp;ssl=1 225w\" sizes=\"auto, (max-width: 640px) 100vw, 640px\" \/><\/a><em>Ailefroide \u00a9 Casterman<\/em><\/p>\n<p>&nbsp;<\/p>\n<p>Jean-Marc Rochette: Couleur<\/p>\n<audio class=\"wp-audio-shortcode\" id=\"audio-2337-3\" preload=\"none\" style=\"width: 100%;\" controls=\"controls\"><source type=\"audio\/mpeg\" src=\"http:\/\/bd-chroniques.be\/wp-content\/uploads\/2018\/08\/ailefroide-art-montagne.mp3?_=3\" \/><a href=\"http:\/\/bd-chroniques.be\/wp-content\/uploads\/2018\/08\/ailefroide-art-montagne.mp3\">http:\/\/bd-chroniques.be\/wp-content\/uploads\/2018\/08\/ailefroide-art-montagne.mp3<\/a><\/audio>\n<p>&nbsp;<\/p>\n<p>Jean-Marc Rochette: Litt\u00e9rature<\/p>\n<audio class=\"wp-audio-shortcode\" id=\"audio-2337-4\" preload=\"none\" style=\"width: 100%;\" controls=\"controls\"><source type=\"audio\/mpeg\" src=\"http:\/\/bd-chroniques.be\/wp-content\/uploads\/2018\/08\/ailefroide-litterature-bd.mp3?_=4\" \/><a href=\"http:\/\/bd-chroniques.be\/wp-content\/uploads\/2018\/08\/ailefroide-litterature-bd.mp3\">http:\/\/bd-chroniques.be\/wp-content\/uploads\/2018\/08\/ailefroide-litterature-bd.mp3<\/a><\/audio>\n<p>&nbsp;<\/p>\n<p>On entend, dans ce livre, bruisser le silence. On ressent la persistance de l\u2019anecdote tout au long d\u2019un destin en construction. On s\u2019enfouit dans un album v\u00e9ritablement construit comme un roman, avec des dialogues, des descriptions, des chapitres, m\u00eame. On assiste \u00e0 la naissance de la peur, petit \u00e0 petit, et \u00e0 cette prise de conscience douloureuse\u00a0: vivre, vieillir, c\u2019est accepter la peur.<br \/>\nIl s\u2019agit d\u2019une longue tranche de vie, faite de plusieurs \u00e9poques. De plusieurs r\u00e9alit\u00e9s, aussi, puisque ce roman graphique nous montre Rochette abandonner la montagne apr\u00e8s en avoir d\u00e9couvert les morsures, d\u00e9couvrir la souffrance, personnellement et en assistant, \u00e0 l\u2019h\u00f4pital, \u00e0 une sc\u00e8ne d\u2019une horreur quotidienne inacceptable.<br \/>\nOn le voit devenir dessinateur de bande dessin\u00e9e, et assumer pleinement quelques influences qui, dans ce \u00ab\u00a0Ailefroide\u00a0\u00bb, embellissent le dessin\u2026 Rochette, par exemple, revendique pleinement le c\u00f4t\u00e9 \u00ab\u00a0adolescent, boy-scout\u00a0\u00bb de ses personnages et, donc, du dessin qui les montre, et qui rappelle de mani\u00e8re \u00e9vidente le talent de Pierre Joubert, ou de Pierre Forget.<\/p>\n<p>&nbsp;<\/p>\n<p>&nbsp;<\/p>\n<p><a href=\"https:\/\/i0.wp.com\/bd-chroniques.be\/wp-content\/uploads\/2018\/08\/aile3.jpg\"><img data-recalc-dims=\"1\" loading=\"lazy\" decoding=\"async\" class=\"aligncenter size-full wp-image-2345\" src=\"https:\/\/i0.wp.com\/bd-chroniques.be\/wp-content\/uploads\/2018\/08\/aile3.jpg?resize=640%2C258\" alt=\"\" width=\"640\" height=\"258\" srcset=\"https:\/\/i0.wp.com\/bd-chroniques.be\/wp-content\/uploads\/2018\/08\/aile3.jpg?w=640&amp;ssl=1 640w, https:\/\/i0.wp.com\/bd-chroniques.be\/wp-content\/uploads\/2018\/08\/aile3.jpg?resize=300%2C121&amp;ssl=1 300w\" sizes=\"auto, (max-width: 640px) 100vw, 640px\" \/><\/a><\/p>\n<p style=\"text-align: center;\"><em>Ailefroide \u00a9 Casterman<\/em><\/p>\n<p>&nbsp;<\/p>\n<p>Jean-Marc Rochette: Joubert, etc<\/p>\n<p>&nbsp;<\/p>\n<audio class=\"wp-audio-shortcode\" id=\"audio-2337-5\" preload=\"none\" style=\"width: 100%;\" controls=\"controls\"><source type=\"audio\/mpeg\" src=\"http:\/\/bd-chroniques.be\/wp-content\/uploads\/2018\/08\/ailefroide-de-joubert-\u00e0-la-cruaut\u00e9-1.mp3?_=5\" \/><a href=\"http:\/\/bd-chroniques.be\/wp-content\/uploads\/2018\/08\/ailefroide-de-joubert-\u00e0-la-cruaut\u00e9-1.mp3\">http:\/\/bd-chroniques.be\/wp-content\/uploads\/2018\/08\/ailefroide-de-joubert-\u00e0-la-cruaut\u00e9-1.mp3<\/a><\/audio>\n<p>&nbsp;<\/p>\n<p>C\u2019est de la bande dessin\u00e9e, d\u2019abord et avant tout. Mais de la bande dessin\u00e9e qui rend hommage \u00e0 la peinture, \u00e0 quelques a\u00een\u00e9s, aussi, comme l\u2019immense Corben. De la bd qui, neuvi\u00e8me art \u00e0 part enti\u00e8re, pr\u00f4ne avant tout la libert\u00e9\u2026 Celle de la cr\u00e9ation, celle du r\u00eave, celle de prendre les chemins, qu\u2019ils soient des voies entre deux pitons rochers ou les pages d\u2019un journal de bande dessin\u00e9e des ann\u00e9es 70.<br \/>\nEt c\u2019est cela que je retiendrai sans doute de ce livre\u00a0: l\u2019aile froide de la libert\u00e9 et de ses angoisses qui souffle tout au long de ses pages\u00a0!<\/p>\n<p>&nbsp;<\/p>\n<p style=\"text-align: center;\"><a href=\"https:\/\/i0.wp.com\/bd-chroniques.be\/wp-content\/uploads\/2018\/08\/aile4.jpg\"><img data-recalc-dims=\"1\" loading=\"lazy\" decoding=\"async\" class=\"aligncenter size-full wp-image-2346\" src=\"https:\/\/i0.wp.com\/bd-chroniques.be\/wp-content\/uploads\/2018\/08\/aile4.jpg?resize=768%2C324\" alt=\"\" width=\"768\" height=\"324\" srcset=\"https:\/\/i0.wp.com\/bd-chroniques.be\/wp-content\/uploads\/2018\/08\/aile4.jpg?w=2279&amp;ssl=1 2279w, https:\/\/i0.wp.com\/bd-chroniques.be\/wp-content\/uploads\/2018\/08\/aile4.jpg?resize=300%2C126&amp;ssl=1 300w, https:\/\/i0.wp.com\/bd-chroniques.be\/wp-content\/uploads\/2018\/08\/aile4.jpg?resize=768%2C324&amp;ssl=1 768w, https:\/\/i0.wp.com\/bd-chroniques.be\/wp-content\/uploads\/2018\/08\/aile4.jpg?resize=1024%2C431&amp;ssl=1 1024w, https:\/\/i0.wp.com\/bd-chroniques.be\/wp-content\/uploads\/2018\/08\/aile4.jpg?w=1536&amp;ssl=1 1536w\" sizes=\"auto, (max-width: 768px) 100vw, 768px\" \/><\/a><em>Ailefroide \u00a9 Casterman<\/em><\/p>\n<p>&nbsp;<\/p>\n<p>Jean-Marc Rochette:<\/p>\n<audio class=\"wp-audio-shortcode\" id=\"audio-2337-6\" preload=\"none\" style=\"width: 100%;\" controls=\"controls\"><source type=\"audio\/mpeg\" src=\"http:\/\/bd-chroniques.be\/wp-content\/uploads\/2018\/08\/ailefroide-bd-libert\u00e9.mp3?_=6\" \/><a href=\"http:\/\/bd-chroniques.be\/wp-content\/uploads\/2018\/08\/ailefroide-bd-libert\u00e9.mp3\">http:\/\/bd-chroniques.be\/wp-content\/uploads\/2018\/08\/ailefroide-bd-libert\u00e9.mp3<\/a><\/audio>\n<p>&nbsp;<\/p>\n<p>Un livre de Jean-Marc Rochette, c\u2019est toujours un \u00e9v\u00e9nement. Un livre dans lequel Olivier Bocquet a particip\u00e9 au sc\u00e9nario, c\u2019est aussi toujours un gage de qualit\u00e9.<br \/>\nAlors, que vous aimiez ou non la montagne, l\u2019alpinisme, l\u2019escalade, cela n\u2019a pas d\u2019importance\u2026 Ce livre est une fresque \u00e9pique, romantique, initiatique qui, v\u00e9cue, nous offre le paysage plut\u00f4t que le portrait d\u2019un \u00eatre humain \u00e0 la poursuite de ses possibles artistiques\u00a0! Une fresque que je vous invite \u00e0 d\u00e9couvrir\u00a0!&#8230;<\/p>\n<p>&nbsp;<\/p>\n<p><strong>Jacques Schra\u00fbwen<\/strong><br \/>\n<strong>Aile Froide (dessin\u00a0et couleur: Jean-Marc Rochette \u2013 sc\u00e9nario\u00a0: Jean-Marc Rochette et Olivier Bocquet \u2013 \u00e9diteur\u00a0: Casterman)<\/strong><\/p>\n","protected":false},"excerpt":{"rendered":"<p>Le livre d\u2019une vie, le roman graphique de d\u00e9fis, de r\u00eaves et d\u2019apprentissages\u2026 Amoureux de la montagne, ce livre est pour vous\u2026 Amoureux des aventures humaines v\u00e9cues en marge des normes, ce livre est pour vous\u2026 Amoureux d\u2019une bande dessin\u00e9e qui s\u2019accepte totalement comme objet d\u2019art et de litt\u00e9rature, ce livre est pour vous\u00a0!&#8230; &nbsp; [&hellip;]<\/p>\n","protected":false},"author":1,"featured_media":0,"comment_status":"closed","ping_status":"open","sticky":false,"template":"","format":"standard","meta":{"jetpack_post_was_ever_published":false,"_jetpack_newsletter_access":"","_jetpack_dont_email_post_to_subs":false,"_jetpack_newsletter_tier_id":0,"_jetpack_memberships_contains_paywalled_content":false,"_jetpack_memberships_contains_paid_content":false,"footnotes":"","jetpack_publicize_message":"","jetpack_publicize_feature_enabled":true,"jetpack_social_post_already_shared":true,"jetpack_social_options":{"image_generator_settings":{"template":"highway","default_image_id":0,"font":"","enabled":false},"version":2}},"categories":[16,14],"tags":[],"class_list":["post-2337","post","type-post","status-publish","format-standard","hentry","category-a","category-bd-de-a-a-f"],"jetpack_publicize_connections":[],"jetpack_featured_media_url":"","jetpack_shortlink":"https:\/\/wp.me\/p8dqsu-BH","jetpack_likes_enabled":true,"jetpack_sharing_enabled":true,"_links":{"self":[{"href":"https:\/\/bd-chroniques.be\/index.php\/wp-json\/wp\/v2\/posts\/2337","targetHints":{"allow":["GET"]}}],"collection":[{"href":"https:\/\/bd-chroniques.be\/index.php\/wp-json\/wp\/v2\/posts"}],"about":[{"href":"https:\/\/bd-chroniques.be\/index.php\/wp-json\/wp\/v2\/types\/post"}],"author":[{"embeddable":true,"href":"https:\/\/bd-chroniques.be\/index.php\/wp-json\/wp\/v2\/users\/1"}],"replies":[{"embeddable":true,"href":"https:\/\/bd-chroniques.be\/index.php\/wp-json\/wp\/v2\/comments?post=2337"}],"version-history":[{"count":2,"href":"https:\/\/bd-chroniques.be\/index.php\/wp-json\/wp\/v2\/posts\/2337\/revisions"}],"predecessor-version":[{"id":2352,"href":"https:\/\/bd-chroniques.be\/index.php\/wp-json\/wp\/v2\/posts\/2337\/revisions\/2352"}],"wp:attachment":[{"href":"https:\/\/bd-chroniques.be\/index.php\/wp-json\/wp\/v2\/media?parent=2337"}],"wp:term":[{"taxonomy":"category","embeddable":true,"href":"https:\/\/bd-chroniques.be\/index.php\/wp-json\/wp\/v2\/categories?post=2337"},{"taxonomy":"post_tag","embeddable":true,"href":"https:\/\/bd-chroniques.be\/index.php\/wp-json\/wp\/v2\/tags?post=2337"}],"curies":[{"name":"wp","href":"https:\/\/api.w.org\/{rel}","templated":true}]}}