{"id":2398,"date":"2018-09-06T17:31:02","date_gmt":"2018-09-06T15:31:02","guid":{"rendered":"http:\/\/bd-chroniques.be\/?p=2398"},"modified":"2018-09-06T17:31:02","modified_gmt":"2018-09-06T15:31:02","slug":"la-mort-dedouard-aidans-un-pionnier-discret-de-la-bande-dessinee-belge","status":"publish","type":"post","link":"https:\/\/bd-chroniques.be\/index.php\/2018\/09\/06\/la-mort-dedouard-aidans-un-pionnier-discret-de-la-bande-dessinee-belge\/","title":{"rendered":"La mort d\u2019Edouard Aidans\u00a0: un pionnier discret de la bande dessin\u00e9e belge"},"content":{"rendered":"<p>Edouard Aidans est de ces auteurs dont tout le monde a feuillet\u00e9 au moins un album. Auteur prolifique, graphiquement dou\u00e9, il aura particip\u00e9 pleinement \u00e0 l\u2019essor du neuvi\u00e8me art d\u00e8s la fin des ann\u00e9es 40.<\/p>\n<p><a href=\"https:\/\/i0.wp.com\/bd-chroniques.be\/wp-content\/uploads\/2018\/09\/aidans0.jpg\"><img data-recalc-dims=\"1\" loading=\"lazy\" decoding=\"async\" class=\"aligncenter  wp-image-2399\" src=\"https:\/\/i0.wp.com\/bd-chroniques.be\/wp-content\/uploads\/2018\/09\/aidans0.jpg?resize=695%2C915\" alt=\"\" width=\"695\" height=\"915\" srcset=\"https:\/\/i0.wp.com\/bd-chroniques.be\/wp-content\/uploads\/2018\/09\/aidans0.jpg?w=1310&amp;ssl=1 1310w, https:\/\/i0.wp.com\/bd-chroniques.be\/wp-content\/uploads\/2018\/09\/aidans0.jpg?resize=228%2C300&amp;ssl=1 228w, https:\/\/i0.wp.com\/bd-chroniques.be\/wp-content\/uploads\/2018\/09\/aidans0.jpg?resize=768%2C1012&amp;ssl=1 768w, https:\/\/i0.wp.com\/bd-chroniques.be\/wp-content\/uploads\/2018\/09\/aidans0.jpg?resize=777%2C1024&amp;ssl=1 777w\" sizes=\"auto, (max-width: 695px) 100vw, 695px\" \/><\/a><\/p>\n<p>&nbsp;<\/p>\n<p>Il a commenc\u00e9 par un dessin tout en rondeur, tout en humour, avec un personnage, Bob Binn, assez similaire \u00e0 bien des h\u00e9ros de la bd pour enfants de l\u2019\u00e9poque\u2026<br \/>\nCependant, assez vite, quittant Spirou et ce qu\u2019on a appel\u00e9 l\u2019\u00e9cole de Charleroi, il va devenir un des dessinateurs r\u00e9alistes les plus efficaces de sa g\u00e9n\u00e9ration, passant sans difficult\u00e9 apparente du western \u00e0 l\u2019aventure africaine, de l\u2019enqu\u00eate dans le style des dr\u00f4les de dames \u00e0 la pr\u00e9histoire avec un h\u00e9ros embl\u00e9matique, bien avant Rahan, Tounga.<\/p>\n<p>&nbsp;<\/p>\n<p><a href=\"https:\/\/i0.wp.com\/bd-chroniques.be\/wp-content\/uploads\/2018\/09\/aidans1.jpg\"><img data-recalc-dims=\"1\" loading=\"lazy\" decoding=\"async\" class=\"aligncenter size-full wp-image-2400\" src=\"https:\/\/i0.wp.com\/bd-chroniques.be\/wp-content\/uploads\/2018\/09\/aidans1.jpg?resize=600%2C800\" alt=\"\" width=\"600\" height=\"800\" srcset=\"https:\/\/i0.wp.com\/bd-chroniques.be\/wp-content\/uploads\/2018\/09\/aidans1.jpg?w=600&amp;ssl=1 600w, https:\/\/i0.wp.com\/bd-chroniques.be\/wp-content\/uploads\/2018\/09\/aidans1.jpg?resize=225%2C300&amp;ssl=1 225w\" sizes=\"auto, (max-width: 600px) 100vw, 600px\" \/><\/a><\/p>\n<p>Ce qui est remarquable, chez Edouard Aidans, c\u2019est l\u2019\u00e9volution de son dessin, la fa\u00e7on exemplaire qu\u2019il a eue de ne jamais rester fig\u00e9 dans un style bien pr\u00e9cis, dans des codes \u00ab\u00a0d\u00e9finitifs\u00a0\u00bb. C\u2019est pour cela, sans doute, qu\u2019il a toujours attir\u00e9 aupr\u00e8s de lui des sc\u00e9naristes au talent profond, comme Greg, bien \u00e9videmment, avec qui il a repris \u00e0 une \u00e9poque le Bernard Prince de Hermann, mais aussi Van Hamme, du temps o\u00f9 il aimait raconter des histoires \u00e0 taille humaine, et Jean Dufaux, \u00e0 l\u2019aise dans le r\u00e9cit historique comme dans le fantastique sombre. Jean Dufaux qui, aujourd\u2019hui, salue la m\u00e9moire d\u2019Edouard Aidans avec quelques phrases que je me permets de partager avec vous\u00a0: \u00ab\u00a0Je tiens \u00e0 saluer en m\u00e9moire \u00c9douard Aidans qui vient de nous quitter. J\u2019ai eu le plaisir de travailler avec lui dans une autre vie. C\u2019\u00e9tait un homme cultiv\u00e9, inquiet et plus fragile qu\u2019il ne le paraissait. Il m\u2019a appris deux choses: ce qu\u2019\u00e9tait le m\u00e9tier \u00e0 l\u2019ancienne et l\u2019envie furieuse de quitter ce monde appel\u00e9 \u00e0 dispara\u00eetre. Il avait du talent, c\u2019est l\u2019essentiel.\u00a0\u00bb<\/p>\n<p><a href=\"https:\/\/i0.wp.com\/bd-chroniques.be\/wp-content\/uploads\/2018\/09\/aidans2.jpg\"><img data-recalc-dims=\"1\" loading=\"lazy\" decoding=\"async\" class=\"aligncenter size-full wp-image-2401\" src=\"https:\/\/i0.wp.com\/bd-chroniques.be\/wp-content\/uploads\/2018\/09\/aidans2.jpg?resize=400%2C525\" alt=\"\" width=\"400\" height=\"525\" srcset=\"https:\/\/i0.wp.com\/bd-chroniques.be\/wp-content\/uploads\/2018\/09\/aidans2.jpg?w=400&amp;ssl=1 400w, https:\/\/i0.wp.com\/bd-chroniques.be\/wp-content\/uploads\/2018\/09\/aidans2.jpg?resize=229%2C300&amp;ssl=1 229w\" sizes=\"auto, (max-width: 400px) 100vw, 400px\" \/><\/a><\/p>\n<p>Il n\u2019y a pas grand-chose \u00e0 ajouter \u00e0 ces quelques mots\u2026La m\u00e9moire est ce qu\u2019elle est, notre \u00e9poque a pris l\u2018habitude, depuis plusieurs ann\u00e9es d\u00e9j\u00e0, de ne mettre en avant que des gens qui, le plus souvent, n\u2019ont pas grand-chose \u00e0 voir avec le talent, la culture et l\u2019intelligence. Et Edouard Aidans, au long de sa longue carri\u00e8re, a toujours eu \u00e0 c\u0153ur de nous offrir des \u0153uvres de divertissement, certes, mais ancr\u00e9es v\u00e9ritablement dans notre monde et ses difficult\u00e9s, et ses erreurs, et ses horreurs\u2026<\/p>\n<p>&nbsp;<\/p>\n<p><a href=\"https:\/\/i0.wp.com\/bd-chroniques.be\/wp-content\/uploads\/2018\/09\/aidans3.jpg\"><img data-recalc-dims=\"1\" loading=\"lazy\" decoding=\"async\" class=\"aligncenter size-full wp-image-2402\" src=\"https:\/\/i0.wp.com\/bd-chroniques.be\/wp-content\/uploads\/2018\/09\/aidans3.jpg?resize=325%2C456\" alt=\"\" width=\"325\" height=\"456\" srcset=\"https:\/\/i0.wp.com\/bd-chroniques.be\/wp-content\/uploads\/2018\/09\/aidans3.jpg?w=325&amp;ssl=1 325w, https:\/\/i0.wp.com\/bd-chroniques.be\/wp-content\/uploads\/2018\/09\/aidans3.jpg?resize=214%2C300&amp;ssl=1 214w\" sizes=\"auto, (max-width: 325px) 100vw, 325px\" \/><\/a><\/p>\n<p>&nbsp;<\/p>\n<p>Bien s\u00fbr, le monde de l\u2019\u00e9dition l\u2019ayant quelque peu oubli\u00e9, Edouard Aidans s\u2019est aventur\u00e9 dans des \u00ab\u00a0gags\u00a0\u00bb l\u00e9gers, \u00e9rotiques, sans grande inventivit\u00e9. Mais m\u00eame l\u00e0, il a r\u00e9ussi \u00e0 se d\u00e9marquer par l\u2019inventivit\u00e9 de ses dessins.<br \/>\nIl avait 88 ans\u2026 Et il appartient, profond\u00e9ment, \u00e0 la grande histoire de la bande dessin\u00e9e, c\u2019est ind\u00e9niable\u00a0!<\/p>\n<p><strong>Jacques Schra\u00fbwen<\/strong><\/p>\n","protected":false},"excerpt":{"rendered":"<p>Edouard Aidans est de ces auteurs dont tout le monde a feuillet\u00e9 au moins un album. Auteur prolifique, graphiquement dou\u00e9, il aura particip\u00e9 pleinement \u00e0 l\u2019essor du neuvi\u00e8me art d\u00e8s la fin des ann\u00e9es 40. &nbsp; Il a commenc\u00e9 par un dessin tout en rondeur, tout en humour, avec un personnage, Bob Binn, assez similaire [&hellip;]<\/p>\n","protected":false},"author":1,"featured_media":0,"comment_status":"closed","ping_status":"open","sticky":false,"template":"","format":"standard","meta":{"jetpack_post_was_ever_published":false,"_jetpack_newsletter_access":"","_jetpack_dont_email_post_to_subs":false,"_jetpack_newsletter_tier_id":0,"_jetpack_memberships_contains_paywalled_content":false,"_jetpack_memberships_contains_paid_content":false,"footnotes":"","jetpack_publicize_message":"","jetpack_publicize_feature_enabled":true,"jetpack_social_post_already_shared":true,"jetpack_social_options":{"image_generator_settings":{"template":"highway","default_image_id":0,"font":"","enabled":false},"version":2}},"categories":[1],"tags":[],"class_list":["post-2398","post","type-post","status-publish","format-standard","hentry","category-hommages-2"],"jetpack_publicize_connections":[],"jetpack_featured_media_url":"","jetpack_shortlink":"https:\/\/wp.me\/p8dqsu-CG","jetpack_likes_enabled":true,"jetpack_sharing_enabled":true,"_links":{"self":[{"href":"https:\/\/bd-chroniques.be\/index.php\/wp-json\/wp\/v2\/posts\/2398","targetHints":{"allow":["GET"]}}],"collection":[{"href":"https:\/\/bd-chroniques.be\/index.php\/wp-json\/wp\/v2\/posts"}],"about":[{"href":"https:\/\/bd-chroniques.be\/index.php\/wp-json\/wp\/v2\/types\/post"}],"author":[{"embeddable":true,"href":"https:\/\/bd-chroniques.be\/index.php\/wp-json\/wp\/v2\/users\/1"}],"replies":[{"embeddable":true,"href":"https:\/\/bd-chroniques.be\/index.php\/wp-json\/wp\/v2\/comments?post=2398"}],"version-history":[{"count":1,"href":"https:\/\/bd-chroniques.be\/index.php\/wp-json\/wp\/v2\/posts\/2398\/revisions"}],"predecessor-version":[{"id":2403,"href":"https:\/\/bd-chroniques.be\/index.php\/wp-json\/wp\/v2\/posts\/2398\/revisions\/2403"}],"wp:attachment":[{"href":"https:\/\/bd-chroniques.be\/index.php\/wp-json\/wp\/v2\/media?parent=2398"}],"wp:term":[{"taxonomy":"category","embeddable":true,"href":"https:\/\/bd-chroniques.be\/index.php\/wp-json\/wp\/v2\/categories?post=2398"},{"taxonomy":"post_tag","embeddable":true,"href":"https:\/\/bd-chroniques.be\/index.php\/wp-json\/wp\/v2\/tags?post=2398"}],"curies":[{"name":"wp","href":"https:\/\/api.w.org\/{rel}","templated":true}]}}