{"id":2445,"date":"2018-09-28T10:15:16","date_gmt":"2018-09-28T08:15:16","guid":{"rendered":"http:\/\/bd-chroniques.be\/?p=2445"},"modified":"2018-09-28T10:15:16","modified_gmt":"2018-09-28T08:15:16","slug":"le-livre-des-livres","status":"publish","type":"post","link":"https:\/\/bd-chroniques.be\/index.php\/2018\/09\/28\/le-livre-des-livres\/","title":{"rendered":"Le Livre des Livres"},"content":{"rendered":"<p style=\"text-align: center;\"><strong>Un chef d\u2019\u0153uvre de l\u2019inclassable Marc-Antoine Mathieu<\/strong><\/p>\n<p>D\u2019accord, ce livre a d\u00e9j\u00e0 quelques mois d\u2019existence. Mais pourquoi les bons livres n\u2019ont-ils pas la chance de durer plus longtemps sur les \u00e9tals des librairies\u00a0? Que cette chronique soit l\u2019occasion, pour ce livre-ci, d\u2019une seconde vie, dans vos biblioth\u00e8ques \u00e0 toutes et \u00e0 tous\u2026<\/p>\n<p><a href=\"https:\/\/i0.wp.com\/bd-chroniques.be\/wp-content\/uploads\/2018\/09\/livre02-1.jpg\"><img data-recalc-dims=\"1\" loading=\"lazy\" decoding=\"async\" class=\"aligncenter size-full wp-image-2447\" src=\"https:\/\/i0.wp.com\/bd-chroniques.be\/wp-content\/uploads\/2018\/09\/livre02-1.jpg?resize=768%2C1075\" alt=\"\" width=\"768\" height=\"1075\" srcset=\"https:\/\/i0.wp.com\/bd-chroniques.be\/wp-content\/uploads\/2018\/09\/livre02-1.jpg?w=900&amp;ssl=1 900w, https:\/\/i0.wp.com\/bd-chroniques.be\/wp-content\/uploads\/2018\/09\/livre02-1.jpg?resize=214%2C300&amp;ssl=1 214w, https:\/\/i0.wp.com\/bd-chroniques.be\/wp-content\/uploads\/2018\/09\/livre02-1.jpg?resize=768%2C1075&amp;ssl=1 768w, https:\/\/i0.wp.com\/bd-chroniques.be\/wp-content\/uploads\/2018\/09\/livre02-1.jpg?resize=731%2C1024&amp;ssl=1 731w\" sizes=\"auto, (max-width: 768px) 100vw, 768px\" \/><\/a><\/p>\n<p style=\"text-align: center;\"><em>Le livre des Livres\u00a9Delcourt<\/em><\/p>\n<p>&nbsp;<\/p>\n<p>&nbsp;<\/p>\n<p>Ce qu\u2019il faut souligner, d\u2019abord, avec cet \u00ab\u00a0album\u00a0\u00bb, c\u2019est l\u2019excellent travail d\u2019\u00e9dition\u00a0: des pages cartonn\u00e9es, solides, un rendu du noir et blanc absolument parfait, une mise en page sans aucun accroc\u2026<br \/>\nCe qu\u2019il faut souligner ensuite, et surtout, c\u2019est la beaut\u00e9 graphique du travail de Mathieu qui, ici, entre simplicit\u00e9 et d\u00e9mesure, s\u2019affirme pleinement.<br \/>\nMarc-Antoine Mathieu ne fait pas de la bande dessin\u00e9e. Il utilise ce m\u00e9dia artistique pour explorer les territoires toujours inconnus de la cr\u00e9ation, sous toutes ses formes. Au premier abord, face \u00e0 ses dessins, on a l\u2019impression de se retrouver face \u00e0 un illustrateur particuli\u00e8rement dou\u00e9, inventif, original. Mais il faut toujours, avec cet auteur, d\u00e9passer les simples apparences, et on s\u2019enfouit alors dans l\u2019univers \u00e0 la fois math\u00e9matique et litt\u00e9raire d\u2019un raconteur d\u2019histoires\u2026 Avec quelques mots, avec un dessin, il se rattache ainsi \u00e0 la grande famille des Gourmelin, des Fred aussi, \u00e0 sa mani\u00e8re, mais \u00e9galement des Sternberg en litt\u00e9rature, ou des Topor\u2026<\/p>\n<p>&nbsp;<\/p>\n<p><a href=\"https:\/\/i0.wp.com\/bd-chroniques.be\/wp-content\/uploads\/2018\/09\/livre01.jpg\"><img data-recalc-dims=\"1\" loading=\"lazy\" decoding=\"async\" class=\"aligncenter size-full wp-image-2446\" src=\"https:\/\/i0.wp.com\/bd-chroniques.be\/wp-content\/uploads\/2018\/09\/livre01.jpg?resize=768%2C529\" alt=\"\" width=\"768\" height=\"529\" srcset=\"https:\/\/i0.wp.com\/bd-chroniques.be\/wp-content\/uploads\/2018\/09\/livre01.jpg?w=900&amp;ssl=1 900w, https:\/\/i0.wp.com\/bd-chroniques.be\/wp-content\/uploads\/2018\/09\/livre01.jpg?resize=300%2C207&amp;ssl=1 300w, https:\/\/i0.wp.com\/bd-chroniques.be\/wp-content\/uploads\/2018\/09\/livre01.jpg?resize=768%2C529&amp;ssl=1 768w\" sizes=\"auto, (max-width: 768px) 100vw, 768px\" \/><\/a><\/p>\n<p style=\"text-align: center;\"><em>Le livre des Livres\u00a9Delcourt<\/em><\/p>\n<p>&nbsp;<\/p>\n<p>L\u2019imagination est au pouvoir, sans aucun doute, dans ce livre\u2026 Ce \u00ab\u00a0livre des livres\u00a0\u00bb, qui, de par son titre, pourrait faire penser \u00e0 une bible contemporaine\u2026<br \/>\nMais il n\u2019en est rien\u2026 Ou pas uniquement\u2026 Parce que tout ce qui sous-tend les diff\u00e9rents livres invent\u00e9s dont Mathieu nous offre les couvertures et les r\u00e9sum\u00e9s, tout ce qui se dit, se montre et s\u2019\u00e9crit dans cet album se construit autour d\u2019un point commun\u00a0: la \u00ab\u00a0question\u00a0\u00bb, sous toutes ses formes.<br \/>\nCe \u00ab\u00a0Livre des livres\u00a0\u00bb, c\u2019est une \u0153uvre artistique pos\u00e9e aux pieds du pourquoi\u00a0!&#8230; Parce que, comme le dit l\u2019auteur cach\u00e9 derri\u00e8re les mots d\u2019une fable\u00a0: \u00ab\u00a0la v\u00e9rit\u00e9 est une question, non une r\u00e9ponse\u00a0\u00bb.<br \/>\nJeux d\u2019images, jeux de mots (jusque dans les intitul\u00e9s des \u00e9diteurs invent\u00e9s), ce livre nous entra\u00eene, avec un sens presque po\u00e9tique du vertige, dans un monde o\u00f9 ne subsistent plus de la culture litt\u00e9raire que quelques couvertures, quelques mots, rien de plus\u2026 Des \u00e9l\u00e9ments \u00e9pars que Mathieu, en arch\u00e9ologue de l\u2019avenir, a recueillis pour nous montrer \u00e0 la fois l\u2019inventivit\u00e9 de notre \u00e9poque et son immense d\u00e9shumanisation en devenir.<\/p>\n<p>&nbsp;<\/p>\n<p><a href=\"https:\/\/i0.wp.com\/bd-chroniques.be\/wp-content\/uploads\/2018\/09\/livre03.jpg\"><br \/>\n<img data-recalc-dims=\"1\" loading=\"lazy\" decoding=\"async\" class=\"aligncenter size-full wp-image-2448\" src=\"https:\/\/i0.wp.com\/bd-chroniques.be\/wp-content\/uploads\/2018\/09\/livre03.jpg?resize=768%2C432\" alt=\"\" width=\"768\" height=\"432\" srcset=\"https:\/\/i0.wp.com\/bd-chroniques.be\/wp-content\/uploads\/2018\/09\/livre03.jpg?w=800&amp;ssl=1 800w, https:\/\/i0.wp.com\/bd-chroniques.be\/wp-content\/uploads\/2018\/09\/livre03.jpg?resize=300%2C169&amp;ssl=1 300w, https:\/\/i0.wp.com\/bd-chroniques.be\/wp-content\/uploads\/2018\/09\/livre03.jpg?resize=768%2C432&amp;ssl=1 768w\" sizes=\"auto, (max-width: 768px) 100vw, 768px\" \/><\/a><\/p>\n<p style=\"text-align: center;\"><em>Le livre des Livres\u00a9Delcourt<\/em><\/p>\n<p>&nbsp;<\/p>\n<p>Marc-Antoine Mathieu est, je le disais, un auteur totalement inclassable. Mais un artiste, dont chaque page se fait l\u2019\u00e9cho de la litt\u00e9rature, porteuse de ce qu\u2019est notre civilisation, pour peu qu\u2019on puisse appeler ainsi le quotidien de nos intelligences\u2026 Il y a des r\u00e9f\u00e9rences au K de Buzzati, \u00e0 Borg\u00e8s, \u00e0 Perec, Peeters, au th\u00e9\u00e2tre de Mnouchkine\u2026 Chaque page se fait aussi l\u2019\u00e9cho de quelques dessinateurs essentiels du neuvi\u00e8me art, comme Masse, Schuiten, G\u00e9b\u00e9\u2026<br \/>\nCe \u00ab\u00a0Livre des Livres\u00a0\u00bb est \u00e0 lire, certes\u2026 Il est \u00e0 regarder, aussi\u2026 Il est \u00e0 oublier sur une planche de votre biblioth\u00e8que, pour pouvoir le retrouver, par hasard, le relire, le feuilleter encore et encore\u2026<br \/>\nEt si vous ne le trouvez pas dans les rayonnages de votre libraire pr\u00e9f\u00e9r\u00e9, n\u2019h\u00e9sitez surtout pas \u00e0 le commander\u00a0!&#8230;.<\/p>\n<p><strong>Jacques Schra\u00fbwen<\/strong><br \/>\n<strong>Le Livre des Livres (auteur\u00a0: Marc-Antoine Mathieu \u2013 \u00e9diteur\u00a0: Delcourt)<\/strong><\/p>\n<p style=\"text-align: center;\"><a href=\"https:\/\/i0.wp.com\/bd-chroniques.be\/wp-content\/uploads\/2018\/09\/livre04-1.jpg\"><br \/>\n<img data-recalc-dims=\"1\" loading=\"lazy\" decoding=\"async\" class=\"aligncenter size-full wp-image-2449\" src=\"https:\/\/i0.wp.com\/bd-chroniques.be\/wp-content\/uploads\/2018\/09\/livre04-1.jpg?resize=768%2C529\" alt=\"\" width=\"768\" height=\"529\" srcset=\"https:\/\/i0.wp.com\/bd-chroniques.be\/wp-content\/uploads\/2018\/09\/livre04-1.jpg?w=900&amp;ssl=1 900w, https:\/\/i0.wp.com\/bd-chroniques.be\/wp-content\/uploads\/2018\/09\/livre04-1.jpg?resize=300%2C207&amp;ssl=1 300w, https:\/\/i0.wp.com\/bd-chroniques.be\/wp-content\/uploads\/2018\/09\/livre04-1.jpg?resize=768%2C529&amp;ssl=1 768w\" sizes=\"auto, (max-width: 768px) 100vw, 768px\" \/><\/a><em>Le livre des Livres\u00a9Delcourt<\/em><\/p>\n","protected":false},"excerpt":{"rendered":"<p>Un chef d\u2019\u0153uvre de l\u2019inclassable Marc-Antoine Mathieu D\u2019accord, ce livre a d\u00e9j\u00e0 quelques mois d\u2019existence. Mais pourquoi les bons livres n\u2019ont-ils pas la chance de durer plus longtemps sur les \u00e9tals des librairies\u00a0? Que cette chronique soit l\u2019occasion, pour ce livre-ci, d\u2019une seconde vie, dans vos biblioth\u00e8ques \u00e0 toutes et \u00e0 tous\u2026 Le livre des [&hellip;]<\/p>\n","protected":false},"author":1,"featured_media":0,"comment_status":"closed","ping_status":"open","sticky":false,"template":"","format":"standard","meta":{"jetpack_post_was_ever_published":false,"_jetpack_newsletter_access":"","_jetpack_dont_email_post_to_subs":false,"_jetpack_newsletter_tier_id":0,"_jetpack_memberships_contains_paywalled_content":false,"_jetpack_memberships_contains_paid_content":false,"footnotes":"","jetpack_publicize_message":"","jetpack_publicize_feature_enabled":true,"jetpack_social_post_already_shared":true,"jetpack_social_options":{"image_generator_settings":{"template":"highway","default_image_id":0,"font":"","enabled":false},"version":2}},"categories":[22,35],"tags":[],"class_list":["post-2445","post","type-post","status-publish","format-standard","hentry","category-bd-de-g-a-l","category-l"],"jetpack_publicize_connections":[],"jetpack_featured_media_url":"","jetpack_shortlink":"https:\/\/wp.me\/p8dqsu-Dr","jetpack_likes_enabled":true,"jetpack_sharing_enabled":true,"_links":{"self":[{"href":"https:\/\/bd-chroniques.be\/index.php\/wp-json\/wp\/v2\/posts\/2445","targetHints":{"allow":["GET"]}}],"collection":[{"href":"https:\/\/bd-chroniques.be\/index.php\/wp-json\/wp\/v2\/posts"}],"about":[{"href":"https:\/\/bd-chroniques.be\/index.php\/wp-json\/wp\/v2\/types\/post"}],"author":[{"embeddable":true,"href":"https:\/\/bd-chroniques.be\/index.php\/wp-json\/wp\/v2\/users\/1"}],"replies":[{"embeddable":true,"href":"https:\/\/bd-chroniques.be\/index.php\/wp-json\/wp\/v2\/comments?post=2445"}],"version-history":[{"count":1,"href":"https:\/\/bd-chroniques.be\/index.php\/wp-json\/wp\/v2\/posts\/2445\/revisions"}],"predecessor-version":[{"id":2450,"href":"https:\/\/bd-chroniques.be\/index.php\/wp-json\/wp\/v2\/posts\/2445\/revisions\/2450"}],"wp:attachment":[{"href":"https:\/\/bd-chroniques.be\/index.php\/wp-json\/wp\/v2\/media?parent=2445"}],"wp:term":[{"taxonomy":"category","embeddable":true,"href":"https:\/\/bd-chroniques.be\/index.php\/wp-json\/wp\/v2\/categories?post=2445"},{"taxonomy":"post_tag","embeddable":true,"href":"https:\/\/bd-chroniques.be\/index.php\/wp-json\/wp\/v2\/tags?post=2445"}],"curies":[{"name":"wp","href":"https:\/\/api.w.org\/{rel}","templated":true}]}}