{"id":254,"date":"2017-01-03T10:37:39","date_gmt":"2017-01-03T09:37:39","guid":{"rendered":"http:\/\/bd-chroniques.be\/?p=254"},"modified":"2017-01-03T10:37:39","modified_gmt":"2017-01-03T09:37:39","slug":"la-femme-aux-cartes-postales","status":"publish","type":"post","link":"https:\/\/bd-chroniques.be\/index.php\/2017\/01\/03\/la-femme-aux-cartes-postales\/","title":{"rendered":"La femme aux cartes postales"},"content":{"rendered":"<p>L\u2019Association des Critiques et journalistes de Bande Dessin\u00e9e (ACBD) vient de d\u00e9cerner un de ses prix \u00e0 cette excellente bd qu\u00e9b\u00e9coise. Je vous invite \u00e0 la d\u00e9couvrir, et \u00e0 \u00e9couter son dessinateur parler, dans cette chronique, de son album particuli\u00e8rement r\u00e9ussi&#8230;<\/p>\n<p><img data-recalc-dims=\"1\" loading=\"lazy\" decoding=\"async\" class=\"alignnone size-full wp-image-256\" src=\"https:\/\/i0.wp.com\/bd-chroniques.be\/wp-content\/uploads\/2017\/01\/b6f4f9481853fd6d2debc3af19ce8a31-1483363729.jpg?resize=768%2C992\" alt=\"\" width=\"768\" height=\"992\" srcset=\"https:\/\/i0.wp.com\/bd-chroniques.be\/wp-content\/uploads\/2017\/01\/b6f4f9481853fd6d2debc3af19ce8a31-1483363729.jpg?w=770&amp;ssl=1 770w, https:\/\/i0.wp.com\/bd-chroniques.be\/wp-content\/uploads\/2017\/01\/b6f4f9481853fd6d2debc3af19ce8a31-1483363729.jpg?resize=232%2C300&amp;ssl=1 232w, https:\/\/i0.wp.com\/bd-chroniques.be\/wp-content\/uploads\/2017\/01\/b6f4f9481853fd6d2debc3af19ce8a31-1483363729.jpg?resize=768%2C992&amp;ssl=1 768w\" sizes=\"auto, (max-width: 768px) 100vw, 768px\" \/><\/p>\n<p><a id=\"image-8989117\" class=\"www-media-fullscreen js-gallery-image\" href=\"http:\/\/ds1.static.rtbf.be\/article\/image\/1240x800\/1\/f\/a\/b6f4f9481853fd6d2debc3af19ce8a31-1483363729.jpg\" target=\"_blank\" data-id=\"8989117\"> <\/a><em><span class=\"www-media-caption__text\">La femme aux cartes postales &#8211; \u00a9 La Past\u00e8que<\/span><\/em><\/p>\n<p>Fin des ann\u00e9es 50\u2026 Rose, une jeune femme \u00e0 la voix envo\u00fbtante quitte sa campagne natale, sa\u00a0 famille, son univers, pour devenir chanteuse dans la grande ville de Montr\u00e9al.<\/p>\n<p>D\u00e9but du vingt-et-uni\u00e8me si\u00e8cle : Victor apprend qu\u2019il a un fr\u00e8re jumeau, mort sans doute dans l\u2019attentat du World Trade Center.<\/p>\n<p>A 45 ans de distance, ces deux destins vont devenir parall\u00e8les avant de se confondre, sans doute, en une qu\u00eate d\u2019identit\u00e9 de la part de Victor, en une qu\u00eate humaine pour Rose.<\/p>\n<p>Deux qu\u00eates, en face \u00e0 face\u2026<\/p>\n<p>Deux humanit\u00e9s tr\u00e8s diff\u00e9rentes l\u2019une de l\u2019autre, tant il est vrai que le monde de 2002 n\u2019a rien \u00e0 voir avec celui de 1957.<\/p>\n<p>Dans ce livre, les auteurs ont d\u00e9cid\u00e9 de prendre leur temps, tant au niveau des mots que du dessin. Prendre leur temps, oui, pour nous raconter deux histoires diff\u00e9rentes, deux \u00e9poques diff\u00e9rentes, et de le faire sans aucun manich\u00e9isme.<\/p>\n<p>C\u2019est dire que les th\u00e8mes abord\u00e9s ici sont nombreux : il y a le destin d\u2019une femme, il y a la musique, le jazz, le rock, il y a la lutte contre la corruption et la maffia, il y a la g\u00e9mellit\u00e9.<\/p>\n<p>Il y a, pour Victor, une recherche syst\u00e9matique de ses origines, presque scientifique, et il y a pour Rose une n\u00e9cessit\u00e9 d\u2019\u00e9mancipation v\u00e9cue avec un c\u00f4t\u00e9 na\u00eff et enfantin : son destin de femme, de chanteuse, elle le vit \u00e0 la fois en actrice et en observatrice. Elle est h\u00e9ro\u00efne de son propre destin, mais elle s\u2019\u00e9crit des cartes postales pour se raconter \u00e0 elle-m\u00eame qui elle est.<\/p>\n<p>A ce titre, cet album est d\u2019abord et avant tout, au-del\u00e0 des m\u00e9andres des deux r\u00e9cits qui nous y sont racont\u00e9s, une belle et longue fable humaniste sur ce qu\u2019est, au quotidien, la construction d\u2019un destin et la n\u00e9cessit\u00e9 du hasard\u2026<\/p>\n<h4 class=\"audio-player__title\">Jean-Paul Eid: le sc\u00e9nario<\/h4>\n<audio class=\"wp-audio-shortcode\" id=\"audio-254-1\" preload=\"none\" style=\"width: 100%;\" controls=\"controls\"><source type=\"audio\/mpeg\" src=\"http:\/\/bd-chroniques.be\/wp-content\/uploads\/2017\/01\/CP_SCENARIO_1483363288.mp3?_=1\" \/><a href=\"http:\/\/bd-chroniques.be\/wp-content\/uploads\/2017\/01\/CP_SCENARIO_1483363288.mp3\">http:\/\/bd-chroniques.be\/wp-content\/uploads\/2017\/01\/CP_SCENARIO_1483363288.mp3<\/a><\/audio>\n<h4 class=\"audio-player__title\">Jean-Paul Eid: le personnage de Rose<\/h4>\n<audio class=\"wp-audio-shortcode\" id=\"audio-254-2\" preload=\"none\" style=\"width: 100%;\" controls=\"controls\"><source type=\"audio\/mpeg\" src=\"http:\/\/bd-chroniques.be\/wp-content\/uploads\/2017\/01\/CP_ROSE_1483363207.mp3?_=2\" \/><a href=\"http:\/\/bd-chroniques.be\/wp-content\/uploads\/2017\/01\/CP_ROSE_1483363207.mp3\">http:\/\/bd-chroniques.be\/wp-content\/uploads\/2017\/01\/CP_ROSE_1483363207.mp3<\/a><\/audio>\n<p><img data-recalc-dims=\"1\" loading=\"lazy\" decoding=\"async\" class=\"alignnone size-full wp-image-259\" src=\"https:\/\/i0.wp.com\/bd-chroniques.be\/wp-content\/uploads\/2017\/01\/0a07b7153ece6b052e0a08ba0d734bf2-1483363845.jpg?resize=768%2C431\" alt=\"\" width=\"768\" height=\"431\" srcset=\"https:\/\/i0.wp.com\/bd-chroniques.be\/wp-content\/uploads\/2017\/01\/0a07b7153ece6b052e0a08ba0d734bf2-1483363845.jpg?w=770&amp;ssl=1 770w, https:\/\/i0.wp.com\/bd-chroniques.be\/wp-content\/uploads\/2017\/01\/0a07b7153ece6b052e0a08ba0d734bf2-1483363845.jpg?resize=300%2C168&amp;ssl=1 300w, https:\/\/i0.wp.com\/bd-chroniques.be\/wp-content\/uploads\/2017\/01\/0a07b7153ece6b052e0a08ba0d734bf2-1483363845.jpg?resize=768%2C431&amp;ssl=1 768w\" sizes=\"auto, (max-width: 768px) 100vw, 768px\" \/><\/p>\n<p><em><span class=\"www-media-caption__text\">La femme aux cartes postales &#8211; \u00a9 La Past\u00e8que<\/span><\/em><\/p>\n<p>Ce livre dont l\u2019essentiel, malgr\u00e9 tout, se d\u00e9roule dans les ann\u00e9es 50, aborde aussi, de par sa trame historique, le th\u00e8me de l\u2019appartenance culturelle d\u2019un \u00eatre, Rose, \u00e0 un pays, certes, \u00e0 une langue aussi ! Sans que ce th\u00e8me de revendication francophone soit vraiment explicite dans ce livre, on le sent pr\u00e9sent, par la mise en sc\u00e8ne rapide, ici et l\u00e0, de personnages (comme Charlebois) dont on sait aujourd\u2019hui qu\u2019ils ont occup\u00e9 une place importante dans l\u2019av\u00e8nement d\u2019un Qu\u00e9bec francophone.<\/p>\n<p>Incontestablement, la construction narrative de cet album est \u00e9tonnante. On pourrait croire que ce m\u00e9lange de lieux, de situations, d\u2019\u00e9v\u00e9nements, de trames historiques pourrait d\u00e9stabiliser le lecteur, et il n\u2019en est rien, que du contraire. Le dessin, en noir, en blanc, en nuances de gris, en s\u00e9pia, choisit la voie d\u2019un presque-r\u00e9alisme pour fluidifier le propos. Le travail du dessinateur sur les d\u00e9cors et sur le d\u00e9coupage est d\u2019une belle l\u00e9g\u00e8ret\u00e9. Et il y a un vrai plaisir \u00e0 passer, en tant que lecteur, des ann\u00e9es 50 aux ann\u00e9es 2000, de Montr\u00e9al \u00e0 Paris, de Cuba \u00e0 la Gasp\u00e9sie, sans jamais se perdre en cours de route!<\/p>\n<h4 class=\"audio-player__title\">Jean-Paul Eid: le Qu\u00e9bec<\/h4>\n<audio class=\"wp-audio-shortcode\" id=\"audio-254-3\" preload=\"none\" style=\"width: 100%;\" controls=\"controls\"><source type=\"audio\/mpeg\" src=\"http:\/\/bd-chroniques.be\/wp-content\/uploads\/2017\/01\/CP_QUEBEC_1483363130.mp3?_=3\" \/><a href=\"http:\/\/bd-chroniques.be\/wp-content\/uploads\/2017\/01\/CP_QUEBEC_1483363130.mp3\">http:\/\/bd-chroniques.be\/wp-content\/uploads\/2017\/01\/CP_QUEBEC_1483363130.mp3<\/a><\/audio>\n<p><img data-recalc-dims=\"1\" loading=\"lazy\" decoding=\"async\" class=\"alignnone size-full wp-image-261\" src=\"https:\/\/i0.wp.com\/bd-chroniques.be\/wp-content\/uploads\/2017\/01\/4fde54e10815cfa8cd3c9325b8d83b50-1483363910.jpg?resize=768%2C759\" alt=\"\" width=\"768\" height=\"759\" srcset=\"https:\/\/i0.wp.com\/bd-chroniques.be\/wp-content\/uploads\/2017\/01\/4fde54e10815cfa8cd3c9325b8d83b50-1483363910.jpg?w=770&amp;ssl=1 770w, https:\/\/i0.wp.com\/bd-chroniques.be\/wp-content\/uploads\/2017\/01\/4fde54e10815cfa8cd3c9325b8d83b50-1483363910.jpg?resize=300%2C296&amp;ssl=1 300w, https:\/\/i0.wp.com\/bd-chroniques.be\/wp-content\/uploads\/2017\/01\/4fde54e10815cfa8cd3c9325b8d83b50-1483363910.jpg?resize=768%2C759&amp;ssl=1 768w\" sizes=\"auto, (max-width: 768px) 100vw, 768px\" \/><\/p>\n<p><em><span class=\"www-media-caption__text\">La femme aux cartes postales &#8211; \u00a9 La Past\u00e8que<\/span><\/em><\/p>\n<p>En fait, ce livre est comme un miroir, celui de plusieurs \u00e9poques qui s\u2019entrechoquent, celui de plusieurs destins qui se confondent, un miroir dans lequel tout un chacun peut \u00e9galement deviner ses propres reflets.<\/p>\n<p>Ce livre est aussi une horloge\u2026 Une horloge dont les aiguilles, ici, semblent acc\u00e9l\u00e9rer leur course, l\u00e0 s\u2019arr\u00eater et se bloquer.<\/p>\n<p>Ce livre est, d\u2019abord et avant tout, essentiellement, un livre merveilleusement humain, dans son graphisme comme dans son propos\u2026<\/p>\n<h4 class=\"audio-player__title\">Jean-Paul Eid: le miroir&#8230;<\/h4>\n<audio class=\"wp-audio-shortcode\" id=\"audio-254-4\" preload=\"none\" style=\"width: 100%;\" controls=\"controls\"><source type=\"audio\/mpeg\" src=\"http:\/\/bd-chroniques.be\/wp-content\/uploads\/2017\/01\/CP_MIROIR_1483363039.mp3?_=4\" \/><a href=\"http:\/\/bd-chroniques.be\/wp-content\/uploads\/2017\/01\/CP_MIROIR_1483363039.mp3\">http:\/\/bd-chroniques.be\/wp-content\/uploads\/2017\/01\/CP_MIROIR_1483363039.mp3<\/a><\/audio>\n<div class=\"rtbf-paragraph  clearfix\">\n<p>Les \u00a0\u00bb prix \u00a0\u00bb litt\u00e9raires peuvent avoir un grand avantage, celui de faire d\u00e9couvrir un livre m\u00e9connu, peu distribu\u00e9. C\u2019est le cas, ici, avec cette femme aux cartes postales, cette femme dont l\u2019\u00e9mancipation ne peut que passer par l\u2019art et l\u2019amour, cette femme pour qui l\u2019\u00e9criture est un voyage vers elle-m\u00eame.<\/p>\n<p>Un prix largement m\u00e9rit\u00e9 pour un livre excellent, donc, que je ne peux que vous conseiller !&#8230;<\/p>\n<p>&nbsp;<\/p>\n<p><strong>Jacques Schra\u00fbwen<\/strong><\/p>\n<p><strong>La femme aux cartes postales (dessin : Jean-Paul Eid \u2013 sc\u00e9nario : Claude Paiement et Jean-Paul Eid \u2013 \u00e9diteur : La Past\u00e8que)<\/strong><\/p>\n<\/div>\n","protected":false},"excerpt":{"rendered":"<p>L\u2019Association des Critiques et journalistes de Bande Dessin\u00e9e (ACBD) vient de d\u00e9cerner un de ses prix \u00e0 cette excellente bd qu\u00e9b\u00e9coise. Je vous invite \u00e0 la d\u00e9couvrir, et \u00e0 \u00e9couter son dessinateur parler, dans cette chronique, de son album particuli\u00e8rement r\u00e9ussi&#8230; La femme aux cartes postales &#8211; \u00a9 La Past\u00e8que Fin des ann\u00e9es 50\u2026 Rose, [&hellip;]<\/p>\n","protected":false},"author":1,"featured_media":255,"comment_status":"open","ping_status":"open","sticky":false,"template":"","format":"standard","meta":{"jetpack_post_was_ever_published":false,"_jetpack_newsletter_access":"","_jetpack_dont_email_post_to_subs":false,"_jetpack_newsletter_tier_id":0,"_jetpack_memberships_contains_paywalled_content":false,"_jetpack_memberships_contains_paid_content":false,"footnotes":"","jetpack_publicize_message":"","jetpack_publicize_feature_enabled":true,"jetpack_social_post_already_shared":true,"jetpack_social_options":{"image_generator_settings":{"template":"highway","default_image_id":0,"font":"","enabled":false},"version":2}},"categories":[14,21],"tags":[],"class_list":["post-254","post","type-post","status-publish","format-standard","has-post-thumbnail","hentry","category-bd-de-a-a-f","category-f"],"jetpack_publicize_connections":[],"jetpack_featured_media_url":"https:\/\/i0.wp.com\/bd-chroniques.be\/wp-content\/uploads\/2017\/01\/67fe0f66449e31fdafdc3505c37d6acb-1483363493.jpg?fit=1248%2C702&ssl=1","jetpack_shortlink":"https:\/\/wp.me\/p8dqsu-46","jetpack_likes_enabled":true,"jetpack_sharing_enabled":true,"_links":{"self":[{"href":"https:\/\/bd-chroniques.be\/index.php\/wp-json\/wp\/v2\/posts\/254","targetHints":{"allow":["GET"]}}],"collection":[{"href":"https:\/\/bd-chroniques.be\/index.php\/wp-json\/wp\/v2\/posts"}],"about":[{"href":"https:\/\/bd-chroniques.be\/index.php\/wp-json\/wp\/v2\/types\/post"}],"author":[{"embeddable":true,"href":"https:\/\/bd-chroniques.be\/index.php\/wp-json\/wp\/v2\/users\/1"}],"replies":[{"embeddable":true,"href":"https:\/\/bd-chroniques.be\/index.php\/wp-json\/wp\/v2\/comments?post=254"}],"version-history":[{"count":1,"href":"https:\/\/bd-chroniques.be\/index.php\/wp-json\/wp\/v2\/posts\/254\/revisions"}],"predecessor-version":[{"id":263,"href":"https:\/\/bd-chroniques.be\/index.php\/wp-json\/wp\/v2\/posts\/254\/revisions\/263"}],"wp:featuredmedia":[{"embeddable":true,"href":"https:\/\/bd-chroniques.be\/index.php\/wp-json\/wp\/v2\/media\/255"}],"wp:attachment":[{"href":"https:\/\/bd-chroniques.be\/index.php\/wp-json\/wp\/v2\/media?parent=254"}],"wp:term":[{"taxonomy":"category","embeddable":true,"href":"https:\/\/bd-chroniques.be\/index.php\/wp-json\/wp\/v2\/categories?post=254"},{"taxonomy":"post_tag","embeddable":true,"href":"https:\/\/bd-chroniques.be\/index.php\/wp-json\/wp\/v2\/tags?post=254"}],"curies":[{"name":"wp","href":"https:\/\/api.w.org\/{rel}","templated":true}]}}