{"id":2669,"date":"2018-11-14T13:57:37","date_gmt":"2018-11-14T12:57:37","guid":{"rendered":"http:\/\/bd-chroniques.be\/?p=2669"},"modified":"2018-11-14T13:57:37","modified_gmt":"2018-11-14T12:57:37","slug":"le-chalet-bleu","status":"publish","type":"post","link":"https:\/\/bd-chroniques.be\/index.php\/2018\/11\/14\/le-chalet-bleu\/","title":{"rendered":"Le Chalet Bleu"},"content":{"rendered":"<p style=\"text-align: center;\"><strong>Un des plus beaux albums de Jean-Claude Servais!<\/strong><\/p>\n<p>\u00ab\u00a0C&rsquo;est un trou de verdure o\u00f9 coule une rivi\u00e8re&#8230;\u00a0\u00bb C&rsquo;est un lieu cach\u00e9 o\u00f9 se vivent, de l&rsquo;amour et de ses \u00e2ges, toutes les po\u00e9sies&#8230; C&rsquo;est un chalet bleu qu&rsquo;enchante Jean-Claude Servais&#8230; C&rsquo;est un livre d&rsquo;une beaut\u00e9 \u00e9blouie&#8230;<\/p>\n<p>&nbsp;<\/p>\n<p><a href=\"https:\/\/i0.wp.com\/bd-chroniques.be\/wp-content\/uploads\/2018\/11\/servais0.jpg\"><img data-recalc-dims=\"1\" loading=\"lazy\" decoding=\"async\" class=\"aligncenter size-full wp-image-2670\" src=\"https:\/\/i0.wp.com\/bd-chroniques.be\/wp-content\/uploads\/2018\/11\/servais0.jpg?resize=611%2C799\" alt=\"\" width=\"611\" height=\"799\" srcset=\"https:\/\/i0.wp.com\/bd-chroniques.be\/wp-content\/uploads\/2018\/11\/servais0.jpg?w=611&amp;ssl=1 611w, https:\/\/i0.wp.com\/bd-chroniques.be\/wp-content\/uploads\/2018\/11\/servais0.jpg?resize=229%2C300&amp;ssl=1 229w\" sizes=\"auto, (max-width: 611px) 100vw, 611px\" \/><\/a><\/p>\n<p style=\"text-align: center;\"><em>Le chalet bleu \u00a9 Dupuis\/Aire libre<\/em><\/p>\n<p>&nbsp;<\/p>\n<p>Comment r\u00e9sumer ce livre?&#8230; Comment raconter en quelques mots l&rsquo;intensit\u00e9 et la fluidit\u00e9 m\u00eal\u00e9es d&rsquo;un r\u00e9cit qui parle des \u00e2ges, ceux de la vie, ceux du d\u00e9sir, ceux de l&rsquo;amour?&#8230;<\/p>\n<p>Apr\u00e8s nous avoir emmen\u00e9s sur les chemins de Compostelle, des chemins sur lesquels s&rsquo;entrecroisaient des personnages troubles, des secrets \u00e9sot\u00e9riques, des meurtres, des \u00e9blouissements, Jean-Claude Servais nous revient, avec ce \u00ab\u00a0Chalet Bleu\u00a0\u00bb \u00e0 ce qui fait, sans doute, certainement, sa passion la plus essentielle: l&rsquo;humain profond\u00e9ment ancr\u00e9 dans l&rsquo;univers naturel qui lui donne vie et auquel il insuffle une existence tant\u00f4t po\u00e9tique, tant\u00f4t charnelle, tant\u00f4t douloureuse.<\/p>\n<p>1947&#8230; Une petite fille, Alice, croit aux f\u00e9es, aux myst\u00e8res de l&rsquo;ailleurs, et d\u00e9couvre, au-del\u00e0 du monde des habitudes, un univers o\u00f9 elle se r\u00e9fugie, celui de la vall\u00e9e aux loups. Les animaux y vivent librement, quelques lutins y apportent la folie de leurs jeux et de leurs mots, un chalet bleu y devient une demeure presque intemporelle, et un jeune gar\u00e7on va y accompagner les jours et les nuits de cette Alice qui grandit et vieillit.<\/p>\n<p>&nbsp;<\/p>\n<p><a href=\"https:\/\/i0.wp.com\/bd-chroniques.be\/wp-content\/uploads\/2018\/11\/servais1.png\"><img data-recalc-dims=\"1\" loading=\"lazy\" decoding=\"async\" class=\"aligncenter size-full wp-image-2671\" src=\"https:\/\/i0.wp.com\/bd-chroniques.be\/wp-content\/uploads\/2018\/11\/servais1.png?resize=668%2C904\" alt=\"\" width=\"668\" height=\"904\" srcset=\"https:\/\/i0.wp.com\/bd-chroniques.be\/wp-content\/uploads\/2018\/11\/servais1.png?w=668&amp;ssl=1 668w, https:\/\/i0.wp.com\/bd-chroniques.be\/wp-content\/uploads\/2018\/11\/servais1.png?resize=222%2C300&amp;ssl=1 222w\" sizes=\"auto, (max-width: 668px) 100vw, 668px\" \/><\/a><\/p>\n<p style=\"text-align: center;\"><em>Le chalet bleu \u00a9 Dupuis\/Aire libre<\/em><\/p>\n<p>&nbsp;<\/p>\n<p>Prenant les saisons comme fil conducteur \u00e0 son r\u00e9cit, Jean-Claude Servais se laisse aller \u00e0 des descriptions graphiques vari\u00e9es, lumineuses, faisant de ce livre un livre d\u2019abord d\u2019ambiance avant d\u2019\u00eatre une histoire racont\u00e9e. A ce sujet, il faut vraiment souligner l\u2019osmose qui existe entre Jean-Claude Servais et son coloriste Raives\u00a0: il s\u2019agit ici, en guise de colorisation, d\u2019un v\u00e9ritable travail artistique qui magnifie encore plus le travail artistique du trait\u2026 Un trait qui me semble plus \u00ab\u00a0en mouvement\u00a0\u00bb, \u00e9galement, que dans les pr\u00e9c\u00e9dents albums de Servais.<\/p>\n<p>&nbsp;<\/p>\n<p><a href=\"https:\/\/i0.wp.com\/bd-chroniques.be\/wp-content\/uploads\/2018\/11\/servais2.jpg\"><img data-recalc-dims=\"1\" loading=\"lazy\" decoding=\"async\" class=\"aligncenter size-full wp-image-2672\" src=\"https:\/\/i0.wp.com\/bd-chroniques.be\/wp-content\/uploads\/2018\/11\/servais2.jpg?resize=768%2C1008\" alt=\"\" width=\"768\" height=\"1008\" srcset=\"https:\/\/i0.wp.com\/bd-chroniques.be\/wp-content\/uploads\/2018\/11\/servais2.jpg?w=800&amp;ssl=1 800w, https:\/\/i0.wp.com\/bd-chroniques.be\/wp-content\/uploads\/2018\/11\/servais2.jpg?resize=229%2C300&amp;ssl=1 229w, https:\/\/i0.wp.com\/bd-chroniques.be\/wp-content\/uploads\/2018\/11\/servais2.jpg?resize=768%2C1008&amp;ssl=1 768w, https:\/\/i0.wp.com\/bd-chroniques.be\/wp-content\/uploads\/2018\/11\/servais2.jpg?resize=780%2C1024&amp;ssl=1 780w\" sizes=\"auto, (max-width: 768px) 100vw, 768px\" \/><\/a><\/p>\n<p style=\"text-align: center;\"><em>Le chalet bleu \u00a9 Dupuis\/Aire libre<\/em><\/p>\n<p>&nbsp;<\/p>\n<p>Bien s\u00fbr, il y a un vrai r\u00e9cit, dans cet album. La rencontre entre deux enfants, l\u2019un n\u00e9 d\u2019une l\u00e9gende, Jeantou, et l\u2019autre, Alice, profond\u00e9ment enfouie dans ses r\u00eaves magiques. Une rencontre qui ressemble \u00e0 un apprivoisement, et qui d\u00e9bouche sur l\u2019amour. L\u2019amour, l\u2019\u00e9treinte, la vie \u00e0 deux, la mise au monde d\u2019une fille qui, elle, va fuir la vall\u00e9e aux loups pour trouver l\u2019amour dans le monde de la r\u00e9alit\u00e9. Il y a aussi les doutes d\u2019Alice et de Jeantou, la qu\u00eate de ce dernier pour retrouver un sens \u00e0 ses errances.<\/p>\n<p>Mais tout cela, lin\u00e9aire pourtant tout au long de la narration, laisse la place, surtout, \u00e0 la sensation, au sentiment. Et \u00e0 ce que les saisons racont\u00e9es soient aussi celles de la vie, de l\u2019enfance \u00e0 la vieillesse, de la naissance \u00e0 la mort.<\/p>\n<p>Jean-Claude Servais, tout en nous parlant des contes de l\u2019enfance, de notre enfance, nous parle aussi de la place de la femme dans la soci\u00e9t\u00e9, au fil des ann\u00e9es, depuis la fin de la guerre 40\/45. Il nous parle de la puissance de la transformation, \u00e0 tous les niveaux de la conscience. Et s\u2019il s\u2019amuse \u00e0 trouver dans les contes de f\u00e9es des r\u00e9f\u00e9rences psychanalytiques, c\u2019est au travers de la bouche inerte d\u2019une statue qu\u2019il le fait. Parce que, finalement, s\u2019il fallait trouver un message \u00e0 ce livre, il est extr\u00eamement simple\u00a0: pour vivre, il faut choisir la voie du r\u00eave, quels qu\u2019en soient les d\u00e9tours et les buts\u00a0!<\/p>\n<p>&nbsp;<\/p>\n<p style=\"text-align: center;\"><a href=\"https:\/\/i0.wp.com\/bd-chroniques.be\/wp-content\/uploads\/2018\/11\/servais3.png\"><img data-recalc-dims=\"1\" loading=\"lazy\" decoding=\"async\" class=\"aligncenter size-full wp-image-2674\" src=\"https:\/\/i0.wp.com\/bd-chroniques.be\/wp-content\/uploads\/2018\/11\/servais3.png?resize=668%2C904\" alt=\"\" width=\"668\" height=\"904\" srcset=\"https:\/\/i0.wp.com\/bd-chroniques.be\/wp-content\/uploads\/2018\/11\/servais3.png?w=668&amp;ssl=1 668w, https:\/\/i0.wp.com\/bd-chroniques.be\/wp-content\/uploads\/2018\/11\/servais3.png?resize=222%2C300&amp;ssl=1 222w\" sizes=\"auto, (max-width: 668px) 100vw, 668px\" \/><\/a><em>Le chalet bleu \u00a9 Dupuis\/Aire libre<\/em><\/p>\n<p>&nbsp;<\/p>\n<p>Sans avoir l\u2019air d\u2019y toucher, Jean-Claude Servais, dans ce \u00ab\u00a0chalet bleu\u00a0\u00bb, fait \u0153uvre d\u2019artiste mais aussi de moraliste, au sens le plus noble du terme. Au-del\u00e0 des r\u00e9f\u00e9rences qui jaillissent ici et l\u00e0 et se rapportent autant \u00e0 son imaginaire qu\u2019\u00e0 ses r\u00e9alit\u00e9s (l\u2019\u00e9cole de la Vierge Fid\u00e8le, par exemple, mais aussi des vieilles recettes de grand-m\u00e8re concernant les aphrodisiaques\u2026), Servais nous parle de l\u2019amour, de la puret\u00e9 et de la sexualit\u00e9. Si les contes pour enfants sont les premiers \u00e9ducateurs de l\u2019enfance, il se fait, lui, \u00e0 l\u2019instar de son h\u00e9ro\u00efne, explorateur \u00e0 la fois du visible et de l\u2019invisible. Et il nous parle ainsi du bonheur qu\u2019il peut y avoir \u00e0 vieillir, \u00e0 se souvenir aussi.<\/p>\n<p>Et puis, il y a dans ce livre une r\u00e9flexion que je trouve absolument superbe, et totalement humaine. Pour vivre, pour vivre pleinement, et donc aimer, et donc d\u00e9sirer, charnellement aussi, il faut pouvoir ressentir la douleur et l\u2019impatience du tremblement, du frisson, de la peur.<\/p>\n<p>Et ce livre, ainsi, devient celui de tous les frissons, de l\u2019envie au plaisir, et se fait chant d\u2019existence, chant du monde, au rythme des saisons.<\/p>\n<p>&nbsp;<\/p>\n<p style=\"text-align: center;\"><a href=\"https:\/\/i0.wp.com\/bd-chroniques.be\/wp-content\/uploads\/2018\/11\/servais4.jpg\"><img data-recalc-dims=\"1\" loading=\"lazy\" decoding=\"async\" class=\"aligncenter size-full wp-image-2673\" src=\"https:\/\/i0.wp.com\/bd-chroniques.be\/wp-content\/uploads\/2018\/11\/servais4.jpg?resize=600%2C788\" alt=\"\" width=\"600\" height=\"788\" srcset=\"https:\/\/i0.wp.com\/bd-chroniques.be\/wp-content\/uploads\/2018\/11\/servais4.jpg?w=600&amp;ssl=1 600w, https:\/\/i0.wp.com\/bd-chroniques.be\/wp-content\/uploads\/2018\/11\/servais4.jpg?resize=228%2C300&amp;ssl=1 228w\" sizes=\"auto, (max-width: 600px) 100vw, 600px\" \/><\/a><em>Le chalet bleu \u00a9 Dupuis\/Aire libre<\/em><\/p>\n<p>&nbsp;<\/p>\n<p>Retrouver Jean-Claude Servais dans son propre univers, apr\u00e8s son passage par le polar m\u00e9taphysique, c\u2019est un immense plaisir\u00a0! Et la parenth\u00e8se des chemins de Compostelle nous le restitue encore plus po\u00e9tique, encore plus amoureux de la nature et de l\u2019humain en accord l\u2019un avec l\u2019autre. Son dessin a gagn\u00e9 en souplesse, et son \u0153il, comme son trait, tout en observations plurielles, font de cet album un de ses meilleurs, si pas LE meilleur\u00a0!<\/p>\n<p>&nbsp;<\/p>\n<p><strong>Jacques Schra\u00fbwen<\/strong><\/p>\n<p><strong>Le Chalet Bleu (dessin\u00a0: Jean-Claude Servais \u2013 couleurs\u00a0: Raives \u2013 \u00e9diteur\u00a0: Dupuis\/Aire Libre)<\/strong><\/p>\n<p>&nbsp;<\/p>\n<p style=\"text-align: center;\"><a href=\"https:\/\/i0.wp.com\/bd-chroniques.be\/wp-content\/uploads\/2018\/11\/servais5.jpg\"><img data-recalc-dims=\"1\" loading=\"lazy\" decoding=\"async\" class=\"aligncenter size-full wp-image-2675\" src=\"https:\/\/i0.wp.com\/bd-chroniques.be\/wp-content\/uploads\/2018\/11\/servais5.jpg?resize=650%2C892\" alt=\"\" width=\"650\" height=\"892\" srcset=\"https:\/\/i0.wp.com\/bd-chroniques.be\/wp-content\/uploads\/2018\/11\/servais5.jpg?w=650&amp;ssl=1 650w, https:\/\/i0.wp.com\/bd-chroniques.be\/wp-content\/uploads\/2018\/11\/servais5.jpg?resize=219%2C300&amp;ssl=1 219w\" sizes=\"auto, (max-width: 650px) 100vw, 650px\" \/><\/a><em>Le chalet bleu \u00a9 Dupuis\/Aire libre<\/em><\/p>\n<p>&nbsp;<\/p>\n","protected":false},"excerpt":{"rendered":"<p>Un des plus beaux albums de Jean-Claude Servais! \u00ab\u00a0C&rsquo;est un trou de verdure o\u00f9 coule une rivi\u00e8re&#8230;\u00a0\u00bb C&rsquo;est un lieu cach\u00e9 o\u00f9 se vivent, de l&rsquo;amour et de ses \u00e2ges, toutes les po\u00e9sies&#8230; C&rsquo;est un chalet bleu qu&rsquo;enchante Jean-Claude Servais&#8230; C&rsquo;est un livre d&rsquo;une beaut\u00e9 \u00e9blouie&#8230; &nbsp; Le chalet bleu \u00a9 Dupuis\/Aire libre &nbsp; Comment [&hellip;]<\/p>\n","protected":false},"author":1,"featured_media":2676,"comment_status":"closed","ping_status":"open","sticky":false,"template":"","format":"standard","meta":{"jetpack_post_was_ever_published":false,"_jetpack_newsletter_access":"","_jetpack_dont_email_post_to_subs":false,"_jetpack_newsletter_tier_id":0,"_jetpack_memberships_contains_paywalled_content":false,"_jetpack_memberships_contains_paid_content":false,"footnotes":"","jetpack_publicize_message":"","jetpack_publicize_feature_enabled":true,"jetpack_social_post_already_shared":true,"jetpack_social_options":{"image_generator_settings":{"template":"highway","default_image_id":0,"font":"","enabled":false},"version":2}},"categories":[14,18],"tags":[],"class_list":["post-2669","post","type-post","status-publish","format-standard","has-post-thumbnail","hentry","category-bd-de-a-a-f","category-c"],"jetpack_publicize_connections":[],"jetpack_featured_media_url":"https:\/\/i0.wp.com\/bd-chroniques.be\/wp-content\/uploads\/2018\/11\/servais0bis.jpg?fit=800%2C1065&ssl=1","jetpack_shortlink":"https:\/\/wp.me\/p8dqsu-H3","jetpack_likes_enabled":true,"jetpack_sharing_enabled":true,"_links":{"self":[{"href":"https:\/\/bd-chroniques.be\/index.php\/wp-json\/wp\/v2\/posts\/2669","targetHints":{"allow":["GET"]}}],"collection":[{"href":"https:\/\/bd-chroniques.be\/index.php\/wp-json\/wp\/v2\/posts"}],"about":[{"href":"https:\/\/bd-chroniques.be\/index.php\/wp-json\/wp\/v2\/types\/post"}],"author":[{"embeddable":true,"href":"https:\/\/bd-chroniques.be\/index.php\/wp-json\/wp\/v2\/users\/1"}],"replies":[{"embeddable":true,"href":"https:\/\/bd-chroniques.be\/index.php\/wp-json\/wp\/v2\/comments?post=2669"}],"version-history":[{"count":1,"href":"https:\/\/bd-chroniques.be\/index.php\/wp-json\/wp\/v2\/posts\/2669\/revisions"}],"predecessor-version":[{"id":2677,"href":"https:\/\/bd-chroniques.be\/index.php\/wp-json\/wp\/v2\/posts\/2669\/revisions\/2677"}],"wp:featuredmedia":[{"embeddable":true,"href":"https:\/\/bd-chroniques.be\/index.php\/wp-json\/wp\/v2\/media\/2676"}],"wp:attachment":[{"href":"https:\/\/bd-chroniques.be\/index.php\/wp-json\/wp\/v2\/media?parent=2669"}],"wp:term":[{"taxonomy":"category","embeddable":true,"href":"https:\/\/bd-chroniques.be\/index.php\/wp-json\/wp\/v2\/categories?post=2669"},{"taxonomy":"post_tag","embeddable":true,"href":"https:\/\/bd-chroniques.be\/index.php\/wp-json\/wp\/v2\/tags?post=2669"}],"curies":[{"name":"wp","href":"https:\/\/api.w.org\/{rel}","templated":true}]}}