{"id":2750,"date":"2018-12-04T15:59:52","date_gmt":"2018-12-04T14:59:52","guid":{"rendered":"http:\/\/bd-chroniques.be\/?p=2750"},"modified":"2018-12-04T16:04:15","modified_gmt":"2018-12-04T15:04:15","slug":"milo-manara","status":"publish","type":"post","link":"https:\/\/bd-chroniques.be\/index.php\/2018\/12\/04\/milo-manara\/","title":{"rendered":"Milo Manara"},"content":{"rendered":"<p style=\"text-align: center;\"><strong>Un nouvel album et une exposition \u00e0 Bruxelles, une exposition faisant la part belle \u00e0 ses illustrations \u00e9rotiques\u00a0!<\/strong><\/p>\n<p>Dans cette chronique, \u00e9coutez Milo Manara vous parler de la beaut\u00e9, de l\u2019\u00e9rotisme, et du dessin\u2026 Une rencontre passionnante\u00a0!<\/p>\n<p>&nbsp;<\/p>\n<p><a href=\"https:\/\/i0.wp.com\/bd-chroniques.be\/wp-content\/uploads\/2018\/12\/manara0.jpg\"><img data-recalc-dims=\"1\" loading=\"lazy\" decoding=\"async\" class=\"aligncenter size-full wp-image-2751\" src=\"https:\/\/i0.wp.com\/bd-chroniques.be\/wp-content\/uploads\/2018\/12\/manara0.jpg?resize=768%2C432\" alt=\"\" width=\"768\" height=\"432\" srcset=\"https:\/\/i0.wp.com\/bd-chroniques.be\/wp-content\/uploads\/2018\/12\/manara0.jpg?w=1189&amp;ssl=1 1189w, https:\/\/i0.wp.com\/bd-chroniques.be\/wp-content\/uploads\/2018\/12\/manara0.jpg?resize=300%2C169&amp;ssl=1 300w, https:\/\/i0.wp.com\/bd-chroniques.be\/wp-content\/uploads\/2018\/12\/manara0.jpg?resize=768%2C432&amp;ssl=1 768w, https:\/\/i0.wp.com\/bd-chroniques.be\/wp-content\/uploads\/2018\/12\/manara0.jpg?resize=1024%2C576&amp;ssl=1 1024w\" sizes=\"auto, (max-width: 768px) 100vw, 768px\" \/><\/a><\/p>\n<p style=\"text-align: center;\"><em>Milo Manara \u00a9 Milo Manara<\/em><\/p>\n<p>&nbsp;<\/p>\n<p>Milo Manara\u2026 Un des grands noms du neuvi\u00e8me art, sans aucun doute\u2026 Cet Italien a commenc\u00e9 sa carri\u00e8re, longue et abondante, en 1968, par des petits r\u00e9cits, marqu\u00e9s par leur \u00e9rotisme.<br \/>\nMais, tr\u00e8s vite, c\u2019est avec des histoires \u00ab\u00a0s\u00e9rieuses\u00a0\u00bb qu\u2019il se fait conna\u00eetre\u00a0: \u00ab\u00a0Le Singe\u00a0\u00bb, plusieurs r\u00e9cits dans \u00ab\u00a0L\u2019Histoire en bandes dessin\u00e9es\u00a0\u00bb, chez Larousse, et, enfin, les aventures de Giuseppe Bergman qui paraissent dans le mythique \u00ab\u00a0A Suivre\u00a0\u00bb.<br \/>\nReconnu d\u00e8s lors \u00e0 la fois par les professionnels et par les lecteurs, Milo Manara va prendre un virage qui restera sa caract\u00e9ristique premi\u00e8re, celle de l\u2019\u00e9rotisme, un \u00e9rotisme qui ose tout dire, tout montrer, s\u2019enfouir dans les m\u00e9andres du d\u00e9sir humain.<br \/>\nEt ce furent des livres comme \u00ab\u00a0Le D\u00e9clic\u00a0\u00bb, \u00ab\u00a0Le Parfum de l\u2019Invisible\u00a0\u00bb, \u00ab\u00a0Nouvelles Coquines\u00a0\u00bb\u2026 Ce furent aussi des recueils d\u2019illustrations, \u00ab\u00a0L\u2019Art de la fess\u00e9e\u00a0\u00bb, par exemple.<br \/>\nEn une \u00e9poque o\u00f9 se multipliaient des livres marqu\u00e9s par une certaine pornographie dessin\u00e9e sans beaucoup de talent, par un \u00e9rotisme explicite et sans relief, Manara s\u2019est lanc\u00e9, lui, dans des livres qui, graphiquement, n\u2019ont jamais eu peur de d\u00e9voiler le corps et l\u2019\u00e2me au travers d\u2019\u00e9rotismes pluriels, cr\u00e9ateurs de r\u00eaves, certes, mais \u00e9galement et surtout d\u2019aventures s\u2019\u00e9cartant r\u00e9solument des sentiers battus. L\u2019\u00e9rotisme des uns n\u2019a v\u00e9ritablement pas grand-chose \u00e0 voir avec celui de Manara\u2026<\/p>\n<p>&nbsp;<\/p>\n<p style=\"text-align: center;\"><a href=\"https:\/\/i0.wp.com\/bd-chroniques.be\/wp-content\/uploads\/2018\/12\/manara1.jpg\"><img data-recalc-dims=\"1\" loading=\"lazy\" decoding=\"async\" class=\"aligncenter size-full wp-image-2752\" src=\"https:\/\/i0.wp.com\/bd-chroniques.be\/wp-content\/uploads\/2018\/12\/manara1.jpg?resize=768%2C1102\" alt=\"\" width=\"768\" height=\"1102\" srcset=\"https:\/\/i0.wp.com\/bd-chroniques.be\/wp-content\/uploads\/2018\/12\/manara1.jpg?w=1840&amp;ssl=1 1840w, https:\/\/i0.wp.com\/bd-chroniques.be\/wp-content\/uploads\/2018\/12\/manara1.jpg?resize=209%2C300&amp;ssl=1 209w, https:\/\/i0.wp.com\/bd-chroniques.be\/wp-content\/uploads\/2018\/12\/manara1.jpg?resize=768%2C1102&amp;ssl=1 768w, https:\/\/i0.wp.com\/bd-chroniques.be\/wp-content\/uploads\/2018\/12\/manara1.jpg?resize=713%2C1024&amp;ssl=1 713w, https:\/\/i0.wp.com\/bd-chroniques.be\/wp-content\/uploads\/2018\/12\/manara1.jpg?w=1536&amp;ssl=1 1536w\" sizes=\"auto, (max-width: 768px) 100vw, 768px\" \/><\/a><em>Milo Manara \u00a9 Milo Manara<\/em><\/p>\n<p>&nbsp;<\/p>\n<h6>Milo Manara: l&rsquo;\u00e9rotisme<\/h6>\n<audio class=\"wp-audio-shortcode\" id=\"audio-2750-1\" preload=\"none\" style=\"width: 100%;\" controls=\"controls\"><source type=\"audio\/mpeg\" src=\"http:\/\/bd-chroniques.be\/wp-content\/uploads\/2018\/12\/manara-\u00e9rotisme.mp3?_=1\" \/><a href=\"http:\/\/bd-chroniques.be\/wp-content\/uploads\/2018\/12\/manara-\u00e9rotisme.mp3\">http:\/\/bd-chroniques.be\/wp-content\/uploads\/2018\/12\/manara-\u00e9rotisme.mp3<\/a><\/audio>\n<p>&nbsp;<\/p>\n<p style=\"text-align: left;\">Marcuse comme r\u00e9f\u00e9rence philosophique \u00e0 une \u0153uvre de plaisirs et de d\u00e9sirs sans cesse m\u00eal\u00e9s, excusez du peu\u00a0!&#8230; Et c\u2019est bien un \u00e9rotisme transgressif et ludique, r\u00e9cr\u00e9atif, oui, qui s\u2019expose aujourd\u2019hui \u00e0 Bruxelles.<br \/>\nIl faut dire que, pour Milo Manara, l\u2019acte gratuit, dans l\u2019amour comme dans le dessin, se doit d\u2019\u00eatre source de sensations, de sentiments. D\u2019esth\u00e9tisme aussi\u2026 D\u2019un esth\u00e9tisme qui na\u00eet des propres r\u00eaveries, et donc fantasmes, de Manara, tr\u00e8s certainement, et de sa formation\u2026 Une formation classique qui le pousse, de livre en livre, \u00e0 dessiner en quelque sorte toujours la m\u00eame femme, ou presque, une femme qu\u2019on retrouve dans les illustrations accroch\u00e9es aux cimaises de la galerie du Ch\u00e2telain. Toutes les femmes de Milo Manara sont fines, \u00e9lanc\u00e9es, avec des jambes qui n\u2019en finissent pas, avec des courbes affriolantes, des sourires charmeurs, des regards tr\u00e8s directs, aussi&#8230; Qu\u2019on retrouve dans cette exposition, \u00e0 l\u2019exception d\u2019une femme aux \u00e9videntes maturit\u00e9s, toute v\u00eatue, qui donne \u00e0 l\u2019ensemble des \u0153uvres expos\u00e9es une certaine distance po\u00e9tique.<br \/>\nSi Marcuse pr\u00e9side \u00e0 son sens de l\u2019\u00e9rotisme, ce sont Platon et le monde classique qui \u00e9clairent sa notion de la beaut\u00e9\u00a0!<\/p>\n<p><a href=\"https:\/\/i0.wp.com\/bd-chroniques.be\/wp-content\/uploads\/2018\/12\/MANARA2bis-1.jpg\"><img data-recalc-dims=\"1\" loading=\"lazy\" decoding=\"async\" class=\"aligncenter size-full wp-image-2754\" src=\"https:\/\/i0.wp.com\/bd-chroniques.be\/wp-content\/uploads\/2018\/12\/MANARA2bis-1.jpg?resize=768%2C1024\" alt=\"\" width=\"768\" height=\"1024\" srcset=\"https:\/\/i0.wp.com\/bd-chroniques.be\/wp-content\/uploads\/2018\/12\/MANARA2bis-1.jpg?w=1860&amp;ssl=1 1860w, https:\/\/i0.wp.com\/bd-chroniques.be\/wp-content\/uploads\/2018\/12\/MANARA2bis-1.jpg?resize=225%2C300&amp;ssl=1 225w, https:\/\/i0.wp.com\/bd-chroniques.be\/wp-content\/uploads\/2018\/12\/MANARA2bis-1.jpg?resize=768%2C1024&amp;ssl=1 768w, https:\/\/i0.wp.com\/bd-chroniques.be\/wp-content\/uploads\/2018\/12\/MANARA2bis-1.jpg?w=1536&amp;ssl=1 1536w\" sizes=\"auto, (max-width: 768px) 100vw, 768px\" \/><\/a><\/p>\n<p style=\"text-align: center;\"><em>Milo Manara \u00a9 Milo Manara<\/em><\/p>\n<h6>Milo Manara: La beaut\u00e9<\/h6>\n<audio class=\"wp-audio-shortcode\" id=\"audio-2750-2\" preload=\"none\" style=\"width: 100%;\" controls=\"controls\"><source type=\"audio\/mpeg\" src=\"http:\/\/bd-chroniques.be\/wp-content\/uploads\/2018\/12\/manara-beaut\u00e9.mp3?_=2\" \/><a href=\"http:\/\/bd-chroniques.be\/wp-content\/uploads\/2018\/12\/manara-beaut\u00e9.mp3\">http:\/\/bd-chroniques.be\/wp-content\/uploads\/2018\/12\/manara-beaut\u00e9.mp3<\/a><\/audio>\n<p>&nbsp;<\/p>\n<p>Cela dit, et pour rester objectif, cet auteur qui a travaill\u00e9 avec des gens comme le g\u00e9nie Fellini ou l\u2019exceptionnel Hugo Pratt n\u2019a pas fait que des chefs d\u2019\u0153uvre, il faut le reconna\u00eetre.<br \/>\nPendant une certaine p\u00e9riode, il a m\u00eame r\u00e9duit au minimum les d\u00e9cors de ses r\u00e9cits, comme pour laisser la f\u00e9minit\u00e9 de ses personnages occuper toute la place, d\u2019une fa\u00e7on pratiquement intemporelle.<br \/>\nMais, avec les Borgia d\u2019abord, et avec \u00ab\u00a0Le Caravage\u00a0\u00bb aujourd\u2019hui, Manara revient en arri\u00e8re, avec un talent extraordinaire. Ses d\u00e9cors, encore plus qu\u2019\u00e0 ses d\u00e9buts, font partie int\u00e9grante de ses intrigues, ils accompagnent et montrent le cheminement des personnages. Et ils prennent vie, de page en page, gr\u00e2ce aussi \u00e0 un travail sur la couleur dans lequel excelle Manara, de plus en plus, une excellence que je ne peux que vous inviter \u00e0 d\u00e9couvrir dans son dernier album, mais aussi dans cette exposition qui lui est consacr\u00e9e\u00a0!<\/p>\n<p>&nbsp;<\/p>\n<p style=\"text-align: center;\"><a href=\"https:\/\/i0.wp.com\/bd-chroniques.be\/wp-content\/uploads\/2018\/12\/manara3.jpg\"><img data-recalc-dims=\"1\" loading=\"lazy\" decoding=\"async\" class=\"aligncenter size-full wp-image-2756\" src=\"https:\/\/i0.wp.com\/bd-chroniques.be\/wp-content\/uploads\/2018\/12\/manara3.jpg?resize=768%2C1090\" alt=\"\" width=\"768\" height=\"1090\" srcset=\"https:\/\/i0.wp.com\/bd-chroniques.be\/wp-content\/uploads\/2018\/12\/manara3.jpg?w=1400&amp;ssl=1 1400w, https:\/\/i0.wp.com\/bd-chroniques.be\/wp-content\/uploads\/2018\/12\/manara3.jpg?resize=211%2C300&amp;ssl=1 211w, https:\/\/i0.wp.com\/bd-chroniques.be\/wp-content\/uploads\/2018\/12\/manara3.jpg?resize=768%2C1090&amp;ssl=1 768w, https:\/\/i0.wp.com\/bd-chroniques.be\/wp-content\/uploads\/2018\/12\/manara3.jpg?resize=721%2C1024&amp;ssl=1 721w\" sizes=\"auto, (max-width: 768px) 100vw, 768px\" \/><\/a><em>Milo Manara \u00a9 Milo Manara<\/em><\/p>\n<h6><\/h6>\n<h6>Milo Manara: le d\u00e9cors<\/h6>\n<audio class=\"wp-audio-shortcode\" id=\"audio-2750-3\" preload=\"none\" style=\"width: 100%;\" controls=\"controls\"><source type=\"audio\/mpeg\" src=\"http:\/\/bd-chroniques.be\/wp-content\/uploads\/2018\/12\/manara-d\u00e9cors.mp3?_=3\" \/><a href=\"http:\/\/bd-chroniques.be\/wp-content\/uploads\/2018\/12\/manara-d\u00e9cors.mp3\">http:\/\/bd-chroniques.be\/wp-content\/uploads\/2018\/12\/manara-d\u00e9cors.mp3<\/a><\/audio>\n<p>&nbsp;<\/p>\n<p>&nbsp;<\/p>\n<p>Mes souvenirs concernant Milo Manara sont nombreux. Comme bien des lecteurs de ma g\u00e9n\u00e9ration, il a accompagn\u00e9 la re-naissance de la bande dessin\u00e9e, en osant, simplement, montrer et raconter le d\u00e9sir charnel. Et il l\u2019a fait, toujours, avec un sens aigu de la mise en sc\u00e8ne, et un sens litt\u00e9raire (et cin\u00e9matographique) du dialogue.<br \/>\nFid\u00e8le \u00e0 ce qu\u2019il \u00e9tait il y a cinquante ans, Milo Manara continue \u00e0 \u00eatre le chantre de l\u2019\u00e9rotisme. Et \u00e0 \u00eatre, dans son album consacr\u00e9 au Caravage, chantre d\u2019un personnage subversif, celui d\u2019une \u0153uvre picturale qui appartient au patrimoine mondial, et, surtout peut-\u00eatre, chantre de d\u00e9cors et de paysages d\u2019une extraordinaire facture classique.<\/p>\n<p><strong>Jacques Schra\u00fbwen<\/strong><br \/>\n<strong>Milo Manara s\u2019expose \u00e0 Bruxelles \u2013 Galerie Huberty &amp; Breyne, Place du Ch\u00e2telain \u00e0 Ixelles (Bruxelles), jusqu\u2019au 5 janvier.<\/strong><br \/>\n<strong>Milo Manara &#8211; Le Caravage, tome 2, paru chez Gl\u00e9nat.<\/strong><\/p>\n<p style=\"text-align: center;\"><em>Milo Manara \u00a9 Milo Manara<\/em><\/p>\n<p><a href=\"https:\/\/i0.wp.com\/bd-chroniques.be\/wp-content\/uploads\/2018\/12\/manara4.jpg\"><img data-recalc-dims=\"1\" loading=\"lazy\" decoding=\"async\" class=\"aligncenter size-full wp-image-2758\" src=\"https:\/\/i0.wp.com\/bd-chroniques.be\/wp-content\/uploads\/2018\/12\/manara4.jpg?resize=768%2C1086\" alt=\"\" width=\"768\" height=\"1086\" srcset=\"https:\/\/i0.wp.com\/bd-chroniques.be\/wp-content\/uploads\/2018\/12\/manara4.jpg?w=1691&amp;ssl=1 1691w, https:\/\/i0.wp.com\/bd-chroniques.be\/wp-content\/uploads\/2018\/12\/manara4.jpg?resize=212%2C300&amp;ssl=1 212w, https:\/\/i0.wp.com\/bd-chroniques.be\/wp-content\/uploads\/2018\/12\/manara4.jpg?resize=768%2C1086&amp;ssl=1 768w, https:\/\/i0.wp.com\/bd-chroniques.be\/wp-content\/uploads\/2018\/12\/manara4.jpg?resize=724%2C1024&amp;ssl=1 724w, https:\/\/i0.wp.com\/bd-chroniques.be\/wp-content\/uploads\/2018\/12\/manara4.jpg?w=1536&amp;ssl=1 1536w\" sizes=\"auto, (max-width: 768px) 100vw, 768px\" \/><\/a><\/p>\n","protected":false},"excerpt":{"rendered":"<p>Un nouvel album et une exposition \u00e0 Bruxelles, une exposition faisant la part belle \u00e0 ses illustrations \u00e9rotiques\u00a0! Dans cette chronique, \u00e9coutez Milo Manara vous parler de la beaut\u00e9, de l\u2019\u00e9rotisme, et du dessin\u2026 Une rencontre passionnante\u00a0! &nbsp; Milo Manara \u00a9 Milo Manara &nbsp; Milo Manara\u2026 Un des grands noms du neuvi\u00e8me art, sans aucun [&hellip;]<\/p>\n","protected":false},"author":1,"featured_media":2759,"comment_status":"closed","ping_status":"open","sticky":false,"template":"","format":"standard","meta":{"jetpack_post_was_ever_published":false,"_jetpack_newsletter_access":"","_jetpack_dont_email_post_to_subs":false,"_jetpack_newsletter_tier_id":0,"_jetpack_memberships_contains_paywalled_content":false,"_jetpack_memberships_contains_paid_content":false,"footnotes":"","jetpack_publicize_message":"","jetpack_publicize_feature_enabled":true,"jetpack_social_post_already_shared":true,"jetpack_social_options":{"image_generator_settings":{"template":"highway","default_image_id":0,"font":"","enabled":false},"version":2}},"categories":[14,18,37],"tags":[],"class_list":["post-2750","post","type-post","status-publish","format-standard","has-post-thumbnail","hentry","category-bd-de-a-a-f","category-c","category-evenements"],"jetpack_publicize_connections":[],"jetpack_featured_media_url":"https:\/\/i0.wp.com\/bd-chroniques.be\/wp-content\/uploads\/2018\/12\/carfavage.jpg?fit=980%2C490&ssl=1","jetpack_shortlink":"https:\/\/wp.me\/p8dqsu-Im","jetpack_likes_enabled":true,"jetpack_sharing_enabled":true,"_links":{"self":[{"href":"https:\/\/bd-chroniques.be\/index.php\/wp-json\/wp\/v2\/posts\/2750","targetHints":{"allow":["GET"]}}],"collection":[{"href":"https:\/\/bd-chroniques.be\/index.php\/wp-json\/wp\/v2\/posts"}],"about":[{"href":"https:\/\/bd-chroniques.be\/index.php\/wp-json\/wp\/v2\/types\/post"}],"author":[{"embeddable":true,"href":"https:\/\/bd-chroniques.be\/index.php\/wp-json\/wp\/v2\/users\/1"}],"replies":[{"embeddable":true,"href":"https:\/\/bd-chroniques.be\/index.php\/wp-json\/wp\/v2\/comments?post=2750"}],"version-history":[{"count":2,"href":"https:\/\/bd-chroniques.be\/index.php\/wp-json\/wp\/v2\/posts\/2750\/revisions"}],"predecessor-version":[{"id":2761,"href":"https:\/\/bd-chroniques.be\/index.php\/wp-json\/wp\/v2\/posts\/2750\/revisions\/2761"}],"wp:featuredmedia":[{"embeddable":true,"href":"https:\/\/bd-chroniques.be\/index.php\/wp-json\/wp\/v2\/media\/2759"}],"wp:attachment":[{"href":"https:\/\/bd-chroniques.be\/index.php\/wp-json\/wp\/v2\/media?parent=2750"}],"wp:term":[{"taxonomy":"category","embeddable":true,"href":"https:\/\/bd-chroniques.be\/index.php\/wp-json\/wp\/v2\/categories?post=2750"},{"taxonomy":"post_tag","embeddable":true,"href":"https:\/\/bd-chroniques.be\/index.php\/wp-json\/wp\/v2\/tags?post=2750"}],"curies":[{"name":"wp","href":"https:\/\/api.w.org\/{rel}","templated":true}]}}