{"id":2909,"date":"2018-12-31T09:51:00","date_gmt":"2018-12-31T08:51:00","guid":{"rendered":"http:\/\/bd-chroniques.be\/?p=2909"},"modified":"2018-12-31T09:51:05","modified_gmt":"2018-12-31T08:51:05","slug":"vanikoro","status":"publish","type":"post","link":"https:\/\/bd-chroniques.be\/index.php\/2018\/12\/31\/vanikoro\/","title":{"rendered":"Vanikoro"},"content":{"rendered":"\n<p>Une histoire de tr\u00e9sor, de naufrage, de mort, de vie, de choc des cultures&#8230; Un album somptueux!<\/p>\n\n\n\n<div class=\"wp-block-image\"><figure class=\"aligncenter\"><img data-recalc-dims=\"1\" loading=\"lazy\" decoding=\"async\" width=\"650\" height=\"839\" src=\"https:\/\/i0.wp.com\/bd-chroniques.be\/wp-content\/uploads\/2018\/12\/prugne0.jpg?resize=650%2C839\" alt=\"\" class=\"wp-image-2910\" srcset=\"https:\/\/i0.wp.com\/bd-chroniques.be\/wp-content\/uploads\/2018\/12\/prugne0.jpg?w=650&amp;ssl=1 650w, https:\/\/i0.wp.com\/bd-chroniques.be\/wp-content\/uploads\/2018\/12\/prugne0.jpg?resize=232%2C300&amp;ssl=1 232w\" sizes=\"auto, (max-width: 650px) 100vw, 650px\" \/><figcaption><br><em>Vanikoro \u00a9 Daniel Maghen<\/em><\/figcaption><\/figure><\/div>\n\n\n\n<p>1788\u2026 Deux fr\u00e9gates, La Boussole et l\u2019Astrolabe, en plein Pacifique Sud, font naufrage. A leur bord, plus de deux-cents hommes, dont le Comte de Lap\u00e9rouse. <\/p>\n\n\n\n<p>A partir de cette r\u00e9alit\u00e9 historique, et en mettant en sc\u00e8ne des personnages qui ont r\u00e9ellement exist\u00e9, mais en en faisant des \u00eatres d\u2019imagination, Patrick Prugne continue, comme dans tous ses livres pr\u00e9c\u00e9dents, \u00e0 explorer les chemins qui m\u00e8nent l\u2019homme \u00e0 accepter et apprivoiser la diff\u00e9rence ou, tout au contraire, \u00e0 la ha\u00efr et \u00e0 vouloir la d\u00e9truire.  <\/p>\n\n\n\n<p>Un des nombreux personnages qui \u00a0\u00bb vivent \u00a0\u00bb dans cet album se fait \u00e9crivain\u2026 Pour survivre, pour \u00e9chapper \u00e0 un quotidien de violence, de mort, de peur et de d\u00e9sesp\u00e9rance. A ce titre, ce \u00a0\u00bb Vanikoro \u00a0\u00bb est peut-\u00eatre bien le livre le plus \u00a0\u00bb litt\u00e9raire \u00a0\u00bb de Patrick Prugne, presque po\u00e9tique, m\u00eame, \u00e0 certains moments, avec des phrases qui, proches m\u00eame du romantisme, parviennent \u00e0 estomper l\u2019angoisse qui suinte des dessins. <\/p>\n\n\n\n<p>Litt\u00e9raire, oui, et en usant d\u2019un langage qui, avec facilit\u00e9 et sans heurts, m\u00e9lange des expressions typiques d\u2019aujourd\u2019hui avec un style qui reste celui du dix-huiti\u00e8me si\u00e8cle.  <\/p>\n\n\n\n<p>Et tout cela cr\u00e9e une narration que j\u2019appellerais \u00a0\u00bb en sablier \u00ab\u00a0. On se trouve en face d\u2019un album choral, d\u2019abord, et qui, de par les al\u00e9as de l\u2019aventure racont\u00e9e, se restreint \u00e0 quelques protagonistes\u2026 Avant de remettre en lumi\u00e8re, \u00e0 partir de points de vue d&rsquo;individualit\u00e9s, la r\u00e9alit\u00e9 et la force essentielle d\u2019un groupe humain. <\/p>\n\n\n\n<p>Et plusieurs planches sont \u00e9galement construites de cette mani\u00e8re, avec un point d\u2019ancrage central sur la page. <\/p>\n\n\n\n<div class=\"wp-block-image\"><figure class=\"aligncenter\"><img data-recalc-dims=\"1\" loading=\"lazy\" decoding=\"async\" width=\"674\" height=\"867\" src=\"https:\/\/i0.wp.com\/bd-chroniques.be\/wp-content\/uploads\/2018\/12\/prugne1.jpg?resize=674%2C867\" alt=\"\" class=\"wp-image-2912\" srcset=\"https:\/\/i0.wp.com\/bd-chroniques.be\/wp-content\/uploads\/2018\/12\/prugne1.jpg?w=674&amp;ssl=1 674w, https:\/\/i0.wp.com\/bd-chroniques.be\/wp-content\/uploads\/2018\/12\/prugne1.jpg?resize=233%2C300&amp;ssl=1 233w\" sizes=\"auto, (max-width: 674px) 100vw, 674px\" \/><figcaption><br><em>Vanikoro \u00a9 Daniel Maghen<\/em><br><\/figcaption><\/figure><\/div>\n\n\n\n<p>NARRATION EN SABLIER <\/p>\n\n\n\n<figure class=\"wp-block-audio\"><audio controls src=\"http:\/\/bd-chroniques.be\/wp-content\/uploads\/2018\/12\/prugne-nARRATION-EN-SABLIER.mp3\"><\/audio><figcaption>Patrick Prugne<\/figcaption><\/figure>\n\n\n\n<p>ECRITURE ET LANGAGE <\/p>\n\n\n\n<figure class=\"wp-block-audio\"><audio controls src=\"http:\/\/bd-chroniques.be\/wp-content\/uploads\/2018\/12\/prugne-\u00e9criture-langage.mp3\"><\/audio><figcaption><br>Patrick Prugne<\/figcaption><\/figure>\n\n\n\n<p>Cela dit, au-del\u00e0 de ce qui pourrait n\u2019\u00eatre qu\u2019un exercice de style, il y a un vrai r\u00e9cit, une vraie aventure humaine. Prugne est un orf\u00e8vre quand il s\u2019agit pour lui de m\u00ealer la grande et les petites histoires. Son trait, d\u2019abord, restitue, de fa\u00e7on parfois tr\u00e8s charnelle, les d\u00e9cors comme les individus, la nature comme les bateaux. Et son sc\u00e9nario, lui, utilise les codes bien connus depuis des si\u00e8cles de ce qu\u2019on pourrait appeler des \u00a0\u00bb r\u00e9cits de pirates \u00ab\u00a0, ou, plus justement, de \u00a0\u00bb courses au tr\u00e9sor \u00ab\u00a0.  <\/p>\n\n\n\n<p>Patrick Prugne utilise ces codes, oui, mais sans en d\u00e9pendre, et en prenant plaisir, m\u00eame, \u00e0 les d\u00e9tourner pour abandonner, le temps de quelques phrases, de quelques mots, de quelques planches, l\u2019aventure au profit d\u2019une description pratiquement intime de ses personnages.  <\/p>\n\n\n\n<p>Et c\u2019est de cette mani\u00e8re qu\u2019il nous r\u00e9sume cette n\u00e9cessit\u00e9 que tout \u00eatre humain a, pour subsister, pour vivre plus que survivre, de se sentir et de se vouloir en appartenance, ou en partage, d\u2019un groupe, qu\u2019il soit social ou culturel.  <\/p>\n\n\n\n<p>Ce \u00a0\u00bb Vanikoro \u00a0\u00bb devient ainsi une superbe all\u00e9gorie de la rencontre, de la diff\u00e9rence, et de la vie, tout simplement !&#8230; <\/p>\n\n\n\n<div class=\"wp-block-image\"><figure class=\"aligncenter\"><img data-recalc-dims=\"1\" loading=\"lazy\" decoding=\"async\" width=\"496\" height=\"689\" src=\"https:\/\/i0.wp.com\/bd-chroniques.be\/wp-content\/uploads\/2018\/12\/prugne2.jpg?resize=496%2C689\" alt=\"\" class=\"wp-image-2914\" srcset=\"https:\/\/i0.wp.com\/bd-chroniques.be\/wp-content\/uploads\/2018\/12\/prugne2.jpg?w=496&amp;ssl=1 496w, https:\/\/i0.wp.com\/bd-chroniques.be\/wp-content\/uploads\/2018\/12\/prugne2.jpg?resize=216%2C300&amp;ssl=1 216w\" sizes=\"auto, (max-width: 496px) 100vw, 496px\" \/><figcaption><br><em>Vanikoro \u00a9 Daniel Maghen<\/em><br><\/figcaption><\/figure><\/div>\n\n\n\n<p>CODES TRESOR <\/p>\n\n\n\n<figure class=\"wp-block-audio\"><audio controls src=\"http:\/\/bd-chroniques.be\/wp-content\/uploads\/2018\/12\/prugne-codes-tr\u00e9sor.mp3\"><\/audio><figcaption><br>Patrick Prugne<\/figcaption><\/figure>\n\n\n\n<p>RENCONTRES, APPARTENANCES A DES GROUPES <\/p>\n\n\n\n<figure class=\"wp-block-audio\"><audio controls src=\"http:\/\/bd-chroniques.be\/wp-content\/uploads\/2018\/12\/prugne-chocs-et-rencontres.mp3\"><\/audio><figcaption><br>Patrick Prugne<\/figcaption><\/figure>\n\n\n\n<p>Ce que j\u2019ai toujours trouv\u00e9 \u00e9tonnant chez Patrick Prugne, c\u2019est sa capacit\u00e9 \u00e0 ne jamais se perdre dans le fil de ses histoires, et \u00e0 ne jamais perdre ses lecteurs non plus, et ce malgr\u00e9 le nombre de personnages qu&rsquo;il fait vivre ! Cela tient \u00e0 l\u2019universalit\u00e9 de ce qu\u2019il nous raconte, certes, mais aussi \u00e0 son art du d\u00e9coupage, un d\u00e9coupage qui m\u00eale le hasard \u00e0 la n\u00e9cessit\u00e9 de s\u00e9quences, et qui se fait d\u00e8s lors, visuellement, une continuation de la narration \u00e9crite. <\/p>\n\n\n\n<p>Prugne est un dessinateur, un coloriste. Et il aime la nature, il aime en restituer les beaut\u00e9s mais aussi les dangers, les forces de vie et celles de mort en quelque sorte. Comment, par exemple, ne pas \u00eatre \u00e9bloui, dans cet album-ci, par son approche graphique de l\u2019\u00e9l\u00e9ment liquide, l\u2019oc\u00e9an, la pluie, aussi\u2026 \u00a0\u00bb Homme, toujours tu ch\u00e9riras la mer\u2026 \u00a0\u00bb disait Baudelaire. <\/p>\n\n\n\n<p>Il y a cet amour-l\u00e0 dans ce livre, avec tous les symbolismes qui se rattachent depuis toujours \u00e0 cet \u00e9l\u00e9ment qui m\u00e8ne ailleurs, qui entretient le r\u00eave, et qui, tellement souvent, le d\u00e9truit ! <\/p>\n\n\n\n<div class=\"wp-block-image\"><figure class=\"aligncenter\"><img loading=\"lazy\" decoding=\"async\" width=\"800\" height=\"1058\" src=\"https:\/\/i2.wp.com\/bd-chroniques.be\/wp-content\/uploads\/2018\/12\/prugne3.jpg?fit=768%2C1016\" alt=\"\" class=\"wp-image-2918\" srcset=\"https:\/\/i0.wp.com\/bd-chroniques.be\/wp-content\/uploads\/2018\/12\/prugne3.jpg?w=800&amp;ssl=1 800w, https:\/\/i0.wp.com\/bd-chroniques.be\/wp-content\/uploads\/2018\/12\/prugne3.jpg?resize=227%2C300&amp;ssl=1 227w, https:\/\/i0.wp.com\/bd-chroniques.be\/wp-content\/uploads\/2018\/12\/prugne3.jpg?resize=768%2C1016&amp;ssl=1 768w, https:\/\/i0.wp.com\/bd-chroniques.be\/wp-content\/uploads\/2018\/12\/prugne3.jpg?resize=774%2C1024&amp;ssl=1 774w\" sizes=\"auto, (max-width: 768px) 100vw, 768px\" \/><figcaption><br><em>Vanikoro \u00a9 Daniel Maghen<\/em><br><\/figcaption><\/figure><\/div>\n\n\n\n<p>EAU, DESSINS EN PLEINES PAGES <\/p>\n\n\n\n<figure class=\"wp-block-audio\"><audio controls src=\"http:\/\/bd-chroniques.be\/wp-content\/uploads\/2018\/12\/prugne-eau-pleine-page-illus.mp3\"><\/audio><figcaption><br>Patrick Prugne<\/figcaption><\/figure>\n\n\n\n<p>Patrick Prugne n\u2019est jamais manich\u00e9en, non plus, et c\u2019est ce que j\u2019aime \u00e9galement chez lui. Il n\u2019y a pas ce c\u00f4t\u00e9 \u00a0\u00bb \u00e0 la Rousseau \u00a0\u00bb du bon sauvage\u2026 L\u2019horreur, la violence, l\u2019injustice, la barbarie n\u2019ont, dans les livres de Prugne comme dans la r\u00e9alit\u00e9, aucune fronti\u00e8re. Il n\u2019y a, chez cet auteur complet, chez cet artiste qui est tout sauf un donneur de le\u00e7ons, aucun ang\u00e9lisme, aucune envie de triturer une histoire, voire l\u2019Histoire, pour faire passer un \u00a0\u00bb message \u00a0\u00bb qui ne serait pas simplement humaniste. <\/p>\n\n\n\n<p>Prugne est, essentiellement, un artiste\u2026 De mots, oui\u2026 De dessins, aussi\u2026 Et puis, et cela explose \u00e0 chaque page, Patrick Prugne est un coloriste exceptionnel, un de ces auteurs de bd qui, comme Vance, comme Lepage, jouent en m\u00eame temps de la couleur et de la lumi\u00e8re pour cr\u00e9er des planches qui, toutes, ont une unit\u00e9 de ton, une unit\u00e9 de narration, une unit\u00e9 de mouvement, mais des unit\u00e9s baign\u00e9es dans des lumi\u00e8res qui, elles, changent et donnent un ton particulier et personnel \u00e0 presque chaque case!&#8230; <\/p>\n\n\n\n<div class=\"wp-block-image\"><figure class=\"aligncenter\"><img loading=\"lazy\" decoding=\"async\" width=\"900\" height=\"1175\" src=\"https:\/\/i0.wp.com\/bd-chroniques.be\/wp-content\/uploads\/2018\/12\/prugne4.jpg?fit=768%2C1003\" alt=\"\" class=\"wp-image-2919\" srcset=\"https:\/\/i0.wp.com\/bd-chroniques.be\/wp-content\/uploads\/2018\/12\/prugne4.jpg?w=900&amp;ssl=1 900w, https:\/\/i0.wp.com\/bd-chroniques.be\/wp-content\/uploads\/2018\/12\/prugne4.jpg?resize=230%2C300&amp;ssl=1 230w, https:\/\/i0.wp.com\/bd-chroniques.be\/wp-content\/uploads\/2018\/12\/prugne4.jpg?resize=768%2C1003&amp;ssl=1 768w, https:\/\/i0.wp.com\/bd-chroniques.be\/wp-content\/uploads\/2018\/12\/prugne4.jpg?resize=784%2C1024&amp;ssl=1 784w\" sizes=\"auto, (max-width: 768px) 100vw, 768px\" \/><figcaption><br><em>Vanikoro \u00a9 Daniel Maghen<\/em><\/figcaption><\/figure><\/div>\n\n\n\n<p>DECOR, AMBIANCE, COULEUR, LUMIERE <\/p>\n\n\n\n<figure class=\"wp-block-audio\"><audio controls src=\"http:\/\/bd-chroniques.be\/wp-content\/uploads\/2018\/12\/prugne-d\u00e9cor-ambiance-couleur.mp3\"><\/audio><figcaption><br>Patrick Prugne<\/figcaption><\/figure>\n\n\n\n<p>\u00ab Vanikoro \u00bb, c\u2019est un de ces livres (rares !&#8230;) qu\u2019on prend plaisir \u00e0 lire, puis, r\u00e9guli\u00e8rement, \u00e0 rouvrir, \u00e0 feuilleter, pour y d\u00e9couvrir ainsi, \u00e0 chaque fois, de nouveaux \u00e9merveillements. <\/p>\n\n\n\n<p>Patrick Prugne est un auteur qui prouve que la bande dessin\u00e9e est un m\u00e9dia extr\u00eamement riche quand il s\u2019agit de lui donner la possibilit\u00e9 de parler en m\u00eame temps de la beaut\u00e9, de l\u2019horreur, de la nature et de l\u2019humain.  <\/p>\n\n\n\n<p>\u00ab Vanikoro \u00bb est un livre que vous pouvez offrir et, avant cela, VOUS  offrir!&#8230;  <\/p>\n\n\n\n<p>Jacques Schra\u00fbwen <\/p>\n\n\n\n<p>Vanikoro (auteur: Patrick Prugne &#8211; \u00e9diteur: Daniel Maghen) <\/p>\n\n\n\n<div class=\"wp-block-image\"><figure class=\"aligncenter\"><img loading=\"lazy\" decoding=\"async\" width=\"840\" height=\"1200\" src=\"https:\/\/i1.wp.com\/bd-chroniques.be\/wp-content\/uploads\/2018\/12\/prugne5.jpg?fit=717%2C1024\" alt=\"\" class=\"wp-image-2921\" srcset=\"https:\/\/i0.wp.com\/bd-chroniques.be\/wp-content\/uploads\/2018\/12\/prugne5.jpg?w=840&amp;ssl=1 840w, https:\/\/i0.wp.com\/bd-chroniques.be\/wp-content\/uploads\/2018\/12\/prugne5.jpg?resize=210%2C300&amp;ssl=1 210w, https:\/\/i0.wp.com\/bd-chroniques.be\/wp-content\/uploads\/2018\/12\/prugne5.jpg?resize=768%2C1097&amp;ssl=1 768w, https:\/\/i0.wp.com\/bd-chroniques.be\/wp-content\/uploads\/2018\/12\/prugne5.jpg?resize=717%2C1024&amp;ssl=1 717w\" sizes=\"auto, (max-width: 768px) 100vw, 768px\" \/><figcaption><em>Vanikoro \u00a9 Daniel Maghen<\/em><\/figcaption><\/figure><\/div>\n","protected":false},"excerpt":{"rendered":"<p>Une histoire de tr\u00e9sor, de naufrage, de mort, de vie, de choc des cultures&#8230; Un album somptueux! 1788\u2026 Deux fr\u00e9gates, La Boussole et l\u2019Astrolabe, en plein Pacifique Sud, font naufrage. A leur bord, plus de deux-cents hommes, dont le Comte de Lap\u00e9rouse. A partir de cette r\u00e9alit\u00e9 historique, et en mettant en sc\u00e8ne des personnages [&hellip;]<\/p>\n","protected":false},"author":1,"featured_media":2911,"comment_status":"closed","ping_status":"open","sticky":false,"template":"","format":"standard","meta":{"jetpack_post_was_ever_published":false,"_jetpack_newsletter_access":"","_jetpack_dont_email_post_to_subs":false,"_jetpack_newsletter_tier_id":0,"_jetpack_memberships_contains_paywalled_content":false,"_jetpack_memberships_contains_paid_content":false,"footnotes":"","jetpack_publicize_message":"","jetpack_publicize_feature_enabled":true,"jetpack_social_post_already_shared":true,"jetpack_social_options":{"image_generator_settings":{"template":"highway","default_image_id":0,"font":"","enabled":false},"version":2}},"categories":[3,10],"tags":[],"class_list":["post-2909","post","type-post","status-publish","format-standard","has-post-thumbnail","hentry","category-bd-de-s-a-z","category-v"],"jetpack_publicize_connections":[],"jetpack_featured_media_url":"https:\/\/i0.wp.com\/bd-chroniques.be\/wp-content\/uploads\/2018\/12\/prugne0bis.jpg?fit=800%2C1041&ssl=1","jetpack_shortlink":"https:\/\/wp.me\/s8dqsu-vanikoro","jetpack_likes_enabled":true,"jetpack_sharing_enabled":true,"_links":{"self":[{"href":"https:\/\/bd-chroniques.be\/index.php\/wp-json\/wp\/v2\/posts\/2909","targetHints":{"allow":["GET"]}}],"collection":[{"href":"https:\/\/bd-chroniques.be\/index.php\/wp-json\/wp\/v2\/posts"}],"about":[{"href":"https:\/\/bd-chroniques.be\/index.php\/wp-json\/wp\/v2\/types\/post"}],"author":[{"embeddable":true,"href":"https:\/\/bd-chroniques.be\/index.php\/wp-json\/wp\/v2\/users\/1"}],"replies":[{"embeddable":true,"href":"https:\/\/bd-chroniques.be\/index.php\/wp-json\/wp\/v2\/comments?post=2909"}],"version-history":[{"count":1,"href":"https:\/\/bd-chroniques.be\/index.php\/wp-json\/wp\/v2\/posts\/2909\/revisions"}],"predecessor-version":[{"id":2923,"href":"https:\/\/bd-chroniques.be\/index.php\/wp-json\/wp\/v2\/posts\/2909\/revisions\/2923"}],"wp:featuredmedia":[{"embeddable":true,"href":"https:\/\/bd-chroniques.be\/index.php\/wp-json\/wp\/v2\/media\/2911"}],"wp:attachment":[{"href":"https:\/\/bd-chroniques.be\/index.php\/wp-json\/wp\/v2\/media?parent=2909"}],"wp:term":[{"taxonomy":"category","embeddable":true,"href":"https:\/\/bd-chroniques.be\/index.php\/wp-json\/wp\/v2\/categories?post=2909"},{"taxonomy":"post_tag","embeddable":true,"href":"https:\/\/bd-chroniques.be\/index.php\/wp-json\/wp\/v2\/tags?post=2909"}],"curies":[{"name":"wp","href":"https:\/\/api.w.org\/{rel}","templated":true}]}}