{"id":300,"date":"2017-01-13T16:01:53","date_gmt":"2017-01-13T15:01:53","guid":{"rendered":"http:\/\/bd-chroniques.be\/?p=300"},"modified":"2017-01-13T16:01:53","modified_gmt":"2017-01-13T15:01:53","slug":"oliver-et-peter-1-la-mere-de-tous-les-maux","status":"publish","type":"post","link":"https:\/\/bd-chroniques.be\/index.php\/2017\/01\/13\/oliver-et-peter-1-la-mere-de-tous-les-maux\/","title":{"rendered":"Oliver et Peter : 1. La M\u00e8re de Tous les Maux"},"content":{"rendered":"<p>Ce livre nous raconte la rencontre improbable mais passionnante de personnages mythiques de la litt\u00e9rature : Oliver Twist, Peter Pan, le Capitaine Crochet, H.G. Wells et Jack l\u2019\u00e9ventreur!<\/p>\n<p><img data-recalc-dims=\"1\" loading=\"lazy\" decoding=\"async\" class=\"alignnone size-full wp-image-302\" src=\"https:\/\/i0.wp.com\/bd-chroniques.be\/wp-content\/uploads\/2017\/01\/9eb94eb939c1b0d6dced7d83148af458-1483877966.jpg?resize=768%2C1082\" alt=\"\" width=\"768\" height=\"1082\" srcset=\"https:\/\/i0.wp.com\/bd-chroniques.be\/wp-content\/uploads\/2017\/01\/9eb94eb939c1b0d6dced7d83148af458-1483877966.jpg?w=770&amp;ssl=1 770w, https:\/\/i0.wp.com\/bd-chroniques.be\/wp-content\/uploads\/2017\/01\/9eb94eb939c1b0d6dced7d83148af458-1483877966.jpg?resize=213%2C300&amp;ssl=1 213w, https:\/\/i0.wp.com\/bd-chroniques.be\/wp-content\/uploads\/2017\/01\/9eb94eb939c1b0d6dced7d83148af458-1483877966.jpg?resize=768%2C1082&amp;ssl=1 768w, https:\/\/i0.wp.com\/bd-chroniques.be\/wp-content\/uploads\/2017\/01\/9eb94eb939c1b0d6dced7d83148af458-1483877966.jpg?resize=727%2C1024&amp;ssl=1 727w\" sizes=\"auto, (max-width: 768px) 100vw, 768px\" \/><\/p>\n<figure class=\"www-media custom_large www-media--last js-gallery-figure\"><figcaption class=\"www-media-caption\"><em><span class=\"www-media-caption__text\">Oliver et Peter &#8211; \u00a9 sandawe.com<\/span><\/em><\/figcaption><\/figure>\n<p>Tout commence, dans ce livre, avec la repr\u00e9sentation, au d\u00e9but du vingti\u00e8me si\u00e8cle, de la pi\u00e8ce de J. M. Barrie : Peter Pan.<\/p>\n<p>Tout se continue lorsqu\u2019un jeune homme aux longs cheveux blonds vient trouver l\u2018auteur dans sa loge et r\u00e9veiller ainsi une m\u00e9moire que cet \u00e9crivain voulait renier.<\/p>\n<p>Tout, enfin, revient en arri\u00e8re, dans le temps, dans les ann\u00e9es 1880, dans les ruelles d\u2019un Londres victorien o\u00f9 la violence, la mis\u00e8re, la vulgarit\u00e9 et la d\u00e9brouille sont les r\u00e9alit\u00e9s premi\u00e8res et essentielles du quotidien de deux enfants qui se rencontrent au fil d\u2019une fuite effr\u00e9n\u00e9e : Oliver Twist et Peter Pan.<\/p>\n<p>A partir de cet axiome, celui de donner vie \u00e0 des h\u00e9ros de papier, de les inscrire dans une r\u00e9alit\u00e9 historique bien pr\u00e9cise, les auteurs de ce livre se lancent dans une histoire sans temps mort, graphiquement et litt\u00e9rairement. Ils nous emm\u00e8nent \u00e0 leur suite dans une aventure qui, pour imaginaire et fantastique qu\u2019elle soit, nous parle d\u2019interrogations propres \u00e0 tout humain.<\/p>\n<p><img data-recalc-dims=\"1\" loading=\"lazy\" decoding=\"async\" class=\"alignnone size-full wp-image-303\" src=\"https:\/\/i0.wp.com\/bd-chroniques.be\/wp-content\/uploads\/2017\/01\/cfc11a0f2b2e648c0104f6db6516421b-1483878169.jpg?resize=768%2C1060\" alt=\"\" width=\"768\" height=\"1060\" srcset=\"https:\/\/i0.wp.com\/bd-chroniques.be\/wp-content\/uploads\/2017\/01\/cfc11a0f2b2e648c0104f6db6516421b-1483878169.jpg?w=770&amp;ssl=1 770w, https:\/\/i0.wp.com\/bd-chroniques.be\/wp-content\/uploads\/2017\/01\/cfc11a0f2b2e648c0104f6db6516421b-1483878169.jpg?resize=217%2C300&amp;ssl=1 217w, https:\/\/i0.wp.com\/bd-chroniques.be\/wp-content\/uploads\/2017\/01\/cfc11a0f2b2e648c0104f6db6516421b-1483878169.jpg?resize=768%2C1060&amp;ssl=1 768w, https:\/\/i0.wp.com\/bd-chroniques.be\/wp-content\/uploads\/2017\/01\/cfc11a0f2b2e648c0104f6db6516421b-1483878169.jpg?resize=742%2C1024&amp;ssl=1 742w\" sizes=\"auto, (max-width: 768px) 100vw, 768px\" \/><\/p>\n<figure class=\"www-media custom_large www-media--last js-gallery-figure\"><figcaption class=\"www-media-caption\"><em><span class=\"www-media-caption__text\">Oliver et Peter &#8211; \u00a9 sandawe.com<\/span><\/em><\/figcaption><\/figure>\n<p>Parce que la trame de ce premier livre d\u2019une s\u00e9rie pleine de promesses, c\u2019est l\u2019enfance\u2026 L\u2019enfance qui se refuse \u00e0 a abandonner ses oripeaux, riches ou pauvres, \u00e0 s\u2019abandonner aux routes trop sages de l\u2019\u00e2ge adulte. L\u2019enfance qui n\u2019est \u00e9ternelle que parce qu\u2019elle continue \u00e0 r\u00eaver \u00e0 l\u2019impossible. L\u2019enfance qui, surtout, se cherche des racines pour pouvoir oser se croiser aux miroirs du r\u00e9el.<\/p>\n<p>Les racines, c\u2019est d\u2019ailleurs le point commun de tous les personnages de ce livre : l\u2019absence\u2026 L\u2019absence d\u2019une m\u00e8re, d\u2019un pass\u00e9 capable de les construire.<\/p>\n<p>M\u00eame si ces th\u00e8mes peuvent para\u00eetre lourds, il n\u2019en est rien. Le sc\u00e9nariste, Philippe Pelaez, sait m\u00e9nager ses effets, il sait aussi donner de la pr\u00e9sence, de l\u2019envergure, \u00e0 tous ses personnages, m\u00eame les secondaires. Bien s\u00fbr, en lisant ce livre, on ne peut pas ne pas penser au sublime Peter Pan de Loisel. Mais l\u2019angle choisi par Pelaez est diff\u00e9rent, m\u00eame s\u2019il est parall\u00e8le \u00e0 celui de Loisel dans sa finalit\u00e9 : d\u00e9mystifier des \u0153uvres de jeunesse dans lesquelles se cachent, finalement, bien des horreurs !&#8230;<\/p>\n<p>Et le dessin de Cinzia Di Felice, parfois \u00e0 la limite du dessin na\u00eff, accompagne parfaitement cette plong\u00e9e en presque enfance : c\u2019est un dessin qui s\u2019attache aux regards des protagonistes, aux expressions des corps, et qui prend le temps, aussi, d\u2019inscrire ses h\u00e9ros dans un contexte historique graphiquement fouill\u00e9. Ses d\u00e9cors nous restituent \u00e0 la perfection cette \u00e9poque victorienne aux morales m\u00e9lang\u00e9es et toujours douteuses. Gr\u00e2ce \u00e0 un d\u00e9coupage tant\u00f4t vif, tant\u00f4t semblant prendre tout son temps, gr\u00e2ce \u00e0 des plans souvent tr\u00e8s cin\u00e9matographiques, le dessin de Di Felice se r\u00e9v\u00e8le tr\u00e8s personnel, tr\u00e8s attirant\u2026<\/p>\n<p>Et n\u2019oublions pas non plus, surtout, Florent Daniel, le coloriste, qui r\u00e9ussit, avec des couleurs qui ne sont jamais criardes, \u00e0 cr\u00e9er des ambiances diff\u00e9rentes qui rythment r\u00e9ellement le r\u00e9cit de ce livre.<\/p>\n<p><img data-recalc-dims=\"1\" loading=\"lazy\" decoding=\"async\" class=\"alignnone size-full wp-image-304\" src=\"https:\/\/i0.wp.com\/bd-chroniques.be\/wp-content\/uploads\/2017\/01\/f485172df9af241802838ea8de56271d-1483878237.jpg?resize=768%2C1046\" alt=\"\" width=\"768\" height=\"1046\" srcset=\"https:\/\/i0.wp.com\/bd-chroniques.be\/wp-content\/uploads\/2017\/01\/f485172df9af241802838ea8de56271d-1483878237.jpg?w=770&amp;ssl=1 770w, https:\/\/i0.wp.com\/bd-chroniques.be\/wp-content\/uploads\/2017\/01\/f485172df9af241802838ea8de56271d-1483878237.jpg?resize=220%2C300&amp;ssl=1 220w, https:\/\/i0.wp.com\/bd-chroniques.be\/wp-content\/uploads\/2017\/01\/f485172df9af241802838ea8de56271d-1483878237.jpg?resize=768%2C1046&amp;ssl=1 768w, https:\/\/i0.wp.com\/bd-chroniques.be\/wp-content\/uploads\/2017\/01\/f485172df9af241802838ea8de56271d-1483878237.jpg?resize=752%2C1024&amp;ssl=1 752w\" sizes=\"auto, (max-width: 768px) 100vw, 768px\" \/><\/p>\n<figure class=\"www-media custom_large www-media--last js-gallery-figure\"><figcaption class=\"www-media-caption\"><em><span class=\"www-media-caption__text\">Oliver et Peter &#8211; \u00a9 sandawe.com<\/span><\/em><\/figcaption><\/figure>\n<p>Comment qualifier ce premier volume ?&#8230;. Une r\u00e9ussite, voil\u00e0 ce qu\u2019il est ! Graphiquement, j\u2019ai eu parfois l\u2019impression de plonger un peu dans du Laudy\u2026 Mais du Laudy moderne, capable de montrer l\u2019horreur comme la beaut\u00e9.<\/p>\n<p>Oliver et Peter est une bd adulte. Mais elle est aussi le miroir de toutes nos enfances perdues, irr\u00e9m\u00e9diablement enfouies en des m\u00e9moires de pays imaginaires\u2026<\/p>\n<p>&nbsp;<\/p>\n<p><strong>Jacques Schra\u00fbwen<\/strong><\/p>\n<p><strong>Oliver et Peter : 1. La M\u00e8re de Tous les Maux (sc\u00e9nario : Philippe Pelaez \u2013 dessin : Cinzia Di Felice \u2013 couleurs : Florent Daniel \u2013 \u00e9diteur : sandawe.com)<\/strong><\/p>\n","protected":false},"excerpt":{"rendered":"<p>Ce livre nous raconte la rencontre improbable mais passionnante de personnages mythiques de la litt\u00e9rature : Oliver Twist, Peter Pan, le Capitaine Crochet, H.G. Wells et Jack l\u2019\u00e9ventreur! Oliver et Peter &#8211; \u00a9 sandawe.com Tout commence, dans ce livre, avec la repr\u00e9sentation, au d\u00e9but du vingti\u00e8me si\u00e8cle, de la pi\u00e8ce de J. M. Barrie : [&hellip;]<\/p>\n","protected":false},"author":1,"featured_media":301,"comment_status":"open","ping_status":"open","sticky":false,"template":"","format":"standard","meta":{"jetpack_post_was_ever_published":false,"_jetpack_newsletter_access":"","_jetpack_dont_email_post_to_subs":false,"_jetpack_newsletter_tier_id":0,"_jetpack_memberships_contains_paywalled_content":false,"_jetpack_memberships_contains_paid_content":false,"footnotes":"","jetpack_publicize_message":"","jetpack_publicize_feature_enabled":true,"jetpack_social_post_already_shared":true,"jetpack_social_options":{"image_generator_settings":{"template":"highway","default_image_id":0,"font":"","enabled":false},"version":2}},"categories":[14,26],"tags":[],"class_list":["post-300","post","type-post","status-publish","format-standard","has-post-thumbnail","hentry","category-bd-de-a-a-f","category-o"],"jetpack_publicize_connections":[],"jetpack_featured_media_url":"https:\/\/i0.wp.com\/bd-chroniques.be\/wp-content\/uploads\/2017\/01\/80ecf2b680d533b63dfa37147b0b7806-1483877834.jpg?fit=1248%2C701&ssl=1","jetpack_shortlink":"https:\/\/wp.me\/p8dqsu-4Q","jetpack_likes_enabled":true,"jetpack_sharing_enabled":true,"_links":{"self":[{"href":"https:\/\/bd-chroniques.be\/index.php\/wp-json\/wp\/v2\/posts\/300","targetHints":{"allow":["GET"]}}],"collection":[{"href":"https:\/\/bd-chroniques.be\/index.php\/wp-json\/wp\/v2\/posts"}],"about":[{"href":"https:\/\/bd-chroniques.be\/index.php\/wp-json\/wp\/v2\/types\/post"}],"author":[{"embeddable":true,"href":"https:\/\/bd-chroniques.be\/index.php\/wp-json\/wp\/v2\/users\/1"}],"replies":[{"embeddable":true,"href":"https:\/\/bd-chroniques.be\/index.php\/wp-json\/wp\/v2\/comments?post=300"}],"version-history":[{"count":1,"href":"https:\/\/bd-chroniques.be\/index.php\/wp-json\/wp\/v2\/posts\/300\/revisions"}],"predecessor-version":[{"id":305,"href":"https:\/\/bd-chroniques.be\/index.php\/wp-json\/wp\/v2\/posts\/300\/revisions\/305"}],"wp:featuredmedia":[{"embeddable":true,"href":"https:\/\/bd-chroniques.be\/index.php\/wp-json\/wp\/v2\/media\/301"}],"wp:attachment":[{"href":"https:\/\/bd-chroniques.be\/index.php\/wp-json\/wp\/v2\/media?parent=300"}],"wp:term":[{"taxonomy":"category","embeddable":true,"href":"https:\/\/bd-chroniques.be\/index.php\/wp-json\/wp\/v2\/categories?post=300"},{"taxonomy":"post_tag","embeddable":true,"href":"https:\/\/bd-chroniques.be\/index.php\/wp-json\/wp\/v2\/tags?post=300"}],"curies":[{"name":"wp","href":"https:\/\/api.w.org\/{rel}","templated":true}]}}