{"id":3223,"date":"2019-02-28T17:22:07","date_gmt":"2019-02-28T16:22:07","guid":{"rendered":"http:\/\/bd-chroniques.be\/?p=3223"},"modified":"2019-02-28T17:22:12","modified_gmt":"2019-02-28T16:22:12","slug":"complainte-des-landes-perdues-sorcieres-2-inferno","status":"publish","type":"post","link":"https:\/\/bd-chroniques.be\/index.php\/2019\/02\/28\/complainte-des-landes-perdues-sorcieres-2-inferno\/","title":{"rendered":"Complainte Des Landes Perdues : Sorci\u00e8res 2 &#8211; Inferno"},"content":{"rendered":"\n<p>C\u2019est en 1993 que le premier album de cette saga est paru. Plus de vingt-cinq ans plus tard, nous en sommes au dixi\u00e8me album, et trois cycles d\u2019aventures fantastiques, d\u2019une mythologie sans cesse r\u00e9invent\u00e9e, par Jean Dufaux et ses complices dessinateurs (et, ici, dessinatrice). <\/p>\n\n\n\n<div class=\"wp-block-image\"><figure class=\"aligncenter\"><img loading=\"lazy\" decoding=\"async\" width=\"1301\" height=\"1781\" src=\"https:\/\/i1.wp.com\/bd-chroniques.be\/wp-content\/uploads\/2019\/02\/complainte1.jpg?fit=748%2C1024\" alt=\"\" class=\"wp-image-3224\" srcset=\"https:\/\/i0.wp.com\/bd-chroniques.be\/wp-content\/uploads\/2019\/02\/complainte1.jpg?w=1301&amp;ssl=1 1301w, https:\/\/i0.wp.com\/bd-chroniques.be\/wp-content\/uploads\/2019\/02\/complainte1.jpg?resize=219%2C300&amp;ssl=1 219w, https:\/\/i0.wp.com\/bd-chroniques.be\/wp-content\/uploads\/2019\/02\/complainte1.jpg?resize=768%2C1051&amp;ssl=1 768w, https:\/\/i0.wp.com\/bd-chroniques.be\/wp-content\/uploads\/2019\/02\/complainte1.jpg?resize=748%2C1024&amp;ssl=1 748w\" sizes=\"auto, (max-width: 768px) 100vw, 768px\" \/><figcaption>Inferno \u00a9 Dargaud<\/figcaption><\/figure><\/div>\n\n\n\n<p>Il y a une for\u00eat, un ch\u00e2teau, un roi, une reine cruelle, un \u00eatre diabolique venu d\u2019un improbable ailleurs, un monstre mort pr\u00eat \u00e0 revenir \u00e0 la vie, un fils naturel, un b\u00e2tard, et des sorci\u00e8res. Il y a de la cruaut\u00e9, du fantastique, du r\u00eave, de la vengeance, des trahisons et de dangereuses, mais sans doute essentielles, initiatives personnelles de la part d\u2019une des sorci\u00e8res. <\/p>\n\n\n\n<p>R\u00e9sumer cette s\u00e9rie, r\u00e9sumer chacun des \u00e9pisodes, osons le dire, cela s\u2019av\u00e8re totalement impossible. L\u2019univers de Jean Dufaux foisonne de personnages, de rebondissements, de lieux et d\u2019ambiances, et il faut s\u2019y plonger pour en d\u00e9couvrir toutes les richesses. <\/p>\n\n\n\n<p>Jean Dufaux, c\u2019est un sc\u00e9nariste (rare, tout compte fait) qui poss\u00e8de un monde personnel extr\u00eamement riche, en effet, un univers nourri d\u2019une culture particuli\u00e8rement \u00e9tendue. Un sc\u00e9nariste qui, dans ce cycle-ci, travaille avec une dessinatrice, B\u00e9atrice Tillier, dont le graphisme, d\u2019une vraie \u00a0\u00bb pr\u00e9ciosit\u00e9 \u00a0\u00bb mais \u00e9galement d\u2019une pr\u00e9sence onirique incontestable, sied \u00e0 merveille aux mots de Dufaux.  <\/p>\n\n\n\n<p>On sent, de page en page, une belle complicit\u00e9 entre ces deux artistes, qui se compl\u00e8tent \u00e0 merveille tout au long d\u2019un r\u00e9cit baign\u00e9 de magie. <\/p>\n\n\n\n<div class=\"wp-block-image\"><figure class=\"aligncenter\"><img loading=\"lazy\" decoding=\"async\" width=\"1349\" height=\"1864\" src=\"https:\/\/i1.wp.com\/bd-chroniques.be\/wp-content\/uploads\/2019\/02\/complainte2.jpg?fit=741%2C1024\" alt=\"\" class=\"wp-image-3225\" srcset=\"https:\/\/i0.wp.com\/bd-chroniques.be\/wp-content\/uploads\/2019\/02\/complainte2.jpg?w=1349&amp;ssl=1 1349w, https:\/\/i0.wp.com\/bd-chroniques.be\/wp-content\/uploads\/2019\/02\/complainte2.jpg?resize=217%2C300&amp;ssl=1 217w, https:\/\/i0.wp.com\/bd-chroniques.be\/wp-content\/uploads\/2019\/02\/complainte2.jpg?resize=768%2C1061&amp;ssl=1 768w, https:\/\/i0.wp.com\/bd-chroniques.be\/wp-content\/uploads\/2019\/02\/complainte2.jpg?resize=741%2C1024&amp;ssl=1 741w\" sizes=\"auto, (max-width: 768px) 100vw, 768px\" \/><figcaption><br>Inferno \u00a9 Dargaud<\/figcaption><\/figure><\/div>\n\n\n\n<figure class=\"wp-block-audio\"><audio controls src=\"http:\/\/bd-chroniques.be\/wp-content\/uploads\/2019\/02\/complainte-dufaux-auteur.mp3\"><\/audio><figcaption><br>Jean Dufaux<br><\/figcaption><\/figure>\n\n\n\n<figure class=\"wp-block-audio\"><audio controls src=\"http:\/\/bd-chroniques.be\/wp-content\/uploads\/2019\/02\/COMPLAINTE-dufaux.mp3\"><\/audio><figcaption><br>B\u00e9atrice Tillier: le travail avec J. Dufaux<\/figcaption><\/figure>\n\n\n\n<p>B\u00e9atrice Tillier a un dessin qui se diff\u00e9rencie de celui de ses pr\u00e9d\u00e9cesseurs dans cette s\u00e9rie, Rosinski et Delaby. Tout en s\u2019inscrivant dans une continuit\u00e9 de ce qu\u2019\u00e9taient leurs constructions narratives. Il en r\u00e9sulte un livre parfaitement original dans sa forme, un livre dans lequel la dessinatrice prouve tout son talent de metteuse en sc\u00e8ne. Parce que c\u2019est bien de cela qu\u2019il s\u2019agit, pour elle : \u00eatre la r\u00e9alisatrice des imaginaires de Dufaux, r\u00e9ussir, au travers de son dessin, \u00e0 permettre plusieurs approches du r\u00e9cit, plusieurs lectures. Comment, par exemple, ne pas souligner l\u2019omnipr\u00e9sence, dans cet album, de reflets, de brumes aux transparences presque sensuelles ? Comment ne pas souligner \u00e9galement le choix des couleurs, essentiel pour les ambiances, certes, mais aussi pour cr\u00e9er, \u00e0 la lecture, des s\u00e9quences qui permettent au lecteur de ne pas se perdre.  <\/p>\n\n\n\n<div class=\"wp-block-image\"><figure class=\"aligncenter\"><img loading=\"lazy\" decoding=\"async\" width=\"1298\" height=\"1776\" src=\"https:\/\/i1.wp.com\/bd-chroniques.be\/wp-content\/uploads\/2019\/02\/complainte3.jpg?fit=748%2C1024\" alt=\"\" class=\"wp-image-3226\" srcset=\"https:\/\/i0.wp.com\/bd-chroniques.be\/wp-content\/uploads\/2019\/02\/complainte3.jpg?w=1298&amp;ssl=1 1298w, https:\/\/i0.wp.com\/bd-chroniques.be\/wp-content\/uploads\/2019\/02\/complainte3.jpg?resize=219%2C300&amp;ssl=1 219w, https:\/\/i0.wp.com\/bd-chroniques.be\/wp-content\/uploads\/2019\/02\/complainte3.jpg?resize=768%2C1051&amp;ssl=1 768w, https:\/\/i0.wp.com\/bd-chroniques.be\/wp-content\/uploads\/2019\/02\/complainte3.jpg?resize=748%2C1024&amp;ssl=1 748w\" sizes=\"auto, (max-width: 768px) 100vw, 768px\" \/><figcaption><br>Inferno \u00a9 Dargaud<\/figcaption><\/figure><\/div>\n\n\n\n<figure class=\"wp-block-audio\"><audio controls src=\"http:\/\/bd-chroniques.be\/wp-content\/uploads\/2019\/02\/SCHRAUWEN-Jacques-COMPLAINTE-construction.mp3\"><\/audio><figcaption><br>B\u00e9atrice Tillier: La construction<\/figcaption><\/figure>\n\n\n\n<figure class=\"wp-block-audio\"><audio controls src=\"http:\/\/bd-chroniques.be\/wp-content\/uploads\/2019\/02\/COMPLAINTE-couleur-ok.mp3\"><\/audio><figcaption><br>B\u00e9atrice Tillier: la couleur<\/figcaption><\/figure>\n\n\n\n<p>Jean Dufaux pr\u00e9f\u00e8re, et de loin, l\u2019imaginaire \u00e0 la r\u00e9alit\u00e9. Ses sc\u00e9narios, pratiquement toujours, contiennent une part importante de fantastique, de merveilleux, avec des inventions mythologiques qui, pour inspir\u00e9es qu\u2019elles soient de mythologies connues, r\u00e9ussissent malgr\u00e9 tout \u00e0 s\u2019en d\u00e9marquer pour cr\u00e9er des r\u00e9cits multiformes.  <\/p>\n\n\n\n<p>Cela dit, et c\u2019est aussi tout l\u2019int\u00e9r\u00eat de ses sc\u00e9narios, Jean Dufaux n\u2019en demeure pas moins attentif, aussi, \u00e0 ce qu\u2019est notre soci\u00e9t\u00e9. Sans parler de \u00ab messages \u00bb, ses sc\u00e9narios ouvrent \u00e0 des r\u00e9flexions, toujours. Comme ici, o\u00f9 on parle de diff\u00e9rence, de r\u00eave, de volont\u00e9 de se nourrir de ce qu\u2019on a \u00e9t\u00e9 pour se construire un avenir\u2026 D\u2019amour, aussi, de d\u00e9sir, de passion\u2026 De tout ce qui, finalement, fait le quotidien de ses h\u00e9ro\u00efnes et h\u00e9ros et le n\u00f4tre en parall\u00e8le ! <\/p>\n\n\n\n<div class=\"wp-block-image\"><figure class=\"aligncenter\"><img loading=\"lazy\" decoding=\"async\" width=\"1304\" height=\"1776\" src=\"https:\/\/i1.wp.com\/bd-chroniques.be\/wp-content\/uploads\/2019\/02\/complainte4.jpg?fit=752%2C1024\" alt=\"\" class=\"wp-image-3227\" srcset=\"https:\/\/i0.wp.com\/bd-chroniques.be\/wp-content\/uploads\/2019\/02\/complainte4.jpg?w=1304&amp;ssl=1 1304w, https:\/\/i0.wp.com\/bd-chroniques.be\/wp-content\/uploads\/2019\/02\/complainte4.jpg?resize=220%2C300&amp;ssl=1 220w, https:\/\/i0.wp.com\/bd-chroniques.be\/wp-content\/uploads\/2019\/02\/complainte4.jpg?resize=768%2C1046&amp;ssl=1 768w, https:\/\/i0.wp.com\/bd-chroniques.be\/wp-content\/uploads\/2019\/02\/complainte4.jpg?resize=752%2C1024&amp;ssl=1 752w\" sizes=\"auto, (max-width: 768px) 100vw, 768px\" \/><figcaption><br>Inferno \u00a9 Dargaud<\/figcaption><\/figure><\/div>\n\n\n\n<figure class=\"wp-block-audio\"><audio controls src=\"http:\/\/bd-chroniques.be\/wp-content\/uploads\/2019\/02\/COMPLAINTE-messagfes.mp3\"><\/audio><figcaption><br>B\u00e9atrice Tillier: messages<\/figcaption><\/figure>\n\n\n\n<p>Soyons honn\u00eates\u2026 la saga des Landes perdues, cette longue complainte presque religieuse, presque biblique m\u00eame dans sa construction globale, n\u2019est pas une s\u00e9rie de divertissement pur, elle demande de la part du lecteur une approche r\u00e9fl\u00e9chie, une volont\u00e9 de s\u2019enfouir profond\u00e9ment dans l\u2019univers des auteurs. <\/p>\n\n\n\n<p>Mais soyons honn\u00eate aussi, ce dixi\u00e8me volume est d\u2019un acc\u00e8s plus imm\u00e9diat, plus facile. Gr\u00e2ce au sc\u00e9nario quelque peu plus \u00e9pur\u00e9 de Jean Dufaux, gr\u00e2ce aussi au dessin r\u00e9aliste et magiquement po\u00e9tique de B\u00e9atrice Tillier. <\/p>\n\n\n\n<p>C\u2019est donc un livre \u00e0 conseiller, un livre qui vous donnera l\u2019envie, j\u2019en suis persuad\u00e9, de red\u00e9couvrir tous les \u00e9pisodes pr\u00e9c\u00e9dents ! <\/p>\n\n\n\n<p>Jacques Schra\u00fbwen <\/p>\n\n\n\n<p><strong>Complaintes des landes perdues : Sorci\u00e8res 2 \u2013 Inferno (dessin : B\u00e9atrice Tillier \u2013 sc\u00e9nario : Jean Dufaux \u2013 \u00e9diteur : Dargaud) <\/strong><\/p>\n","protected":false},"excerpt":{"rendered":"<p>C\u2019est en 1993 que le premier album de cette saga est paru. Plus de vingt-cinq ans plus tard, nous en sommes au dixi\u00e8me album, et trois cycles d\u2019aventures fantastiques, d\u2019une mythologie sans cesse r\u00e9invent\u00e9e, par Jean Dufaux et ses complices dessinateurs (et, ici, dessinatrice). Il y a une for\u00eat, un ch\u00e2teau, un roi, une reine [&hellip;]<\/p>\n","protected":false},"author":1,"featured_media":3228,"comment_status":"closed","ping_status":"open","sticky":false,"template":"","format":"standard","meta":{"jetpack_post_was_ever_published":false,"_jetpack_newsletter_access":"","_jetpack_dont_email_post_to_subs":false,"_jetpack_newsletter_tier_id":0,"_jetpack_memberships_contains_paywalled_content":false,"_jetpack_memberships_contains_paid_content":false,"footnotes":"","jetpack_publicize_message":"","jetpack_publicize_feature_enabled":true,"jetpack_social_post_already_shared":true,"jetpack_social_options":{"image_generator_settings":{"template":"highway","default_image_id":0,"font":"","enabled":false},"version":2}},"categories":[14,18],"tags":[],"class_list":["post-3223","post","type-post","status-publish","format-standard","has-post-thumbnail","hentry","category-bd-de-a-a-f","category-c"],"jetpack_publicize_connections":[],"jetpack_featured_media_url":"https:\/\/i0.wp.com\/bd-chroniques.be\/wp-content\/uploads\/2019\/02\/complainte0.jpg?fit=2848%2C3756&ssl=1","jetpack_shortlink":"https:\/\/wp.me\/p8dqsu-PZ","jetpack_likes_enabled":true,"jetpack_sharing_enabled":true,"_links":{"self":[{"href":"https:\/\/bd-chroniques.be\/index.php\/wp-json\/wp\/v2\/posts\/3223","targetHints":{"allow":["GET"]}}],"collection":[{"href":"https:\/\/bd-chroniques.be\/index.php\/wp-json\/wp\/v2\/posts"}],"about":[{"href":"https:\/\/bd-chroniques.be\/index.php\/wp-json\/wp\/v2\/types\/post"}],"author":[{"embeddable":true,"href":"https:\/\/bd-chroniques.be\/index.php\/wp-json\/wp\/v2\/users\/1"}],"replies":[{"embeddable":true,"href":"https:\/\/bd-chroniques.be\/index.php\/wp-json\/wp\/v2\/comments?post=3223"}],"version-history":[{"count":2,"href":"https:\/\/bd-chroniques.be\/index.php\/wp-json\/wp\/v2\/posts\/3223\/revisions"}],"predecessor-version":[{"id":3235,"href":"https:\/\/bd-chroniques.be\/index.php\/wp-json\/wp\/v2\/posts\/3223\/revisions\/3235"}],"wp:featuredmedia":[{"embeddable":true,"href":"https:\/\/bd-chroniques.be\/index.php\/wp-json\/wp\/v2\/media\/3228"}],"wp:attachment":[{"href":"https:\/\/bd-chroniques.be\/index.php\/wp-json\/wp\/v2\/media?parent=3223"}],"wp:term":[{"taxonomy":"category","embeddable":true,"href":"https:\/\/bd-chroniques.be\/index.php\/wp-json\/wp\/v2\/categories?post=3223"},{"taxonomy":"post_tag","embeddable":true,"href":"https:\/\/bd-chroniques.be\/index.php\/wp-json\/wp\/v2\/tags?post=3223"}],"curies":[{"name":"wp","href":"https:\/\/api.w.org\/{rel}","templated":true}]}}