{"id":3241,"date":"2019-03-03T13:16:33","date_gmt":"2019-03-03T12:16:33","guid":{"rendered":"http:\/\/bd-chroniques.be\/?p=3241"},"modified":"2019-03-03T13:16:39","modified_gmt":"2019-03-03T12:16:39","slug":"lavion-qui-vole-avec-le-soleil","status":"publish","type":"post","link":"https:\/\/bd-chroniques.be\/index.php\/2019\/03\/03\/lavion-qui-vole-avec-le-soleil\/","title":{"rendered":"L&rsquo;Avion qui vole avec le Soleil"},"content":{"rendered":"\n<p style=\"text-align:center\"><strong>L&rsquo;odyss\u00e9e de Solar Impulse racont\u00e9e aux jeunes <\/strong><\/p>\n\n\n\n<p>Les jeunes d\u00e9filent dans nos rues, et demandent \u00e0 ce que le monde politique reprenne le pouvoir sur l\u2019avenir de la plan\u00e8te. Et, s\u2019adressant \u00e0 un public jeune (11 ans et plus), ce livre qui remet en m\u00e9moire une aventure humaine et technologique exceptionnelle arrive incontestablement \u00e0 son heure ! <\/p>\n\n\n\n<div class=\"wp-block-image\"><figure class=\"aligncenter\"><img loading=\"lazy\" decoding=\"async\" width=\"2400\" height=\"2401\" src=\"https:\/\/i1.wp.com\/bd-chroniques.be\/wp-content\/uploads\/2019\/03\/avion0.jpg?fit=768%2C768\" alt=\"\" class=\"wp-image-3243\" srcset=\"https:\/\/i0.wp.com\/bd-chroniques.be\/wp-content\/uploads\/2019\/03\/avion0.jpg?w=2400&amp;ssl=1 2400w, https:\/\/i0.wp.com\/bd-chroniques.be\/wp-content\/uploads\/2019\/03\/avion0.jpg?resize=150%2C150&amp;ssl=1 150w, https:\/\/i0.wp.com\/bd-chroniques.be\/wp-content\/uploads\/2019\/03\/avion0.jpg?resize=300%2C300&amp;ssl=1 300w, https:\/\/i0.wp.com\/bd-chroniques.be\/wp-content\/uploads\/2019\/03\/avion0.jpg?resize=768%2C768&amp;ssl=1 768w, https:\/\/i0.wp.com\/bd-chroniques.be\/wp-content\/uploads\/2019\/03\/avion0.jpg?resize=1024%2C1024&amp;ssl=1 1024w, https:\/\/i0.wp.com\/bd-chroniques.be\/wp-content\/uploads\/2019\/03\/avion0.jpg?w=1536&amp;ssl=1 1536w, https:\/\/i0.wp.com\/bd-chroniques.be\/wp-content\/uploads\/2019\/03\/avion0.jpg?w=2304&amp;ssl=1 2304w\" sizes=\"auto, (max-width: 768px) 100vw, 768px\" \/><figcaption><br>L\u2019Avion qui vole avec le Soleil  \u00a9 <br>Larousse Jeunesse<\/figcaption><\/figure><\/div>\n\n\n\n<p>Ce livre raconte une histoire\u2026 Une histoire v\u00e9cue\u2026 Une histoire que quelques utopistes, quelques r\u00eaveurs ont imagin\u00e9e d\u2019abord, \u00e0 laquelle ils ont, ensuite, donn\u00e9 vie\u2026 <\/p>\n\n\n\n<p>Ce livre nous narre toute l\u2019aventure du Solar Impulse, cette esp\u00e8ce de grand oiseau aux ailes gigantesques, cette sorte d\u2019Albatros loin des marins de Baudelaire et de leurs br\u00fble-gueules, cet avion improbable qui a parcouru quelque 43 000 kilom\u00e8tres avec la seule force de l\u2019\u00e9nergie du soleil. <\/p>\n\n\n\n<p>En une \u00e9poque o\u00f9 la prise de conscience des dangers que notre plan\u00e8te court devient de plus en plus importante, du moins dans le monde occidental, un livre comme celui-ci m\u00e9rite d\u2019\u00eatre \u00e9pingl\u00e9. D\u2019abord parce qu\u2019il s\u2019adresse, dans un langage \u00e0 la fois scientifique et simple, \u00e0 la fois didactique et clair, \u00e0 un jeune lectorat\u2026 Ce lectorat qui, justement, manifeste de jeudi en jeudi. Ensuite, parce que, au-del\u00e0 de la lutte id\u00e9ologique ou scientifique, ce livre nous parle de r\u00eave et de la premi\u00e8re des caract\u00e9ristiques de l\u2019humain, peut-\u00eatre, le besoin essentiel et incessant d\u2019explorer\u2026 Donc de s\u2019explorer lui-m\u00eame, et de sans cesse se red\u00e9couvrir !  <\/p>\n\n\n\n<div class=\"wp-block-image\"><figure class=\"aligncenter is-resized\"><img data-recalc-dims=\"1\" loading=\"lazy\" decoding=\"async\" src=\"https:\/\/i0.wp.com\/bd-chroniques.be\/wp-content\/uploads\/2019\/03\/avion1-1024x512.jpg?resize=588%2C294\" alt=\"\" class=\"wp-image-3242\" width=\"588\" height=\"294\" srcset=\"https:\/\/i0.wp.com\/bd-chroniques.be\/wp-content\/uploads\/2019\/03\/avion1.jpg?resize=1024%2C512&amp;ssl=1 1024w, https:\/\/i0.wp.com\/bd-chroniques.be\/wp-content\/uploads\/2019\/03\/avion1.jpg?resize=300%2C150&amp;ssl=1 300w, https:\/\/i0.wp.com\/bd-chroniques.be\/wp-content\/uploads\/2019\/03\/avion1.jpg?resize=768%2C384&amp;ssl=1 768w, https:\/\/i0.wp.com\/bd-chroniques.be\/wp-content\/uploads\/2019\/03\/avion1.jpg?w=1417&amp;ssl=1 1417w\" sizes=\"auto, (max-width: 588px) 100vw, 588px\" \/><figcaption><br>L\u2019Avion qui vole avec le Soleil  \u00a9 <br>Larousse Jeunesse<\/figcaption><\/figure><\/div>\n\n\n\n<figure class=\"wp-block-audio\"><audio controls src=\"http:\/\/bd-chroniques.be\/wp-content\/uploads\/2019\/03\/avion-lui-exploration-humaniste.mp3\"><\/audio><figcaption>Bertrand Piccard: une exploration humaniste<\/figcaption><\/figure>\n\n\n\n<figure class=\"wp-block-audio\"><audio controls src=\"http:\/\/bd-chroniques.be\/wp-content\/uploads\/2019\/03\/avion-les-2-r\u00eaver.mp3\"><\/audio><figcaption><br>Bertrand Piccard et Mich\u00e8le Piccard: r\u00eaver<\/figcaption><\/figure>\n\n\n\n<p>Si on se contente de \u00ab survoler \u00bb cet album, de lire les titres des chapitres et de s\u2019attarder sur les nombreuses photos, on peut avoir l\u2019impression que tout s\u2019est fait facilement, que Bertrand Piccard et Andr\u00e9 Borschberg, les deux pilotes du Solar Impulse, n\u2019ont pas eu de peine \u00e0 trouver les fonds, les aides n\u00e9cessaires, et que leurs vols se sont v\u00e9cus sans anicroche. <\/p>\n\n\n\n<p>D\u2019o\u00f9 l\u2019utilit\u00e9 de lire vraiment ce livre ! Parce que l\u2019auteure, Mich\u00e8le Piccard, qui a accompagn\u00e9 toute cette aventure, de bout en bout, n\u2019a rien voulu enjoliver. Bien s\u00fbr, ce qu\u2019elle met en avant, c\u2019est la r\u00e9ussite de cette \u00ab exploration \u00bb, c\u2019est la r\u00e9alisation r\u00e9ussie d\u2019un r\u00eave commun. Mais elle n\u2019occulte en rien tout ce que les participants \u00e0 ce qu\u2019on peut appeler une odyss\u00e9e ont eu \u00e0 subir comme arr\u00eats, comme d\u00e9couragements, comme freins, comme difficult\u00e9s majeures ou mineures. Et ce qu\u2019elle nous montre, tout au long de son livre, c\u2019est que tout cela a pu \u00eatre d\u00e9pass\u00e9 parce que tous les participants ont form\u00e9 une \u00e9quipe, soud\u00e9e, une \u00e9quipe qui, au fil des mois et des ans, a su user de souplesse bien des fois pour contourner les \u00e9cueils.  <\/p>\n\n\n\n<div class=\"wp-block-image\"><figure class=\"aligncenter\"><img loading=\"lazy\" decoding=\"async\" width=\"1417\" height=\"709\" src=\"https:\/\/i2.wp.com\/bd-chroniques.be\/wp-content\/uploads\/2019\/03\/avion2.jpg?fit=768%2C384\" alt=\"\" class=\"wp-image-3244\" srcset=\"https:\/\/i0.wp.com\/bd-chroniques.be\/wp-content\/uploads\/2019\/03\/avion2.jpg?w=1417&amp;ssl=1 1417w, https:\/\/i0.wp.com\/bd-chroniques.be\/wp-content\/uploads\/2019\/03\/avion2.jpg?resize=300%2C150&amp;ssl=1 300w, https:\/\/i0.wp.com\/bd-chroniques.be\/wp-content\/uploads\/2019\/03\/avion2.jpg?resize=768%2C384&amp;ssl=1 768w, https:\/\/i0.wp.com\/bd-chroniques.be\/wp-content\/uploads\/2019\/03\/avion2.jpg?resize=1024%2C512&amp;ssl=1 1024w\" sizes=\"auto, (max-width: 768px) 100vw, 768px\" \/><figcaption><br>L\u2019Avion qui vole avec le Soleil  \u00a9 <br>Larousse Jeunesse<\/figcaption><\/figure><\/div>\n\n\n\n<figure class=\"wp-block-audio\"><audio controls src=\"http:\/\/bd-chroniques.be\/wp-content\/uploads\/2019\/03\/avion-elle-difficult\u00e9s.mp3\"><\/audio><figcaption><br>Mich\u00e8le Piccard: les difficult\u00e9s<\/figcaption><\/figure>\n\n\n\n<figure class=\"wp-block-audio\"><audio controls src=\"http:\/\/bd-chroniques.be\/wp-content\/uploads\/2019\/03\/avion-elle-\u00e9quipe-souple.mp3\"><\/audio><figcaption><br>Mich\u00e8le Piccard: une \u00e9quipe souple<\/figcaption><\/figure>\n\n\n\n<p>Ce qui transpara\u00eet \u00e9galement dans ce livre, outre le c\u00f4t\u00e9 \u00ab aventurier technologique \u00bb, c\u2019est le pragmatisme de Piccard et de toute son \u00e9quipe. Il s\u2019agissait moins de faire \u0153uvre purement \u00ab \u00e9cologique \u00bb que d\u2019apporter la preuve qu\u2019on pouvait changer le monde sans pour autant tout rejeter de ce qu\u2019il est aujourd\u2019hui. Et de vivre, ce faisant, une exp\u00e9rience de paix. Et c\u2019est l\u00e0 aussi le message de ce livre, un message de paix et de tol\u00e9rance qui, sans aucun doute, est bien utile de nos jours !&#8230;  <\/p>\n\n\n\n<div class=\"wp-block-image\"><figure class=\"aligncenter\"><img data-recalc-dims=\"1\" loading=\"lazy\" decoding=\"async\" width=\"514\" height=\"290\" src=\"https:\/\/i0.wp.com\/bd-chroniques.be\/wp-content\/uploads\/2019\/03\/avion3.jpg?resize=514%2C290\" alt=\"\" class=\"wp-image-3245\" srcset=\"https:\/\/i0.wp.com\/bd-chroniques.be\/wp-content\/uploads\/2019\/03\/avion3.jpg?w=514&amp;ssl=1 514w, https:\/\/i0.wp.com\/bd-chroniques.be\/wp-content\/uploads\/2019\/03\/avion3.jpg?resize=300%2C169&amp;ssl=1 300w\" sizes=\"auto, (max-width: 514px) 100vw, 514px\" \/><figcaption><br>L\u2019Avion qui vole avec le Soleil  \u00a9 <br>Larousse Jeunesse<\/figcaption><\/figure><\/div>\n\n\n\n<figure class=\"wp-block-audio\"><audio controls src=\"http:\/\/bd-chroniques.be\/wp-content\/uploads\/2019\/03\/avion-lui-pasifisme-\u00e9cologie.mp3\"><\/audio><figcaption><br>Bertrand Piccard: pacifisme et \u00e9cologie<\/figcaption><\/figure>\n\n\n\n<p>C\u2019est un livre qui a choisi la clart\u00e9 : des chapitres bien visibles, bien d\u00e9limit\u00e9s, des titres sans litt\u00e9rature inutile, le tout avec une typographie ais\u00e9e \u00e0 suivre, avec des mises en gras qui accrochent le regard. Et puis, il y a l\u2019iconographie : des photos qui permettent au lecteur (jeune et moins jeune) de suivre de page en page cette grande aventure humaine, cette grande aventure d\u2019exploration humaniste avant tout. Et de la d\u00e9couvrir \u00e0 taille d\u2019homme\u2026 <\/p>\n\n\n\n<p>Et enfin, il y a les illustrations de Martin Saive. Humoristiques, sans fioritures, imm\u00e9diatement accessibles ai-je envie de dire. Elles all\u00e8gent, en quelque sorte, le propos qui, sans elles, pourrait se r\u00e9v\u00e9ler trop s\u00e9rieux, elles a\u00e8rent la construction, le d\u00e9coupage pourrait-on dire, de ce livre qui, de cette mani\u00e8re, se lit ou se feuillette avec plaisir.  <\/p>\n\n\n\n<div class=\"wp-block-image\"><figure class=\"aligncenter\"><img data-recalc-dims=\"1\" loading=\"lazy\" decoding=\"async\" width=\"400\" height=\"400\" src=\"https:\/\/i0.wp.com\/bd-chroniques.be\/wp-content\/uploads\/2019\/03\/avion4.jpg?resize=400%2C400\" alt=\"\" class=\"wp-image-3246\" srcset=\"https:\/\/i0.wp.com\/bd-chroniques.be\/wp-content\/uploads\/2019\/03\/avion4.jpg?w=400&amp;ssl=1 400w, https:\/\/i0.wp.com\/bd-chroniques.be\/wp-content\/uploads\/2019\/03\/avion4.jpg?resize=150%2C150&amp;ssl=1 150w, https:\/\/i0.wp.com\/bd-chroniques.be\/wp-content\/uploads\/2019\/03\/avion4.jpg?resize=300%2C300&amp;ssl=1 300w\" sizes=\"auto, (max-width: 400px) 100vw, 400px\" \/><figcaption><br>L\u2019Avion qui vole avec le Soleil  \u00a9 <br>Larousse Jeunesse<\/figcaption><\/figure><\/div>\n\n\n\n<figure class=\"wp-block-audio\"><audio controls src=\"http:\/\/bd-chroniques.be\/wp-content\/uploads\/2019\/03\/avion-elle-illustrateur.mp3\"><\/audio><figcaption><br>Mich\u00e8le Piccard: l&rsquo;illustration<\/figcaption><\/figure>\n\n\n\n<p>Avec des plaisirs pluriels, oui\u2026 <\/p>\n\n\n\n<p>Cet avion qui vole avec le soleil le fait donc ici pour un public jeune, un public adolescent\u2026 Voire pour des lecteurs plus jeunes avec l\u2019aide de leurs parents. <\/p>\n\n\n\n<p>Il s\u2019agit, en tout cas, d\u2019un livre qui nous montre de l\u2019int\u00e9rieur ce qu\u2019est une aventure humaine, ce qu\u2019est la force d\u2019un r\u00eave en accomplissement. Il nous fait r\u00eaver, \u00e9galement, \u00e0 des avenirs souriants et, technologiquement, respectueux \u00e0 la fois de l\u2019Homme et de sa plan\u00e8te\u2026  <\/p>\n\n\n\n<p><strong>Jacques Schra\u00fbwen <\/strong><\/p>\n\n\n\n<p><strong>L\u2019Avion qui vole avec le Soleil (auteure : Mich\u00e8le Piccard \u2013 illustrateur : Martin Saive \u2013 \u00e9diteur : Larousse Jeunesse\/Solar Impulse Foundation) <\/strong><\/p>\n\n\n\n<div class=\"wp-block-image\"><figure class=\"aligncenter\"><img loading=\"lazy\" decoding=\"async\" width=\"2040\" height=\"1354\" src=\"https:\/\/i1.wp.com\/bd-chroniques.be\/wp-content\/uploads\/2019\/03\/avion5.jpg?fit=768%2C510\" alt=\"\" class=\"wp-image-3247\" srcset=\"https:\/\/i0.wp.com\/bd-chroniques.be\/wp-content\/uploads\/2019\/03\/avion5.jpg?w=2040&amp;ssl=1 2040w, https:\/\/i0.wp.com\/bd-chroniques.be\/wp-content\/uploads\/2019\/03\/avion5.jpg?resize=300%2C199&amp;ssl=1 300w, https:\/\/i0.wp.com\/bd-chroniques.be\/wp-content\/uploads\/2019\/03\/avion5.jpg?resize=768%2C510&amp;ssl=1 768w, https:\/\/i0.wp.com\/bd-chroniques.be\/wp-content\/uploads\/2019\/03\/avion5.jpg?resize=1024%2C680&amp;ssl=1 1024w, https:\/\/i0.wp.com\/bd-chroniques.be\/wp-content\/uploads\/2019\/03\/avion5.jpg?w=1536&amp;ssl=1 1536w\" sizes=\"auto, (max-width: 768px) 100vw, 768px\" \/><figcaption><br>L\u2019Avion qui vole avec le Soleil  \u00a9 <br>Larousse Jeunesse<\/figcaption><\/figure><\/div>\n\n\n\n<p> <\/p>\n","protected":false},"excerpt":{"rendered":"<p>L&rsquo;odyss\u00e9e de Solar Impulse racont\u00e9e aux jeunes Les jeunes d\u00e9filent dans nos rues, et demandent \u00e0 ce que le monde politique reprenne le pouvoir sur l\u2019avenir de la plan\u00e8te. Et, s\u2019adressant \u00e0 un public jeune (11 ans et plus), ce livre qui remet en m\u00e9moire une aventure humaine et technologique exceptionnelle arrive incontestablement \u00e0 son [&hellip;]<\/p>\n","protected":false},"author":1,"featured_media":3243,"comment_status":"closed","ping_status":"open","sticky":false,"template":"","format":"standard","meta":{"jetpack_post_was_ever_published":false,"_jetpack_newsletter_access":"","_jetpack_dont_email_post_to_subs":false,"_jetpack_newsletter_tier_id":0,"_jetpack_memberships_contains_paywalled_content":false,"_jetpack_memberships_contains_paid_content":false,"footnotes":"","jetpack_publicize_message":"","jetpack_publicize_feature_enabled":true,"jetpack_social_post_already_shared":true,"jetpack_social_options":{"image_generator_settings":{"template":"highway","default_image_id":0,"font":"","enabled":false},"version":2}},"categories":[41],"tags":[],"class_list":["post-3241","post","type-post","status-publish","format-standard","has-post-thumbnail","hentry","category-livres-illustres"],"jetpack_publicize_connections":[],"jetpack_featured_media_url":"https:\/\/i0.wp.com\/bd-chroniques.be\/wp-content\/uploads\/2019\/03\/avion0.jpg?fit=2400%2C2401&ssl=1","jetpack_shortlink":"https:\/\/wp.me\/p8dqsu-Qh","jetpack_likes_enabled":true,"jetpack_sharing_enabled":true,"_links":{"self":[{"href":"https:\/\/bd-chroniques.be\/index.php\/wp-json\/wp\/v2\/posts\/3241","targetHints":{"allow":["GET"]}}],"collection":[{"href":"https:\/\/bd-chroniques.be\/index.php\/wp-json\/wp\/v2\/posts"}],"about":[{"href":"https:\/\/bd-chroniques.be\/index.php\/wp-json\/wp\/v2\/types\/post"}],"author":[{"embeddable":true,"href":"https:\/\/bd-chroniques.be\/index.php\/wp-json\/wp\/v2\/users\/1"}],"replies":[{"embeddable":true,"href":"https:\/\/bd-chroniques.be\/index.php\/wp-json\/wp\/v2\/comments?post=3241"}],"version-history":[{"count":2,"href":"https:\/\/bd-chroniques.be\/index.php\/wp-json\/wp\/v2\/posts\/3241\/revisions"}],"predecessor-version":[{"id":3255,"href":"https:\/\/bd-chroniques.be\/index.php\/wp-json\/wp\/v2\/posts\/3241\/revisions\/3255"}],"wp:featuredmedia":[{"embeddable":true,"href":"https:\/\/bd-chroniques.be\/index.php\/wp-json\/wp\/v2\/media\/3243"}],"wp:attachment":[{"href":"https:\/\/bd-chroniques.be\/index.php\/wp-json\/wp\/v2\/media?parent=3241"}],"wp:term":[{"taxonomy":"category","embeddable":true,"href":"https:\/\/bd-chroniques.be\/index.php\/wp-json\/wp\/v2\/categories?post=3241"},{"taxonomy":"post_tag","embeddable":true,"href":"https:\/\/bd-chroniques.be\/index.php\/wp-json\/wp\/v2\/tags?post=3241"}],"curies":[{"name":"wp","href":"https:\/\/api.w.org\/{rel}","templated":true}]}}