{"id":3315,"date":"2019-03-15T08:30:26","date_gmt":"2019-03-15T07:30:26","guid":{"rendered":"http:\/\/bd-chroniques.be\/?p=3315"},"modified":"2019-03-14T15:32:07","modified_gmt":"2019-03-14T14:32:07","slug":"ada-rosie-mauvais-esprit-de-famille","status":"publish","type":"post","link":"https:\/\/bd-chroniques.be\/index.php\/2019\/03\/15\/ada-rosie-mauvais-esprit-de-famille\/","title":{"rendered":"Ada &#038; Rosie: mauvais esprit de famille"},"content":{"rendered":"\n<p>Une observation souriante mais r\u00e9aliste de la vie de famille&#8230; Et tous les parents s&rsquo;y reconna\u00eetront! Comme les adolescents, d&rsquo;ailleurs&#8230; <\/p>\n\n\n\n<div class=\"wp-block-image\"><figure class=\"aligncenter\"><img loading=\"lazy\" decoding=\"async\" width=\"768\" height=\"1024\" src=\"https:\/\/i2.wp.com\/bd-chroniques.be\/wp-content\/uploads\/2019\/03\/ada1.jpg?fit=768%2C1024\" alt=\"\" class=\"wp-image-3317\" srcset=\"https:\/\/i0.wp.com\/bd-chroniques.be\/wp-content\/uploads\/2019\/03\/ada1.jpg?w=768&amp;ssl=1 768w, https:\/\/i0.wp.com\/bd-chroniques.be\/wp-content\/uploads\/2019\/03\/ada1.jpg?resize=225%2C300&amp;ssl=1 225w\" sizes=\"auto, (max-width: 768px) 100vw, 768px\" \/><figcaption>Ada &amp; Rosie \u00a9 Casterman<\/figcaption><\/figure><\/div>\n\n\n\n<p>79 pages\u2026 79 \u00ab gags \u00bb qui mettent en sc\u00e8ne une famille : la m\u00e8re, le p\u00e8re, et leurs deux filles. Dont Ada, l\u2019a\u00een\u00e9e, une adolescente dans toute sa splendeur.  <\/p>\n\n\n\n<p>Cela fait deux ans, en fait, que Doroth\u00e9e de Monfreid publie ses dessins sur le site du journal Lib\u00e9ration. Mais force est de reconna\u00eetre que l\u2019impact de ses petites histoires est infiniment plus puissant sur papier, aujourd\u2019hui !  <\/p>\n\n\n\n<p>Cette auteure conna\u00eet le monde de l\u2019enfance, de la jeunesse, puisqu\u2019elle a derri\u00e8re elle une vraie carri\u00e8re litt\u00e9raire.  <\/p>\n\n\n\n<p>Mais ici, gr\u00e2ce au dessin, les situations qu\u2019elle nous raconte se font \u00e0 la fois succinctes et frontales et, de ce fait, nous touchent imm\u00e9diatement. Elle nous emm\u00e8ne \u00e0 sa suite dans un quotidien qui est certainement largement inspir\u00e9 par le sien, et la description amus\u00e9e et aimante qu\u2019elle nous fait de cette fameuse Ada qui, sans cesse, s\u2019ennuie, est d\u2019une belle justesse de ton ! <\/p>\n\n\n\n<div class=\"wp-block-image\"><figure class=\"aligncenter\"><img loading=\"lazy\" decoding=\"async\" width=\"768\" height=\"1024\" src=\"https:\/\/i0.wp.com\/bd-chroniques.be\/wp-content\/uploads\/2019\/03\/ada2.jpg?fit=768%2C1024\" alt=\"\" class=\"wp-image-3318\" srcset=\"https:\/\/i0.wp.com\/bd-chroniques.be\/wp-content\/uploads\/2019\/03\/ada2.jpg?w=768&amp;ssl=1 768w, https:\/\/i0.wp.com\/bd-chroniques.be\/wp-content\/uploads\/2019\/03\/ada2.jpg?resize=225%2C300&amp;ssl=1 225w\" sizes=\"auto, (max-width: 768px) 100vw, 768px\" \/><figcaption><br>Ada &amp; Rosie \u00a9 Casterman<\/figcaption><\/figure><\/div>\n\n\n\n<figure class=\"wp-block-audio\"><audio controls src=\"http:\/\/bd-chroniques.be\/wp-content\/uploads\/2019\/03\/SCHRAUWEN-Jacques-ada-le-coeur-du-quotidien.mp3\"><\/audio><figcaption><br>Doroth\u00e9e de Monfreid: au c\u0153ur du quotidien<\/figcaption><\/figure>\n\n\n\n<figure class=\"wp-block-audio\"><audio controls src=\"http:\/\/bd-chroniques.be\/wp-content\/uploads\/2019\/03\/SCHRAUWEN-Jacques-ada-ennui.mp3\"><\/audio><figcaption><br>Doroth\u00e9e de Monfreid: l&rsquo;ennui<\/figcaption><\/figure>\n\n\n\n<p>En fait, ce qui sous-tend chaque s\u00e9quence de ce livre, c\u2019est une vraie question existentielle : qu\u2019est-ce que \u00ab l\u2019esprit de famille \u00bb ? Qu\u2019est qui peut caract\u00e9riser la r\u00e9ussite d\u2019une vie familiale, la r\u00e9ussite des relations enrichissantes entre parents et enfants ? <\/p>\n\n\n\n<p>Cet album, d\u2019ailleurs, n\u2019\u00e9lude pas tout ce qui fait partie int\u00e9grante de la vie d\u2019aujourd\u2019hui. On y parle, certes, des petites obsessions de chaque jour, mais aussi de mode, par exemple\u2026 A la sortie de l\u2019\u00e9cole, on \u00e9num\u00e8re, par exemple, toutes ses allergies, pour savoir qui en a le plus\u2026 On y parle de terrorisme, donc de peur\u2026 On y parle de \u00ab bio \u00bb, aussi, de la possibilit\u00e9 de ne pas manger de viande. De connexion, aussi, par la multiplication des \u00e9crans de toutes sortes en face desquels adultes et surtout enfants semblent parfois se d\u00e9liter\u2026 Et \u00e0 ce titre, cet \u00ab Ada &amp; Rosie \u00bb nous parle de la n\u00e9cessit\u00e9, pour qu\u2019une enfance soit une enfance d\u2019ouverture, de lui offrir des fen\u00eatres culturelles vari\u00e9es. Et qui, elles, n\u2019ont pas \u00e0 d\u00e9pendre des modes et de leurs diktats. <\/p>\n\n\n\n<figure class=\"wp-block-image\"><img loading=\"lazy\" decoding=\"async\" width=\"900\" height=\"1200\" src=\"https:\/\/i2.wp.com\/bd-chroniques.be\/wp-content\/uploads\/2019\/03\/ada3.jpg?fit=768%2C1024\" alt=\"\" class=\"wp-image-3321\" srcset=\"https:\/\/i0.wp.com\/bd-chroniques.be\/wp-content\/uploads\/2019\/03\/ada3.jpg?w=900&amp;ssl=1 900w, https:\/\/i0.wp.com\/bd-chroniques.be\/wp-content\/uploads\/2019\/03\/ada3.jpg?resize=225%2C300&amp;ssl=1 225w, https:\/\/i0.wp.com\/bd-chroniques.be\/wp-content\/uploads\/2019\/03\/ada3.jpg?resize=768%2C1024&amp;ssl=1 768w\" sizes=\"auto, (max-width: 768px) 100vw, 768px\" \/><figcaption><br>Ada &amp; Rosie \u00a9 Casterman<\/figcaption><\/figure>\n\n\n\n<figure class=\"wp-block-audio\"><audio controls src=\"http:\/\/bd-chroniques.be\/wp-content\/uploads\/2019\/03\/SCHRAUWEN-Jacques-ada-enfance-et-culture.mp3\"><\/audio><figcaption><br><br>Doroth\u00e9e de Monfreid: l&rsquo;enfance et la culture<\/figcaption><\/figure>\n\n\n\n<p>L\u2019esprit de famille ?&#8230; Un m\u00e9lange presque contre nature entre complicit\u00e9 et mauvais esprit, mauvaise foi\u2026  <\/p>\n\n\n\n<p>C\u2019est ainsi que ce livre passe des larmes au rire, des sourires aux angoisses. Rien n\u2019est fortuit, finalement, dans cette observation amus\u00e9e mais, tout compte fait, minutieuse que Doroth\u00e9e de Monfreid partage avec nous de ses v\u00e9cus\u2026 Des v\u00e9cus qui ressemblent toujours aux n\u00f4tres. <\/p>\n\n\n\n<p>L\u2019esprit de famille, c\u2019est peut-\u00eatre aussi cela, d\u2019ailleurs : la possibilit\u00e9 de regarder, mais avec amour, et de ne jamais oublier, adulte, l\u2019enfant qu\u2019on a \u00e9t\u00e9\u2026  <\/p>\n\n\n\n<p>Parce que ce livre, m\u00eame s\u2019il nous laisse \u00e0 voir, de l\u2019int\u00e9rieur, ce que sont les existences au jour le jour de tous les membres d\u2019une m\u00eame famille, n\u2019est jamais mi\u00e8vre. Et se r\u00e9v\u00e8le \u00eatre un portrait d\u2019enfance et d\u2019adolescence plut\u00f4t que d\u2019\u00e2ge adulte.   <\/p>\n\n\n\n<div class=\"wp-block-image\"><figure class=\"aligncenter\"><img loading=\"lazy\" decoding=\"async\" width=\"768\" height=\"1024\" src=\"https:\/\/i0.wp.com\/bd-chroniques.be\/wp-content\/uploads\/2019\/03\/ada4.jpg?fit=768%2C1024\" alt=\"\" class=\"wp-image-3323\" srcset=\"https:\/\/i0.wp.com\/bd-chroniques.be\/wp-content\/uploads\/2019\/03\/ada4.jpg?w=768&amp;ssl=1 768w, https:\/\/i0.wp.com\/bd-chroniques.be\/wp-content\/uploads\/2019\/03\/ada4.jpg?resize=225%2C300&amp;ssl=1 225w\" sizes=\"auto, (max-width: 768px) 100vw, 768px\" \/><figcaption><br>Ada &amp; Rosie \u00a9 Casterman<\/figcaption><\/figure><\/div>\n\n\n\n<figure class=\"wp-block-audio\"><audio controls src=\"http:\/\/bd-chroniques.be\/wp-content\/uploads\/2019\/03\/SCHRAUWEN-Jacques-ada-tous-publics-part-denfance.mp3\"><\/audio><figcaption><br><br>Doroth\u00e9e de Monfreid: tous publics, la part d&rsquo;enfance<\/figcaption><\/figure>\n\n\n\n<p>Dans la lign\u00e9e de Semp\u00e9 et de son \u00ab petit Nicolas \u00bb, en parall\u00e8le des aventures de \u00ab Dad \u00bb, par le ton, mais pas du tout par le graphisme ni par la construction, \u00ab Ada &amp; Rosie \u00bb n\u2019use d\u2019aucun artifice narratif pour raconter le r\u00e9el. Ce livre use d\u2019humour, d\u2019abord et avant tout, il use d\u2019\u00e9criture, aussi\u2026 Une \u00e9criture qui prend vie au travers d\u2019un dessin extr\u00eamement souple, presque stylis\u00e9 parfois, avec des \u00e0-plats de couleur sans inutiles fioritures, avec un plaisir \u00e0 nous montrer des physionomies qui sont miroirs des sensations v\u00e9cues par les diff\u00e9rents personnages.  <\/p>\n\n\n\n<p>Des personnages dont les \u00a0\u00bb t\u00eates de cochon \u00a0\u00bb sont un jeu de narration graphique, certes, mais certainement aussi une mani\u00e8re symbolique de d\u00e9finir les rapports humains de cette famille diablement attachante ! Une famille, oui, de t\u00eates de mule&#8230; <\/p>\n\n\n\n<figure class=\"wp-block-image\"><img data-recalc-dims=\"1\" loading=\"lazy\" decoding=\"async\" width=\"768\" height=\"300\" src=\"https:\/\/i0.wp.com\/bd-chroniques.be\/wp-content\/uploads\/2019\/03\/ada0-1024x400.jpg?resize=768%2C300\" alt=\"\" class=\"wp-image-3316\" srcset=\"https:\/\/i0.wp.com\/bd-chroniques.be\/wp-content\/uploads\/2019\/03\/ada0.jpg?resize=1024%2C400&amp;ssl=1 1024w, https:\/\/i0.wp.com\/bd-chroniques.be\/wp-content\/uploads\/2019\/03\/ada0.jpg?resize=300%2C117&amp;ssl=1 300w, https:\/\/i0.wp.com\/bd-chroniques.be\/wp-content\/uploads\/2019\/03\/ada0.jpg?resize=768%2C300&amp;ssl=1 768w, https:\/\/i0.wp.com\/bd-chroniques.be\/wp-content\/uploads\/2019\/03\/ada0.jpg?w=1100&amp;ssl=1 1100w\" sizes=\"auto, (max-width: 768px) 100vw, 768px\" \/><figcaption><br>Ada &amp; Rosie \u00a9 Casterman<\/figcaption><\/figure>\n\n\n\n<figure class=\"wp-block-audio\"><audio controls src=\"http:\/\/bd-chroniques.be\/wp-content\/uploads\/2019\/03\/SCHRAUWEN-Jacques-ada-\u00e9criture-et-dessin.mp3\"><\/audio><figcaption><br><br>Doroth\u00e9e de Monfreid: l&rsquo;\u00e9criture et le dessin<\/figcaption><\/figure>\n\n\n\n<p>Jacques Schra\u00fbwen <\/p>\n\n\n\n<p><strong>Ada &amp; Rosie: mauvais esprit de famille (auteure : Doroth\u00e9e de Monfreid \u2013 \u00e9diteur : Casterman) <\/strong><\/p>\n","protected":false},"excerpt":{"rendered":"<p>Une observation souriante mais r\u00e9aliste de la vie de famille&#8230; Et tous les parents s&rsquo;y reconna\u00eetront! Comme les adolescents, d&rsquo;ailleurs&#8230; 79 pages\u2026 79 \u00ab gags \u00bb qui mettent en sc\u00e8ne une famille : la m\u00e8re, le p\u00e8re, et leurs deux filles. Dont Ada, l\u2019a\u00een\u00e9e, une adolescente dans toute sa splendeur. Cela fait deux ans, en [&hellip;]<\/p>\n","protected":false},"author":1,"featured_media":3316,"comment_status":"closed","ping_status":"open","sticky":false,"template":"","format":"standard","meta":{"jetpack_post_was_ever_published":false,"_jetpack_newsletter_access":"","_jetpack_dont_email_post_to_subs":false,"_jetpack_newsletter_tier_id":0,"_jetpack_memberships_contains_paywalled_content":false,"_jetpack_memberships_contains_paid_content":false,"footnotes":"","jetpack_publicize_message":"","jetpack_publicize_feature_enabled":true,"jetpack_social_post_already_shared":true,"jetpack_social_options":{"image_generator_settings":{"template":"highway","default_image_id":0,"font":"","enabled":false},"version":2}},"categories":[16,14],"tags":[],"class_list":["post-3315","post","type-post","status-publish","format-standard","has-post-thumbnail","hentry","category-a","category-bd-de-a-a-f"],"jetpack_publicize_connections":[],"jetpack_featured_media_url":"https:\/\/i0.wp.com\/bd-chroniques.be\/wp-content\/uploads\/2019\/03\/ada0.jpg?fit=1100%2C430&ssl=1","jetpack_shortlink":"https:\/\/wp.me\/p8dqsu-Rt","jetpack_likes_enabled":true,"jetpack_sharing_enabled":true,"_links":{"self":[{"href":"https:\/\/bd-chroniques.be\/index.php\/wp-json\/wp\/v2\/posts\/3315","targetHints":{"allow":["GET"]}}],"collection":[{"href":"https:\/\/bd-chroniques.be\/index.php\/wp-json\/wp\/v2\/posts"}],"about":[{"href":"https:\/\/bd-chroniques.be\/index.php\/wp-json\/wp\/v2\/types\/post"}],"author":[{"embeddable":true,"href":"https:\/\/bd-chroniques.be\/index.php\/wp-json\/wp\/v2\/users\/1"}],"replies":[{"embeddable":true,"href":"https:\/\/bd-chroniques.be\/index.php\/wp-json\/wp\/v2\/comments?post=3315"}],"version-history":[{"count":1,"href":"https:\/\/bd-chroniques.be\/index.php\/wp-json\/wp\/v2\/posts\/3315\/revisions"}],"predecessor-version":[{"id":3326,"href":"https:\/\/bd-chroniques.be\/index.php\/wp-json\/wp\/v2\/posts\/3315\/revisions\/3326"}],"wp:featuredmedia":[{"embeddable":true,"href":"https:\/\/bd-chroniques.be\/index.php\/wp-json\/wp\/v2\/media\/3316"}],"wp:attachment":[{"href":"https:\/\/bd-chroniques.be\/index.php\/wp-json\/wp\/v2\/media?parent=3315"}],"wp:term":[{"taxonomy":"category","embeddable":true,"href":"https:\/\/bd-chroniques.be\/index.php\/wp-json\/wp\/v2\/categories?post=3315"},{"taxonomy":"post_tag","embeddable":true,"href":"https:\/\/bd-chroniques.be\/index.php\/wp-json\/wp\/v2\/tags?post=3315"}],"curies":[{"name":"wp","href":"https:\/\/api.w.org\/{rel}","templated":true}]}}