{"id":3354,"date":"2019-03-21T11:20:56","date_gmt":"2019-03-21T10:20:56","guid":{"rendered":"http:\/\/bd-chroniques.be\/?p=3354"},"modified":"2019-03-21T14:10:44","modified_gmt":"2019-03-21T13:10:44","slug":"tout-est-vanite-manara-et-les-borgia-sexposent-a-bruxelles","status":"publish","type":"post","link":"https:\/\/bd-chroniques.be\/index.php\/2019\/03\/21\/tout-est-vanite-manara-et-les-borgia-sexposent-a-bruxelles\/","title":{"rendered":"Tout Est Vanit\u00e9 : Manara et les Borgia s\u2019exposent \u00e0 Bruxelles\u2026"},"content":{"rendered":"\n<p>Ce sont des planches originales, adultes et superbes, aux couleurs directes lumineuses, qui s\u2019exposent aux cimaises de la galerie Champaka\u2026 De quoi red\u00e9couvrir une bd sombre et puissante, et le travail d\u2019un artiste incontestable du neuvi\u00e8me art ! <\/p>\n\n\n\n<figure class=\"wp-block-image\"><img loading=\"lazy\" decoding=\"async\" width=\"1170\" height=\"600\" src=\"https:\/\/i1.wp.com\/bd-chroniques.be\/wp-content\/uploads\/2019\/03\/manara0.jpg?fit=768%2C394\" alt=\"\" class=\"wp-image-3355\" srcset=\"https:\/\/i0.wp.com\/bd-chroniques.be\/wp-content\/uploads\/2019\/03\/manara0.jpg?w=1170&amp;ssl=1 1170w, https:\/\/i0.wp.com\/bd-chroniques.be\/wp-content\/uploads\/2019\/03\/manara0.jpg?resize=300%2C154&amp;ssl=1 300w, https:\/\/i0.wp.com\/bd-chroniques.be\/wp-content\/uploads\/2019\/03\/manara0.jpg?resize=768%2C394&amp;ssl=1 768w, https:\/\/i0.wp.com\/bd-chroniques.be\/wp-content\/uploads\/2019\/03\/manara0.jpg?resize=1024%2C525&amp;ssl=1 1024w\" sizes=\"auto, (max-width: 768px) 100vw, 768px\" \/><figcaption>Milo Manara \u00a9 Manara<\/figcaption><\/figure>\n\n\n\n<p>\u00ab Tout est vanit\u00e9 \u00bb\u2026 Ce titre, emprunt\u00e9 \u00e0 une maxime \u00e0 la connotation religieuse incontestable, est celui du dernier volume de la s\u00e9rie des \u00ab\u00a0Borgia\u00a0\u00bb, sc\u00e9naris\u00e9e par Alejandro Jodorowsky et dessin\u00e9e par Milo Manara\u2026  <\/p>\n\n\n\n<p>Dans cette s\u00e9rie de quatre albums, ce sont les bas-fonds de l\u2019histoire de l\u2019Europe et de la chr\u00e9tient\u00e9 qu\u2019ont explor\u00e9s les deux auteurs. Le sc\u00e9nario a pris plaisir \u00e0 s\u2019attarder sur l\u2019horreur inspir\u00e9e par une foi aux aveugles certitudes, sur l\u2019horreur inspir\u00e9e par la seule n\u00e9cessit\u00e9 d\u2019un pouvoir, sur l\u2019horreur n\u00e9e de l\u2019art se soumettant aux m\u00e9andres des d\u00e9sirs les plus pervers. <\/p>\n\n\n\n<p>Le dessin de Milo Manara, lui, est d\u2019une sensualit\u00e9 extr\u00eame, voire \u00e9tonnante, jusque dans la repr\u00e9sentation graphique de la mort et de ses inacceptables d\u00e9lires.  <\/p>\n\n\n\n<figure class=\"wp-block-image\"><img loading=\"lazy\" decoding=\"async\" width=\"6783\" height=\"8475\" src=\"https:\/\/i1.wp.com\/bd-chroniques.be\/wp-content\/uploads\/2019\/03\/manara1.jpg?fit=768%2C959\" alt=\"\" class=\"wp-image-3356\" srcset=\"https:\/\/i0.wp.com\/bd-chroniques.be\/wp-content\/uploads\/2019\/03\/manara1.jpg?w=6783&amp;ssl=1 6783w, https:\/\/i0.wp.com\/bd-chroniques.be\/wp-content\/uploads\/2019\/03\/manara1.jpg?resize=240%2C300&amp;ssl=1 240w, https:\/\/i0.wp.com\/bd-chroniques.be\/wp-content\/uploads\/2019\/03\/manara1.jpg?resize=768%2C960&amp;ssl=1 768w, https:\/\/i0.wp.com\/bd-chroniques.be\/wp-content\/uploads\/2019\/03\/manara1.jpg?resize=820%2C1024&amp;ssl=1 820w, https:\/\/i0.wp.com\/bd-chroniques.be\/wp-content\/uploads\/2019\/03\/manara1.jpg?w=1536&amp;ssl=1 1536w, https:\/\/i0.wp.com\/bd-chroniques.be\/wp-content\/uploads\/2019\/03\/manara1.jpg?w=2304&amp;ssl=1 2304w\" sizes=\"auto, (max-width: 768px) 100vw, 768px\" \/><figcaption><br>Milo Manara \u00a9 Manara<br><\/figcaption><\/figure>\n\n\n\n<p>Et donc, cette exposition est totalement consacr\u00e9e aux originaux de cet album sanglant, tumultueux, rendant hommage, \u00e0 sa mani\u00e8re, aux grands peintres, tels Le Caravage, auquel d\u2019ailleurs Manara, plus tard, a \u00e9galement consacr\u00e9 deux albums\u2026  <\/p>\n\n\n\n<p>C\u2019est que Manara, sans aucun doute possible, poss\u00e8de une fameuse formation classique\u2026 Picturale, certes, mais culturelle, surtout. Et pouvoir admirer de tout pr\u00e8s son travail \u00e0 la fois de dessinateur et de coloriste, de peintre plut\u00f4t, c\u2019est un plaisir \u00e0 ne pas se refuser, croyez-moi ! <\/p>\n\n\n\n<div class=\"wp-block-image\"><figure class=\"aligncenter\"><img loading=\"lazy\" decoding=\"async\" width=\"6731\" height=\"8190\" src=\"https:\/\/i0.wp.com\/bd-chroniques.be\/wp-content\/uploads\/2019\/03\/manara2.jpg?fit=768%2C934\" alt=\"\" class=\"wp-image-3357\" srcset=\"https:\/\/i0.wp.com\/bd-chroniques.be\/wp-content\/uploads\/2019\/03\/manara2.jpg?w=6731&amp;ssl=1 6731w, https:\/\/i0.wp.com\/bd-chroniques.be\/wp-content\/uploads\/2019\/03\/manara2.jpg?resize=247%2C300&amp;ssl=1 247w, https:\/\/i0.wp.com\/bd-chroniques.be\/wp-content\/uploads\/2019\/03\/manara2.jpg?resize=768%2C934&amp;ssl=1 768w, https:\/\/i0.wp.com\/bd-chroniques.be\/wp-content\/uploads\/2019\/03\/manara2.jpg?resize=842%2C1024&amp;ssl=1 842w, https:\/\/i0.wp.com\/bd-chroniques.be\/wp-content\/uploads\/2019\/03\/manara2.jpg?w=1536&amp;ssl=1 1536w, https:\/\/i0.wp.com\/bd-chroniques.be\/wp-content\/uploads\/2019\/03\/manara2.jpg?w=2304&amp;ssl=1 2304w\" sizes=\"auto, (max-width: 768px) 100vw, 768px\" \/><figcaption><br>Milo Manara \u00a9 Manara<br><\/figcaption><\/figure><\/div>\n\n\n\n<p>De Milo Manara, on conna\u00eet, bien entendu, toute la puissance \u00e9rotique, tout le bonheur qu\u2019il a, depuis des ann\u00e9es, \u00e0 s\u2019aventurer, et \u00e0 nous aventurer \u00e0 sa suite, dans les m\u00e9andres presque r\u00e9volutionnaires de l\u2019\u00e9rotisme. Ce qu\u2019il aime, dans ses albums, c\u2019est la transgression\u2026 Celle des codes de la bande dessin\u00e9e, oui, mais aussi celle de la morale bien-pensante et du politiquement correct. Comme le disait Ferr\u00e9, \u00e0 peu de choses pr\u00e8s, \u00abl\u2019emmerdant dans la morale, c\u2019est que c\u2019est toujours la morale des autres\u00bb! Et chez Manara, la morale n\u2019est utile que pour \u00eatre sans cesse battue en br\u00e8che ! C\u2019est dire tout la plaisir qui fut le sien \u00e0 dessiner le sc\u00e9nario de Jodorowsky ! <\/p>\n\n\n\n<div class=\"wp-block-image\"><figure class=\"aligncenter\"><img loading=\"lazy\" decoding=\"async\" width=\"6783\" height=\"8408\" src=\"https:\/\/i1.wp.com\/bd-chroniques.be\/wp-content\/uploads\/2019\/03\/manara3.jpg?fit=768%2C952\" alt=\"\" class=\"wp-image-3359\" srcset=\"https:\/\/i0.wp.com\/bd-chroniques.be\/wp-content\/uploads\/2019\/03\/manara3.jpg?w=6783&amp;ssl=1 6783w, https:\/\/i0.wp.com\/bd-chroniques.be\/wp-content\/uploads\/2019\/03\/manara3.jpg?resize=242%2C300&amp;ssl=1 242w, https:\/\/i0.wp.com\/bd-chroniques.be\/wp-content\/uploads\/2019\/03\/manara3.jpg?resize=768%2C952&amp;ssl=1 768w, https:\/\/i0.wp.com\/bd-chroniques.be\/wp-content\/uploads\/2019\/03\/manara3.jpg?resize=826%2C1024&amp;ssl=1 826w, https:\/\/i0.wp.com\/bd-chroniques.be\/wp-content\/uploads\/2019\/03\/manara3.jpg?w=1536&amp;ssl=1 1536w, https:\/\/i0.wp.com\/bd-chroniques.be\/wp-content\/uploads\/2019\/03\/manara3.jpg?w=2304&amp;ssl=1 2304w\" sizes=\"auto, (max-width: 768px) 100vw, 768px\" \/><figcaption><br>Milo Manara \u00a9 Manara<\/figcaption><\/figure><\/div>\n\n\n\n<p>Quand on parle de Milo Manara, c\u2019est \u00e9videmment \u00e0 son \u0153uvre graphiquement \u00e9rotique, voire m\u00eame plus, que l\u2019on pense, \u00e0 tous ses albums destin\u00e9s, de mani\u00e8re \u00e9vidente, \u00e0 un public adulte.  <\/p>\n\n\n\n<p>Mais l\u2019\u00e9rotisme, voire la pornographie, ne sont jamais totalement gratuits chez lui. Ces r\u00e9alit\u00e9s profond\u00e9ment ancr\u00e9es \u00e0 l\u2019\u00e2me humaine s\u2019acceptant charnelle, il en fait des axes narratifs essentiels, des perspectives qui d\u00e9passent toujours le premier regard.  <\/p>\n\n\n\n<p>Le regard\u2026 <\/p>\n\n\n\n<p>C\u2019est l\u00e0 une des constantes de son \u0153uvre, s\u2019approcher du plus pr\u00e8s des regards de ses personnages, et r\u00e9ussir \u00e0 y inscrire, par la couleur et par le trait, des \u00e9motions fr\u00e9missantes\u2026  <\/p>\n\n\n\n<div class=\"wp-block-image\"><figure class=\"aligncenter\"><img loading=\"lazy\" decoding=\"async\" width=\"6821\" height=\"8459\" src=\"https:\/\/i2.wp.com\/bd-chroniques.be\/wp-content\/uploads\/2019\/03\/manara4.jpg?fit=768%2C952\" alt=\"\" class=\"wp-image-3361\" srcset=\"https:\/\/i0.wp.com\/bd-chroniques.be\/wp-content\/uploads\/2019\/03\/manara4.jpg?w=6821&amp;ssl=1 6821w, https:\/\/i0.wp.com\/bd-chroniques.be\/wp-content\/uploads\/2019\/03\/manara4.jpg?resize=242%2C300&amp;ssl=1 242w, https:\/\/i0.wp.com\/bd-chroniques.be\/wp-content\/uploads\/2019\/03\/manara4.jpg?resize=768%2C952&amp;ssl=1 768w, https:\/\/i0.wp.com\/bd-chroniques.be\/wp-content\/uploads\/2019\/03\/manara4.jpg?resize=826%2C1024&amp;ssl=1 826w, https:\/\/i0.wp.com\/bd-chroniques.be\/wp-content\/uploads\/2019\/03\/manara4.jpg?w=1536&amp;ssl=1 1536w, https:\/\/i0.wp.com\/bd-chroniques.be\/wp-content\/uploads\/2019\/03\/manara4.jpg?w=2304&amp;ssl=1 2304w\" sizes=\"auto, (max-width: 768px) 100vw, 768px\" \/><figcaption><br>Milo Manara \u00a9 Manara<\/figcaption><\/figure><\/div>\n\n\n\n<p>Mais il n\u2019y a pas, chez Milo Manara, que cette fa\u00e7on qu\u2019il a de magnifier la beaut\u00e9, jusque dans la fange, en nous montrant des personnages, anti-h\u00e9ros d\u2019abord et avant tout, aux traits purs, m\u00eame dans l\u2019horreur ou dans la jouissance\u2026  <\/p>\n\n\n\n<p>Il y a aussi chez lui un vrai souci du d\u00e9cor\u2026 C\u2019est vrai qu\u2019il y a quelques ann\u00e9es, il avait r\u00e9duit ces d\u00e9cors \u00e0 de simples jeux pratiquement photographiques, sans grand int\u00e9r\u00eat, il faut bien l\u2019avouer ! Mais cette parenth\u00e8se dans son \u0153uvre est oubli\u00e9e, fort heureusement, et il a trouv\u00e9, avec les Borgia, avec Le Caravage ensuite, un bonheur total \u00e0 dessiner les environnements de ses personnages. Et dans cette exposition, on ne peut qu\u2019\u00eatre admiratifs, justement, devant son approche \u00e0 la fois de la nature et de l\u2019architecture urbaine, \u00e0 la fois des grands espaces et des int\u00e9rieurs intimes propres \u00e0 toutes les turpitudes\u2026  <\/p>\n\n\n\n<figure class=\"wp-block-image\"><img loading=\"lazy\" decoding=\"async\" width=\"6760\" height=\"8453\" src=\"https:\/\/i0.wp.com\/bd-chroniques.be\/wp-content\/uploads\/2019\/03\/manara5.jpg?fit=768%2C960\" alt=\"\" class=\"wp-image-3362\" srcset=\"https:\/\/i0.wp.com\/bd-chroniques.be\/wp-content\/uploads\/2019\/03\/manara5.jpg?w=6760&amp;ssl=1 6760w, https:\/\/i0.wp.com\/bd-chroniques.be\/wp-content\/uploads\/2019\/03\/manara5.jpg?resize=240%2C300&amp;ssl=1 240w, https:\/\/i0.wp.com\/bd-chroniques.be\/wp-content\/uploads\/2019\/03\/manara5.jpg?resize=768%2C960&amp;ssl=1 768w, https:\/\/i0.wp.com\/bd-chroniques.be\/wp-content\/uploads\/2019\/03\/manara5.jpg?resize=819%2C1024&amp;ssl=1 819w, https:\/\/i0.wp.com\/bd-chroniques.be\/wp-content\/uploads\/2019\/03\/manara5.jpg?w=1536&amp;ssl=1 1536w, https:\/\/i0.wp.com\/bd-chroniques.be\/wp-content\/uploads\/2019\/03\/manara5.jpg?w=2304&amp;ssl=1 2304w\" sizes=\"auto, (max-width: 768px) 100vw, 768px\" \/><figcaption><br>Milo Manara \u00a9 Manara<\/figcaption><\/figure>\n\n\n\n<figure class=\"wp-block-audio\"><audio controls src=\"http:\/\/bd-chroniques.be\/wp-content\/uploads\/2019\/03\/manara-d\u00e9cors.mp3\"><\/audio><figcaption>Milo Manara: Les d\u00e9cors<\/figcaption><\/figure>\n\n\n\n<p>Apr\u00e8s sa r\u00e9trospective \u00e0 Angoul\u00e8me, Milo Manara accroche quelques-unes de ses planches originales dans une galerie bruxelloise.  <\/p>\n\n\n\n<p>Des \u0153uvres graphiques qui vous envo\u00fbteront\u2026 Des \u0153uvres torrides, des \u0153uvres dans lesquelles la beaut\u00e9, l\u2019\u00e9rotisme, l\u2019inacceptable et l\u2019Histoire se m\u00ealent intimement. <\/p>\n\n\n\n<p>Une exposition \u00e0  voir, \u00e0 savourer\u2026  <\/p>\n\n\n\n<p><strong>Jacques Schra\u00fbwen <\/strong><\/p>\n\n\n\n<p><strong>Tout Est Vanit\u00e9 \u2013 une exposition consacr\u00e9e \u00e0 Milo Manara, \u00e0 la Galerie Champaka, rue Ernest Allard \u00e0 1000Bruxelles. Jusqu\u2019au 20 avril 2019! <\/strong><\/p>\n\n\n\n<div class=\"wp-block-image\"><figure class=\"aligncenter\"><img loading=\"lazy\" decoding=\"async\" width=\"6770\" height=\"8292\" src=\"https:\/\/i0.wp.com\/bd-chroniques.be\/wp-content\/uploads\/2019\/03\/manara6.jpg?fit=768%2C941\" alt=\"\" class=\"wp-image-3360\" srcset=\"https:\/\/i0.wp.com\/bd-chroniques.be\/wp-content\/uploads\/2019\/03\/manara6.jpg?w=6770&amp;ssl=1 6770w, https:\/\/i0.wp.com\/bd-chroniques.be\/wp-content\/uploads\/2019\/03\/manara6.jpg?resize=245%2C300&amp;ssl=1 245w, https:\/\/i0.wp.com\/bd-chroniques.be\/wp-content\/uploads\/2019\/03\/manara6.jpg?resize=768%2C941&amp;ssl=1 768w, https:\/\/i0.wp.com\/bd-chroniques.be\/wp-content\/uploads\/2019\/03\/manara6.jpg?resize=836%2C1024&amp;ssl=1 836w, https:\/\/i0.wp.com\/bd-chroniques.be\/wp-content\/uploads\/2019\/03\/manara6.jpg?w=1536&amp;ssl=1 1536w, https:\/\/i0.wp.com\/bd-chroniques.be\/wp-content\/uploads\/2019\/03\/manara6.jpg?w=2304&amp;ssl=1 2304w\" sizes=\"auto, (max-width: 768px) 100vw, 768px\" \/><figcaption><br>Milo Manara \u00a9 Manara<\/figcaption><\/figure><\/div>\n\n\n\n<p style=\"text-align:center\"><a href=\"http:\/\/www.galeriechampaka.com\/\">http:\/\/www.galeriechampaka.com\/<\/a><\/p>\n","protected":false},"excerpt":{"rendered":"<p>Ce sont des planches originales, adultes et superbes, aux couleurs directes lumineuses, qui s\u2019exposent aux cimaises de la galerie Champaka\u2026 De quoi red\u00e9couvrir une bd sombre et puissante, et le travail d\u2019un artiste incontestable du neuvi\u00e8me art ! \u00ab Tout est vanit\u00e9 \u00bb\u2026 Ce titre, emprunt\u00e9 \u00e0 une maxime \u00e0 la connotation religieuse incontestable, est [&hellip;]<\/p>\n","protected":false},"author":1,"featured_media":3358,"comment_status":"open","ping_status":"open","sticky":false,"template":"","format":"standard","meta":{"jetpack_post_was_ever_published":false,"_jetpack_newsletter_access":"","_jetpack_dont_email_post_to_subs":false,"_jetpack_newsletter_tier_id":0,"_jetpack_memberships_contains_paywalled_content":false,"_jetpack_memberships_contains_paid_content":false,"footnotes":"","jetpack_publicize_message":"","jetpack_publicize_feature_enabled":true,"jetpack_social_post_already_shared":true,"jetpack_social_options":{"image_generator_settings":{"template":"highway","default_image_id":0,"font":"","enabled":false},"version":2}},"categories":[37],"tags":[],"class_list":["post-3354","post","type-post","status-publish","format-standard","has-post-thumbnail","hentry","category-evenements"],"jetpack_publicize_connections":[],"jetpack_featured_media_url":"https:\/\/i0.wp.com\/bd-chroniques.be\/wp-content\/uploads\/2019\/03\/manara0bis.jpg?fit=650%2C874&ssl=1","jetpack_shortlink":"https:\/\/wp.me\/p8dqsu-S6","jetpack_likes_enabled":true,"jetpack_sharing_enabled":true,"_links":{"self":[{"href":"https:\/\/bd-chroniques.be\/index.php\/wp-json\/wp\/v2\/posts\/3354","targetHints":{"allow":["GET"]}}],"collection":[{"href":"https:\/\/bd-chroniques.be\/index.php\/wp-json\/wp\/v2\/posts"}],"about":[{"href":"https:\/\/bd-chroniques.be\/index.php\/wp-json\/wp\/v2\/types\/post"}],"author":[{"embeddable":true,"href":"https:\/\/bd-chroniques.be\/index.php\/wp-json\/wp\/v2\/users\/1"}],"replies":[{"embeddable":true,"href":"https:\/\/bd-chroniques.be\/index.php\/wp-json\/wp\/v2\/comments?post=3354"}],"version-history":[{"count":1,"href":"https:\/\/bd-chroniques.be\/index.php\/wp-json\/wp\/v2\/posts\/3354\/revisions"}],"predecessor-version":[{"id":3364,"href":"https:\/\/bd-chroniques.be\/index.php\/wp-json\/wp\/v2\/posts\/3354\/revisions\/3364"}],"wp:featuredmedia":[{"embeddable":true,"href":"https:\/\/bd-chroniques.be\/index.php\/wp-json\/wp\/v2\/media\/3358"}],"wp:attachment":[{"href":"https:\/\/bd-chroniques.be\/index.php\/wp-json\/wp\/v2\/media?parent=3354"}],"wp:term":[{"taxonomy":"category","embeddable":true,"href":"https:\/\/bd-chroniques.be\/index.php\/wp-json\/wp\/v2\/categories?post=3354"},{"taxonomy":"post_tag","embeddable":true,"href":"https:\/\/bd-chroniques.be\/index.php\/wp-json\/wp\/v2\/tags?post=3354"}],"curies":[{"name":"wp","href":"https:\/\/api.w.org\/{rel}","templated":true}]}}