{"id":344,"date":"2017-01-26T14:04:29","date_gmt":"2017-01-26T13:04:29","guid":{"rendered":"http:\/\/bd-chroniques.be\/?p=344"},"modified":"2017-01-26T14:04:29","modified_gmt":"2017-01-26T13:04:29","slug":"groenland-vertigo","status":"publish","type":"post","link":"https:\/\/bd-chroniques.be\/index.php\/2017\/01\/26\/groenland-vertigo\/","title":{"rendered":"Groenland Vertigo"},"content":{"rendered":"<div class=\"rtbf-paragraph\">\n<p>Une aventure \u00e0 la \u00a0\u00bb Herg\u00e9 \u00ab\u00a0, des personnages hauts en couleur, un album attachant !&#8230;<\/p>\n<\/div>\n<div class=\"rtbf-paragraph  clearfix\">\n<figure class=\"www-media custom_large www-media--last js-gallery-figure\"><a id=\"image-9007625\" class=\"www-media-fullscreen js-gallery-image\" href=\"https:\/\/i0.wp.com\/ds1.static.rtbf.be\/article\/image\/1240x800\/a\/1\/3\/97fc7cea3a18044ba959481d0134791a-1485336610.jpg\" target=\"_blank\" data-id=\"9007625\"> <img data-recalc-dims=\"1\" decoding=\"async\" class=\"img-responsive www-img-full   lazyloaded\" title=\"Groenland vertigo\" src=\"https:\/\/i0.wp.com\/ds1.static.rtbf.be\/article\/image\/370xAuto\/a\/1\/3\/97fc7cea3a18044ba959481d0134791a-1485336610.jpg?w=768\" sizes=\"(min-width: 1200px) calc(992px*0.66), (min-width: 992px) 66vw, 100vw\" srcset=\"http:\/\/ds1.static.rtbf.be\/article\/image\/370xAuto\/a\/1\/3\/97fc7cea3a18044ba959481d0134791a-1485336610.jpg 370w,http:\/\/ds1.static.rtbf.be\/article\/image\/770xAuto\/a\/1\/3\/97fc7cea3a18044ba959481d0134791a-1485336610.jpg 770w,http:\/\/ds1.static.rtbf.be\/article\/image\/1248xAuto\/a\/1\/3\/97fc7cea3a18044ba959481d0134791a-1485336610.jpg 1248w\" alt=\"Groenland vertigo\" data-sizes=\"(min-width: 1200px) calc(992px*0.66), (min-width: 992px) 66vw, 100vw\" data-srcset=\"http:\/\/ds1.static.rtbf.be\/article\/image\/370xAuto\/a\/1\/3\/97fc7cea3a18044ba959481d0134791a-1485336610.jpg 370w,http:\/\/ds1.static.rtbf.be\/article\/image\/770xAuto\/a\/1\/3\/97fc7cea3a18044ba959481d0134791a-1485336610.jpg 770w,http:\/\/ds1.static.rtbf.be\/article\/image\/1248xAuto\/a\/1\/3\/97fc7cea3a18044ba959481d0134791a-1485336610.jpg 1248w\" \/> <\/a><figcaption class=\"www-media-caption\"><em><span class=\"www-media-caption__text\">Groenland vertigo &#8211; \u00a9 Casterman<\/span><\/em><\/figcaption><\/figure>\n<p>Un jeune dessinateur de bande dessin\u00e9e a la chance de pouvoir participer \u00e0 une exp\u00e9dition au Groenland, en compagnie de scientifiques et d\u2019artistes. Malgr\u00e9 ses angoisses et son c\u00f4t\u00e9 timor\u00e9 (\u00e0 l\u2019oppos\u00e9 du mod\u00e8le graphique dont il s\u2019inspire, \u00e0 savoir Tintin\u2026), il accepte le d\u00e9fi. Commence alors pour lui une aventure faite, certes, de p\u00e9rip\u00e9ties de toutes sortes, mais aussi de r\u00e9alit\u00e9s simplement quotidiennes.<\/p>\n<p>Cet album est multiple, \u00e0 sa mani\u00e8re. Bien entendu, il y a un hommage appuy\u00e9 \u00e0 la Ligne Claire d\u2019Herg\u00e9, tant dans le sc\u00e9nario que dans le texte et, surtout, dans la fa\u00e7on d\u2019user de regards et des expressions des diff\u00e9rents personnages. C\u2019est aussi une esp\u00e8ce de journal intime qui d\u00e9crit un lieu de froid et de beaut\u00e9, aux confins du monde, une sorte de r\u00e9cit de voyage. Et puis, c\u2019est un livre d\u2019humour et d\u2019aventure, au sens large du terme, avec des codes qui, comme des clins d\u2019\u0153il, d\u00e9passent le simple r\u00e9cit pour lorgner avec une insistance amus\u00e9e et amusante vers diff\u00e9rents albums de Tintin.<\/p>\n<p>Et, comme chez Herg\u00e9, ce sont, finalement, les personnages, dans leurs diff\u00e9rence et leur multiplicit\u00e9, qui sont importants, m\u00eame si, pour la plupart d\u2019entre eux, on les d\u00e9couvre \u00e0 un moment pr\u00e9cis de leur histoire personnelle, et qu\u2019on ne sait, lecteurs, rien de leur pass\u00e9 ou de leurs attentes. L\u00e0 aussi, dans cette mani\u00e8re d\u2019approcher la v\u00e9rit\u00e9 humaine des protagonistes de son livre, Tanquerelle agit comme membre d\u2019une exp\u00e9dition dont il ne conna\u00eet pas les autres membres, et c\u2019est donc \u00e0 travers son regard que tous les personnages prennent vie.<\/p>\n<h4 class=\"audio-player__title\">Tanquerelle: trois livres en un&#8230;<\/h4>\n<\/div>\n<audio class=\"wp-audio-shortcode\" id=\"audio-344-1\" preload=\"none\" style=\"width: 100%;\" controls=\"controls\"><source type=\"audio\/mpeg\" src=\"http:\/\/bd-chroniques.be\/wp-content\/uploads\/2017\/01\/groenlands_3livres_1485336310.mp3?_=1\" \/><a href=\"http:\/\/bd-chroniques.be\/wp-content\/uploads\/2017\/01\/groenlands_3livres_1485336310.mp3\">http:\/\/bd-chroniques.be\/wp-content\/uploads\/2017\/01\/groenlands_3livres_1485336310.mp3<\/a><\/audio>\n<h4 class=\"audio-player__title\">Tanquerelle: les personnages<\/h4>\n<audio class=\"wp-audio-shortcode\" id=\"audio-344-2\" preload=\"none\" style=\"width: 100%;\" controls=\"controls\"><source type=\"audio\/mpeg\" src=\"http:\/\/bd-chroniques.be\/wp-content\/uploads\/2017\/01\/groenland_personnages_1485336222.mp3?_=2\" \/><a href=\"http:\/\/bd-chroniques.be\/wp-content\/uploads\/2017\/01\/groenland_personnages_1485336222.mp3\">http:\/\/bd-chroniques.be\/wp-content\/uploads\/2017\/01\/groenland_personnages_1485336222.mp3<\/a><\/audio>\n<figure class=\"www-media custom_large www-media--last js-gallery-figure\"><a id=\"image-9007626\" class=\"www-media-fullscreen js-gallery-image\" href=\"https:\/\/i0.wp.com\/ds1.static.rtbf.be\/article\/image\/1240x800\/3\/1\/8\/5ccdf3685368aca0659e7972606de2aa-1485336719.jpg\" target=\"_blank\" data-id=\"9007626\"> <img data-recalc-dims=\"1\" decoding=\"async\" class=\"img-responsive www-img-full   lazyloaded\" title=\"Groenland vertigo\" src=\"https:\/\/i0.wp.com\/ds1.static.rtbf.be\/article\/image\/370xAuto\/3\/1\/8\/5ccdf3685368aca0659e7972606de2aa-1485336719.jpg?w=768\" sizes=\"(min-width: 1200px) calc(992px*0.66), (min-width: 992px) 66vw, 100vw\" srcset=\"http:\/\/ds1.static.rtbf.be\/article\/image\/370xAuto\/3\/1\/8\/5ccdf3685368aca0659e7972606de2aa-1485336719.jpg 370w,http:\/\/ds1.static.rtbf.be\/article\/image\/770xAuto\/3\/1\/8\/5ccdf3685368aca0659e7972606de2aa-1485336719.jpg 770w,http:\/\/ds1.static.rtbf.be\/article\/image\/1248xAuto\/3\/1\/8\/5ccdf3685368aca0659e7972606de2aa-1485336719.jpg 1248w\" alt=\"Groenland vertigo\" data-sizes=\"(min-width: 1200px) calc(992px*0.66), (min-width: 992px) 66vw, 100vw\" data-srcset=\"http:\/\/ds1.static.rtbf.be\/article\/image\/370xAuto\/3\/1\/8\/5ccdf3685368aca0659e7972606de2aa-1485336719.jpg 370w,http:\/\/ds1.static.rtbf.be\/article\/image\/770xAuto\/3\/1\/8\/5ccdf3685368aca0659e7972606de2aa-1485336719.jpg 770w,http:\/\/ds1.static.rtbf.be\/article\/image\/1248xAuto\/3\/1\/8\/5ccdf3685368aca0659e7972606de2aa-1485336719.jpg 1248w\" \/> <i class=\"ico ico-circle ico-stack-2x www-media-enlarge__bg\"><\/i> <i class=\"ico ico-expand ico-stack-1x ico-inverse www-media-enlarge__icon\"><\/i> <\/a><figcaption class=\"www-media-caption\"><em><span class=\"www-media-caption__text\">Groenland vertigo &#8211; \u00a9 Casterman<\/span><\/em><\/figcaption><\/figure>\n<p>En une \u00e9poque o\u00f9 le r\u00e9chauffement climatique occupe les unes de tous les journaux, on aurait pu penser que le th\u00e8me premier de cet album, un voyage scientifique et artistique au Groenland o\u00f9 fondent les glaces, aurait\u00a0 provoqu\u00e9 un livre fait de r\u00e9flexions profondes et \u00e9cologiques. Ces r\u00e9flexions existent, \u00e9videmment, mais en arri\u00e8re-plan essentiellement. En trame narrative, aussi, puisque cette exp\u00e9dition doit permettre \u00e0 un artiste universellement connu de faire une \u00a0\u00bb installation \u00a0\u00bb sur un iceberg, un \u0153uvre qui devrait faire r\u00e9fl\u00e9chir l\u2019humain sur sa responsabilit\u00e9 \u00e0 l\u2019\u00e9gard d\u2019une plan\u00e8te qui semble de plus en plus le refuser !<\/p>\n<p>Mais l\u2019important r\u00e9side ailleurs, avec Tanquerelle, dans le plaisir qu\u2019il a \u00e0 construire une histoire qui, sans se prendre au s\u00e9rieux, am\u00e8ne quand m\u00eame quelques r\u00e9flexions. Celle de la place de l\u2019art, par exemple, dans le monde qui est le n\u00f4tre, celle d\u2019une certaine forme d\u2019art qui s\u2019est coup\u00e9e, par intellectualisme, de l\u2019homme, qui se devrait pourtant d\u2019\u00eatre son spectateur, celle de l\u2019ego d\u00e9mesur\u00e9 de ceux qui se croient investis d\u2019une mission !<\/p>\n<h4 class=\"audio-player__title\">Tanquerelle: l&rsquo;\u00e9cologie<\/h4>\n<audio class=\"wp-audio-shortcode\" id=\"audio-344-3\" preload=\"none\" style=\"width: 100%;\" controls=\"controls\"><source type=\"audio\/mpeg\" src=\"http:\/\/bd-chroniques.be\/wp-content\/uploads\/2017\/01\/groenland_ecologie_1485336119.mp3?_=3\" \/><a href=\"http:\/\/bd-chroniques.be\/wp-content\/uploads\/2017\/01\/groenland_ecologie_1485336119.mp3\">http:\/\/bd-chroniques.be\/wp-content\/uploads\/2017\/01\/groenland_ecologie_1485336119.mp3<\/a><\/audio>\n<h4 class=\"audio-player__title\">Tanquerelle: l&rsquo;art&#8230;<\/h4>\n<audio class=\"wp-audio-shortcode\" id=\"audio-344-4\" preload=\"none\" style=\"width: 100%;\" controls=\"controls\"><source type=\"audio\/mpeg\" src=\"http:\/\/bd-chroniques.be\/wp-content\/uploads\/2017\/01\/groenland_art_1485335764.mp3?_=4\" \/><a href=\"http:\/\/bd-chroniques.be\/wp-content\/uploads\/2017\/01\/groenland_art_1485335764.mp3\">http:\/\/bd-chroniques.be\/wp-content\/uploads\/2017\/01\/groenland_art_1485335764.mp3<\/a><\/audio>\n<div class=\"rtbf-paragraph  clearfix\">\n<p>\u00a0\u00bb Groenland Vertigo \u00ab\u00a0, c\u2019est un livre l\u00e9ger qui lorgne du c\u00f4t\u00e9 de la ligne claire sans vraiment en appliquer les r\u00e8gles, et j\u2019en veux pour preuve l\u2019excellent travail de colorisation d\u2019Isabelle Merlet. C\u2019est un livre sympa, \u00e0 tous les niveaux, qui ne manque ni de rythme ni de gags qui cr\u00e9ent des ambiances l\u00e9g\u00e8res et souriantes.<\/p>\n<p>Les clins d\u2019\u0153il et les r\u00e9f\u00e9rences y sont nombreux, certes, mais totalement assum\u00e9s par Tanquerelle, un auteur qui revendique, une lueur dans le regard, sa filiation avec les anciens de la bande dessin\u00e9e et leur capacit\u00e9 \u00e0 inventer et \u00e0 \u00e9tonner !&#8230;<\/p>\n<p>&nbsp;<\/p>\n<p><strong>Jacques Schra\u00fbwen<\/strong><\/p>\n<p><strong>Groenland Vertigo (auteur : Herv\u00e9 Tanquerelle \u2013 couleurs : Isabelle Merlet \u2013 \u00e9diteur : Casterman)<\/strong><\/p>\n<\/div>\n","protected":false},"excerpt":{"rendered":"<p>Une aventure \u00e0 la \u00a0\u00bb Herg\u00e9 \u00ab\u00a0, des personnages hauts en couleur, un album attachant !&#8230; Groenland vertigo &#8211; \u00a9 Casterman Un jeune dessinateur de bande dessin\u00e9e a la chance de pouvoir participer \u00e0 une exp\u00e9dition au Groenland, en compagnie de scientifiques et d\u2019artistes. Malgr\u00e9 ses angoisses et son c\u00f4t\u00e9 timor\u00e9 (\u00e0 l\u2019oppos\u00e9 du mod\u00e8le [&hellip;]<\/p>\n","protected":false},"author":1,"featured_media":345,"comment_status":"open","ping_status":"open","sticky":false,"template":"","format":"standard","meta":{"jetpack_post_was_ever_published":false,"_jetpack_newsletter_access":"","_jetpack_dont_email_post_to_subs":false,"_jetpack_newsletter_tier_id":0,"_jetpack_memberships_contains_paywalled_content":false,"_jetpack_memberships_contains_paid_content":false,"footnotes":"","jetpack_publicize_message":"","jetpack_publicize_feature_enabled":true,"jetpack_social_post_already_shared":true,"jetpack_social_options":{"image_generator_settings":{"template":"highway","default_image_id":0,"font":"","enabled":false},"version":2}},"categories":[22,30],"tags":[],"class_list":["post-344","post","type-post","status-publish","format-standard","has-post-thumbnail","hentry","category-bd-de-g-a-l","category-g"],"jetpack_publicize_connections":[],"jetpack_featured_media_url":"https:\/\/i0.wp.com\/bd-chroniques.be\/wp-content\/uploads\/2017\/01\/852c44ddce7e0c7e4c64d86147300831-1485336839.jpg?fit=1248%2C702&ssl=1","jetpack_shortlink":"https:\/\/wp.me\/p8dqsu-5y","jetpack_likes_enabled":true,"jetpack_sharing_enabled":true,"_links":{"self":[{"href":"https:\/\/bd-chroniques.be\/index.php\/wp-json\/wp\/v2\/posts\/344","targetHints":{"allow":["GET"]}}],"collection":[{"href":"https:\/\/bd-chroniques.be\/index.php\/wp-json\/wp\/v2\/posts"}],"about":[{"href":"https:\/\/bd-chroniques.be\/index.php\/wp-json\/wp\/v2\/types\/post"}],"author":[{"embeddable":true,"href":"https:\/\/bd-chroniques.be\/index.php\/wp-json\/wp\/v2\/users\/1"}],"replies":[{"embeddable":true,"href":"https:\/\/bd-chroniques.be\/index.php\/wp-json\/wp\/v2\/comments?post=344"}],"version-history":[{"count":1,"href":"https:\/\/bd-chroniques.be\/index.php\/wp-json\/wp\/v2\/posts\/344\/revisions"}],"predecessor-version":[{"id":350,"href":"https:\/\/bd-chroniques.be\/index.php\/wp-json\/wp\/v2\/posts\/344\/revisions\/350"}],"wp:featuredmedia":[{"embeddable":true,"href":"https:\/\/bd-chroniques.be\/index.php\/wp-json\/wp\/v2\/media\/345"}],"wp:attachment":[{"href":"https:\/\/bd-chroniques.be\/index.php\/wp-json\/wp\/v2\/media?parent=344"}],"wp:term":[{"taxonomy":"category","embeddable":true,"href":"https:\/\/bd-chroniques.be\/index.php\/wp-json\/wp\/v2\/categories?post=344"},{"taxonomy":"post_tag","embeddable":true,"href":"https:\/\/bd-chroniques.be\/index.php\/wp-json\/wp\/v2\/tags?post=344"}],"curies":[{"name":"wp","href":"https:\/\/api.w.org\/{rel}","templated":true}]}}