{"id":351,"date":"2017-01-28T12:25:08","date_gmt":"2017-01-28T11:25:08","guid":{"rendered":"http:\/\/bd-chroniques.be\/?p=351"},"modified":"2017-01-28T12:25:08","modified_gmt":"2017-01-28T11:25:08","slug":"le-regne-1-la-saison-des-demons","status":"publish","type":"post","link":"https:\/\/bd-chroniques.be\/index.php\/2017\/01\/28\/le-regne-1-la-saison-des-demons\/","title":{"rendered":"Le R\u00e8gne : 1. La Saison des D\u00e9mons"},"content":{"rendered":"<div class=\"rtbf-paragraph\">\n<p>Fable \u00e9cologique, s\u00e9rie d\u2019aventures fantastiques animali\u00e8res, ce R\u00e8gne s\u2019ouvre par un premier volume au rythme soutenu, aux personnages attachants.<\/p>\n<\/div>\n<div class=\"rtbf-paragraph  clearfix\">\n<figure class=\"www-media custom_large www-media--last js-gallery-figure\"><a id=\"image-9010493\" class=\"www-media-fullscreen js-gallery-image\" href=\"https:\/\/i0.wp.com\/ds1.static.rtbf.be\/article\/image\/1240x800\/3\/e\/8\/55c1e8648ff8d849441824cc6fc54227-1485594177.jpg\" target=\"_blank\" data-id=\"9010493\"><img data-recalc-dims=\"1\" decoding=\"async\" class=\"img-responsive www-img-full   lazyloaded\" title=\"Le R\u00e8gne\" src=\"https:\/\/i0.wp.com\/ds1.static.rtbf.be\/article\/image\/370xAuto\/3\/e\/8\/55c1e8648ff8d849441824cc6fc54227-1485594177.jpg?w=768\" sizes=\"(min-width: 1200px) calc(992px*0.66), (min-width: 992px) 66vw, 100vw\" srcset=\"http:\/\/ds1.static.rtbf.be\/article\/image\/370xAuto\/3\/e\/8\/55c1e8648ff8d849441824cc6fc54227-1485594177.jpg 370w,http:\/\/ds1.static.rtbf.be\/article\/image\/770xAuto\/3\/e\/8\/55c1e8648ff8d849441824cc6fc54227-1485594177.jpg 770w,http:\/\/ds1.static.rtbf.be\/article\/image\/1248xAuto\/3\/e\/8\/55c1e8648ff8d849441824cc6fc54227-1485594177.jpg 1248w\" alt=\"Le R\u00e8gne\" data-sizes=\"(min-width: 1200px) calc(992px*0.66), (min-width: 992px) 66vw, 100vw\" data-srcset=\"http:\/\/ds1.static.rtbf.be\/article\/image\/370xAuto\/3\/e\/8\/55c1e8648ff8d849441824cc6fc54227-1485594177.jpg 370w,http:\/\/ds1.static.rtbf.be\/article\/image\/770xAuto\/3\/e\/8\/55c1e8648ff8d849441824cc6fc54227-1485594177.jpg 770w,http:\/\/ds1.static.rtbf.be\/article\/image\/1248xAuto\/3\/e\/8\/55c1e8648ff8d849441824cc6fc54227-1485594177.jpg 1248w\" \/><\/a><figcaption class=\"www-media-caption\"><em><span class=\"www-media-caption__text\">Le R\u00e8gne &#8211; \u00a9 Le Lombard<\/span><\/em><\/figcaption><\/figure>\n<p>Cette bd post-apocalyptique nous emm\u00e8ne dans un monde \u2013le n\u00f4tre- o\u00f9 l\u2019homme semble avoir disparu. Le monde animal, par contre, s\u2019est humanis\u00e9, totalement : v\u00eatements, station debout, langage, cultures diff\u00e9rentes d\u2019un clan \u00e0 l\u2019autre, et, surtout, violences et luttes incessantes, \u00e0 l\u2019image des mod\u00e8les que, pourtant, tous refusent !<\/p>\n<p>C\u2019est que l\u2019homme, certes disparu, reste omnipr\u00e9sent dans ce monde o\u00f9 les auteurs nous emm\u00e8nent \u00e0 leur suite, un univers dans lequel se vit un grand exode.<\/p>\n<p>Parce que l\u2019h\u00e9ritage premier de l\u2019humain, c\u2019est un climat qui n\u2019est, \u00e0 certains moments de l\u2019ann\u00e9e, que folie meurtri\u00e8re. Et ce sont ces d\u00e9versements naturels de folie que chacun veut fuir, en se rendant dans un lieu, le Shrine, o\u00f9, sous la protection d\u2019une religion dont on ne sait rien sinon qu\u2019elle est servie par de redoutables moines guerriers, on peut \u00eatre \u00e0 l\u2019abri des fl\u00e9aux climatiques qui approchent, enflent, hurlent d\u00e9j\u00e0 le long des traces des fuyards.<\/p>\n<p>Le sc\u00e9nario de Sylvain Runberg cr\u00e9e un environnement qui est celui des ruines de notre civilisation. Et le dessin de Boiscommun r\u00e9ussit \u00e0 faire de ce d\u00e9cor un \u00e9l\u00e9ment moteur du r\u00e9cit, puisqu\u2019on y aper\u00e7oit, ici et l\u00e0, les vestiges de ce qui nous est connu, voitures d\u00e9soss\u00e9es, reliefs d\u2019habitats humains\u2026 Et la mani\u00e8re dont Olivier Boiscommun humanise les personnages nombreux de ce premier volume d\u2019une s\u00e9rie pleine de promesses, cette fa\u00e7on qu\u2019il a de construire une bande dessin\u00e9e animali\u00e8re est d\u2019une vraie et belle originalit\u00e9.<\/p>\n<h4 class=\"audio-player__title\">Sylvain Runberg: un sc\u00e9nario animalier<\/h4>\n<\/div>\n<audio class=\"wp-audio-shortcode\" id=\"audio-351-1\" preload=\"none\" style=\"width: 100%;\" controls=\"controls\"><source type=\"audio\/mpeg\" src=\"http:\/\/bd-chroniques.be\/wp-content\/uploads\/2017\/01\/regne_runberg_scenarioanimaux_1485593011.mp3?_=1\" \/><a href=\"http:\/\/bd-chroniques.be\/wp-content\/uploads\/2017\/01\/regne_runberg_scenarioanimaux_1485593011.mp3\">http:\/\/bd-chroniques.be\/wp-content\/uploads\/2017\/01\/regne_runberg_scenarioanimaux_1485593011.mp3<\/a><\/audio>\n<h4 class=\"audio-player__title\">Olivier Boiscommun: dessiner les animaux&#8230;<\/h4>\n<audio class=\"wp-audio-shortcode\" id=\"audio-351-2\" preload=\"none\" style=\"width: 100%;\" controls=\"controls\"><source type=\"audio\/mpeg\" src=\"http:\/\/bd-chroniques.be\/wp-content\/uploads\/2017\/01\/regne_boiscommunanimaux_1485592822.mp3?_=2\" \/><a href=\"http:\/\/bd-chroniques.be\/wp-content\/uploads\/2017\/01\/regne_boiscommunanimaux_1485592822.mp3\">http:\/\/bd-chroniques.be\/wp-content\/uploads\/2017\/01\/regne_boiscommunanimaux_1485592822.mp3<\/a><\/audio>\n<p>&nbsp;<\/p>\n<figure class=\"www-media custom_large www-media--last js-gallery-figure\"><a id=\"image-9010494\" class=\"www-media-fullscreen js-gallery-image\" href=\"https:\/\/i0.wp.com\/ds1.static.rtbf.be\/article\/image\/1240x800\/d\/d\/1\/799125968f8408ed43395750bd910225-1485594327.jpg\" target=\"_blank\" data-id=\"9010494\"><img data-recalc-dims=\"1\" decoding=\"async\" class=\"img-responsive www-img-full   lazyloaded\" title=\"Le R\u00e8gne\" src=\"https:\/\/i0.wp.com\/ds1.static.rtbf.be\/article\/image\/370xAuto\/d\/d\/1\/799125968f8408ed43395750bd910225-1485594327.jpg?w=768\" sizes=\"(min-width: 1200px) calc(992px*0.66), (min-width: 992px) 66vw, 100vw\" srcset=\"http:\/\/ds1.static.rtbf.be\/article\/image\/370xAuto\/d\/d\/1\/799125968f8408ed43395750bd910225-1485594327.jpg 370w,http:\/\/ds1.static.rtbf.be\/article\/image\/770xAuto\/d\/d\/1\/799125968f8408ed43395750bd910225-1485594327.jpg 770w,http:\/\/ds1.static.rtbf.be\/article\/image\/1248xAuto\/d\/d\/1\/799125968f8408ed43395750bd910225-1485594327.jpg 1248w\" alt=\"Le R\u00e8gne\" data-sizes=\"(min-width: 1200px) calc(992px*0.66), (min-width: 992px) 66vw, 100vw\" data-srcset=\"http:\/\/ds1.static.rtbf.be\/article\/image\/370xAuto\/d\/d\/1\/799125968f8408ed43395750bd910225-1485594327.jpg 370w,http:\/\/ds1.static.rtbf.be\/article\/image\/770xAuto\/d\/d\/1\/799125968f8408ed43395750bd910225-1485594327.jpg 770w,http:\/\/ds1.static.rtbf.be\/article\/image\/1248xAuto\/d\/d\/1\/799125968f8408ed43395750bd910225-1485594327.jpg 1248w\" \/><i class=\"ico ico-circle ico-stack-2x www-media-enlarge__bg\"><\/i><i class=\"ico ico-expand ico-stack-1x ico-inverse www-media-enlarge__icon\"><\/i><\/a><figcaption class=\"www-media-caption\"><em><span class=\"www-media-caption__text\">Le R\u00e8gne &#8211; \u00a9 Le Lombard<\/span><\/em><\/figcaption><\/figure>\n<p>Le R\u00e8gne, c\u2019est celui de ce dieu vers lequel se dirigent tous les personnages de ce livre. Des personnages parmi lesquels se trouvent ceux dont on devine qu\u2019ils vont \u00eatre le pivot des albums \u00e0 venir, trois mercenaires\u2026 Trois \u00eatres qui ont gard\u00e9 de l\u2019ancienne humanit\u00e9 des valeurs de courage, de fid\u00e9lit\u00e9, d\u2019honneur, ce qui fait d\u2019eux de redoutables guerriers.<\/p>\n<p>Le r\u00e8gne, c\u2019est aussi celui d\u2019une nature qui continue \u00e0 se venger de toute vie qui le perturbe, un peu comme si la plan\u00e8te Terre s\u2019\u00e9tait r\u00e9v\u00e9l\u00e9e \u00eatre une entit\u00e9 vivante, elle aussi.<\/p>\n<p>Le r\u00e8gne, c\u2019est la n\u00e9cessit\u00e9 qu\u2019ont ces non-hommes de cultiver des lois et des r\u00e8gles qui ne peuvent que les contraindre \u00e0 de nouveaux esclavages.<\/p>\n<p>Le r\u00e8gne, c\u2019est un sc\u00e9nario qui, d\u2019\u00e9vidence, est une fable, une fable peine d\u2019aventure, une fable dont la morale est simple : que faisons-nous, aujourd\u2019hui, toutes et tous, pour \u00e9viter le total chaos \u00e0 venir ? Une fable, oui, mais qui laisse la place, essentiellement, \u00e0 l\u2019action, puisque ce n\u2019est que d\u2019elle, finalement, que peut venir la r\u00e9flexion.<\/p>\n<p>Le r\u00e8gne, c\u2019est aussi un dessin animalier particuli\u00e8rement r\u00e9ussi. Tant dans l\u2019expression des mille et un personnages que dans le travail du d\u00e9cor, tant dans le sens du mouvement que dans celui de la construction d\u2019une planche.<\/p>\n<p>L\u2019histoire qui nous est racont\u00e9e est sombre\u2026 Le dessin, par contre, a choisi de ne pas l\u2019\u00eatre, pratiquement \u00e0 aucun moment. La couleur est \u00a0\u00bb ronde \u00ab\u00a0, elle joue sur la profondeur et la transparence, elle est feutr\u00e9e, adoucissant en quelque sorte le poids des combats et des peurs, la pr\u00e9sence des larmes et l\u2019absence d\u2019humanisme.<\/p>\n<h4 class=\"audio-player__title\">Sylvain Runberg: une fable<\/h4>\n<audio class=\"wp-audio-shortcode\" id=\"audio-351-3\" preload=\"none\" style=\"width: 100%;\" controls=\"controls\"><source type=\"audio\/mpeg\" src=\"http:\/\/bd-chroniques.be\/wp-content\/uploads\/2017\/01\/regne_runbergfable_1485593170.mp3?_=3\" \/><a href=\"http:\/\/bd-chroniques.be\/wp-content\/uploads\/2017\/01\/regne_runbergfable_1485593170.mp3\">http:\/\/bd-chroniques.be\/wp-content\/uploads\/2017\/01\/regne_runbergfable_1485593170.mp3<\/a><\/audio>\n<h4 class=\"audio-player__title\">Olivier Boiscommun: le dessin et la couleur<\/h4>\n<audio class=\"wp-audio-shortcode\" id=\"audio-351-4\" preload=\"none\" style=\"width: 100%;\" controls=\"controls\"><source type=\"audio\/mpeg\" src=\"http:\/\/bd-chroniques.be\/wp-content\/uploads\/2017\/01\/regne_boiscommundessincouleur_1485592910.mp3?_=4\" \/><a href=\"http:\/\/bd-chroniques.be\/wp-content\/uploads\/2017\/01\/regne_boiscommundessincouleur_1485592910.mp3\">http:\/\/bd-chroniques.be\/wp-content\/uploads\/2017\/01\/regne_boiscommundessincouleur_1485592910.mp3<\/a><\/audio>\n<figure class=\"www-media custom_large www-media--last js-gallery-figure\"><a id=\"image-9010495\" class=\"www-media-fullscreen js-gallery-image\" href=\"https:\/\/i0.wp.com\/ds1.static.rtbf.be\/article\/image\/1240x800\/b\/7\/6\/420a89249679c2ecfbf45e3e8ebfbc4c-1485594415.jpg\" target=\"_blank\" data-id=\"9010495\"><img data-recalc-dims=\"1\" decoding=\"async\" class=\"img-responsive www-img-full   lazyloaded\" title=\"Le R\u00e8gne\" src=\"https:\/\/i0.wp.com\/ds1.static.rtbf.be\/article\/image\/370xAuto\/b\/7\/6\/420a89249679c2ecfbf45e3e8ebfbc4c-1485594415.jpg?w=768\" sizes=\"(min-width: 1200px) calc(992px*0.66), (min-width: 992px) 66vw, 100vw\" srcset=\"http:\/\/ds1.static.rtbf.be\/article\/image\/370xAuto\/b\/7\/6\/420a89249679c2ecfbf45e3e8ebfbc4c-1485594415.jpg 370w,http:\/\/ds1.static.rtbf.be\/article\/image\/770xAuto\/b\/7\/6\/420a89249679c2ecfbf45e3e8ebfbc4c-1485594415.jpg 770w,http:\/\/ds1.static.rtbf.be\/article\/image\/1248xAuto\/b\/7\/6\/420a89249679c2ecfbf45e3e8ebfbc4c-1485594415.jpg 1248w\" alt=\"Le R\u00e8gne\" data-sizes=\"(min-width: 1200px) calc(992px*0.66), (min-width: 992px) 66vw, 100vw\" data-srcset=\"http:\/\/ds1.static.rtbf.be\/article\/image\/370xAuto\/b\/7\/6\/420a89249679c2ecfbf45e3e8ebfbc4c-1485594415.jpg 370w,http:\/\/ds1.static.rtbf.be\/article\/image\/770xAuto\/b\/7\/6\/420a89249679c2ecfbf45e3e8ebfbc4c-1485594415.jpg 770w,http:\/\/ds1.static.rtbf.be\/article\/image\/1248xAuto\/b\/7\/6\/420a89249679c2ecfbf45e3e8ebfbc4c-1485594415.jpg 1248w\" \/><i class=\"ico ico-circle ico-stack-2x www-media-enlarge__bg\"><\/i><i class=\"ico ico-expand ico-stack-1x ico-inverse www-media-enlarge__icon\"><\/i><\/a><figcaption class=\"www-media-caption\"><em><span class=\"www-media-caption__text\">Le R\u00e8gne &#8211; \u00a9 Le Lombard<\/span><\/em><\/figcaption><\/figure>\n<p>Ce qui est \u00e9tonnant dans cet album, et ce qui en fait peut-\u00eatre une des qualit\u00e9s essentielles, c\u2019est que son sujet nous est proche. Et que le fait de nous montrer une plan\u00e8te de laquelle l\u2019homme semble avoir totalement disparu n\u2019emp\u00eache nullement sa pr\u00e9sence\u2026 Invisible, oui, mais pesante\u2026 Les temp\u00eates qui approchent, les \u00e9l\u00e9ments qui vont, on le sait, se d\u00e9cha\u00eener, tout cela, c\u2019est et cela reste l\u2019Homme, majuscule, profond\u00e9ment ha\u00ef\u2026<\/p>\n<p>Une autre pr\u00e9sence, continuelle, dans cet album, et qui le rend proche de tout un chacun, c\u2019est la mort\u2026 Elle rythme incessamment le r\u00e9cit qui nous est offert, elle frappe \u00e0 tort, \u00e0 travers, avec soin, avec brutalit\u00e9, avec horreur, avec n\u00e9cessit\u00e9. Elle est sans doute l\u2019h\u00e9ritage le plus \u00e9vident d\u2019une pseudo-humanit\u00e9 disparue !<\/p>\n<p><strong>Sylvain Runberg: l&rsquo;homme, la mort, l&rsquo;humanisme<\/strong><\/p>\n<audio class=\"wp-audio-shortcode\" id=\"audio-351-5\" preload=\"none\" style=\"width: 100%;\" controls=\"controls\"><source type=\"audio\/mpeg\" src=\"http:\/\/bd-chroniques.be\/wp-content\/uploads\/2017\/01\/regne_runberghommemorthumanisme_1485593239.mp3?_=5\" \/><a href=\"http:\/\/bd-chroniques.be\/wp-content\/uploads\/2017\/01\/regne_runberghommemorthumanisme_1485593239.mp3\">http:\/\/bd-chroniques.be\/wp-content\/uploads\/2017\/01\/regne_runberghommemorthumanisme_1485593239.mp3<\/a><\/audio>\n<p>&nbsp;<\/p>\n<p>Sylvain Runberg est un sc\u00e9nariste qui parvient \u00e0 aborder bien des th\u00e8mes diff\u00e9rents, avec une vraie propension \u00e0 user du fantastique. Il le fait \u00e0 merveille, soutenu par Olivier Boiscommun dont on oublie, ici, le r\u00e9alisme puissant du dessin qu\u2019il utilisait par exemple dans \u00a0\u00bb Meutes \u00a0\u00bb pour lui d\u00e9couvrir un graphisme tout en finesse qui, cependant, n\u2019estompe rien de l\u2019horreur qu\u2019il nous raconte !<\/p>\n<p>Un livre passionnant, dont on ne peut qu\u2019attendre, d\u2019ores et d\u00e9j\u00e0, la suite !&#8230;<\/p>\n<p>&nbsp;<\/p>\n<p><strong>Jacques Schra\u00fbwen<\/strong><\/p>\n<p><strong>Le R\u00e8gne : La Saisons des D\u00e9mons (dessin : Olivier Boiscommun \u2013 sc\u00e9nario : Sylvain Runberg \u2013 \u00e9diteur : Le Lombard)<\/strong><\/p>\n","protected":false},"excerpt":{"rendered":"<p>Fable \u00e9cologique, s\u00e9rie d\u2019aventures fantastiques animali\u00e8res, ce R\u00e8gne s\u2019ouvre par un premier volume au rythme soutenu, aux personnages attachants. Le R\u00e8gne &#8211; \u00a9 Le Lombard Cette bd post-apocalyptique nous emm\u00e8ne dans un monde \u2013le n\u00f4tre- o\u00f9 l\u2019homme semble avoir disparu. Le monde animal, par contre, s\u2019est humanis\u00e9, totalement : v\u00eatements, station debout, langage, cultures diff\u00e9rentes [&hellip;]<\/p>\n","protected":false},"author":1,"featured_media":352,"comment_status":"open","ping_status":"open","sticky":false,"template":"","format":"standard","meta":{"jetpack_post_was_ever_published":false,"_jetpack_newsletter_access":"","_jetpack_dont_email_post_to_subs":false,"_jetpack_newsletter_tier_id":0,"_jetpack_memberships_contains_paywalled_content":false,"_jetpack_memberships_contains_paid_content":false,"footnotes":"","jetpack_publicize_message":"","jetpack_publicize_feature_enabled":true,"jetpack_social_post_already_shared":true,"jetpack_social_options":{"image_generator_settings":{"template":"highway","default_image_id":0,"font":"","enabled":false},"version":2}},"categories":[23,29],"tags":[],"class_list":["post-351","post","type-post","status-publish","format-standard","has-post-thumbnail","hentry","category-bd-de-m-a-r","category-r"],"jetpack_publicize_connections":[],"jetpack_featured_media_url":"https:\/\/i0.wp.com\/bd-chroniques.be\/wp-content\/uploads\/2017\/01\/abd1d6837c66649c14f8aade5254069b-1485593961.jpg?fit=1248%2C701&ssl=1","jetpack_shortlink":"https:\/\/wp.me\/p8dqsu-5F","jetpack_likes_enabled":true,"jetpack_sharing_enabled":true,"_links":{"self":[{"href":"https:\/\/bd-chroniques.be\/index.php\/wp-json\/wp\/v2\/posts\/351","targetHints":{"allow":["GET"]}}],"collection":[{"href":"https:\/\/bd-chroniques.be\/index.php\/wp-json\/wp\/v2\/posts"}],"about":[{"href":"https:\/\/bd-chroniques.be\/index.php\/wp-json\/wp\/v2\/types\/post"}],"author":[{"embeddable":true,"href":"https:\/\/bd-chroniques.be\/index.php\/wp-json\/wp\/v2\/users\/1"}],"replies":[{"embeddable":true,"href":"https:\/\/bd-chroniques.be\/index.php\/wp-json\/wp\/v2\/comments?post=351"}],"version-history":[{"count":1,"href":"https:\/\/bd-chroniques.be\/index.php\/wp-json\/wp\/v2\/posts\/351\/revisions"}],"predecessor-version":[{"id":358,"href":"https:\/\/bd-chroniques.be\/index.php\/wp-json\/wp\/v2\/posts\/351\/revisions\/358"}],"wp:featuredmedia":[{"embeddable":true,"href":"https:\/\/bd-chroniques.be\/index.php\/wp-json\/wp\/v2\/media\/352"}],"wp:attachment":[{"href":"https:\/\/bd-chroniques.be\/index.php\/wp-json\/wp\/v2\/media?parent=351"}],"wp:term":[{"taxonomy":"category","embeddable":true,"href":"https:\/\/bd-chroniques.be\/index.php\/wp-json\/wp\/v2\/categories?post=351"},{"taxonomy":"post_tag","embeddable":true,"href":"https:\/\/bd-chroniques.be\/index.php\/wp-json\/wp\/v2\/tags?post=351"}],"curies":[{"name":"wp","href":"https:\/\/api.w.org\/{rel}","templated":true}]}}