{"id":3539,"date":"2019-04-23T16:53:19","date_gmt":"2019-04-23T14:53:19","guid":{"rendered":"http:\/\/bd-chroniques.be\/?p=3539"},"modified":"2019-04-23T16:53:20","modified_gmt":"2019-04-23T14:53:20","slug":"alix-origines-lenfance-dun-gaulois","status":"publish","type":"post","link":"https:\/\/bd-chroniques.be\/index.php\/2019\/04\/23\/alix-origines-lenfance-dun-gaulois\/","title":{"rendered":"Alix Origines \u2013 L\u2019enfance d\u2019un Gaulois"},"content":{"rendered":"\n<p>Revoici le h\u00e9ros mythique cr\u00e9\u00e9 par Jacques Martin\u2026 Mais il a dix ans\u2026 Et le dessin comme le sc\u00e9nario font de cette aventure \u00e9ditoriale une \u00e9tonnante et excellente \u00ab nouvelle \u00bb bande dessin\u00e9e ! <\/p>\n\n\n\n<div class=\"wp-block-image\"><figure class=\"aligncenter\"><img loading=\"lazy\" decoding=\"async\" width=\"2000\" height=\"1000\" src=\"https:\/\/i0.wp.com\/bd-chroniques.be\/wp-content\/uploads\/2019\/04\/alix0.jpg?fit=768%2C384\" alt=\"\" class=\"wp-image-3540\" srcset=\"https:\/\/i0.wp.com\/bd-chroniques.be\/wp-content\/uploads\/2019\/04\/alix0.jpg?w=2000&amp;ssl=1 2000w, https:\/\/i0.wp.com\/bd-chroniques.be\/wp-content\/uploads\/2019\/04\/alix0.jpg?resize=300%2C150&amp;ssl=1 300w, https:\/\/i0.wp.com\/bd-chroniques.be\/wp-content\/uploads\/2019\/04\/alix0.jpg?resize=768%2C384&amp;ssl=1 768w, https:\/\/i0.wp.com\/bd-chroniques.be\/wp-content\/uploads\/2019\/04\/alix0.jpg?resize=1024%2C512&amp;ssl=1 1024w, https:\/\/i0.wp.com\/bd-chroniques.be\/wp-content\/uploads\/2019\/04\/alix0.jpg?w=1536&amp;ssl=1 1536w\" sizes=\"auto, (max-width: 768px) 100vw, 768px\" \/><figcaption>Alix Origines \u00a9 Casterman<\/figcaption><\/figure><\/div>\n\n\n\n<p>C\u2019est en 1948 qu\u2019est n\u00e9, dans les pages du magazine Tintin, Alix le Gaulois, h\u00e9ros pur et dur imagin\u00e9 par Jacques Martin. Un h\u00e9ros qui, au fil des ans, va multiplier ses aventures, va \u00e9galement servir de support dans l\u2019enseignement, celui de l\u2019Histoire, mais celui du latin \u00e9galement, gr\u00e2ce \u00e0 une traduction faite dans les ann\u00e9es 80.  <\/p>\n\n\n\n<p>C\u2019est un h\u00e9ros qui, d\u2019ailleurs, continue toujours \u00e0 vivre des aventures mouvement\u00e9es sous la plume de plusieurs dessinateurs, \u00ab fid\u00e8les \u00bb au dessin originel. <\/p>\n\n\n\n<p>Mais ici, on se trouve dans une tout autre approche. On retrouve Alix \u00e0 l\u2019\u00e2ge de dix ans, en 58 avant J\u00e9sus-Christ. Il est le fils d\u2019un chef de clan, Astorix, un chef qui, pour d\u00e9fendre les Gaulois de l\u2019invasion des Helv\u00e8tes poursuivis par Jules C\u00e9sar, voudrait demander la protection des Romains. Ce qui ne pla\u00eet pas, loin s\u2019en faut, \u00e0 d\u2019autres clans ! C\u2019est donc dans une ambiance de presque guerre et de lutte de pouvoir(s) que le jeune Alix va entamer une \u00e9ducation d\u2019adulte.  <\/p>\n\n\n\n<p>Et ce gamin adorant ruer dans les brancards va ainsi \u00eatre oblig\u00e9 de m\u00fbrir, tr\u00e8s vite, et de d\u00e9couvrir que le monde n\u2019est pas fait d\u2019un seul bloc, de d\u00e9couvrir qu\u2019au-del\u00e0 des apparences, il y a des ailleurs, ceux du r\u00eave, du fantastique et de l\u2019onirisme, aussi importants que la seule r\u00e9alit\u00e9. <\/p>\n\n\n\n<p>Voil\u00e0 pourquoi, comme dans bien des Alix traditionnels d\u2019ailleurs, le loup occupe ici aussi une place axiale\u2026  <\/p>\n\n\n\n<div class=\"wp-block-image\"><figure class=\"aligncenter\"><img loading=\"lazy\" decoding=\"async\" width=\"764\" height=\"1024\" src=\"https:\/\/i2.wp.com\/bd-chroniques.be\/wp-content\/uploads\/2019\/04\/alix1.jpg?fit=764%2C1024\" alt=\"\" class=\"wp-image-3542\" srcset=\"https:\/\/i0.wp.com\/bd-chroniques.be\/wp-content\/uploads\/2019\/04\/alix1.jpg?w=764&amp;ssl=1 764w, https:\/\/i0.wp.com\/bd-chroniques.be\/wp-content\/uploads\/2019\/04\/alix1.jpg?resize=224%2C300&amp;ssl=1 224w\" sizes=\"auto, (max-width: 764px) 100vw, 764px\" \/><figcaption><br>Alix Origines \u00a9 Casterman<\/figcaption><\/figure><\/div>\n\n\n\n<figure class=\"wp-block-audio\"><audio controls src=\"http:\/\/bd-chroniques.be\/wp-content\/uploads\/2019\/04\/alix-scenario.mp3\"><\/audio><figcaption>Marc Bourgne: le sc\u00e9nario<\/figcaption><\/figure>\n\n\n\n<figure class=\"wp-block-audio\"><audio controls src=\"http:\/\/bd-chroniques.be\/wp-content\/uploads\/2019\/04\/alix-dessin-fantastique-onirisme.mp3\"><\/audio><figcaption><br>Laurent Libessart : le fantastique<\/figcaption><\/figure>\n\n\n\n<p>A mon avis, il n\u2019y a dans cette neuve s\u00e9rie, n\u2019en d\u00e9plaise aux puristes intransigeants, aucune trahison de l\u2019\u0153uvre de Jacques Martin. <\/p>\n\n\n\n<p>Il y a d\u00e9j\u00e0 la s\u00e9rie Alix Senator, qui nous montre un Alix vieillissant et p\u00e8re de famille, avec un dessin tr\u00e8s actuel, tr\u00e8s l\u00e9ch\u00e9. Evidemment, dans cet enfouissement au plus profond de l\u2019enfance d\u2019Alix, le but est de renouveler le lectorat. Mais la d\u00e9marche n\u2019en demeure pas moins plus qu\u2019int\u00e9ressante ! Elle est, au vu des derni\u00e8res d\u00e9couvertes arch\u00e9ologiques, de tenir compte de la r\u00e9alit\u00e9 historique de cette \u00e9poque, de remettre les choses en place, en quelque sorte, et de faire \u0153uvre didactique, en nous montrant la fa\u00e7on dont les jeunes Gaulois \u00e9taient \u00e9duqu\u00e9s, la fa\u00e7on dont les tribus de la Gaule \u00e9taient habill\u00e9es, aussi, et ce qu\u2019\u00e9tait leur quotidien. Il y a eu, oui, un vrai travail de fid\u00e9lit\u00e9 \u00e0 la grande Histoire ! <\/p>\n\n\n\n<div class=\"wp-block-image\"><figure class=\"aligncenter\"><img data-recalc-dims=\"1\" loading=\"lazy\" decoding=\"async\" width=\"438\" height=\"678\" src=\"https:\/\/i0.wp.com\/bd-chroniques.be\/wp-content\/uploads\/2019\/04\/alix2.png?resize=438%2C678\" alt=\"\" class=\"wp-image-3545\" srcset=\"https:\/\/i0.wp.com\/bd-chroniques.be\/wp-content\/uploads\/2019\/04\/alix2.png?w=438&amp;ssl=1 438w, https:\/\/i0.wp.com\/bd-chroniques.be\/wp-content\/uploads\/2019\/04\/alix2.png?resize=194%2C300&amp;ssl=1 194w\" sizes=\"auto, (max-width: 438px) 100vw, 438px\" \/><figcaption><br>Alix Origines \u00a9 Casterman<\/figcaption><\/figure><\/div>\n\n\n\n<figure class=\"wp-block-audio\"><audio controls src=\"http:\/\/bd-chroniques.be\/wp-content\/uploads\/2019\/04\/alix-scenario-historien.mp3\"><\/audio><figcaption><br>Marc Bourgne: historien<\/figcaption><\/figure>\n\n\n\n<p>Cela dit, n\u2019allez surtout pas croire que ce livre est pesant. Son but est de s\u2019adresser \u00e0 des lecteurs \u00e0 partir de dix ans, et cet album se lit sans aucune difficult\u00e9. La raison en est \u00e0 trouver, d\u2019abord peut-\u00eatre, dans le dessin, un graphisme qui s\u2019\u00e9loigne \u00e9norm\u00e9ment de celui de Jacques Martin, un graphisme qui n\u2019a pas peur du mouvement, et qui est influenc\u00e9, d\u2019\u00e9vidence, par le manga. Un graphisme s\u00e9duisant, c\u2019est incontestable. Tout comme l\u2019est la pr\u00e9sence de la couleur, qui joue avec le mouvement, avec les ombres, avec le r\u00eave aussi. Une couleur qui, plus que cr\u00e9er des ambiances, permet \u00e0 cet album d\u2019\u00eatre vraiment le reflet d\u2019une \u00e9poque, de ses mythes et de ses r\u00e9alit\u00e9s. <\/p>\n\n\n\n<figure class=\"wp-block-image\"><img data-recalc-dims=\"1\" loading=\"lazy\" decoding=\"async\" width=\"764\" height=\"1024\" src=\"https:\/\/i0.wp.com\/bd-chroniques.be\/wp-content\/uploads\/2019\/04\/alix3-764x1024.jpg?resize=764%2C1024\" alt=\"\" class=\"wp-image-3547\" srcset=\"https:\/\/i0.wp.com\/bd-chroniques.be\/wp-content\/uploads\/2019\/04\/alix3.jpg?w=764&amp;ssl=1 764w, https:\/\/i0.wp.com\/bd-chroniques.be\/wp-content\/uploads\/2019\/04\/alix3.jpg?resize=224%2C300&amp;ssl=1 224w\" sizes=\"auto, (max-width: 764px) 100vw, 764px\" \/><figcaption><br>Alix Origines \u00a9 Casterman<\/figcaption><\/figure>\n\n\n\n<figure class=\"wp-block-audio\"><audio controls src=\"http:\/\/bd-chroniques.be\/wp-content\/uploads\/2019\/04\/alix-dessin-couleur.mp3\"><\/audio><figcaption><br>Laurent Libessart : couleurs<\/figcaption><\/figure>\n\n\n\n<p>Sans \u00eatre un fan des reprises, des resuc\u00e9es, en bd comme en litt\u00e9rature ou en cin\u00e9ma, je vous avoue que ce livre, oui, m\u2019a s\u00e9duit. Le dessin est moderne, la couleur est particuli\u00e8rement r\u00e9ussie, le sc\u00e9nario est passionnant et didactique. C\u2019est une vraie r\u00e9ussite, un album extr\u00eamement bien construit, pour un public jeune et moins jeune, et qui se termine par un excellent cahier p\u00e9dagogique ! <\/p>\n\n\n\n<p><strong>Jacques Schra\u00fbwen <\/strong><\/p>\n\n\n\n<p><strong>Alix Origines \u2013 L\u2019enfance d\u2019un Gaulois (dessin : Laurent Libessart \u2013 sc\u00e9nario : Marc Bourgne \u2013 couleurs : Florence Torta \u2013 cahier p\u00e9dagogique : Franck Mathieu- \u00e9diteur : Casterman) <\/strong><\/p>\n\n\n\n<div class=\"wp-block-image\"><figure class=\"aligncenter\"><img data-recalc-dims=\"1\" loading=\"lazy\" decoding=\"async\" width=\"650\" height=\"878\" src=\"https:\/\/i0.wp.com\/bd-chroniques.be\/wp-content\/uploads\/2019\/04\/alix4.jpg?resize=650%2C878\" alt=\"\" class=\"wp-image-3549\" srcset=\"https:\/\/i0.wp.com\/bd-chroniques.be\/wp-content\/uploads\/2019\/04\/alix4.jpg?w=650&amp;ssl=1 650w, https:\/\/i0.wp.com\/bd-chroniques.be\/wp-content\/uploads\/2019\/04\/alix4.jpg?resize=222%2C300&amp;ssl=1 222w\" sizes=\"auto, (max-width: 650px) 100vw, 650px\" \/><figcaption><br>Alix Origines \u00a9 Casterman<\/figcaption><\/figure><\/div>\n","protected":false},"excerpt":{"rendered":"<p>Revoici le h\u00e9ros mythique cr\u00e9\u00e9 par Jacques Martin\u2026 Mais il a dix ans\u2026 Et le dessin comme le sc\u00e9nario font de cette aventure \u00e9ditoriale une \u00e9tonnante et excellente \u00ab nouvelle \u00bb bande dessin\u00e9e ! C\u2019est en 1948 qu\u2019est n\u00e9, dans les pages du magazine Tintin, Alix le Gaulois, h\u00e9ros pur et dur imagin\u00e9 par Jacques [&hellip;]<\/p>\n","protected":false},"author":1,"featured_media":3541,"comment_status":"open","ping_status":"open","sticky":false,"template":"","format":"standard","meta":{"jetpack_post_was_ever_published":false,"_jetpack_newsletter_access":"","_jetpack_dont_email_post_to_subs":false,"_jetpack_newsletter_tier_id":0,"_jetpack_memberships_contains_paywalled_content":false,"_jetpack_memberships_contains_paid_content":false,"footnotes":"","jetpack_publicize_message":"","jetpack_publicize_feature_enabled":true,"jetpack_social_post_already_shared":true,"jetpack_social_options":{"image_generator_settings":{"template":"highway","default_image_id":0,"font":"","enabled":false},"version":2}},"categories":[16,14],"tags":[],"class_list":["post-3539","post","type-post","status-publish","format-standard","has-post-thumbnail","hentry","category-a","category-bd-de-a-a-f"],"jetpack_publicize_connections":[],"jetpack_featured_media_url":"https:\/\/i0.wp.com\/bd-chroniques.be\/wp-content\/uploads\/2019\/04\/alix0bis.jpg?fit=650%2C870&ssl=1","jetpack_shortlink":"https:\/\/wp.me\/p8dqsu-V5","jetpack_likes_enabled":true,"jetpack_sharing_enabled":true,"_links":{"self":[{"href":"https:\/\/bd-chroniques.be\/index.php\/wp-json\/wp\/v2\/posts\/3539","targetHints":{"allow":["GET"]}}],"collection":[{"href":"https:\/\/bd-chroniques.be\/index.php\/wp-json\/wp\/v2\/posts"}],"about":[{"href":"https:\/\/bd-chroniques.be\/index.php\/wp-json\/wp\/v2\/types\/post"}],"author":[{"embeddable":true,"href":"https:\/\/bd-chroniques.be\/index.php\/wp-json\/wp\/v2\/users\/1"}],"replies":[{"embeddable":true,"href":"https:\/\/bd-chroniques.be\/index.php\/wp-json\/wp\/v2\/comments?post=3539"}],"version-history":[{"count":2,"href":"https:\/\/bd-chroniques.be\/index.php\/wp-json\/wp\/v2\/posts\/3539\/revisions"}],"predecessor-version":[{"id":3551,"href":"https:\/\/bd-chroniques.be\/index.php\/wp-json\/wp\/v2\/posts\/3539\/revisions\/3551"}],"wp:featuredmedia":[{"embeddable":true,"href":"https:\/\/bd-chroniques.be\/index.php\/wp-json\/wp\/v2\/media\/3541"}],"wp:attachment":[{"href":"https:\/\/bd-chroniques.be\/index.php\/wp-json\/wp\/v2\/media?parent=3539"}],"wp:term":[{"taxonomy":"category","embeddable":true,"href":"https:\/\/bd-chroniques.be\/index.php\/wp-json\/wp\/v2\/categories?post=3539"},{"taxonomy":"post_tag","embeddable":true,"href":"https:\/\/bd-chroniques.be\/index.php\/wp-json\/wp\/v2\/tags?post=3539"}],"curies":[{"name":"wp","href":"https:\/\/api.w.org\/{rel}","templated":true}]}}