{"id":360,"date":"2017-01-31T10:47:19","date_gmt":"2017-01-31T09:47:19","guid":{"rendered":"http:\/\/bd-chroniques.be\/?p=360"},"modified":"2017-01-31T10:47:19","modified_gmt":"2017-01-31T09:47:19","slug":"la-cire-moderne","status":"publish","type":"post","link":"https:\/\/bd-chroniques.be\/index.php\/2017\/01\/31\/la-cire-moderne\/","title":{"rendered":"La Cire Moderne"},"content":{"rendered":"<h1 class=\"rtbf-article-main__title \"><\/h1>\n<header class=\"col-xs-12 clearfix rtbf-article-main__header-main\"><\/header>\n<figure class=\"col-xs-12 rtbf-article-main__cover rs_skip rs_preserve\">\n<div class=\"rtbf-article-main__img-cover\">\n<div class=\"rtbf-article-main__img-cover\">\n<div class=\"www-img-16by9 rs_skip\"><img data-recalc-dims=\"1\" decoding=\"async\" class=\"img-responsive www-img-full \" title=\"La cire moderne\" src=\"https:\/\/i0.wp.com\/ds1.static.rtbf.be\/article\/image\/370x208\/5\/e\/5\/3b2d8f129ae2f408f2153cd9ce663043-1485797434.jpg?w=768\" sizes=\"(min-width: 1200px) 1200px, 100vw\" srcset=\"http:\/\/ds1.static.rtbf.be\/article\/image\/370x208\/5\/e\/5\/3b2d8f129ae2f408f2153cd9ce663043-1485797434.jpg 370w,http:\/\/ds1.static.rtbf.be\/article\/image\/770x433\/5\/e\/5\/3b2d8f129ae2f408f2153cd9ce663043-1485797434.jpg 770w,http:\/\/ds1.static.rtbf.be\/article\/image\/1248x702\/5\/e\/5\/3b2d8f129ae2f408f2153cd9ce663043-1485797434.jpg 1248w\" alt=\"La cire moderne\" \/><\/div>\n<p><a id=\"image-9011981\" class=\"www-media www-media-fullscreen js-gallery-image\" href=\"http:\/\/www.rtbf.be\/culture\/bande-dessinee\/detail_la-cire-moderne?id=9517197#\" data-id=\"9011981\"><\/a><\/div>\n<\/div><figcaption class=\"www-media-caption\"><em><span class=\"www-media-caption__text\">La cire moderne &#8211; \u00a9 Casterman<\/span><\/em><\/figcaption><\/figure>\n<div class=\"col-xs-12 col-md-8 pull-left rtbf-article-main__content\">\n<div class=\"rtbf-paragraph\">\n<p>Une road-bd, au dessin \u00e9pur\u00e9, au sc\u00e9nario m\u00ealant habilement portrait d\u2019un trio de jeunes et qu\u00eate presque mystique\u2026 Un livre amusant, intelligent, sans manich\u00e9isme mais avec une bonne dose d\u2019humour parfois iconoclaste !&#8230;<\/p>\n<\/div>\n<div class=\"rtbf-paragraph  clearfix\">\n<p>Ils sont trois\u2026 Manu et Sam, sa copine, et Jordan, le fr\u00e8re pas tr\u00e8s fut\u00e9 de Sam. Trois \u00e0 vouloir profiter ensemble d\u2019un h\u00e9ritage que fait Manu : des cierges d\u2019\u00e9glise. Commence ainsi pour eux un p\u00e9riple au pays de la foi chr\u00e9tienne !<\/p>\n<p>Leur but : revendre ce stock de cierges, h\u00e9rit\u00e9 d\u2019un oncle cur\u00e9 que Manu connaissait \u00e0 peine. Les revendre, se faire de l\u2019argent, pour se payer du bon temps, simplement, en vacances.<\/p>\n<p>Seulement, les choses ne vont pas se d\u00e9rouler de la mani\u00e8re la plus attendue ! Il faut dire que les trois comp\u00e8res sont bien typ\u00e9s. Un joint par-ci, une petite partie de jambes en l\u2019air par-l\u00e0, de la drague \u00e0 tout va pour Jordan, et peu d\u2019envie de penser au lendemain.<\/p>\n<p>Et pourtant, la religion va faire irruption dans ce trio, par petites touches qui, utilisant les codes de la com\u00e9die pure, va d\u00e9boucher lentement sur une r\u00e9flexion personnelle pour Manu, personnelle et intime, personnelle et mystique.<\/p>\n<p>La religion catholique n\u2019est pas un th\u00e8me tr\u00e8s fr\u00e9quent dans le monde de la bande dessin\u00e9e. Et quand il est abord\u00e9, force est de reconna\u00eetre que c\u2019est de mani\u00e8re n\u00e9gative le plus souvent. Ici, la vision que nous donnent Vincent Cuvellier et Max De Radigu\u00e8s de l\u2019Eglise catholique est fractionn\u00e9e, multiple. Souriante, toujours, m\u00eame pour nous montrer des \u00a0\u00bb marchands du temple \u00a0\u00bb plus v\u00e9naux encore que notre trio. Mais il n\u2019y a pas de faux fuyant dans leur fa\u00e7on de nous faire voyager, avec eux, de paroisse en monast\u00e8re, de Lourdes en couvent. Et les portraits qu\u2019ils nous montrent, qu\u2019ils soient ceux des trois personnages principaux ou ceux des diff\u00e9rents membres de l\u2019\u00c9glise qu\u2019ils rencontrent, sont, au-del\u00e0 de la simple caricature, frapp\u00e9s aussi de r\u00e9alisme\u2026<\/p>\n<div class=\"row audio-player js-audio-player\">\n<div class=\"audio-player__content\">\n<h4 class=\"audio-player__title\">Vincent Cuvellier: la religion comme base \u00e0 la com\u00e9die<\/h4>\n<\/div>\n<audio class=\"wp-audio-shortcode\" id=\"audio-360-1\" preload=\"none\" style=\"width: 100%;\" controls=\"controls\"><source type=\"audio\/mpeg\" src=\"http:\/\/bd-chroniques.be\/wp-content\/uploads\/2017\/01\/cire_scenario_religioncomedie_1485796846.mp3?_=1\" \/><a href=\"http:\/\/bd-chroniques.be\/wp-content\/uploads\/2017\/01\/cire_scenario_religioncomedie_1485796846.mp3\">http:\/\/bd-chroniques.be\/wp-content\/uploads\/2017\/01\/cire_scenario_religioncomedie_1485796846.mp3<\/a><\/audio>\n<\/div>\n<\/div>\n<div class=\"row audio-player js-audio-player\">\n<h4 class=\"audio-player__title\">Max De Radigu\u00e8s: la religion<\/h4>\n<audio class=\"wp-audio-shortcode\" id=\"audio-360-2\" preload=\"none\" style=\"width: 100%;\" controls=\"controls\"><source type=\"audio\/mpeg\" src=\"http:\/\/bd-chroniques.be\/wp-content\/uploads\/2017\/01\/cire_dessin_religion_1485796552.mp3?_=2\" \/><a href=\"http:\/\/bd-chroniques.be\/wp-content\/uploads\/2017\/01\/cire_dessin_religion_1485796552.mp3\">http:\/\/bd-chroniques.be\/wp-content\/uploads\/2017\/01\/cire_dessin_religion_1485796552.mp3<\/a><\/audio>\n<\/div>\n<div class=\"rtbf-paragraph  clearfix\">\n<div class=\"rtbf-paragraph  clearfix\">\u00a0<a id=\"image-9011978\" class=\"www-media-fullscreen js-gallery-image\" href=\"https:\/\/i0.wp.com\/ds1.static.rtbf.be\/article\/image\/1240x800\/f\/f\/f\/104fedb176c52bbcb14c76c5334050f7-1485797705.jpg\" target=\"_blank\" data-id=\"9011978\"><img data-recalc-dims=\"1\" decoding=\"async\" class=\"img-responsive www-img-full   lazyloaded\" title=\"la cire moderne\" src=\"https:\/\/i0.wp.com\/ds1.static.rtbf.be\/article\/image\/370xAuto\/f\/f\/f\/104fedb176c52bbcb14c76c5334050f7-1485797705.jpg?w=768\" sizes=\"(min-width: 1200px) calc(992px*0.66), (min-width: 992px) 66vw, 100vw\" srcset=\"http:\/\/ds1.static.rtbf.be\/article\/image\/370xAuto\/f\/f\/f\/104fedb176c52bbcb14c76c5334050f7-1485797705.jpg 370w,http:\/\/ds1.static.rtbf.be\/article\/image\/770xAuto\/f\/f\/f\/104fedb176c52bbcb14c76c5334050f7-1485797705.jpg 770w,http:\/\/ds1.static.rtbf.be\/article\/image\/1248xAuto\/f\/f\/f\/104fedb176c52bbcb14c76c5334050f7-1485797705.jpg 1248w\" alt=\"la cire moderne\" data-sizes=\"(min-width: 1200px) calc(992px*0.66), (min-width: 992px) 66vw, 100vw\" data-srcset=\"http:\/\/ds1.static.rtbf.be\/article\/image\/370xAuto\/f\/f\/f\/104fedb176c52bbcb14c76c5334050f7-1485797705.jpg 370w,http:\/\/ds1.static.rtbf.be\/article\/image\/770xAuto\/f\/f\/f\/104fedb176c52bbcb14c76c5334050f7-1485797705.jpg 770w,http:\/\/ds1.static.rtbf.be\/article\/image\/1248xAuto\/f\/f\/f\/104fedb176c52bbcb14c76c5334050f7-1485797705.jpg 1248w\" \/> <\/a><em><span class=\"www-media-caption__text\">la cire moderne &#8211; \u00a9 casterman<\/span><\/em><\/div>\n<div class=\"rtbf-paragraph  clearfix\">\n<p>Vincent Cuvellier, le sc\u00e9nariste, est croyant. Max De Radigu\u00e8s ne l\u2019est pas. Le r\u00e9sultat, c\u2019est un album qui ne se prend pas au s\u00e9rieux et qui, finalement, pr\u00f4ne la tol\u00e9rance. Mais sans \u00eatre pour autant un pensum, heureusement ! Le sc\u00e9nario est lin\u00e9aire, simple, il suit les p\u00e9r\u00e9grinations des personnages, il caricature certaines situations, mais il r\u00e9ussit aussi \u00e0 nous faire partager la qu\u00eate de Manu, une qu\u00eate qui le conduit \u00e0 se poser des questions sur lui, sur sa mani\u00e8re d\u2019appr\u00e9hender l\u2019amour, m\u00eame et surtout celui que l\u2019on dit charnel, sur sa place, aussi, dans le vacarme du monde. C\u2019est de silence qu\u2019il a besoin, en quelque sorte, pour se retrouver, ou se trouver, et ce silence, c\u2019est dans la foi qu\u2019il le trouve\u2026 ou croit pouvoir le trouver, en tout cas !<\/p>\n<p>Pour mettre en sc\u00e8ne ce sc\u00e9nario assez limpide et qui ne se prend jamais au s\u00e9rieux, il fallait un dessin qui lui ressemble : \u00e9pur\u00e9, parfois simpliste, parfois d\u2019une certaine maladresse, pauvre le plus souvent en d\u00e9cors, mais riche en mouvements et en expressions, le graphisme de Max De Radigu\u00e8s est exactement ce qu\u2019il fallait pour que cet album ne ressemble pas \u00e0 cette masse de livres d\u2019artistes \u00a0\u00bb bobos \u00a0\u00bb qui ne font, en d\u00e9finitive, que se regarder le nombril.<\/p>\n<h4 class=\"audio-player__title\">Max De Radigu\u00e8s: sc\u00e9nario et graphisme<\/h4>\n<audio class=\"wp-audio-shortcode\" id=\"audio-360-3\" preload=\"none\" style=\"width: 100%;\" controls=\"controls\"><source type=\"audio\/mpeg\" src=\"http:\/\/bd-chroniques.be\/wp-content\/uploads\/2017\/01\/cire_dessin_scenariodessin_1485796629.mp3?_=3\" \/><a href=\"http:\/\/bd-chroniques.be\/wp-content\/uploads\/2017\/01\/cire_dessin_scenariodessin_1485796629.mp3\">http:\/\/bd-chroniques.be\/wp-content\/uploads\/2017\/01\/cire_dessin_scenariodessin_1485796629.mp3<\/a><\/audio>\n<h4 class=\"audio-player__title\">Vincent Cuvellier: la foi<\/h4>\n<audio class=\"wp-audio-shortcode\" id=\"audio-360-4\" preload=\"none\" style=\"width: 100%;\" controls=\"controls\"><source type=\"audio\/mpeg\" src=\"http:\/\/bd-chroniques.be\/wp-content\/uploads\/2017\/01\/cire_scenario_foi_1485796781.mp3?_=4\" \/><a href=\"http:\/\/bd-chroniques.be\/wp-content\/uploads\/2017\/01\/cire_scenario_foi_1485796781.mp3\">http:\/\/bd-chroniques.be\/wp-content\/uploads\/2017\/01\/cire_scenario_foi_1485796781.mp3<\/a><\/audio>\n<figure class=\"www-media custom_large www-media--last js-gallery-figure\"><a id=\"image-9011979\" class=\"www-media-fullscreen js-gallery-image\" href=\"https:\/\/i0.wp.com\/ds1.static.rtbf.be\/article\/image\/1240x800\/0\/d\/9\/aedde110e24705a486b00e9fbf3ac1c6-1485797812.jpg\" target=\"_blank\" data-id=\"9011979\"> <img data-recalc-dims=\"1\" decoding=\"async\" class=\"img-responsive www-img-full   lazyloaded\" title=\"la cire moderne\" src=\"https:\/\/i0.wp.com\/ds1.static.rtbf.be\/article\/image\/370xAuto\/0\/d\/9\/aedde110e24705a486b00e9fbf3ac1c6-1485797812.jpg?w=768\" sizes=\"(min-width: 1200px) calc(992px*0.66), (min-width: 992px) 66vw, 100vw\" srcset=\"http:\/\/ds1.static.rtbf.be\/article\/image\/370xAuto\/0\/d\/9\/aedde110e24705a486b00e9fbf3ac1c6-1485797812.jpg 370w,http:\/\/ds1.static.rtbf.be\/article\/image\/770xAuto\/0\/d\/9\/aedde110e24705a486b00e9fbf3ac1c6-1485797812.jpg 770w,http:\/\/ds1.static.rtbf.be\/article\/image\/1248xAuto\/0\/d\/9\/aedde110e24705a486b00e9fbf3ac1c6-1485797812.jpg 1248w\" alt=\"la cire moderne\" data-sizes=\"(min-width: 1200px) calc(992px*0.66), (min-width: 992px) 66vw, 100vw\" data-srcset=\"http:\/\/ds1.static.rtbf.be\/article\/image\/370xAuto\/0\/d\/9\/aedde110e24705a486b00e9fbf3ac1c6-1485797812.jpg 370w,http:\/\/ds1.static.rtbf.be\/article\/image\/770xAuto\/0\/d\/9\/aedde110e24705a486b00e9fbf3ac1c6-1485797812.jpg 770w,http:\/\/ds1.static.rtbf.be\/article\/image\/1248xAuto\/0\/d\/9\/aedde110e24705a486b00e9fbf3ac1c6-1485797812.jpg 1248w\" \/> <i class=\"ico ico-circle ico-stack-2x www-media-enlarge__bg\"><\/i> <i class=\"ico ico-expand ico-stack-1x ico-inverse www-media-enlarge__icon\"><\/i> <\/a><figcaption class=\"www-media-caption\"><em><span class=\"www-media-caption__text\">la cire moderne &#8211; \u00a9 casterman<\/span><\/em><\/figcaption><\/figure>\n<p>Cette \u00a0\u00bb Cire moderne \u00a0\u00bb est une tranche de vie. Une tranche de plusieurs vies, en fait, de trois vies qui, de confondues qu\u2019elles sont au d\u00e9but, se r\u00e9v\u00e8lent, gr\u00e2ce aux talents m\u00eal\u00e9s des deux auteurs, tr\u00e8s diff\u00e9rentes les unes des autres. Et ce n\u2019est pas l\u00e0 la moindre des qualit\u00e9s de ce livre, que de parvenir \u00e0 d\u00e9passer la seule trame narrative pour nous faire, v\u00e9ritablement, et avec une vraie finesse de ton, avec une vraie tendresse \u00e9galement, le portrait de trois jeunes tr\u00e8s symboliques, finalement, de ce qu\u2019est la jeunesse : multiforme toujours !<\/p>\n<p>Et cette tendresse est totalement flagrante en ce qui concerne l\u2019hurluberlu du trio, le fameux Jordan, profond\u00e9ment irritant, mais tout aussi profond\u00e9ment attachant.<\/p>\n<div class=\"row audio-player js-audio-player\">\n<div class=\"audio-player__content\">\n<h4 class=\"audio-player__title\">Vincent Cuvellier et Max Radigu\u00e8s: ler personnage de Jordan<\/h4>\n<audio class=\"wp-audio-shortcode\" id=\"audio-360-5\" preload=\"none\" style=\"width: 100%;\" controls=\"controls\"><source type=\"audio\/mpeg\" src=\"http:\/\/bd-chroniques.be\/wp-content\/uploads\/2017\/01\/cire_les2_jordan_1485796700.mp3?_=5\" \/><a href=\"http:\/\/bd-chroniques.be\/wp-content\/uploads\/2017\/01\/cire_les2_jordan_1485796700.mp3\">http:\/\/bd-chroniques.be\/wp-content\/uploads\/2017\/01\/cire_les2_jordan_1485796700.mp3<\/a><\/audio>\n<p>&nbsp;<\/p>\n<\/div>\n<div class=\"rtbf-paragraph  clearfix\"><\/div>\n<div class=\"rtbf-paragraph  clearfix\">\n<figure class=\"www-media custom_large www-media--last js-gallery-figure\"><a id=\"image-9011980\" class=\"www-media-fullscreen js-gallery-image\" href=\"https:\/\/i0.wp.com\/ds1.static.rtbf.be\/article\/image\/1240x800\/b\/b\/9\/c909274755bcd6cd16223c5a034084ed-1485797988.jpg\" target=\"_blank\" data-id=\"9011980\"> <img data-recalc-dims=\"1\" decoding=\"async\" class=\"img-responsive www-img-full   lazyloaded\" title=\"la cire moderne\" src=\"https:\/\/i0.wp.com\/ds1.static.rtbf.be\/article\/image\/370xAuto\/b\/b\/9\/c909274755bcd6cd16223c5a034084ed-1485797988.jpg?w=768\" sizes=\"(min-width: 1200px) calc(992px*0.66), (min-width: 992px) 66vw, 100vw\" srcset=\"http:\/\/ds1.static.rtbf.be\/article\/image\/370xAuto\/b\/b\/9\/c909274755bcd6cd16223c5a034084ed-1485797988.jpg 370w,http:\/\/ds1.static.rtbf.be\/article\/image\/770xAuto\/b\/b\/9\/c909274755bcd6cd16223c5a034084ed-1485797988.jpg 770w,http:\/\/ds1.static.rtbf.be\/article\/image\/1248xAuto\/b\/b\/9\/c909274755bcd6cd16223c5a034084ed-1485797988.jpg 1248w\" alt=\"la cire moderne\" data-sizes=\"(min-width: 1200px) calc(992px*0.66), (min-width: 992px) 66vw, 100vw\" data-srcset=\"http:\/\/ds1.static.rtbf.be\/article\/image\/370xAuto\/b\/b\/9\/c909274755bcd6cd16223c5a034084ed-1485797988.jpg 370w,http:\/\/ds1.static.rtbf.be\/article\/image\/770xAuto\/b\/b\/9\/c909274755bcd6cd16223c5a034084ed-1485797988.jpg 770w,http:\/\/ds1.static.rtbf.be\/article\/image\/1248xAuto\/b\/b\/9\/c909274755bcd6cd16223c5a034084ed-1485797988.jpg 1248w\" \/> <i class=\"ico ico-circle ico-stack-2x www-media-enlarge__bg\"><\/i> <i class=\"ico ico-expand ico-stack-1x ico-inverse www-media-enlarge__icon\"><\/i> <\/a><figcaption class=\"www-media-caption\"><em><span class=\"www-media-caption__text\">la cire moderne &#8211; \u00a9 casterman<\/span><\/em><\/figcaption><\/figure>\n<p>\u00a0\u00bb La Cire Moderne \u00a0\u00bb m\u2019a fait penser, de par son ton, aux albums de Lauzier dans les ann\u00e9es 70, mais avec un souci premier de simplicit\u00e9 et, surtout, de \u00a0\u00bb non-jugement \u00ab\u00a0.<\/p>\n<p>C\u2019est, en tout cas, pour moi, une tr\u00e8s bonne surprise ! Une surprise aux nombreux clins d\u2019\u0153il graphiques, d\u2019ailleurs, qui en rendent la lecture encore plus amusante et amus\u00e9e !<\/p>\n<p>&nbsp;<\/p>\n<p><strong>Jacques Schra\u00fbwen<\/strong><\/p>\n<p><strong>La Cire Moderne (Dessin : Max De Radigu\u00e8s \u2013 sc\u00e9nario : Vincent Cuvellier \u2013 \u00e9diteur : Casterman)<\/strong><\/p>\n<\/div>\n<\/div>\n<\/div>\n<\/div>\n<\/div>\n","protected":false},"excerpt":{"rendered":"<p>La cire moderne &#8211; \u00a9 Casterman Une road-bd, au dessin \u00e9pur\u00e9, au sc\u00e9nario m\u00ealant habilement portrait d\u2019un trio de jeunes et qu\u00eate presque mystique\u2026 Un livre amusant, intelligent, sans manich\u00e9isme mais avec une bonne dose d\u2019humour parfois iconoclaste !&#8230; Ils sont trois\u2026 Manu et Sam, sa copine, et Jordan, le fr\u00e8re pas tr\u00e8s fut\u00e9 de [&hellip;]<\/p>\n","protected":false},"author":1,"featured_media":361,"comment_status":"open","ping_status":"open","sticky":false,"template":"","format":"standard","meta":{"jetpack_post_was_ever_published":false,"_jetpack_newsletter_access":"","_jetpack_dont_email_post_to_subs":false,"_jetpack_newsletter_tier_id":0,"_jetpack_memberships_contains_paywalled_content":false,"_jetpack_memberships_contains_paid_content":false,"footnotes":"","jetpack_publicize_message":"","jetpack_publicize_feature_enabled":true,"jetpack_social_post_already_shared":true,"jetpack_social_options":{"image_generator_settings":{"template":"highway","default_image_id":0,"font":"","enabled":false},"version":2}},"categories":[14,18],"tags":[],"class_list":["post-360","post","type-post","status-publish","format-standard","has-post-thumbnail","hentry","category-bd-de-a-a-f","category-c"],"jetpack_publicize_connections":[],"jetpack_featured_media_url":"https:\/\/i0.wp.com\/bd-chroniques.be\/wp-content\/uploads\/2017\/01\/8f4931a13be210696360ad95e3fa88c2-1485797572.jpg?fit=770%2C1074&ssl=1","jetpack_shortlink":"https:\/\/wp.me\/p8dqsu-5O","jetpack_likes_enabled":true,"jetpack_sharing_enabled":true,"_links":{"self":[{"href":"https:\/\/bd-chroniques.be\/index.php\/wp-json\/wp\/v2\/posts\/360","targetHints":{"allow":["GET"]}}],"collection":[{"href":"https:\/\/bd-chroniques.be\/index.php\/wp-json\/wp\/v2\/posts"}],"about":[{"href":"https:\/\/bd-chroniques.be\/index.php\/wp-json\/wp\/v2\/types\/post"}],"author":[{"embeddable":true,"href":"https:\/\/bd-chroniques.be\/index.php\/wp-json\/wp\/v2\/users\/1"}],"replies":[{"embeddable":true,"href":"https:\/\/bd-chroniques.be\/index.php\/wp-json\/wp\/v2\/comments?post=360"}],"version-history":[{"count":1,"href":"https:\/\/bd-chroniques.be\/index.php\/wp-json\/wp\/v2\/posts\/360\/revisions"}],"predecessor-version":[{"id":368,"href":"https:\/\/bd-chroniques.be\/index.php\/wp-json\/wp\/v2\/posts\/360\/revisions\/368"}],"wp:featuredmedia":[{"embeddable":true,"href":"https:\/\/bd-chroniques.be\/index.php\/wp-json\/wp\/v2\/media\/361"}],"wp:attachment":[{"href":"https:\/\/bd-chroniques.be\/index.php\/wp-json\/wp\/v2\/media?parent=360"}],"wp:term":[{"taxonomy":"category","embeddable":true,"href":"https:\/\/bd-chroniques.be\/index.php\/wp-json\/wp\/v2\/categories?post=360"},{"taxonomy":"post_tag","embeddable":true,"href":"https:\/\/bd-chroniques.be\/index.php\/wp-json\/wp\/v2\/tags?post=360"}],"curies":[{"name":"wp","href":"https:\/\/api.w.org\/{rel}","templated":true}]}}