{"id":3602,"date":"2019-05-08T15:53:01","date_gmt":"2019-05-08T13:53:01","guid":{"rendered":"http:\/\/bd-chroniques.be\/?p=3602"},"modified":"2019-05-08T15:53:02","modified_gmt":"2019-05-08T13:53:02","slug":"le-centre-belge-de-la-bande-dessinee-depart-annonce-de-son-directeur-general-jean-auquier","status":"publish","type":"post","link":"https:\/\/bd-chroniques.be\/index.php\/2019\/05\/08\/le-centre-belge-de-la-bande-dessinee-depart-annonce-de-son-directeur-general-jean-auquier\/","title":{"rendered":"Le Centre Belge de la Bande Dessin\u00e9e : D\u00e9part annonc\u00e9 de son directeur g\u00e9n\u00e9ral, Jean Auquier."},"content":{"rendered":"\n<p>Jean Auquier, annon\u00e7ant aujourd\u2019hui soin d\u00e9part vers de nouveaux horizons, a marqu\u00e9 de mani\u00e8re essentielle la vie et l\u2019\u00e9volution du Mus\u00e9e de la BD \u00e0 Bruxelles ! <\/p>\n\n\n\n<div class=\"wp-block-image\"><figure class=\"aligncenter\"><img data-recalc-dims=\"1\" loading=\"lazy\" decoding=\"async\" width=\"620\" height=\"413\" src=\"https:\/\/i0.wp.com\/bd-chroniques.be\/wp-content\/uploads\/2019\/05\/auquier.jpg?resize=620%2C413\" alt=\"\" class=\"wp-image-3603\" srcset=\"https:\/\/i0.wp.com\/bd-chroniques.be\/wp-content\/uploads\/2019\/05\/auquier.jpg?w=620&amp;ssl=1 620w, https:\/\/i0.wp.com\/bd-chroniques.be\/wp-content\/uploads\/2019\/05\/auquier.jpg?resize=300%2C200&amp;ssl=1 300w\" sizes=\"auto, (max-width: 620px) 100vw, 620px\" \/><figcaption>Jean Auquier \u00a9 Jean Auquier<\/figcaption><\/figure><\/div>\n\n\n\n<p>Journaliste de formation, Jean Auquier a \u00e9t\u00e9 tr\u00e8s vite, il y a plus de trente ans, une des chevilles ouvri\u00e8res de ce haut lieu de la culture populaire qu\u2019est devenu, au fil des ans, le Centre Belge de la Bande Dessin\u00e9e. Un centre qu\u2019on appelle souvent aujourd\u2019hui le \u00abMus\u00e9e de la Bande Dessin\u00e9e\u00bb. <\/p>\n\n\n\n<p>Et c\u2019est vrai que la bande dessin\u00e9e m\u00e9ritait, \u00e0 Bruxelles, un endroit o\u00f9 s\u2019exposer, se conserver, \u00eatre disponible pour le plus grand nombre. <\/p>\n\n\n\n<p>Les premi\u00e8res ann\u00e9es de Jean Auquier au CBBD l\u2019ont vu s\u2019occuper, de par son m\u00e9tier de d\u00e9part, de communication. Ensuite, tr\u00e8s vite, il s\u2019est lanc\u00e9 dans la supervision, voire la cr\u00e9ation d\u2019expositions, ces expositions qui, depuis des ann\u00e9es, font de ce mus\u00e9e un lieu totalement vivant ! <\/p>\n\n\n\n<p>Depuis onze ans, il pr\u00e9side aux destin\u00e9es de cet endroit dans lequel TOUS les cr\u00e9ateurs du neuvi\u00e8me art se sont trouv\u00e9 un peu comme une maison, comme un nid.  <\/p>\n\n\n\n<p>Il a particip\u00e9 pleinement \u00e0 offrir \u00e0 cette fen\u00eare culturelle bruxellois une audience internationale. Avec une approche professionnelle, il a ainsi permis \u00e0 cette entreprise culturelle associative, avec une trentaine d\u2019emplois directs, d\u2019\u00eatre financi\u00e8rement saine, sans pour autant d\u00e9pendre de subsides souvent al\u00e9atoires. Sans non plus, surtout m\u00eame, effacer quoi que ce soit des fonctions premi\u00e8res de cette v\u00e9n\u00e9rable maison, la transmission, la conservation, la porte ouverte \u00e0 l\u2019innovation graphique et narrative.  <\/p>\n\n\n\n<p>Pour l\u2019avoir rencontr\u00e9 quelques fois, je ne peux que dire que sa pr\u00e9sence accueillante et \u00ab connaisseuse \u00bb me manquera, comme \u00e0 bien d\u2019autres\u2026  <\/p>\n\n\n\n<p><strong>Jacques Schra\u00fbwen <\/strong><\/p>\n","protected":false},"excerpt":{"rendered":"<p>Jean Auquier, annon\u00e7ant aujourd\u2019hui soin d\u00e9part vers de nouveaux horizons, a marqu\u00e9 de mani\u00e8re essentielle la vie et l\u2019\u00e9volution du Mus\u00e9e de la BD \u00e0 Bruxelles ! Journaliste de formation, Jean Auquier a \u00e9t\u00e9 tr\u00e8s vite, il y a plus de trente ans, une des chevilles ouvri\u00e8res de ce haut lieu de la culture populaire [&hellip;]<\/p>\n","protected":false},"author":1,"featured_media":0,"comment_status":"open","ping_status":"open","sticky":false,"template":"","format":"standard","meta":{"jetpack_post_was_ever_published":false,"_jetpack_newsletter_access":"","_jetpack_dont_email_post_to_subs":false,"_jetpack_newsletter_tier_id":0,"_jetpack_memberships_contains_paywalled_content":false,"_jetpack_memberships_contains_paid_content":false,"footnotes":"","jetpack_publicize_message":"","jetpack_publicize_feature_enabled":true,"jetpack_social_post_already_shared":true,"jetpack_social_options":{"image_generator_settings":{"template":"highway","default_image_id":0,"font":"","enabled":false},"version":2}},"categories":[37],"tags":[],"class_list":["post-3602","post","type-post","status-publish","format-standard","hentry","category-evenements"],"jetpack_publicize_connections":[],"jetpack_featured_media_url":"","jetpack_shortlink":"https:\/\/wp.me\/p8dqsu-W6","jetpack_likes_enabled":true,"jetpack_sharing_enabled":true,"_links":{"self":[{"href":"https:\/\/bd-chroniques.be\/index.php\/wp-json\/wp\/v2\/posts\/3602","targetHints":{"allow":["GET"]}}],"collection":[{"href":"https:\/\/bd-chroniques.be\/index.php\/wp-json\/wp\/v2\/posts"}],"about":[{"href":"https:\/\/bd-chroniques.be\/index.php\/wp-json\/wp\/v2\/types\/post"}],"author":[{"embeddable":true,"href":"https:\/\/bd-chroniques.be\/index.php\/wp-json\/wp\/v2\/users\/1"}],"replies":[{"embeddable":true,"href":"https:\/\/bd-chroniques.be\/index.php\/wp-json\/wp\/v2\/comments?post=3602"}],"version-history":[{"count":1,"href":"https:\/\/bd-chroniques.be\/index.php\/wp-json\/wp\/v2\/posts\/3602\/revisions"}],"predecessor-version":[{"id":3604,"href":"https:\/\/bd-chroniques.be\/index.php\/wp-json\/wp\/v2\/posts\/3602\/revisions\/3604"}],"wp:attachment":[{"href":"https:\/\/bd-chroniques.be\/index.php\/wp-json\/wp\/v2\/media?parent=3602"}],"wp:term":[{"taxonomy":"category","embeddable":true,"href":"https:\/\/bd-chroniques.be\/index.php\/wp-json\/wp\/v2\/categories?post=3602"},{"taxonomy":"post_tag","embeddable":true,"href":"https:\/\/bd-chroniques.be\/index.php\/wp-json\/wp\/v2\/tags?post=3602"}],"curies":[{"name":"wp","href":"https:\/\/api.w.org\/{rel}","templated":true}]}}