{"id":369,"date":"2017-02-02T15:24:45","date_gmt":"2017-02-02T14:24:45","guid":{"rendered":"http:\/\/bd-chroniques.be\/?p=369"},"modified":"2017-02-02T15:24:45","modified_gmt":"2017-02-02T14:24:45","slug":"proies-faciles-un-album-important-et-superbe","status":"publish","type":"post","link":"https:\/\/bd-chroniques.be\/index.php\/2017\/02\/02\/proies-faciles-un-album-important-et-superbe\/","title":{"rendered":"Proies Faciles: un album important et superbe!"},"content":{"rendered":"<div class=\"rtbf-paragraph\">\n<p>Un polar sombre, superbement dessin\u00e9, ancr\u00e9 dans la r\u00e9alit\u00e9 sociale de l\u2019Espagne d\u2019aujourd\u2019hui\u2026 Un livre \u00a0\u00bb engag\u00e9 \u00a0\u00bb \u00e0 ne rater sous aucun pr\u00e9texte !<\/p>\n<\/div>\n<div class=\"rtbf-paragraph  clearfix\">\n<figure class=\"www-media custom_large www-media--last js-gallery-figure\"><a id=\"image-9013769\" class=\"www-media-fullscreen js-gallery-image\" href=\"https:\/\/i0.wp.com\/ds1.static.rtbf.be\/article\/image\/1240x800\/0\/7\/c\/c85867e634380af06be81cf89c53f68b-1485955235.jpg\" target=\"_blank\" data-id=\"9013769\"> <img data-recalc-dims=\"1\" decoding=\"async\" class=\"img-responsive www-img-full   lazyloaded\" title=\"Proies faciles\" src=\"https:\/\/i0.wp.com\/ds1.static.rtbf.be\/article\/image\/370xAuto\/0\/7\/c\/c85867e634380af06be81cf89c53f68b-1485955235.jpg?w=768\" sizes=\"(min-width: 1200px) calc(992px*0.66), (min-width: 992px) 66vw, 100vw\" srcset=\"http:\/\/ds1.static.rtbf.be\/article\/image\/370xAuto\/0\/7\/c\/c85867e634380af06be81cf89c53f68b-1485955235.jpg 370w,http:\/\/ds1.static.rtbf.be\/article\/image\/770xAuto\/0\/7\/c\/c85867e634380af06be81cf89c53f68b-1485955235.jpg 770w,http:\/\/ds1.static.rtbf.be\/article\/image\/1248xAuto\/0\/7\/c\/c85867e634380af06be81cf89c53f68b-1485955235.jpg 1248w\" alt=\"Proies faciles\" data-sizes=\"(min-width: 1200px) calc(992px*0.66), (min-width: 992px) 66vw, 100vw\" data-srcset=\"http:\/\/ds1.static.rtbf.be\/article\/image\/370xAuto\/0\/7\/c\/c85867e634380af06be81cf89c53f68b-1485955235.jpg 370w,http:\/\/ds1.static.rtbf.be\/article\/image\/770xAuto\/0\/7\/c\/c85867e634380af06be81cf89c53f68b-1485955235.jpg 770w,http:\/\/ds1.static.rtbf.be\/article\/image\/1248xAuto\/0\/7\/c\/c85867e634380af06be81cf89c53f68b-1485955235.jpg 1248w\" \/> <i class=\"ico ico-circle ico-stack-2x www-media-enlarge__bg\"><\/i> <i class=\"ico ico-expand ico-stack-1x ico-inverse www-media-enlarge__icon\"><\/i> <\/a><figcaption class=\"www-media-caption\"><em><span class=\"www-media-caption__text\">Proies faciles &#8211; \u00a9 Rue De S\u00e8vres<\/span><\/em><\/figcaption><\/figure>\n<p>Un peu partout dans le monde, les ann\u00e9es 2000 ont vu se multiplier les scandales financiers. Les banques, r\u00e9ceptionnaires des \u00e9conomies de tout un chacun, n\u2019ont pas \u00e9t\u00e9 en reste.<\/p>\n<p>En Espagne, les \u00ab\u00a0actions pr\u00e9f\u00e9rentielles\u00a0\u00bb sont venues comme un point d\u2019orgue ponctuer des strat\u00e9gies qui ne tenaient aucun compte des gens, de madame et monsieur tout le monde\u2026<\/p>\n<p>Et ceux qui ont pay\u00e9 les pots cass\u00e9s de ces r\u00eaves de revenus mirobolants, ce ne sont bien \u00e9videment ni les banques ni les politiciens, ni les compagnies de pr\u00eats ni les huissiers charg\u00e9s de saisir les biens des milliers de personnes spoli\u00e9es par le lib\u00e9ralisme orchestr\u00e9 par un pouvoir sans \u00e2me.<\/p>\n<p>Cette r\u00e9alit\u00e9 \u00e9conomique est au centre de ce livre puissant.<\/p>\n<p>Un duo de policiers enqu\u00eate sur une s\u00e9rie de crimes dont le lien, tr\u00e8s vite, est \u00e9vident : toutes les victimes appartiennent au monde bancaire, et chaque nouveau mort compl\u00e8te l\u2019organigramme virtuel d\u2019une banque.<\/p>\n<p>En tant que lecteur, on comprend tout de suite que les coupables sont des personnes \u00e2g\u00e9es, qui ont tout perdu, ou presque, des vieillards dont les \u00e9conomies de toute une vie ont fondu, et que la soci\u00e9t\u00e9 juge comme seuls coupables de cette perte.<\/p>\n<p>En tant que lecteur, on se passionne, cependant, pour l\u2019enqu\u00eate men\u00e9e par les deux policiers, outr\u00e9s par la situation sociale dans laquelle ils vivent, mais interdits de jugement.<\/p>\n<p>La construction narrative se fait un peu \u00e0 la Ed Mc Bain, ou \u00e0 la Mankell, le r\u00e9cit privil\u00e9giant le suivi quotidien du travail policier et se refusant \u00e0 toute dramatisation graphique. Le dessin, d\u2019ailleurs, pour d\u00e9crire une Espagne qui n\u2019a rien d\u2019une carte postale de vacances, est en noir, en blanc, en grisaille, d\u2019un r\u00e9alisme \u00e0 la fois attirant et pesant, un peu comme les grands films noirs am\u00e9ricains des ann\u00e9es 50.<\/p>\n<p>L\u2019ambiance, r\u00e9solument sombre, se rapproche, elle, de polars sociaux, comme ceux qu\u2019\u00e9crit, dans un autre pays du bassin m\u00e9diterran\u00e9en, le Grec Petros Markaris.<\/p>\n<h4 class=\"audio-player__title\">Miguelanxo Prado: du polar \u00e0 la Mankell, un dessin en noir et blanc&#8230;<\/h4>\n<audio class=\"wp-audio-shortcode\" id=\"audio-369-1\" preload=\"none\" style=\"width: 100%;\" controls=\"controls\"><source type=\"audio\/mpeg\" src=\"http:\/\/bd-chroniques.be\/wp-content\/uploads\/2017\/02\/prado_ma_nkell_et_nb_1485954834.mp3?_=1\" \/><a href=\"http:\/\/bd-chroniques.be\/wp-content\/uploads\/2017\/02\/prado_ma_nkell_et_nb_1485954834.mp3\">http:\/\/bd-chroniques.be\/wp-content\/uploads\/2017\/02\/prado_ma_nkell_et_nb_1485954834.mp3<\/a><\/audio>\n<article id=\"id-text2speech-article\" class=\"rtbf-article-main row rtbf-article-main--tpl-large js-article-detail js-main-container\" data-article-id=\"9518905\">\n<div class=\"col-xs-12 col-md-8 pull-left rtbf-article-main__content\">\n<div class=\"rtbf-paragraph  clearfix\"><\/div>\n<div class=\"rtbf-paragraph  clearfix\">\n<figure class=\"www-media custom_large www-media--last js-gallery-figure\"><a id=\"image-9013770\" class=\"www-media-fullscreen js-gallery-image\" href=\"https:\/\/i0.wp.com\/ds1.static.rtbf.be\/article\/image\/1240x800\/d\/6\/4\/6e042a1350840e8e37681babe27b62a7-1485955359.jpg\" target=\"_blank\" data-id=\"9013770\"> <img data-recalc-dims=\"1\" decoding=\"async\" class=\"img-responsive www-img-full   lazyloaded\" title=\"Proies Faciles\" src=\"https:\/\/i0.wp.com\/ds1.static.rtbf.be\/article\/image\/370xAuto\/d\/6\/4\/6e042a1350840e8e37681babe27b62a7-1485955359.jpg?w=768\" sizes=\"(min-width: 1200px) calc(992px*0.66), (min-width: 992px) 66vw, 100vw\" srcset=\"http:\/\/ds1.static.rtbf.be\/article\/image\/370xAuto\/d\/6\/4\/6e042a1350840e8e37681babe27b62a7-1485955359.jpg 370w,http:\/\/ds1.static.rtbf.be\/article\/image\/770xAuto\/d\/6\/4\/6e042a1350840e8e37681babe27b62a7-1485955359.jpg 770w,http:\/\/ds1.static.rtbf.be\/article\/image\/1248xAuto\/d\/6\/4\/6e042a1350840e8e37681babe27b62a7-1485955359.jpg 1248w\" alt=\"Proies Faciles\" data-sizes=\"(min-width: 1200px) calc(992px*0.66), (min-width: 992px) 66vw, 100vw\" data-srcset=\"http:\/\/ds1.static.rtbf.be\/article\/image\/370xAuto\/d\/6\/4\/6e042a1350840e8e37681babe27b62a7-1485955359.jpg 370w,http:\/\/ds1.static.rtbf.be\/article\/image\/770xAuto\/d\/6\/4\/6e042a1350840e8e37681babe27b62a7-1485955359.jpg 770w,http:\/\/ds1.static.rtbf.be\/article\/image\/1248xAuto\/d\/6\/4\/6e042a1350840e8e37681babe27b62a7-1485955359.jpg 1248w\" \/> <i class=\"ico ico-circle ico-stack-2x www-media-enlarge__bg\"><\/i> <i class=\"ico ico-expand ico-stack-1x ico-inverse www-media-enlarge__icon\"><\/i> <\/a><figcaption class=\"www-media-caption\"><em><span class=\"www-media-caption__text\">Proies Faciles &#8211; \u00a9 Rue De S\u00e8vres<\/span><\/em><\/figcaption><\/figure>\n<p>Et c\u2019est cette ambiance, d\u00e9sesp\u00e9r\u00e9e et pesante, qui fait toute la qualit\u00e9, toute la richesse (humaine, humaniste\u2026) de ce livre.<\/p>\n<p>Prado, dont on conna\u00eet de par ses \u0153uvres pr\u00e9c\u00e9dents tout le talent de coloriste, a choisi volontairement, ici, une autre voie graphique, et la r\u00e9ussite est totalement au rendez-vous, son accompagnant et rythmant le chant du d\u00e9sespoir auquel sont confront\u00e9s les deux policiers.<\/p>\n<p>Mais c\u2019est aussi tout ce qui se passe au-del\u00e0 du simple r\u00e9cit dessin\u00e9 qui fait de ce \u00a0\u00bb Proies faciles \u00a0\u00bb un livre essentiel dans l\u2019univers du neuvi\u00e8me art. Et l\u00e0, c\u2019est le portrait d\u2019une soci\u00e9t\u00e9, la n\u00f4tre, que dessine Prado. Une soci\u00e9t\u00e9 qui se d\u00e9shumanise, une soci\u00e9t\u00e9 qui oublie les valeurs \u00e9l\u00e9mentaires de solidarit\u00e9 et de respect de l\u2019autre, quel qu\u2019il soit, une soci\u00e9t\u00e9 dans laquelle la jeunesse, face au spectre du ch\u00f4mage entre autres, perd peu \u00e0 peu toute sa capacit\u00e9 \u00e0 se r\u00e9volter. Une soci\u00e9t\u00e9 o\u00f9 le renouveau, celui d\u2019une humaine r\u00e9volution, celui d\u2019une violence assum\u00e9e, celui d\u2019un changement essentiel, ne peut venir que des personnes qui n\u2019ont plus rien \u00e0 perdre : les vieux !<\/p>\n<p>Il est significatif, d\u2019ailleurs, de constater que le troisi\u00e8me \u00e2ge se r\u00e9v\u00e8le, ces derniers temps, comme une source d\u2019inspiration importante pour les artistes de la bande dessin\u00e9e : \u00a0\u00bb Les vieux fourneaux \u00a0\u00bb\u00a0 de Lupano et Cauuet, ou \u00a0\u00bb Au fil de l\u2019eau \u00ab\u00a0, de Canales, en sont d\u2019\u00e9vidents exemples.<\/p>\n<h4 class=\"audio-player__title\">Miguelanxo Prado: Jeunesse, vieillesse&#8230;<\/h4>\n<audio class=\"wp-audio-shortcode\" id=\"audio-369-2\" preload=\"none\" style=\"width: 100%;\" controls=\"controls\"><source type=\"audio\/mpeg\" src=\"http:\/\/bd-chroniques.be\/wp-content\/uploads\/2017\/02\/prado_jeunesseet_vieillesse_1485954745.mp3?_=2\" \/><a href=\"http:\/\/bd-chroniques.be\/wp-content\/uploads\/2017\/02\/prado_jeunesseet_vieillesse_1485954745.mp3\">http:\/\/bd-chroniques.be\/wp-content\/uploads\/2017\/02\/prado_jeunesseet_vieillesse_1485954745.mp3<\/a><\/audio>\n<div class=\"rtbf-article-main__audio\"><\/div>\n<\/div>\n<div class=\"rtbf-paragraph  clearfix\">\n<p>D\u2019ores et d\u00e9j\u00e0, ce livre est \u00e0 placer dans les parutions de 2017 \u00e0 mettre absolument dans votre biblioth\u00e8que ! Classique dans son d\u00e9coupage \u00e9pur\u00e9 et sa construction narrative, cet album coup-de-poing porte un regard ac\u00e9r\u00e9 sur le monde qui est le n\u00f4tre, sur la place qui y est faite \u00e0 la simple justice humaine.<\/p>\n<p>C\u2019est un livre important, sans concession, \u00e0 lire, \u00e0 relire, \u00e0 faire lire !<\/p>\n<p>&nbsp;<\/p>\n<p><strong>Jacques Schra\u00fbwen<\/strong><\/p>\n<p><strong>Proies Faciles (auteur : Miguelanxo Prado \u2013 \u00e9diteur : Rue De S\u00e8vres)<\/strong><\/p>\n<\/div>\n<div class=\"rtbf-paragraph rs_skip rs_preserve\"><\/div>\n<\/div>\n<div class=\"col-xs-12 rs_skip rs_preserve\"><\/div>\n<\/article>\n<\/div>\n","protected":false},"excerpt":{"rendered":"<p>Un polar sombre, superbement dessin\u00e9, ancr\u00e9 dans la r\u00e9alit\u00e9 sociale de l\u2019Espagne d\u2019aujourd\u2019hui\u2026 Un livre \u00a0\u00bb engag\u00e9 \u00a0\u00bb \u00e0 ne rater sous aucun pr\u00e9texte ! Proies faciles &#8211; \u00a9 Rue De S\u00e8vres Un peu partout dans le monde, les ann\u00e9es 2000 ont vu se multiplier les scandales financiers. Les banques, r\u00e9ceptionnaires des \u00e9conomies de tout [&hellip;]<\/p>\n","protected":false},"author":1,"featured_media":370,"comment_status":"open","ping_status":"open","sticky":false,"template":"","format":"standard","meta":{"jetpack_post_was_ever_published":false,"_jetpack_newsletter_access":"","_jetpack_dont_email_post_to_subs":false,"_jetpack_newsletter_tier_id":0,"_jetpack_memberships_contains_paywalled_content":false,"_jetpack_memberships_contains_paid_content":false,"footnotes":"","jetpack_publicize_message":"","jetpack_publicize_feature_enabled":true,"jetpack_social_post_already_shared":true,"jetpack_social_options":{"image_generator_settings":{"template":"highway","default_image_id":0,"font":"","enabled":false},"version":2}},"categories":[23,27],"tags":[],"class_list":["post-369","post","type-post","status-publish","format-standard","has-post-thumbnail","hentry","category-bd-de-m-a-r","category-p"],"jetpack_publicize_connections":[],"jetpack_featured_media_url":"https:\/\/i0.wp.com\/bd-chroniques.be\/wp-content\/uploads\/2017\/02\/6ff8a61ce96f20991d27b4e9e11c54db-1485955022.jpg?fit=1248%2C700&ssl=1","jetpack_shortlink":"https:\/\/wp.me\/p8dqsu-5X","jetpack_likes_enabled":true,"jetpack_sharing_enabled":true,"_links":{"self":[{"href":"https:\/\/bd-chroniques.be\/index.php\/wp-json\/wp\/v2\/posts\/369","targetHints":{"allow":["GET"]}}],"collection":[{"href":"https:\/\/bd-chroniques.be\/index.php\/wp-json\/wp\/v2\/posts"}],"about":[{"href":"https:\/\/bd-chroniques.be\/index.php\/wp-json\/wp\/v2\/types\/post"}],"author":[{"embeddable":true,"href":"https:\/\/bd-chroniques.be\/index.php\/wp-json\/wp\/v2\/users\/1"}],"replies":[{"embeddable":true,"href":"https:\/\/bd-chroniques.be\/index.php\/wp-json\/wp\/v2\/comments?post=369"}],"version-history":[{"count":1,"href":"https:\/\/bd-chroniques.be\/index.php\/wp-json\/wp\/v2\/posts\/369\/revisions"}],"predecessor-version":[{"id":373,"href":"https:\/\/bd-chroniques.be\/index.php\/wp-json\/wp\/v2\/posts\/369\/revisions\/373"}],"wp:featuredmedia":[{"embeddable":true,"href":"https:\/\/bd-chroniques.be\/index.php\/wp-json\/wp\/v2\/media\/370"}],"wp:attachment":[{"href":"https:\/\/bd-chroniques.be\/index.php\/wp-json\/wp\/v2\/media?parent=369"}],"wp:term":[{"taxonomy":"category","embeddable":true,"href":"https:\/\/bd-chroniques.be\/index.php\/wp-json\/wp\/v2\/categories?post=369"},{"taxonomy":"post_tag","embeddable":true,"href":"https:\/\/bd-chroniques.be\/index.php\/wp-json\/wp\/v2\/tags?post=369"}],"curies":[{"name":"wp","href":"https:\/\/api.w.org\/{rel}","templated":true}]}}