{"id":382,"date":"2017-02-06T13:44:55","date_gmt":"2017-02-06T12:44:55","guid":{"rendered":"http:\/\/bd-chroniques.be\/?p=382"},"modified":"2017-02-06T13:44:55","modified_gmt":"2017-02-06T12:44:55","slug":"la-jeunesse-de-staline-1-sosso","status":"publish","type":"post","link":"https:\/\/bd-chroniques.be\/index.php\/2017\/02\/06\/la-jeunesse-de-staline-1-sosso\/","title":{"rendered":"La Jeunesse de Staline : 1. Sosso"},"content":{"rendered":"<div class=\"rtbf-paragraph\">\n<p>Que fut Staline avant Staline ?&#8230; Voil\u00e0 toute l\u2019ambition de ce livre, historiquement fouill\u00e9, tant au niveau du sc\u00e9nario que du dessin ! \u00c9coutez ici l&rsquo;interview des deux sc\u00e9naristes&#8230;<\/p>\n<\/div>\n<div class=\"rtbf-paragraph  clearfix\">\n<figure class=\"www-media custom_large www-media--last js-gallery-figure\"><a id=\"image-9016291\" class=\"www-media-fullscreen js-gallery-image\" href=\"https:\/\/i0.wp.com\/ds1.static.rtbf.be\/article\/image\/1240x800\/c\/2\/a\/3be869b7504ad66429fa12a8f14c6317-1486211654.jpg\" target=\"_blank\" data-id=\"9016291\"> <img data-recalc-dims=\"1\" decoding=\"async\" class=\"img-responsive www-img-full   lazyloaded\" title=\"La jeunesse de Staline\" src=\"https:\/\/i0.wp.com\/ds1.static.rtbf.be\/article\/image\/370xAuto\/c\/2\/a\/3be869b7504ad66429fa12a8f14c6317-1486211654.jpg?w=768\" sizes=\"(min-width: 1200px) calc(992px*0.66), (min-width: 992px) 66vw, 100vw\" srcset=\"http:\/\/ds1.static.rtbf.be\/article\/image\/370xAuto\/c\/2\/a\/3be869b7504ad66429fa12a8f14c6317-1486211654.jpg 370w,http:\/\/ds1.static.rtbf.be\/article\/image\/770xAuto\/c\/2\/a\/3be869b7504ad66429fa12a8f14c6317-1486211654.jpg 770w,http:\/\/ds1.static.rtbf.be\/article\/image\/1248xAuto\/c\/2\/a\/3be869b7504ad66429fa12a8f14c6317-1486211654.jpg 1248w\" alt=\"La jeunesse de Staline\" data-sizes=\"(min-width: 1200px) calc(992px*0.66), (min-width: 992px) 66vw, 100vw\" data-srcset=\"http:\/\/ds1.static.rtbf.be\/article\/image\/370xAuto\/c\/2\/a\/3be869b7504ad66429fa12a8f14c6317-1486211654.jpg 370w,http:\/\/ds1.static.rtbf.be\/article\/image\/770xAuto\/c\/2\/a\/3be869b7504ad66429fa12a8f14c6317-1486211654.jpg 770w,http:\/\/ds1.static.rtbf.be\/article\/image\/1248xAuto\/c\/2\/a\/3be869b7504ad66429fa12a8f14c6317-1486211654.jpg 1248w\" \/> <i class=\"ico ico-circle ico-stack-2x www-media-enlarge__bg\"><\/i> <i class=\"ico ico-expand ico-stack-1x ico-inverse www-media-enlarge__icon\"><\/i> <\/a><figcaption class=\"www-media-caption\"><em><span class=\"www-media-caption__text\">La jeunesse de Staline &#8211; \u00a9 Les ar\u00e8nes bd<\/span><\/em><\/figcaption><\/figure>\n<p>Deux sc\u00e9naristes sont aux commandes de cet album \u00e9tonnant.<\/p>\n<p>Etonnant par son th\u00e8me, d\u2019abord : parler de Staline, aujourd\u2019hui, ce n\u2019est sans doute pas gratuit. L\u2019\u00e9poque actuelle est riche, en effet, en dictateurs (ou apprentis-dictateurs) de toutes sortes, souvent m\u00eame \u00e9lus selon les r\u00e8gles bienpensantes de la d\u00e9mocratie. Nous montrer \u00e0 voir la mont\u00e9e en puissance d\u2019un homme qui allait devenir un jour un des pires dirigeants du vingti\u00e8me si\u00e8cle, c\u2019est donc aussi faire r\u00e9fl\u00e9chir \u00e0 aujourd\u2019hui.<\/p>\n<p>Le second \u00e9tonnement provoqu\u00e9 par ce livre, c\u2019est la fa\u00e7on dont le sujet est abord\u00e9. A aucun moment (ou presque\u2026) les deux sc\u00e9naristes ne diabolisent le personnage de Staline. Sans l\u2019id\u00e9aliser, bien s\u00fbr, le portrait qu\u2019ils nous livrent est celui d\u2019un jeune homme d\u2019abord et essentiellement r\u00e9volt\u00e9 contre un monde dans lequel la pauvret\u00e9 est synonyme d\u2019esclavage, charnel et\/ou intellectuel. Un jeune homme qu\u2019on pourrait presque rapprocher de l\u2019anarchiste Bonnot, en France. Avec une grande diff\u00e9rence, malgr\u00e9 tout : le pouvoir en guise de finalit\u00e9 pour l\u2019un, la libert\u00e9 totale en tant que but ultime pour l\u2019autre.<\/p>\n<p>Ce livre est \u00e9tonnant, aussi, par ce portrait, justement, qui nous montre un \u00eatre profond\u00e9ment humain, avec ses d\u00e9chirures, avec sa psychologie, avec un pass\u00e9 qui explique d\u00e9j\u00e0 ce qu\u2019il deviendra un jour.<\/p>\n<p>Je disais que ce personnage de Staline jeune n\u2019\u00e9tait jamais diabolis\u00e9, mais il nous est montr\u00e9 sans appr\u00eats, dans toute sa diversit\u00e9. Il est multiple, comme l\u2019\u00e9taient ses lectures, de Zola \u00e0 Napol\u00e9on, de Germinal au \u00a0\u00bb Capital \u00a0\u00bb de Marx !&#8230; L\u00e0 o\u00f9 il y a accentuation du portrait sombre de Staline, c\u2019est quand on le voit, \u00e2g\u00e9, dictant ses m\u00e9moires. Physiquement, il reste le fameux \u00a0\u00bb Petit P\u00e8re \u00ab\u00a0, mais c\u2019est dans les attitudes et les regards de l\u2019homme \u00e0 qui il se livre que se lisent toute l\u2019horreur et l\u2019angoisse que sa seule pr\u00e9sence r\u00e9ussit \u00e0 provoquer !<\/p>\n<h4 class=\"audio-player__title\">Hubert Prolongeau: le \u00ab\u00a0pourquoi\u00a0\u00bb&#8230;<\/h4>\n<audio class=\"wp-audio-shortcode\" id=\"audio-382-1\" preload=\"none\" style=\"width: 100%;\" controls=\"controls\"><source type=\"audio\/mpeg\" src=\"http:\/\/bd-chroniques.be\/wp-content\/uploads\/2017\/02\/staline_hubert_pourquoi_pouvoir_1486211142.mp3?_=1\" \/><a href=\"http:\/\/bd-chroniques.be\/wp-content\/uploads\/2017\/02\/staline_hubert_pourquoi_pouvoir_1486211142.mp3\">http:\/\/bd-chroniques.be\/wp-content\/uploads\/2017\/02\/staline_hubert_pourquoi_pouvoir_1486211142.mp3<\/a><\/audio>\n<h4 class=\"audio-player__title\">Arnaud Delalande: un personnage multiple<\/h4>\n<audio class=\"wp-audio-shortcode\" id=\"audio-382-2\" preload=\"none\" style=\"width: 100%;\" controls=\"controls\"><source type=\"audio\/mpeg\" src=\"http:\/\/bd-chroniques.be\/wp-content\/uploads\/2017\/02\/staline_arnaud_idealisme_a_monstruosite_1486210904.mp3?_=2\" \/><a href=\"http:\/\/bd-chroniques.be\/wp-content\/uploads\/2017\/02\/staline_arnaud_idealisme_a_monstruosite_1486210904.mp3\">http:\/\/bd-chroniques.be\/wp-content\/uploads\/2017\/02\/staline_arnaud_idealisme_a_monstruosite_1486210904.mp3<\/a><\/audio>\n<p>Vous l\u2019aurez donc compris, on se trouve, ici, en face d\u2019un livre dans lequel la v\u00e9rit\u00e9 historique (et humaine) occupe la premi\u00e8re place.<\/p>\n<p>Mais ce n\u2019est pas un pesant livre d\u2019histoire, malgr\u00e9 tout, que du contraire ! La personnalit\u00e9 de Staline, dans sa jeunesse, en fait un anti-h\u00e9ros proche des h\u00e9ros romantiques, aventurier et parfois id\u00e9aliste, opportuniste et ambitieux\u2026<\/p>\n<p>C\u2019est un vrai album d\u2019aventures, finalement, mais qui ouvre \u00e0 des r\u00e9flexions profond\u00e9ment contemporaines.<\/p>\n<p>C\u2019est aussi\u00a0 l\u2019\u0153uvre d\u2019un dessinateur, Eric Liberge, qui aime le souffle \u00e9pique qu\u2019un r\u00e9cit peut avoir, qui aime les grandes fresques aux personnages nombreux, et qui utilise la couleur avec un art r\u00e9el du symbole.<\/p>\n<p>\u00a0\u00bb Staline jeune \u00a0\u00bb \u00e9tait un \u00eatre humain flamboyant\u2026 multiforme\u2026 Un personnage sombre, qu\u2019on voit trait\u00e9 en un noir profond, mais aussi un personnage avide d\u2019un pouvoir \u00e0 venir, sanglant et communiste, d\u2019o\u00f9 l\u2019utilisation du rouge dans toutes les actions qu\u2019il m\u00e8ne.<\/p>\n<h4 class=\"audio-player__title\">Eric Liberge, le dessinateur, vu par ses deux sc\u00e9naristes<\/h4>\n<audio class=\"wp-audio-shortcode\" id=\"audio-382-3\" preload=\"none\" style=\"width: 100%;\" controls=\"controls\"><source type=\"audio\/mpeg\" src=\"http:\/\/bd-chroniques.be\/wp-content\/uploads\/2017\/02\/staline_les_2_liberge_1486211217.mp3?_=3\" \/><a href=\"http:\/\/bd-chroniques.be\/wp-content\/uploads\/2017\/02\/staline_les_2_liberge_1486211217.mp3\">http:\/\/bd-chroniques.be\/wp-content\/uploads\/2017\/02\/staline_les_2_liberge_1486211217.mp3<\/a><\/audio>\n<h4 class=\"audio-player__title\">Hubert Prolongeau: la bd comme r\u00e9flexion&#8230;<\/h4>\n<audio class=\"wp-audio-shortcode\" id=\"audio-382-4\" preload=\"none\" style=\"width: 100%;\" controls=\"controls\"><source type=\"audio\/mpeg\" src=\"http:\/\/bd-chroniques.be\/wp-content\/uploads\/2017\/02\/staline_hubert_bd_reflexion_1486211024.mp3?_=4\" \/><a href=\"http:\/\/bd-chroniques.be\/wp-content\/uploads\/2017\/02\/staline_hubert_bd_reflexion_1486211024.mp3\">http:\/\/bd-chroniques.be\/wp-content\/uploads\/2017\/02\/staline_hubert_bd_reflexion_1486211024.mp3<\/a><\/audio>\n<div class=\"rtbf-paragraph  clearfix\">\n<p>Dans ce premier volume, les auteurs nous expliquent le pourquoi de la r\u00e9volte de Staline contre le monde dans lequel il survivait et voulait vivre. S\u2019y amorcent aussi les moyens utilis\u00e9s pour faire de sa r\u00e9volte un vrai mouvement. Nous reste \u00e0 d\u00e9couvrir certainement, dans la future suite, le \u00a0\u00bb comment \u00a0\u00bb Sosso est devenu Staline !<\/p>\n<p>L\u2019Histoire, la grande, quand elle est trait\u00e9e de cette mani\u00e8re par la bande dessin\u00e9e, se r\u00e9v\u00e8le v\u00e9ritablement passionnante, croyez-moi, et ce livre ne pourra que plaire \u00e0 toutes celles et tous ceux qui veulent mieux comprendre notre monde, ses pass\u00e9s, pour \u00e9viter, peut-\u00eatre, qu\u2019ils ne reprennent vie dans nos pr\u00e9sents\u2026<\/p>\n<p>&nbsp;<\/p>\n<p><strong>Jacques Schra\u00fbwen<\/strong><\/p>\n<p><strong>La Jeunesse de Staline : 1. Sosso (dessin : Eric Liberge \u2013 sc\u00e9nario : Hubert Prolongeau et Arnaud Delalande \u2013 \u00e9diteur: Les Ar\u00e8nes BD)<\/strong><\/p>\n<\/div>\n<\/div>\n","protected":false},"excerpt":{"rendered":"<p>Que fut Staline avant Staline ?&#8230; Voil\u00e0 toute l\u2019ambition de ce livre, historiquement fouill\u00e9, tant au niveau du sc\u00e9nario que du dessin ! \u00c9coutez ici l&rsquo;interview des deux sc\u00e9naristes&#8230; La jeunesse de Staline &#8211; \u00a9 Les ar\u00e8nes bd Deux sc\u00e9naristes sont aux commandes de cet album \u00e9tonnant. Etonnant par son th\u00e8me, d\u2019abord : parler de [&hellip;]<\/p>\n","protected":false},"author":1,"featured_media":383,"comment_status":"open","ping_status":"open","sticky":false,"template":"","format":"standard","meta":{"jetpack_post_was_ever_published":false,"_jetpack_newsletter_access":"","_jetpack_dont_email_post_to_subs":false,"_jetpack_newsletter_tier_id":0,"_jetpack_memberships_contains_paywalled_content":false,"_jetpack_memberships_contains_paid_content":false,"footnotes":"","jetpack_publicize_message":"","jetpack_publicize_feature_enabled":true,"jetpack_social_post_already_shared":true,"jetpack_social_options":{"image_generator_settings":{"template":"highway","default_image_id":0,"font":"","enabled":false},"version":2}},"categories":[22,33],"tags":[],"class_list":["post-382","post","type-post","status-publish","format-standard","has-post-thumbnail","hentry","category-bd-de-g-a-l","category-j"],"jetpack_publicize_connections":[],"jetpack_featured_media_url":"https:\/\/i0.wp.com\/bd-chroniques.be\/wp-content\/uploads\/2017\/02\/deab3cba176dab18c164a83282be0165-1486211429.jpg?fit=1248%2C701&ssl=1","jetpack_shortlink":"https:\/\/wp.me\/p8dqsu-6a","jetpack_likes_enabled":true,"jetpack_sharing_enabled":true,"_links":{"self":[{"href":"https:\/\/bd-chroniques.be\/index.php\/wp-json\/wp\/v2\/posts\/382","targetHints":{"allow":["GET"]}}],"collection":[{"href":"https:\/\/bd-chroniques.be\/index.php\/wp-json\/wp\/v2\/posts"}],"about":[{"href":"https:\/\/bd-chroniques.be\/index.php\/wp-json\/wp\/v2\/types\/post"}],"author":[{"embeddable":true,"href":"https:\/\/bd-chroniques.be\/index.php\/wp-json\/wp\/v2\/users\/1"}],"replies":[{"embeddable":true,"href":"https:\/\/bd-chroniques.be\/index.php\/wp-json\/wp\/v2\/comments?post=382"}],"version-history":[{"count":1,"href":"https:\/\/bd-chroniques.be\/index.php\/wp-json\/wp\/v2\/posts\/382\/revisions"}],"predecessor-version":[{"id":388,"href":"https:\/\/bd-chroniques.be\/index.php\/wp-json\/wp\/v2\/posts\/382\/revisions\/388"}],"wp:featuredmedia":[{"embeddable":true,"href":"https:\/\/bd-chroniques.be\/index.php\/wp-json\/wp\/v2\/media\/383"}],"wp:attachment":[{"href":"https:\/\/bd-chroniques.be\/index.php\/wp-json\/wp\/v2\/media?parent=382"}],"wp:term":[{"taxonomy":"category","embeddable":true,"href":"https:\/\/bd-chroniques.be\/index.php\/wp-json\/wp\/v2\/categories?post=382"},{"taxonomy":"post_tag","embeddable":true,"href":"https:\/\/bd-chroniques.be\/index.php\/wp-json\/wp\/v2\/tags?post=382"}],"curies":[{"name":"wp","href":"https:\/\/api.w.org\/{rel}","templated":true}]}}