{"id":3824,"date":"2019-07-21T08:00:57","date_gmt":"2019-07-21T06:00:57","guid":{"rendered":"http:\/\/bd-chroniques.be\/?p=3824"},"modified":"2019-07-20T10:58:48","modified_gmt":"2019-07-20T08:58:48","slug":"la-conquete-de-lespace","status":"publish","type":"post","link":"https:\/\/bd-chroniques.be\/index.php\/2019\/07\/21\/la-conquete-de-lespace\/","title":{"rendered":"La Conqu\u00eate De L&rsquo;Espace"},"content":{"rendered":"\n<p style=\"text-align:center\"><strong>Il y a cinquante ans, l&rsquo;homme marchait sur la lune ! <\/strong><\/p>\n\n\n\n<p>Nous sommes \u00e0 un mois de l\u2019anniversaire d\u2019un des \u00e9v\u00e9nements les plus embl\u00e9matiques du vingti\u00e8me si\u00e8cle, et le monde de la bande dessin\u00e9e s\u2019y int\u00e9resse de pr\u00e8s\u2026<\/p>\n\n\n\n<figure class=\"wp-block-image\"><a href=\"https:\/\/i0.wp.com\/ds1.static.rtbf.be\/article\/image\/1240x800\/0\/6\/1\/6711a16218d2b362872671fb52ea06bc-1560832452.jpg?ssl=1\" target=\"_blank\" rel=\"noreferrer noopener\"><img data-recalc-dims=\"1\" decoding=\"async\" src=\"https:\/\/i0.wp.com\/ds1.static.rtbf.be\/article\/image\/770xAuto\/0\/6\/1\/6711a16218d2b362872671fb52ea06bc-1560832452.jpg?w=768&#038;ssl=1\" alt=\"la conqu\u00eate de l'espace\"\/><\/a><figcaption>                La conqu\u00eate de l&rsquo;espace  \u00a9 Casterman                                               <\/figcaption><\/figure>\n\n\n\n<p>C\u2019\u00e9tait le 21 juillet 1969\u2026 Merckx gagnait son premier tour de France, mais, surtout, l\u2019homme mettait le pied sur la lune&nbsp;! Un \u00e9v\u00e9nement qui a enthousiasm\u00e9 le monde entier. Sauf les po\u00e8tes et les <a href=\"https:\/\/www.youtube.com\/watch?v=Om0-2CmAU_w\" target=\"_blank\" rel=\"noreferrer noopener\"><strong>Fr\u00e8res Jacques<\/strong><\/a>\u2026 Un peu comme si le fait d\u2019aller sautiller sur notre satellite ouvrait la porte \u00e0 la r\u00e9alit\u00e9 d\u2019un monde meilleur&nbsp;! C\u2019\u00e9tait une aventure, certes, mais n\u00e9e, par l\u2019interm\u00e9diaire de Von Braun, sur les cendres les plus horribles de la deuxi\u00e8me guerre mondiale&nbsp;!<\/p>\n\n\n\n<p>Cela reste cependant, aujourd\u2019hui, un des moments essentiels de l\u2019Histoire de l\u2019humanit\u00e9&nbsp;! <\/p>\n\n\n\n<p>Et le livre qui vient de sortir chez Casterman, dans la collection des \u00ab\u00a0reportages de Lefranc\u00a0\u00bb, raconte cette \u00e9pop\u00e9e, de sa gen\u00e8se jusqu\u2019\u00e0 son aboutissement. Ce livre, \u00a0\u00bb&nbsp;La conqu\u00eate de l\u2019espace&nbsp;\u00ab\u00a0, n\u2019est pas une bd, mais plus un livre de vulgarisation scientifique illustr\u00e9 \u00e0 la mani\u00e8re d\u2019une bande dessin\u00e9e. Et aux commandes du texte, Pierre-Emmanuel Paulis, qui travaille \u00e0 l\u2019Euro Space Center, sait de quoi il parle, sans aucun doute&nbsp;!<\/p>\n\n\n\n<figure class=\"wp-block-audio\"><audio controls src=\"http:\/\/bd-chroniques.be\/wp-content\/uploads\/2019\/06\/paulis-chronique-ok.mp3\"><\/audio><figcaption>Pierre-Emmanuel Paulis<\/figcaption><\/figure>\n\n\n\n<figure class=\"wp-block-image\"><a href=\"https:\/\/i0.wp.com\/ds1.static.rtbf.be\/article\/image\/1240x800\/2\/8\/9\/d9b135d60cfaebbecb05ec9da5f52b1a-1560832577.jpg?ssl=1\" target=\"_blank\" rel=\"noreferrer noopener\"><img data-recalc-dims=\"1\" decoding=\"async\" src=\"https:\/\/i0.wp.com\/ds1.static.rtbf.be\/article\/image\/770xAuto\/2\/8\/9\/d9b135d60cfaebbecb05ec9da5f52b1a-1560832577.jpg?w=768&#038;ssl=1\" alt=\"Euro Space Center\"\/><\/a><figcaption>                 Euro Space Center  \u00a9 JJ Procureur                                               <\/figcaption><\/figure>\n\n\n\n<p>La qualit\u00e9 de cette collection r\u00e9side dans la volont\u00e9 des auteurs de cr\u00e9er des albums lisibles par chacun, des albums qui, certes, correspondent \u00e0 une passion, \u00e0 une \u00e9poque pr\u00e9cise, \u00e0 un \u00e9v\u00e9nement, comme ici, mais qui replacent tout cela dans un contexte le plus pr\u00e9cis possible. Pr\u00e9cis, oui, historiquement comme technologiquement.<\/p>\n\n\n\n<p>Pierre-Emmanuel Paulis construit son texte presque journalistiquement, dans un style direct totalement accessible. Et puis, il y a le dessin de R\u00e9gric, un vrai dessin \u00a0\u00bb&nbsp;neuvi\u00e8me art&nbsp;\u00ab\u00a0\u2026 Document\u00e9, pr\u00e9cis, mais aussi ax\u00e9 d\u2019abord sur l\u2019\u00eatre humain&nbsp;! Son style r\u00e9aliste s\u2019inscrit r\u00e9solument dans la filiation de l\u2019\u0153uvre de Jacques Martin, et son sens de l\u2019illustration sert de contrepoint aux photos qui, pour importantes qu\u2019elles soient, manquent de vie, de vivacit\u00e9, reconnaissons-le&nbsp;! Reconnaissons aussi le talent de Bruno Wesel, dont les couleurs, tr\u00e8s r\u00e9alistes elles aussi, jouent avec les ombres et les perspectives avec beaucoup de r\u00e9ussite.<\/p>\n\n\n\n<figure class=\"wp-block-audio\"><audio controls src=\"http:\/\/bd-chroniques.be\/wp-content\/uploads\/2019\/06\/regric-chronique-ok.mp3\"><\/audio><figcaption>R\u00e9gric<\/figcaption><\/figure>\n\n\n\n<figure class=\"wp-block-image\"><a href=\"https:\/\/i0.wp.com\/ds1.static.rtbf.be\/article\/image\/1240x800\/d\/f\/c\/9c1ad16adcb16923b0ae51da8cf00e19-1560832714.jpg?ssl=1\" target=\"_blank\" rel=\"noreferrer noopener\"><img data-recalc-dims=\"1\" decoding=\"async\" src=\"https:\/\/i0.wp.com\/ds1.static.rtbf.be\/article\/image\/770xAuto\/d\/f\/c\/9c1ad16adcb16923b0ae51da8cf00e19-1560832714.jpg?w=768&#038;ssl=1\" alt=\"les auteurs de &quot;La Conqu\u00eate de l'Espace&quot;, &quot;Lune Rouge&quot; et &quot;Airborne 44&quot; \u00e0 l'Euro Space Center\"\/><\/a><figcaption>                 les auteurs de \u00ab\u00a0La Conqu\u00eate de l&rsquo;Espace\u00a0\u00bb, \u00ab\u00a0Lune Rouge\u00a0\u00bb et \u00ab\u00a0Airborne 44\u00a0\u00bb \u00e0 l&rsquo;Euro Space Center  \u00a9 JJ Procureur                                               <\/figcaption><\/figure>\n\n\n\n<p>Cet anniversaire ne pouvait pas se pr\u00e9parer sans livre, mais il ne pouvait pas non plus se faire sans la participation de <a href=\"https:\/\/www.eurospacecenter.be\/\" target=\"_blank\" rel=\"noreferrer noopener\"><strong>l\u2019Euro Center de Transinne<\/strong><\/a>, bien \u00e9videmment&nbsp;!<\/p>\n\n\n\n<p>Une exposition y fait se c\u00f4toyer les dessins de R\u00e9gric et diff\u00e9rentes pi\u00e8ces \u00e9tonnantes et parlantes de la collection priv\u00e9e de Pierre-Emmanuel Paulis.<\/p>\n\n\n\n<p>Et en se baladant dans ce centre \u00e9tonnant et extr\u00eamement moderne, n\u2019h\u00e9sitez pas \u00e0 tenter une exp\u00e9rience de r\u00e9alit\u00e9 virtuelle aux sensations \u00e9tonnantes, et puissantes&nbsp;! Je vous garantis quelques frissons envo\u00fbtants!&#8230; <\/p>\n\n\n\n<figure class=\"wp-block-image\"><a href=\"https:\/\/i0.wp.com\/ds1.static.rtbf.be\/article\/image\/1240x800\/0\/5\/3\/668479738e4b52bafb2f81d99c5506a4-1560832889.jpg?ssl=1\" target=\"_blank\" rel=\"noreferrer noopener\"><img data-recalc-dims=\"1\" decoding=\"async\" src=\"https:\/\/i0.wp.com\/ds1.static.rtbf.be\/article\/image\/770xAuto\/0\/5\/3\/668479738e4b52bafb2f81d99c5506a4-1560832889.jpg?w=768&#038;ssl=1\" alt=\"Dirk Frimout, Jarbinet et P.-E. Paulis\"\/><\/a><figcaption>                 Dirk Frimout, Jarbinet et P.-E. Paulis  \u00a9 JJ Procureur                                               <\/figcaption><\/figure>\n\n\n\n<p>Cela dit, cet anniversaire va permettre \u00e0 d\u2019autres albums de parler de conqu\u00eate spatiale, eux aussi, avec moins de pr\u00e9cision scientifique (quoique&nbsp;!) et plus d\u2019imagination\u2026 De quoi varier les plaisirs&nbsp;! Dans <strong>\u00a0\u00bb&nbsp;La Lune Rouge&nbsp;\u00a0\u00bb (de Corteggiani et Alv\u00e8s)<\/strong> , c\u2019est en pleine guerre froide que nous plonge Lefranc. Une guerre froide qui est \u00e0 la base de toute la technologie qui a permis, en 1969, de permettre \u00e0 l\u2019homme de fouler le sol de l\u2019astre des po\u00e8tes\u2026 <\/p>\n\n\n\n<p>Avec <strong>Airborne 44, Jarbinet<\/strong> nous rappelle que les ruines d\u2019une guerre permettent souvent des avanc\u00e9es telles que le monde ne peut, la guerre finie, que changer, \u00e9voluer, vite, sans tenir compte de la valeur humaine de ceux que la soci\u00e9t\u00e9 accepte d\u2019utiliser pour leurs valeurs scientifiques\u2026 Sur les ruines, parfois, se construisent des r\u00eaves auxquels donner vie!<\/p>\n\n\n\n<p><strong>Jacques Schra\u00fbwen<\/strong><\/p>\n\n\n\n<p><strong>Les Reportages de Lefranc &#8211; La Conqu\u00eate De L\u2019Espace (dessin&nbsp;: R\u00e9gric \u2013 texte&nbsp;: P.-E. Paulis \u2013 \u00e9diteur&nbsp;: Casterman)<\/strong><\/p>\n\n\n\n<div class=\"wp-block-image\"><figure class=\"aligncenter\"><img loading=\"lazy\" decoding=\"async\" width=\"1419\" height=\"1892\" src=\"https:\/\/i1.wp.com\/bd-chroniques.be\/wp-content\/uploads\/2019\/06\/espace0-1.jpg?fit=768%2C1024\" alt=\"\" class=\"wp-image-3829\" srcset=\"https:\/\/i0.wp.com\/bd-chroniques.be\/wp-content\/uploads\/2019\/06\/espace0-1.jpg?w=1419&amp;ssl=1 1419w, https:\/\/i0.wp.com\/bd-chroniques.be\/wp-content\/uploads\/2019\/06\/espace0-1.jpg?resize=225%2C300&amp;ssl=1 225w, https:\/\/i0.wp.com\/bd-chroniques.be\/wp-content\/uploads\/2019\/06\/espace0-1.jpg?resize=768%2C1024&amp;ssl=1 768w\" sizes=\"auto, (max-width: 768px) 100vw, 768px\" \/><figcaption>La Conqu\u00eate de l&rsquo;Espace \u00a9 Casterman<\/figcaption><\/figure><\/div>\n","protected":false},"excerpt":{"rendered":"<p>Il y a cinquante ans, l&rsquo;homme marchait sur la lune ! Nous sommes \u00e0 un mois de l\u2019anniversaire d\u2019un des \u00e9v\u00e9nements les plus embl\u00e9matiques du vingti\u00e8me si\u00e8cle, et le monde de la bande dessin\u00e9e s\u2019y int\u00e9resse de pr\u00e8s\u2026 C\u2019\u00e9tait le 21 juillet 1969\u2026 Merckx gagnait son premier tour de France, mais, surtout, l\u2019homme mettait le [&hellip;]<\/p>\n","protected":false},"author":1,"featured_media":3825,"comment_status":"open","ping_status":"open","sticky":false,"template":"","format":"standard","meta":{"jetpack_post_was_ever_published":false,"_jetpack_newsletter_access":"","_jetpack_dont_email_post_to_subs":false,"_jetpack_newsletter_tier_id":0,"_jetpack_memberships_contains_paywalled_content":false,"_jetpack_memberships_contains_paid_content":false,"footnotes":"","jetpack_publicize_message":"","jetpack_publicize_feature_enabled":true,"jetpack_social_post_already_shared":true,"jetpack_social_options":{"image_generator_settings":{"template":"highway","default_image_id":0,"font":"","enabled":false},"version":2}},"categories":[18,37],"tags":[],"class_list":["post-3824","post","type-post","status-publish","format-standard","has-post-thumbnail","hentry","category-c","category-evenements"],"jetpack_publicize_connections":[],"jetpack_featured_media_url":"https:\/\/i0.wp.com\/bd-chroniques.be\/wp-content\/uploads\/2019\/06\/espace0.jpg?fit=1419%2C1892&ssl=1","jetpack_shortlink":"https:\/\/wp.me\/p8dqsu-ZG","jetpack_likes_enabled":true,"jetpack_sharing_enabled":true,"_links":{"self":[{"href":"https:\/\/bd-chroniques.be\/index.php\/wp-json\/wp\/v2\/posts\/3824","targetHints":{"allow":["GET"]}}],"collection":[{"href":"https:\/\/bd-chroniques.be\/index.php\/wp-json\/wp\/v2\/posts"}],"about":[{"href":"https:\/\/bd-chroniques.be\/index.php\/wp-json\/wp\/v2\/types\/post"}],"author":[{"embeddable":true,"href":"https:\/\/bd-chroniques.be\/index.php\/wp-json\/wp\/v2\/users\/1"}],"replies":[{"embeddable":true,"href":"https:\/\/bd-chroniques.be\/index.php\/wp-json\/wp\/v2\/comments?post=3824"}],"version-history":[{"count":4,"href":"https:\/\/bd-chroniques.be\/index.php\/wp-json\/wp\/v2\/posts\/3824\/revisions"}],"predecessor-version":[{"id":3939,"href":"https:\/\/bd-chroniques.be\/index.php\/wp-json\/wp\/v2\/posts\/3824\/revisions\/3939"}],"wp:featuredmedia":[{"embeddable":true,"href":"https:\/\/bd-chroniques.be\/index.php\/wp-json\/wp\/v2\/media\/3825"}],"wp:attachment":[{"href":"https:\/\/bd-chroniques.be\/index.php\/wp-json\/wp\/v2\/media?parent=3824"}],"wp:term":[{"taxonomy":"category","embeddable":true,"href":"https:\/\/bd-chroniques.be\/index.php\/wp-json\/wp\/v2\/categories?post=3824"},{"taxonomy":"post_tag","embeddable":true,"href":"https:\/\/bd-chroniques.be\/index.php\/wp-json\/wp\/v2\/tags?post=3824"}],"curies":[{"name":"wp","href":"https:\/\/api.w.org\/{rel}","templated":true}]}}