{"id":3833,"date":"2019-06-19T14:51:03","date_gmt":"2019-06-19T12:51:03","guid":{"rendered":"http:\/\/bd-chroniques.be\/?p=3833"},"modified":"2019-06-19T14:51:04","modified_gmt":"2019-06-19T12:51:04","slug":"signe-griffo-de-sos-bonheur-a-casanova","status":"publish","type":"post","link":"https:\/\/bd-chroniques.be\/index.php\/2019\/06\/19\/signe-griffo-de-sos-bonheur-a-casanova\/","title":{"rendered":"Sign\u00e9 Griffo: De SOS Bonheur \u00e0 Casanova"},"content":{"rendered":"\n<h4 class=\"wp-block-heading\">Une exposition au CBBD consacr\u00e9e \u00e0 un dessinateur belge aux talents multiples <\/h4>\n\n\n\n<p>Le Centre Belge de la Bande Dessin\u00e9e, \u00e0 Bruxelles, se caract\u00e9rise par l\u2019\u00e9clectisme de ses expositions. Avec Griffo, c\u2019est la dimension classique du neuvi\u00e8me art qui est mise \u00e0 l\u2018honneur. Ainsi que le talent d\u2019un artiste toujours \u00e9tonnant&nbsp;!<\/p>\n\n\n\n<div class=\"wp-block-image\"><figure class=\"aligncenter is-resized\"><a href=\"https:\/\/i0.wp.com\/ds1.static.rtbf.be\/article\/image\/1240x800\/8\/e\/0\/67396e0d10482eaa24a66bd5058903ef-1560942214.jpg?ssl=1\" target=\"_blank\" rel=\"noreferrer noopener\"><img data-recalc-dims=\"1\" loading=\"lazy\" decoding=\"async\" src=\"https:\/\/i0.wp.com\/ds1.static.rtbf.be\/article\/image\/370xAuto\/8\/e\/0\/67396e0d10482eaa24a66bd5058903ef-1560942214.jpg?resize=437%2C583&#038;ssl=1\" alt=\"Griffo\" width=\"437\" height=\"583\"\/><\/a><figcaption>Griffo  &#8211; \u00a9 Griffo<\/figcaption><\/figure><\/div>\n\n\n\n<p>C\u2019est Jean-Claude De la Roy\u00e8re, grand amoureux de la bande dessin\u00e9e belge, membre actif de l\u2019histoire du neuvi\u00e8me art en Belgique, qui a organis\u00e9 cette exposition. Et sa fa\u00e7on de la mettre en sc\u00e8ne nous permet de d\u00e9couvrir le trajet d\u2019un dessinateur, de ses d\u00e9buts dans l\u2019univers de l\u2019underground flandrien aux s\u00e9ries actuelles dans lesquelles son dessin r\u00e9aliste fait merveille.<\/p>\n\n\n\n<p>La carri\u00e8re de Griffo commence dans les ann\u00e9es 70 par des apparitions dans Tintin. Mais elle prend r\u00e9ellement son envol dans les ann\u00e9es 80, avec des s\u00e9ries qui, tr\u00e8s vite, trouvent leur public&nbsp;: Beatifica Blues, Monsieur Noir, Sherman, Vlad, Gengis Khan, et, bien entendu, Giacomo C.<\/p>\n\n\n\n<p>L\u2019intitul\u00e9 de l\u2019exposition qui lui est aujourd\u2019hui consacr\u00e9e, \u00a0\u00bb&nbsp;un dessinateur au service des sc\u00e9naristes&nbsp;\u00ab\u00a0, r\u00e9sume bien la conception que Griffo a du dessin en bande dessin\u00e9e. Il se sent d\u2019ailleurs infiniment plus au service des sc\u00e9narios que des sc\u00e9naristes&nbsp;! C\u2019est l\u2019histoire qu\u2019il a \u00e0 raconter qui le pousse \u00e0 adapter son dessin. Pas \u00e0 le modifier, non, mais \u00e0 le rendre le plus proche possible, dans son mouvement comme dans sa mise en sc\u00e8ne, du r\u00e9cit qu&rsquo;il prend en charge.<\/p>\n\n\n\n<figure class=\"wp-block-audio\"><audio controls src=\"http:\/\/bd-chroniques.be\/wp-content\/uploads\/2019\/06\/griffo-de-la-royere.mp3\"><\/audio><figcaption>Jean-Claude De la Roy\u00e8re<\/figcaption><\/figure>\n\n\n\n<figure class=\"wp-block-audio\"><audio controls src=\"http:\/\/bd-chroniques.be\/wp-content\/uploads\/2019\/06\/griffo-adapter-le-dessin.mp3\"><\/audio><figcaption>Griffo: adapter le dessin<\/figcaption><\/figure>\n\n\n\n<div class=\"wp-block-image\"><figure class=\"aligncenter is-resized\"><a href=\"https:\/\/i0.wp.com\/ds1.static.rtbf.be\/article\/image\/1240x800\/1\/d\/3\/84c6f6956261ae9cccef4b8d1963a8d6-1560942335.jpg?ssl=1\" target=\"_blank\" rel=\"noreferrer noopener\"><img data-recalc-dims=\"1\" loading=\"lazy\" decoding=\"async\" src=\"https:\/\/i0.wp.com\/ds1.static.rtbf.be\/article\/image\/370xAuto\/1\/d\/3\/84c6f6956261ae9cccef4b8d1963a8d6-1560942335.jpg?resize=462%2C606&#038;ssl=1\" alt=\"Griffo\" width=\"462\" height=\"606\"\/><\/a><figcaption>Griffo  &#8211; \u00a9 Griffo<\/figcaption><\/figure><\/div>\n\n\n\n<p>C\u2019est cette facult\u00e9 \u00e0 se plier, graphiquement, \u00e0 des ambiances diff\u00e9rentes, cette facilit\u00e9 qu\u2019il a, semble-t-il, \u00e0 \u00eatre parfois d\u2019un r\u00e9alisme presque froid, parfois d\u2019un dessin proche d\u2019une certaine caricature, c\u2019est ce talent particulier qui a pouss\u00e9, au fil des ann\u00e9es, des sc\u00e9naristes extr\u00eamement vari\u00e9s \u00e0 faire appel \u00e0 lui pour donner vie \u00e0 des personnages extr\u00eamement vari\u00e9s eux aussi. Vari\u00e9s, mais souvent plong\u00e9s dans les m\u00e9andres de la grande Histoire. Et la s\u00e9rie qui, aujourd\u2019hui, continue \u00e0 s\u00e9duire, en est une preuve \u00e9vidente. L\u2019aventurier libertin, Casanova, apr\u00e8s une absence de quelques ann\u00e9es, revient d\u2019ailleurs aujourd\u2019hui \u00e0 Venise&nbsp;! Il faut dire que la complicit\u00e9 qui existe entre Griffo et Jean Dufaux, le sc\u00e9nariste, ressemble fort \u00e0 de l\u2019amiti\u00e9 artistique et humaine. Il faut dire aussi que Venise est une ville envo\u00fbtante&nbsp;!<\/p>\n\n\n\n<figure class=\"wp-block-audio\"><audio controls src=\"http:\/\/bd-chroniques.be\/wp-content\/uploads\/2019\/06\/griffo-dufaux.mp3\"><\/audio><figcaption>Griffo: Jean Dufaux<\/figcaption><\/figure>\n\n\n\n<figure class=\"wp-block-audio\"><audio controls src=\"http:\/\/bd-chroniques.be\/wp-content\/uploads\/2019\/06\/griffo-venise.mp3\"><\/audio><figcaption>Griffo: Venise<\/figcaption><\/figure>\n\n\n\n<div class=\"wp-block-image\"><figure class=\"aligncenter is-resized\"><a href=\"https:\/\/i0.wp.com\/ds1.static.rtbf.be\/article\/image\/1240x800\/8\/9\/b\/6eb43a839e7d0356ce1f4ec291fd3b89-1560942406.jpg?ssl=1\" target=\"_blank\" rel=\"noreferrer noopener\"><img data-recalc-dims=\"1\" loading=\"lazy\" decoding=\"async\" src=\"https:\/\/i0.wp.com\/ds1.static.rtbf.be\/article\/image\/370xAuto\/8\/9\/b\/6eb43a839e7d0356ce1f4ec291fd3b89-1560942406.jpg?resize=511%2C684&#038;ssl=1\" alt=\"Griffo\" width=\"511\" height=\"684\"\/><\/a><figcaption>Griffo  \u00a9 Griffo<\/figcaption><\/figure><\/div>\n\n\n\n<p>S\u2019il fallait caract\u00e9riser Griffo, je pense qu\u2019il ne faut surtout pas le limiter \u00e0 un touche-\u00e0-tout toujours pr\u00eat \u00e0 se plier aux volont\u00e9s de ses sc\u00e9naristes. Dans sa d\u00e9marche artistique, lorsqu\u2019il se lance dans la cr\u00e9ation d\u2019un nouvel album, il n\u2019y a rien de r\u00e9fl\u00e9chi, mais, comme il le dit lui-m\u00eame, quelque chose de pratiquement \u00a0\u00bb&nbsp;organique&nbsp;\u00ab\u00a0. Son but, toujours, est de donner au sc\u00e9nario qu\u2019il \u00a0\u00bb&nbsp;illustre&nbsp;\u00a0\u00bb et construit une ambiance qui lui soit totalement personnelle.<\/p>\n\n\n\n<p>A ce titre, il faut aussi insister sur le talent pictural de Griffo, le \u00a0\u00bb&nbsp;plus&nbsp;\u00a0\u00bb incontestable que ses couleurs, ses aquarelles, apportent au r\u00e9cit. Il y a dans l\u2019aquarelle une belle transparence, par exemple, qui sied \u00e0 merveille aux paysages qu\u2019il aime dessiner, champ\u00eatres ou citadins, ceux de Venise comme d\u2019ailleurs&nbsp;!<\/p>\n\n\n\n<figure class=\"wp-block-audio\"><audio controls src=\"http:\/\/bd-chroniques.be\/wp-content\/uploads\/2019\/06\/griffo-dessin-organique.mp3\"><\/audio><figcaption>Griffo: un dessin \u00ab\u00a0organique\u00a0\u00bb<\/figcaption><\/figure>\n\n\n\n<figure class=\"wp-block-audio\"><audio controls src=\"http:\/\/bd-chroniques.be\/wp-content\/uploads\/2019\/06\/griffo-couleur.mp3\"><\/audio><figcaption>Griffo: la couleur<\/figcaption><\/figure>\n\n\n\n<div class=\"wp-block-image\"><figure class=\"aligncenter is-resized\"><a href=\"https:\/\/i0.wp.com\/ds1.static.rtbf.be\/article\/image\/1240x800\/f\/0\/0\/47769fe7ba49cd5153619572e664f742-1560942468.jpg?ssl=1\" target=\"_blank\" rel=\"noreferrer noopener\"><img data-recalc-dims=\"1\" loading=\"lazy\" decoding=\"async\" src=\"https:\/\/i0.wp.com\/ds1.static.rtbf.be\/article\/image\/370xAuto\/f\/0\/0\/47769fe7ba49cd5153619572e664f742-1560942468.jpg?resize=516%2C775&#038;ssl=1\" alt=\"Griffo\" width=\"516\" height=\"775\"\/><\/a><figcaption>Griffo  \u00a9 CBBD<\/figcaption><\/figure><\/div>\n\n\n\n<p>Griffo est aussi et surtout un \u00eatre p\u00e9tri de curiosit\u00e9. L\u2019ennui ne fait pas partie de son quotidien, et il aime \u00eatre surpris, il aime r\u00e9pondre \u00e0 des d\u00e9fis. Et c\u2019est ainsi qu\u2019il est fort possible, dans quelque temps, de le voir devenir auteur complet d\u2019un album\u2026 Un album inspir\u00e9 par l\u2019Histoire, le fantastique, et par son existence dans une des \u00eeles Canaries\u2026 <\/p>\n\n\n\n<figure class=\"wp-block-audio\"><audio controls src=\"http:\/\/bd-chroniques.be\/wp-content\/uploads\/2019\/06\/griffo-futur-auteur-complet.mp3\"><\/audio><figcaption>Griffo: un futur auteur complet <\/figcaption><\/figure>\n\n\n\n<div class=\"wp-block-image\"><figure class=\"aligncenter is-resized\"><a href=\"https:\/\/i0.wp.com\/ds1.static.rtbf.be\/article\/image\/1240x800\/1\/5\/c\/8c11a3013db3de49a2dfbfd1d7cbf8d0-1560942531.jpg?ssl=1\" target=\"_blank\" rel=\"noreferrer noopener\"><img data-recalc-dims=\"1\" loading=\"lazy\" decoding=\"async\" src=\"https:\/\/i0.wp.com\/ds1.static.rtbf.be\/article\/image\/370xAuto\/1\/5\/c\/8c11a3013db3de49a2dfbfd1d7cbf8d0-1560942531.jpg?resize=503%2C673&#038;ssl=1\" alt=\"Griffo\" width=\"503\" height=\"673\"\/><\/a><figcaption>Griffo  \u00a9 Griffo<\/figcaption><\/figure><\/div>\n\n\n\n<div class=\"wp-block-image\"><figure class=\"aligncenter is-resized\"><a href=\"https:\/\/i0.wp.com\/ds1.static.rtbf.be\/article\/image\/1240x800\/6\/a\/8\/92263eb2217a65a7fe5fae3bb4b5c480-1560942550.jpg?ssl=1\" target=\"_blank\" rel=\"noreferrer noopener\"><img data-recalc-dims=\"1\" loading=\"lazy\" decoding=\"async\" src=\"https:\/\/i0.wp.com\/ds1.static.rtbf.be\/article\/image\/370xAuto\/6\/a\/8\/92263eb2217a65a7fe5fae3bb4b5c480-1560942550.jpg?resize=541%2C361&#038;ssl=1\" alt=\"Griffo et Jean-Claude De la Roy\u00e8re\" width=\"541\" height=\"361\"\/><\/a><figcaption>Griffo et Jean-Claude De la Roy\u00e8re \u00a9 CBBD<\/figcaption><\/figure><\/div>\n\n\n\n<p>Le Centre Belge de la Bande Dessin\u00e9e n\u2019est pas un mus\u00e9e\u2026 C\u2019est un lieu vivant, un lieu dans lequel toutes les r\u00e9alit\u00e9s du neuvi\u00e8me art sont bien pr\u00e9sentes. Et chaque exposition est l\u2019occasion, r\u00e9ellement, de d\u00e9couvrir ou de red\u00e9couvrir la richesse et la vivacit\u00e9 de cet art qui, consid\u00e9r\u00e9 comme mineur bien trop souvent, se r\u00e9v\u00e8le de plus en plus \u00eatre une des manifestations les plus essentielles de la culture populaire&nbsp;!<\/p>\n\n\n\n<p><strong>Jacques Schra\u00fbwen<\/strong><\/p>\n\n\n\n<p><strong>Sign\u00e9 Griffo\u00a0: une exposition au Centre Belge de la Bande Dessin\u00e9e, rue des Sables \u00e0 Bruxelles, jusqu\u2019au 24 novembre 2019)<\/strong><\/p>\n\n\n\n<div class=\"wp-block-image\"><figure class=\"aligncenter\"><img data-recalc-dims=\"1\" loading=\"lazy\" decoding=\"async\" width=\"724\" height=\"1024\" src=\"https:\/\/i0.wp.com\/bd-chroniques.be\/wp-content\/uploads\/2019\/06\/griffo0-724x1024.jpg?resize=724%2C1024\" alt=\"\" class=\"wp-image-3841\" srcset=\"https:\/\/i0.wp.com\/bd-chroniques.be\/wp-content\/uploads\/2019\/06\/griffo0.jpg?resize=724%2C1024&amp;ssl=1 724w, https:\/\/i0.wp.com\/bd-chroniques.be\/wp-content\/uploads\/2019\/06\/griffo0.jpg?resize=212%2C300&amp;ssl=1 212w, https:\/\/i0.wp.com\/bd-chroniques.be\/wp-content\/uploads\/2019\/06\/griffo0.jpg?resize=768%2C1086&amp;ssl=1 768w, https:\/\/i0.wp.com\/bd-chroniques.be\/wp-content\/uploads\/2019\/06\/griffo0.jpg?w=1684&amp;ssl=1 1684w, https:\/\/i0.wp.com\/bd-chroniques.be\/wp-content\/uploads\/2019\/06\/griffo0.jpg?w=1536&amp;ssl=1 1536w\" sizes=\"auto, (max-width: 724px) 100vw, 724px\" \/><figcaption><em>Sign\u00e9 Griffo \u00a9 CBBD<\/em><\/figcaption><\/figure><\/div>\n","protected":false},"excerpt":{"rendered":"<p>Une exposition au CBBD consacr\u00e9e \u00e0 un dessinateur belge aux talents multiples Le Centre Belge de la Bande Dessin\u00e9e, \u00e0 Bruxelles, se caract\u00e9rise par l\u2019\u00e9clectisme de ses expositions. Avec Griffo, c\u2019est la dimension classique du neuvi\u00e8me art qui est mise \u00e0 l\u2018honneur. Ainsi que le talent d\u2019un artiste toujours \u00e9tonnant&nbsp;! C\u2019est Jean-Claude De la Roy\u00e8re, [&hellip;]<\/p>\n","protected":false},"author":1,"featured_media":3841,"comment_status":"open","ping_status":"open","sticky":false,"template":"","format":"standard","meta":{"jetpack_post_was_ever_published":false,"_jetpack_newsletter_access":"","_jetpack_dont_email_post_to_subs":false,"_jetpack_newsletter_tier_id":0,"_jetpack_memberships_contains_paywalled_content":false,"_jetpack_memberships_contains_paid_content":false,"footnotes":"","jetpack_publicize_message":"","jetpack_publicize_feature_enabled":true,"jetpack_social_post_already_shared":true,"jetpack_social_options":{"image_generator_settings":{"template":"highway","default_image_id":0,"font":"","enabled":false},"version":2}},"categories":[37],"tags":[],"class_list":["post-3833","post","type-post","status-publish","format-standard","has-post-thumbnail","hentry","category-evenements"],"jetpack_publicize_connections":[],"jetpack_featured_media_url":"https:\/\/i0.wp.com\/bd-chroniques.be\/wp-content\/uploads\/2019\/06\/griffo0.jpg?fit=1684%2C2381&ssl=1","jetpack_shortlink":"https:\/\/wp.me\/p8dqsu-ZP","jetpack_likes_enabled":true,"jetpack_sharing_enabled":true,"_links":{"self":[{"href":"https:\/\/bd-chroniques.be\/index.php\/wp-json\/wp\/v2\/posts\/3833","targetHints":{"allow":["GET"]}}],"collection":[{"href":"https:\/\/bd-chroniques.be\/index.php\/wp-json\/wp\/v2\/posts"}],"about":[{"href":"https:\/\/bd-chroniques.be\/index.php\/wp-json\/wp\/v2\/types\/post"}],"author":[{"embeddable":true,"href":"https:\/\/bd-chroniques.be\/index.php\/wp-json\/wp\/v2\/users\/1"}],"replies":[{"embeddable":true,"href":"https:\/\/bd-chroniques.be\/index.php\/wp-json\/wp\/v2\/comments?post=3833"}],"version-history":[{"count":1,"href":"https:\/\/bd-chroniques.be\/index.php\/wp-json\/wp\/v2\/posts\/3833\/revisions"}],"predecessor-version":[{"id":3842,"href":"https:\/\/bd-chroniques.be\/index.php\/wp-json\/wp\/v2\/posts\/3833\/revisions\/3842"}],"wp:featuredmedia":[{"embeddable":true,"href":"https:\/\/bd-chroniques.be\/index.php\/wp-json\/wp\/v2\/media\/3841"}],"wp:attachment":[{"href":"https:\/\/bd-chroniques.be\/index.php\/wp-json\/wp\/v2\/media?parent=3833"}],"wp:term":[{"taxonomy":"category","embeddable":true,"href":"https:\/\/bd-chroniques.be\/index.php\/wp-json\/wp\/v2\/categories?post=3833"},{"taxonomy":"post_tag","embeddable":true,"href":"https:\/\/bd-chroniques.be\/index.php\/wp-json\/wp\/v2\/tags?post=3833"}],"curies":[{"name":"wp","href":"https:\/\/api.w.org\/{rel}","templated":true}]}}