{"id":3843,"date":"2019-06-21T09:46:03","date_gmt":"2019-06-21T07:46:03","guid":{"rendered":"http:\/\/bd-chroniques.be\/?p=3843"},"modified":"2019-06-21T09:46:05","modified_gmt":"2019-06-21T07:46:05","slug":"13eme-avenue-tome-1","status":"publish","type":"post","link":"https:\/\/bd-chroniques.be\/index.php\/2019\/06\/21\/13eme-avenue-tome-1\/","title":{"rendered":"13\u00e8me Avenue : Tome 1"},"content":{"rendered":"\n<p style=\"text-align:center\"><strong>Une bd \u00e0 lire avec l&rsquo;accent du Qu\u00e9bec ! <\/strong><\/p>\n\n\n\n<p>Le quotidien d\u2019une enfance qui devrait n\u2019\u00eatre que grisaille et qui s\u2019\u00e9veille \u00e0 l\u2019\u00e9motion&#8230; et au myst\u00e8re !<\/p>\n\n\n\n<div class=\"wp-block-image\"><figure class=\"aligncenter\"><a href=\"https:\/\/i0.wp.com\/ds1.static.rtbf.be\/article\/image\/1240x800\/8\/2\/0\/6f9bb349b6e713d8c5463d038559916f-1561029722.png?ssl=1\" target=\"_blank\" rel=\"noreferrer noopener\"><img data-recalc-dims=\"1\" decoding=\"async\" src=\"https:\/\/i0.wp.com\/ds1.static.rtbf.be\/article\/image\/770xAuto\/8\/2\/0\/6f9bb349b6e713d8c5463d038559916f-1561029722.png?w=768&#038;ssl=1\" alt=\"13\u00e8me avenue\"\/><\/a><figcaption>                                          <s> <\/s>   13\u00e8me avenue  \u00a9 la Past\u00e8que                                               <\/figcaption><\/figure><\/div>\n\n\n\n<p>La premi\u00e8re identit\u00e9 qu\u2019un \u00eatre humain peut revendiquer, c\u2019est sans doute sa langue\u2026 Cet outil de communication qu\u2019on apprend d\u00e8s la naissance, peu \u00e0 peu, et qui marque la pens\u00e9e autant que l\u2019attitude et les caract\u00e9ristiques de la bouche et du visage, souvent. La langue fran\u00e7aise, ainsi, se d\u00e9cline de bien des mani\u00e8res diff\u00e9rentes \u00e0 travers le monde. Et c\u2019est l\u2019accent qui, d\u00e8s lors, se fait le vecteur de la sp\u00e9cificit\u00e9 d\u2019une r\u00e9gion, d\u2019un pays. <\/p>\n\n\n\n<p>Et c\u2019est le premier plaisir ressenti \u00e0 la lecture de ce livre, un plaisir presque auditif, celui d\u2019entendre, en lisant les bulles, l\u2019accent d\u2019un pays \u00e0 part enti\u00e8re, un pays dans lequel la langue fran\u00e7aise est et reste un objet de combat quotidien.<\/p>\n\n\n\n<div class=\"wp-block-image\"><figure class=\"aligncenter\"><a href=\"https:\/\/i0.wp.com\/ds1.static.rtbf.be\/article\/image\/1240x800\/f\/7\/b\/fb625c0729b970d7d3832f6c81931c9c-1561030288.jpg?ssl=1\" target=\"_blank\" rel=\"noreferrer noopener\"><img data-recalc-dims=\"1\" decoding=\"async\" src=\"https:\/\/i0.wp.com\/ds1.static.rtbf.be\/article\/image\/770xAuto\/f\/7\/b\/fb625c0729b970d7d3832f6c81931c9c-1561030288.jpg?w=768&#038;ssl=1\" alt=\"13\u00e8me avenue\"\/><\/a><figcaption>                                                13\u00e8me avenue  \u00a9 la Past\u00e8que                                               <\/figcaption><\/figure><\/div>\n\n\n\n<p>Le deuxi\u00e8me plaisir ressenti \u00e0 la lecture de ce livre, c\u2019est, justement, la relation quotidienne qu\u2019il nous fait d\u2019une existence ancr\u00e9e dans la r\u00e9alit\u00e9 et, \u00e0 premi\u00e8re vue, la normalit\u00e9. <\/p>\n\n\n\n<p>Nous sommes en pr\u00e9sence d\u2019une famille normale, oui. Qui vit \u00e0 Saguenay, au Nord de Qu\u00e9bec. Alexis, du haut de ses douze ans, a les occupations d\u2019un enfant comme tous les enfants. Jusqu\u2019au jour o\u00f9 son p\u00e8re, \u00e9lectricien, meurt dans un accident professionnel.&nbsp;<\/p>\n\n\n\n<p>Incapable de continuer \u00e0 vivre dans la maison qui fut la sienne, la m\u00e8re d\u2019Alexis emm\u00e8ne son fils et va s\u2019installer \u00e0 Montr\u00e9al. Une grande ville dans laquelle le jeune gar\u00e7on va devoir apprendre \u00e0 vivre avec sa peine dans un environnement dont il ne conna\u00eet rien.<\/p>\n\n\n\n<div class=\"wp-block-image\"><figure class=\"aligncenter\"><a href=\"https:\/\/i0.wp.com\/ds1.static.rtbf.be\/article\/image\/1240x800\/f\/0\/8\/f0c005e0712af71d6f09c03f34949bf8-1561029934.png?ssl=1\" target=\"_blank\" rel=\"noreferrer noopener\"><img data-recalc-dims=\"1\" decoding=\"async\" src=\"https:\/\/i0.wp.com\/ds1.static.rtbf.be\/article\/image\/770xAuto\/f\/0\/8\/f0c005e0712af71d6f09c03f34949bf8-1561029934.png?w=768&#038;ssl=1\" alt=\"13\u00e8me avenue\"\/><\/a><figcaption>                                                 13\u00e8me avenue \u00a9 la Past\u00e8que                                               <\/figcaption><\/figure><\/div>\n\n\n\n<p>Mais dans le quartier o\u00f9 Alexis et sa maman s\u2019installent, le jeune gar\u00e7on trouve vite des centres d\u2019int\u00e9r\u00eat, et de la compagnie. Ainsi, il se lie d\u2019amiti\u00e9 avec Ernest, un gar\u00e7on qui vit dans l\u2019appartement au-dessus de chez lui, un appartement dans lequel il n\u2019y a pas grand-chose \u00e0 part des tas de livre et un poster de David Bowie. Et une odeur de br\u00fbl\u00e9\u2026<\/p>\n\n\n\n<p>Il se lie aussi avec des enfants de son nouveau quartier, dont la jolie Alice. <\/p>\n\n\n\n<p>Ce livre est un portrait multiple, celui d\u2019Alexis, celui de son myst\u00e9rieux ami, Ernest, celui d\u2019Alice\u2026 Le portrait, \u00e9galement, du quotidien d\u2019un gamin au Qu\u00e9bec, avec la nourriture, les accents changeants et chantants, les animaux domestiques, et l\u2019\u00e9veil amoureux. Et le portrait d\u2019un deuil, et celui du regard de l\u2019enfance pos\u00e9 sur le monde des adultes\u2026 <\/p>\n\n\n\n<p>Ce livre nous raconte l\u2019histoire d\u2019une amiti\u00e9 hors normes entre un gamin vivant et un \u00eatre qui n\u2019est peut-\u00eatre qu\u2019un fant\u00f4me&nbsp;!<\/p>\n\n\n\n<p>Fantastique, \u00e9sot\u00e9risme et onirisme deviennent ainsi, progressivement, les vrais moteurs de ce r\u00e9cit.<\/p>\n\n\n\n<div class=\"wp-block-image\"><figure class=\"aligncenter\"><a href=\"https:\/\/i0.wp.com\/ds1.static.rtbf.be\/article\/image\/1240x800\/3\/6\/9\/5f1ee5c7edcb9819996192cf092c217c-1561030012.jpg?ssl=1\" target=\"_blank\" rel=\"noreferrer noopener\"><img data-recalc-dims=\"1\" decoding=\"async\" src=\"https:\/\/i0.wp.com\/ds1.static.rtbf.be\/article\/image\/770xAuto\/3\/6\/9\/5f1ee5c7edcb9819996192cf092c217c-1561030012.jpg?w=768&#038;ssl=1\" alt=\"13\u00e8me avenue\"\/><\/a><figcaption>                                                  13\u00e8me avenue \u00a9 la Past\u00e8que                                               <\/figcaption><\/figure><\/div>\n\n\n\n<p>Le sc\u00e9nario se construit essentiellement par les dialogues. Des dialogues qui, je le reconnais de bonne gr\u00e2ce, demandent au lecteur francophone europ\u00e9en une certaine attention pour \u00eatre tous compris. La langue utilis\u00e9e dans ce livre, le fran\u00e7ais d\u2019outre-Atlantique, est une langue merveilleusement imag\u00e9e, une langue dans laquelle les raccourcis sont nombreux. <\/p>\n\n\n\n<p>Quant au dessin, en blancs, noirs et gris, il est d\u2019\u00e9vidence inspir\u00e9 par le graphisme am\u00e9ricain. Pas celui des comics \u00a0\u00bb&nbsp;tonitruants&nbsp;\u00ab\u00a0, mais bien plus celui issu de ce que fut l\u2019underground des ann\u00e9es 70 et 80. Un trait simple, des contours extr\u00eamement pr\u00e9sents, des d\u00e9cors qui prennent peu de place. Et l\u2019utilisation, surprenante dans un premier temps, envo\u00fbtante ensuite, du \u00a0\u00bb&nbsp;flou&nbsp;\u00a0\u00bb pour certaines sc\u00e8nes, ou pour certains d\u00e9tails graphiques. <\/p>\n\n\n\n<p>Entr\u00e9 dans ce livre un peu pour passer le temps, j\u2019ai \u00e9t\u00e9 tr\u00e8s vite surpris par son rythme, par son contenu, par la mont\u00e9e lente mais parfaitement mise en sc\u00e8ne d\u2019une certaine tension. D\u2019une tension certaine, mais v\u00e9cue \u00e0 hauteur de regard d\u2019enfance\u2026 <\/p>\n\n\n\n<p>C\u2019est un livre \u00e0 l\u2019accent du Qu\u00e9bec\u2026 C\u2019est un livre universel, de par son propos de base&nbsp;: un enfant qui grandit et pour qui la douleur et la peine deviennent des chemins de libert\u00e9 et de d\u00e9couverte. <\/p>\n\n\n\n<p>C\u2019est, et je le dis bien haut, un livre dont j\u2019attends la suite avec impatience&nbsp;! A commander chez votre libraire&nbsp;!<\/p>\n\n\n\n<p><strong>Jacques Schra\u00fbwen<\/strong><\/p>\n\n\n\n<p><strong>13\u00e8me Avenue : Tome 1 (dessin\u00a0: Fran\u00e7ois Vigneault \u2013 sc\u00e9nario\u00a0: Genevi\u00e8ve Pettersen \u2013 \u00e9diteur\u00a0: les \u00e9ditions de la Past\u00e8que)<\/strong><\/p>\n\n\n\n<figure class=\"wp-block-image\"><img data-recalc-dims=\"1\" loading=\"lazy\" decoding=\"async\" width=\"768\" height=\"999\" src=\"https:\/\/i0.wp.com\/bd-chroniques.be\/wp-content\/uploads\/2019\/06\/avenue0-787x1024.jpg?resize=768%2C999\" alt=\"\" class=\"wp-image-3844\" srcset=\"https:\/\/i0.wp.com\/bd-chroniques.be\/wp-content\/uploads\/2019\/06\/avenue0.jpg?resize=787%2C1024&amp;ssl=1 787w, https:\/\/i0.wp.com\/bd-chroniques.be\/wp-content\/uploads\/2019\/06\/avenue0.jpg?resize=231%2C300&amp;ssl=1 231w, https:\/\/i0.wp.com\/bd-chroniques.be\/wp-content\/uploads\/2019\/06\/avenue0.jpg?resize=768%2C1000&amp;ssl=1 768w, https:\/\/i0.wp.com\/bd-chroniques.be\/wp-content\/uploads\/2019\/06\/avenue0.jpg?w=1181&amp;ssl=1 1181w\" sizes=\"auto, (max-width: 768px) 100vw, 768px\" \/><\/figure>\n","protected":false},"excerpt":{"rendered":"<p>Une bd \u00e0 lire avec l&rsquo;accent du Qu\u00e9bec ! Le quotidien d\u2019une enfance qui devrait n\u2019\u00eatre que grisaille et qui s\u2019\u00e9veille \u00e0 l\u2019\u00e9motion&#8230; et au myst\u00e8re ! La premi\u00e8re identit\u00e9 qu\u2019un \u00eatre humain peut revendiquer, c\u2019est sans doute sa langue\u2026 Cet outil de communication qu\u2019on apprend d\u00e8s la naissance, peu \u00e0 peu, et qui marque [&hellip;]<\/p>\n","protected":false},"author":1,"featured_media":3844,"comment_status":"open","ping_status":"open","sticky":false,"template":"","format":"standard","meta":{"jetpack_post_was_ever_published":false,"_jetpack_newsletter_access":"","_jetpack_dont_email_post_to_subs":false,"_jetpack_newsletter_tier_id":0,"_jetpack_memberships_contains_paywalled_content":false,"_jetpack_memberships_contains_paid_content":false,"footnotes":"","jetpack_publicize_message":"","jetpack_publicize_feature_enabled":true,"jetpack_social_post_already_shared":true,"jetpack_social_options":{"image_generator_settings":{"template":"highway","default_image_id":0,"font":"","enabled":false},"version":2}},"categories":[3,8],"tags":[],"class_list":["post-3843","post","type-post","status-publish","format-standard","has-post-thumbnail","hentry","category-bd-de-s-a-z","category-t"],"jetpack_publicize_connections":[],"jetpack_featured_media_url":"https:\/\/i0.wp.com\/bd-chroniques.be\/wp-content\/uploads\/2019\/06\/avenue0.jpg?fit=1181%2C1537&ssl=1","jetpack_shortlink":"https:\/\/wp.me\/p8dqsu-ZZ","jetpack_likes_enabled":true,"jetpack_sharing_enabled":true,"_links":{"self":[{"href":"https:\/\/bd-chroniques.be\/index.php\/wp-json\/wp\/v2\/posts\/3843","targetHints":{"allow":["GET"]}}],"collection":[{"href":"https:\/\/bd-chroniques.be\/index.php\/wp-json\/wp\/v2\/posts"}],"about":[{"href":"https:\/\/bd-chroniques.be\/index.php\/wp-json\/wp\/v2\/types\/post"}],"author":[{"embeddable":true,"href":"https:\/\/bd-chroniques.be\/index.php\/wp-json\/wp\/v2\/users\/1"}],"replies":[{"embeddable":true,"href":"https:\/\/bd-chroniques.be\/index.php\/wp-json\/wp\/v2\/comments?post=3843"}],"version-history":[{"count":1,"href":"https:\/\/bd-chroniques.be\/index.php\/wp-json\/wp\/v2\/posts\/3843\/revisions"}],"predecessor-version":[{"id":3845,"href":"https:\/\/bd-chroniques.be\/index.php\/wp-json\/wp\/v2\/posts\/3843\/revisions\/3845"}],"wp:featuredmedia":[{"embeddable":true,"href":"https:\/\/bd-chroniques.be\/index.php\/wp-json\/wp\/v2\/media\/3844"}],"wp:attachment":[{"href":"https:\/\/bd-chroniques.be\/index.php\/wp-json\/wp\/v2\/media?parent=3843"}],"wp:term":[{"taxonomy":"category","embeddable":true,"href":"https:\/\/bd-chroniques.be\/index.php\/wp-json\/wp\/v2\/categories?post=3843"},{"taxonomy":"post_tag","embeddable":true,"href":"https:\/\/bd-chroniques.be\/index.php\/wp-json\/wp\/v2\/tags?post=3843"}],"curies":[{"name":"wp","href":"https:\/\/api.w.org\/{rel}","templated":true}]}}