{"id":3859,"date":"2019-06-25T09:35:34","date_gmt":"2019-06-25T07:35:34","guid":{"rendered":"http:\/\/bd-chroniques.be\/?p=3859"},"modified":"2019-06-25T09:35:34","modified_gmt":"2019-06-25T07:35:34","slug":"irena-tome-4-je-suis-fier-de-toi","status":"publish","type":"post","link":"https:\/\/bd-chroniques.be\/index.php\/2019\/06\/25\/irena-tome-4-je-suis-fier-de-toi\/","title":{"rendered":"Irena &#8211; Tome 4 : Je suis fier de toi"},"content":{"rendered":"\n<p style=\"text-align:center\"><strong>Une femme comme toutes les femmes, dans une Pologne d\u00e9chir\u00e9e par la guerre et le nazisme! <\/strong><\/p>\n\n\n\n<p>Une des s\u00e9ries les plus \u00e9mouvantes consacr\u00e9es \u00e0 la deuxi\u00e8me guerre mondiale&#8230;<\/p>\n\n\n\n<div class=\"wp-block-image\"><figure class=\"aligncenter\"><img loading=\"lazy\" decoding=\"async\" width=\"1732\" height=\"2300\" src=\"https:\/\/i2.wp.com\/bd-chroniques.be\/wp-content\/uploads\/2019\/06\/irena1.jpg?fit=768%2C1020\" alt=\"\" class=\"wp-image-3860\" srcset=\"https:\/\/i0.wp.com\/bd-chroniques.be\/wp-content\/uploads\/2019\/06\/irena1.jpg?w=1732&amp;ssl=1 1732w, https:\/\/i0.wp.com\/bd-chroniques.be\/wp-content\/uploads\/2019\/06\/irena1.jpg?resize=226%2C300&amp;ssl=1 226w, https:\/\/i0.wp.com\/bd-chroniques.be\/wp-content\/uploads\/2019\/06\/irena1.jpg?resize=768%2C1020&amp;ssl=1 768w, https:\/\/i0.wp.com\/bd-chroniques.be\/wp-content\/uploads\/2019\/06\/irena1.jpg?resize=771%2C1024&amp;ssl=1 771w, https:\/\/i0.wp.com\/bd-chroniques.be\/wp-content\/uploads\/2019\/06\/irena1.jpg?w=1536&amp;ssl=1 1536w\" sizes=\"auto, (max-width: 768px) 100vw, 768px\" \/><figcaption>Irena &#8211; Tome 4 : Je suis fier de toi  \u00a9 Gl\u00e9nat<\/figcaption><\/figure><\/div>\n\n\n\n<p>Nous sommes dans une ann\u00e9e de comm\u00e9moration, de souvenir\u2026 Souvenir de la bataille de Normandie, souvenir, bient\u00f4t, de la bataille des Ardennes, souvenir du d\u00e9but de la fin pour Hitler et ses actes naus\u00e9abonds. Nous sommes aussi dans un moment de l\u2019Histoire qui voit refleurir des discours dignes des \u00e9crivains les plus poujadistes du d\u00e9but du vingti\u00e8me si\u00e8cle, des discours qui parlent de l\u2019h\u00e9ro\u00efsme, avec des accents, chez Macron par exemple, qui frisent le ridicule et, de ce fait, ne peuvent que donner froid dans le dos&nbsp;!<\/p>\n\n\n\n<p>Il est n\u00e9cessaire, d\u00e8s lors, de se plonger dans une s\u00e9rie bd comme Irena, une s\u00e9rie qui remet l\u2019h\u00e9ro\u00efsme \u00e0 sa place r\u00e9elle, loin des id\u00e9ologies et des politiques oublieuses de l\u2019\u00eatre humain&nbsp;!<\/p>\n\n\n\n<p>Irena, c\u2019est une petite bonne femme qui, \u00e0 Varsovie, a sauv\u00e9 des centaines et des centaines d\u2019enfants juifs. Et qui ne l\u2019a fait que pouss\u00e9e par l\u2019\u00e9motion, par le sentiment, par l\u2019envie, non pas d\u2019\u00eatre une h\u00e9ro\u00efne, mais celle simplement de ne pas \u00eatre un mouton parmi les moutons.<\/p>\n\n\n\n<p>Irena, ce n\u2019est pas un personnage n\u00e9 de l\u2019imagination des auteurs de cette s\u00e9rie. C\u2019est un personnage r\u00e9el, et cette bd lui rend hommage en nous racontant, sans fioritures, sans exag\u00e9ration, ce que fut sa vie, ce que fut son action, le tout dans une \u00e9poque historique qui, parfaitement bien rendue, nous fait comprendre ce qu\u2019est l\u2019horreur, ce qu\u2019est l\u2019indicible, ce qu\u2019est la r\u00e9sistance&nbsp;!<\/p>\n\n\n\n<figure class=\"wp-block-audio\"><audio controls src=\"http:\/\/bd-chroniques.be\/wp-content\/uploads\/2019\/06\/irena-Histoire.mp3\"><\/audio><figcaption>Jean-David Morvan: l&rsquo;Histoire<\/figcaption><\/figure>\n\n\n\n<figure class=\"wp-block-audio\"><audio controls src=\"http:\/\/bd-chroniques.be\/wp-content\/uploads\/2019\/06\/irena-personnages.mp3\"><\/audio><figcaption>Jean-David Morvan: les personnages<\/figcaption><\/figure>\n\n\n\n<div class=\"wp-block-image\"><figure class=\"aligncenter\"><img loading=\"lazy\" decoding=\"async\" width=\"1732\" height=\"2300\" src=\"https:\/\/i1.wp.com\/bd-chroniques.be\/wp-content\/uploads\/2019\/06\/irena2.jpg?fit=768%2C1020\" alt=\"\" class=\"wp-image-3863\" srcset=\"https:\/\/i0.wp.com\/bd-chroniques.be\/wp-content\/uploads\/2019\/06\/irena2.jpg?w=1732&amp;ssl=1 1732w, https:\/\/i0.wp.com\/bd-chroniques.be\/wp-content\/uploads\/2019\/06\/irena2.jpg?resize=226%2C300&amp;ssl=1 226w, https:\/\/i0.wp.com\/bd-chroniques.be\/wp-content\/uploads\/2019\/06\/irena2.jpg?resize=768%2C1020&amp;ssl=1 768w, https:\/\/i0.wp.com\/bd-chroniques.be\/wp-content\/uploads\/2019\/06\/irena2.jpg?resize=771%2C1024&amp;ssl=1 771w, https:\/\/i0.wp.com\/bd-chroniques.be\/wp-content\/uploads\/2019\/06\/irena2.jpg?w=1536&amp;ssl=1 1536w\" sizes=\"auto, (max-width: 768px) 100vw, 768px\" \/><figcaption>Irena &#8211; Tome 4 : Je suis fier de toi  \u00a9 Gl\u00e9nat<\/figcaption><\/figure><\/div>\n\n\n\n<p>Dans ce quatri\u00e8me tome, deux \u00e9poques se m\u00e9langent. Il y a Irena, en 1944, \u00e0 Varsovie, arr\u00eat\u00e9e, tortur\u00e9e, retrouvant miraculeusement la libert\u00e9 et continuant \u00e0 sauver des enfants. Il y a Irena, en 1983, \u00e0 J\u00e9rusalem, reconnue comme Juste parmi les nations, et y retrouvant, adulte, une femme qu\u2019elle a sauv\u00e9e, pendant la guerre, enfant\u2026 Une femme accompagn\u00e9e de sa petite-fille, \u00e0&nbsp; laquelle Irena raconte son histoire.<\/p>\n\n\n\n<p>La grande Histoire est totalement pr\u00e9sente&nbsp;: on parle, dans ce volume, des Russes attendant devant Varsovie que la r\u00e9sistance polonaise se r\u00e9sume \u00e0 une peau de chagrin. On parle \u00e9galement du communisme qui, bien des ann\u00e9es plus tard, accepte&nbsp; enfin de laisser Irena se rendre en Isra\u00ebl.<\/p>\n\n\n\n<p>Deux r\u00e9alit\u00e9s se m\u00ealent aussi dans ce r\u00e9cit. La mort, d\u2019abord, qui se nourrit d\u2019elle-m\u00eame, qui d\u00e9multiplie l\u2019horreur et la rend quotidienne, la mort qui ne s\u2019estompe, le plus souvent, que gr\u00e2ce \u00e0 la nostalgie qui lui d\u00e9nie son pouvoir\u2026 La vie, ensuite, qui, toujours, reprend le dessus, avec la peur de ne pas laisser de souvenir, ou, pire encore, de perdre ses souvenances. <\/p>\n\n\n\n<p>Irena se r\u00e9v\u00e8le, dans le magma de cette Histoire horrible, comme une femme simple, sans convictions autres que celle de la gentillesse et de la tol\u00e9rance. Elle n\u2019est pas juive, au contraire du petit Martin qu\u2019elle rencontre dans le ghetto de Varsovie et qui lui raconte sa vie naissante, m\u00e9lange de r\u00e9alit\u00e9 et de mensonge, ce petit Martin rappelant un autre Martin qui, bien des ann\u00e9es plus tard, sera \u00e9crivain de souvenirs pas toujours tr\u00e8s r\u00e9els&nbsp;! Irena n\u2019est pas juive, et cette s\u00e9rie nous montre que face \u00e0 la mort, aucune religion, aucune race, aucune identit\u00e9 n&rsquo;est \u00e0 l&rsquo;abri de l&rsquo;horreur et de la souffrance!&#8230;&nbsp;<\/p>\n\n\n\n<p>Irena, c\u2019est une petite bonne femme, oui, guid\u00e9e par cette gentillesse qui la&nbsp;rend h\u00e9ro\u00efque dans un environnement historique o\u00f9 le simple fait d\u2019\u00eatre gentil est d\u00e9j\u00e0 un acte de r\u00e9sistance.<\/p>\n\n\n\n<p>Et ce qui est \u00e9tonnant, et d\u2019une r\u00e9ussite impeccable, dans cette s\u00e9rie, c\u2019est que, construite autour de bons sentiments, elle parvient \u00e0 ne jamais \u00eatre mi\u00e8vre!<\/p>\n\n\n\n<figure class=\"wp-block-audio\"><audio controls src=\"http:\/\/bd-chroniques.be\/wp-content\/uploads\/2019\/06\/irena-gentillesse.mp3\"><\/audio><figcaption>Jean-David Morvan: la gentillesse <\/figcaption><\/figure>\n\n\n\n<figure class=\"wp-block-audio\"><audio controls src=\"http:\/\/bd-chroniques.be\/wp-content\/uploads\/2019\/06\/irena-sans-mi\u00e8vrerie.mp3\"><\/audio><figcaption>Jean-David Morvan: sans mi\u00e8vrerie<\/figcaption><\/figure>\n\n\n\n<div class=\"wp-block-image\"><figure class=\"aligncenter\"><img loading=\"lazy\" decoding=\"async\" width=\"1732\" height=\"2300\" src=\"https:\/\/i0.wp.com\/bd-chroniques.be\/wp-content\/uploads\/2019\/06\/irena3.jpg?fit=768%2C1020\" alt=\"\" class=\"wp-image-3865\" srcset=\"https:\/\/i0.wp.com\/bd-chroniques.be\/wp-content\/uploads\/2019\/06\/irena3.jpg?w=1732&amp;ssl=1 1732w, https:\/\/i0.wp.com\/bd-chroniques.be\/wp-content\/uploads\/2019\/06\/irena3.jpg?resize=226%2C300&amp;ssl=1 226w, https:\/\/i0.wp.com\/bd-chroniques.be\/wp-content\/uploads\/2019\/06\/irena3.jpg?resize=768%2C1020&amp;ssl=1 768w, https:\/\/i0.wp.com\/bd-chroniques.be\/wp-content\/uploads\/2019\/06\/irena3.jpg?resize=771%2C1024&amp;ssl=1 771w, https:\/\/i0.wp.com\/bd-chroniques.be\/wp-content\/uploads\/2019\/06\/irena3.jpg?w=1536&amp;ssl=1 1536w\" sizes=\"auto, (max-width: 768px) 100vw, 768px\" \/><figcaption>Irena &#8211; Tome 4 : Je suis fier de toi  \u00a9 Gl\u00e9nat<\/figcaption><\/figure><\/div>\n\n\n\n<p>S\u2019il me fallait trouver un style auquel rattacher \u00a0\u00bb&nbsp;Irena&nbsp;\u00ab\u00a0, se serait peut-\u00eatre la tragi-com\u00e9die\u2026 Au sens premier du terme\u2026 Une trag\u00e9die profonde, insoutenable&nbsp;m\u00eame, mais qui devient accessible gr\u00e2ce \u00e0 des moments de tendresse, d\u2019humour, gr\u00e2ce \u00e0&nbsp; la pr\u00e9sence d&rsquo;instants d\u2019une intimit\u00e9 qui estompe la d\u00e9mesure de l\u2019inacceptable. <\/p>\n\n\n\n<p>Et les sc\u00e9naristes, incontestablement, ont mis beaucoup d\u2019eux-m\u00eames et de leurs philosophies personnelles, en \u00e9crivant cette histoire, en adaptant en bande dessin\u00e9e les v\u00e9cus d\u2019Irena.<\/p>\n\n\n\n<figure class=\"wp-block-audio\"><audio controls src=\"http:\/\/bd-chroniques.be\/wp-content\/uploads\/2019\/06\/irena-r\u00e9cit-personnel.mp3\"><\/audio><figcaption>Jean-David Morvan: l&rsquo;implication personnelle<\/figcaption><\/figure>\n\n\n\n<div class=\"wp-block-image\"><figure class=\"aligncenter\"><img loading=\"lazy\" decoding=\"async\" width=\"1732\" height=\"2300\" src=\"https:\/\/i0.wp.com\/bd-chroniques.be\/wp-content\/uploads\/2019\/06\/irena4.jpg?fit=768%2C1020\" alt=\"\" class=\"wp-image-3868\" srcset=\"https:\/\/i0.wp.com\/bd-chroniques.be\/wp-content\/uploads\/2019\/06\/irena4.jpg?w=1732&amp;ssl=1 1732w, https:\/\/i0.wp.com\/bd-chroniques.be\/wp-content\/uploads\/2019\/06\/irena4.jpg?resize=226%2C300&amp;ssl=1 226w, https:\/\/i0.wp.com\/bd-chroniques.be\/wp-content\/uploads\/2019\/06\/irena4.jpg?resize=768%2C1020&amp;ssl=1 768w, https:\/\/i0.wp.com\/bd-chroniques.be\/wp-content\/uploads\/2019\/06\/irena4.jpg?resize=771%2C1024&amp;ssl=1 771w, https:\/\/i0.wp.com\/bd-chroniques.be\/wp-content\/uploads\/2019\/06\/irena4.jpg?w=1536&amp;ssl=1 1536w\" sizes=\"auto, (max-width: 768px) 100vw, 768px\" \/><figcaption>Irena &#8211; Tome 4 : Je suis fier de toi  \u00a9 Gl\u00e9nat<\/figcaption><\/figure><\/div>\n\n\n\n<p>\u00a0\u00bb&nbsp;C\u2019est en secourant toutes les d\u00e9tresses qu\u2019on arr\u00eatera la guerre\u2026&nbsp;\u00a0\u00bb <\/p>\n\n\n\n<p>La priorit\u00e9, dans cette s\u00e9rie, et plus sp\u00e9cialement encore dans ce quatri\u00e8me volume, est donn\u00e9e aux mots. Et \u00e0 leurs espoirs&#8230;<\/p>\n\n\n\n<p>Mais le dessin a une importance capitale, puisque c\u2019est lui qui permet \u00e0 ces mots de s\u2019exprimer, de prendre vie, puisque c\u2019est lui qui \u00e9vite et le manich\u00e9isme et le voyeurisme&nbsp;!<\/p>\n\n\n\n<p>Le graphisme de David Evrard, de par son trait volontairement quelque peu tremblant, rend compte sans avoir l\u2019air d\u2019y toucher de la r\u00e9alit\u00e9 des sentiments, peur et esp\u00e9rance, v\u00e9cus par les protagonistes du r\u00e9cit.<\/p>\n\n\n\n<p>Son travail, par exemple, sur les bouches, est exemplaire. Et ses pleines pages intimistes sont des respirations dans un album qui, sinon, serait peut-\u00eatre \u00e9touffant. Et j\u2019ai beaucoup aim\u00e9 ses gros plans qui, presque abstraits, permettent, eux aussi, au lecteur de souffler\u2026 Et donc, de r\u00e9fl\u00e9chir!<\/p>\n\n\n\n<p>Et n\u2019oublions pas la couleur de Walter, qui, m\u00eame dans les moments de cauchemar, r\u00e9ussit \u00e0 conserver une belle part de lumi\u00e8re\u2026<\/p>\n\n\n\n<figure class=\"wp-block-audio\"><audio controls src=\"http:\/\/bd-chroniques.be\/wp-content\/uploads\/2019\/06\/irena-non-r\u00e9aliste.mp3\"><\/audio><figcaption>Jean-David Morvan: un dessin non r\u00e9aliste<\/figcaption><\/figure>\n\n\n\n<div class=\"wp-block-image\"><figure class=\"aligncenter\"><img loading=\"lazy\" decoding=\"async\" width=\"1732\" height=\"2300\" src=\"https:\/\/i1.wp.com\/bd-chroniques.be\/wp-content\/uploads\/2019\/06\/irena5.jpg?fit=768%2C1020\" alt=\"\" class=\"wp-image-3870\" srcset=\"https:\/\/i0.wp.com\/bd-chroniques.be\/wp-content\/uploads\/2019\/06\/irena5.jpg?w=1732&amp;ssl=1 1732w, https:\/\/i0.wp.com\/bd-chroniques.be\/wp-content\/uploads\/2019\/06\/irena5.jpg?resize=226%2C300&amp;ssl=1 226w, https:\/\/i0.wp.com\/bd-chroniques.be\/wp-content\/uploads\/2019\/06\/irena5.jpg?resize=768%2C1020&amp;ssl=1 768w, https:\/\/i0.wp.com\/bd-chroniques.be\/wp-content\/uploads\/2019\/06\/irena5.jpg?resize=771%2C1024&amp;ssl=1 771w, https:\/\/i0.wp.com\/bd-chroniques.be\/wp-content\/uploads\/2019\/06\/irena5.jpg?w=1536&amp;ssl=1 1536w\" sizes=\"auto, (max-width: 768px) 100vw, 768px\" \/><figcaption>Irena &#8211; Tome 4 : Je suis fier de toi  \u00a9 Gl\u00e9nat<\/figcaption><\/figure><\/div>\n\n\n\n<p>La bande dessin\u00e9e est multiforme. Elle peut \u00eatre d\u2019une lecture imm\u00e9diate, elle peut se faire onirique, elle peut plonger dans le r\u00e9el comme dans l\u2019imaginaire. Mais je pense qu\u2019elle n\u2019est jamais aussi importante, aussi forte, que lorsqu\u2019elle na\u00eet et de nourrit d\u2019un sentiment essentiel, l\u2019\u00e9motion&nbsp;!<\/p>\n\n\n\n<p>Et puisque le monde \u00a0\u00bb&nbsp;officiel&nbsp;\u00a0\u00bb se souvient aujourd\u2019hui de la trag\u00e9die de la guerre 40\/45, je trouve primordial qu\u2019existent des \u0153uvres de qualit\u00e9, comme \u00a0\u00bb&nbsp;Irena&nbsp;\u00ab\u00a0, pour remettre, enfin, l\u2019\u00eatre humain et ses quotidiens dans les sillons de la v\u00e9rit\u00e9 historique&nbsp;!<\/p>\n\n\n\n<p><strong>Jacques Schra\u00fbwen<\/strong><\/p>\n\n\n\n<p><strong>Irena &#8211; Tome 4 : Je suis fier de toi (dessin\u00a0: David Evrard \u2013 sc\u00e9nario\u00a0: Jean-David Morvan et S\u00e9verine Tr\u00e9fou\u00ebl \u2013 couleurs\u00a0: Walter \u2013 \u00e9diteur\u00a0: Gl\u00e9nat)<\/strong><\/p>\n\n\n\n<div class=\"wp-block-image\"><figure class=\"aligncenter\"><img data-recalc-dims=\"1\" loading=\"lazy\" decoding=\"async\" width=\"768\" height=\"1020\" src=\"https:\/\/i0.wp.com\/bd-chroniques.be\/wp-content\/uploads\/2019\/06\/irena0ter-771x1024.jpg?resize=768%2C1020\" alt=\"\" class=\"wp-image-3871\" srcset=\"https:\/\/i0.wp.com\/bd-chroniques.be\/wp-content\/uploads\/2019\/06\/irena0ter.jpg?resize=771%2C1024&amp;ssl=1 771w, https:\/\/i0.wp.com\/bd-chroniques.be\/wp-content\/uploads\/2019\/06\/irena0ter.jpg?resize=226%2C300&amp;ssl=1 226w, https:\/\/i0.wp.com\/bd-chroniques.be\/wp-content\/uploads\/2019\/06\/irena0ter.jpg?resize=768%2C1020&amp;ssl=1 768w, https:\/\/i0.wp.com\/bd-chroniques.be\/wp-content\/uploads\/2019\/06\/irena0ter.jpg?w=1732&amp;ssl=1 1732w, https:\/\/i0.wp.com\/bd-chroniques.be\/wp-content\/uploads\/2019\/06\/irena0ter.jpg?w=1536&amp;ssl=1 1536w\" sizes=\"auto, (max-width: 768px) 100vw, 768px\" \/><figcaption>Irena &#8211; Tome 4 : Je suis fier de toi  \u00a9 Gl\u00e9nat<\/figcaption><\/figure><\/div>\n","protected":false},"excerpt":{"rendered":"<p>Une femme comme toutes les femmes, dans une Pologne d\u00e9chir\u00e9e par la guerre et le nazisme! Une des s\u00e9ries les plus \u00e9mouvantes consacr\u00e9es \u00e0 la deuxi\u00e8me guerre mondiale&#8230; Nous sommes dans une ann\u00e9e de comm\u00e9moration, de souvenir\u2026 Souvenir de la bataille de Normandie, souvenir, bient\u00f4t, de la bataille des Ardennes, souvenir du d\u00e9but de la [&hellip;]<\/p>\n","protected":false},"author":1,"featured_media":3871,"comment_status":"open","ping_status":"open","sticky":false,"template":"","format":"standard","meta":{"jetpack_post_was_ever_published":false,"_jetpack_newsletter_access":"","_jetpack_dont_email_post_to_subs":false,"_jetpack_newsletter_tier_id":0,"_jetpack_memberships_contains_paywalled_content":false,"_jetpack_memberships_contains_paid_content":false,"footnotes":"","jetpack_publicize_message":"","jetpack_publicize_feature_enabled":true,"jetpack_social_post_already_shared":true,"jetpack_social_options":{"image_generator_settings":{"template":"highway","default_image_id":0,"font":"","enabled":false},"version":2}},"categories":[22,32],"tags":[],"class_list":["post-3859","post","type-post","status-publish","format-standard","has-post-thumbnail","hentry","category-bd-de-g-a-l","category-i"],"jetpack_publicize_connections":[],"jetpack_featured_media_url":"https:\/\/i0.wp.com\/bd-chroniques.be\/wp-content\/uploads\/2019\/06\/irena0ter.jpg?fit=1732%2C2300&ssl=1","jetpack_shortlink":"https:\/\/wp.me\/p8dqsu-10f","jetpack_likes_enabled":true,"jetpack_sharing_enabled":true,"_links":{"self":[{"href":"https:\/\/bd-chroniques.be\/index.php\/wp-json\/wp\/v2\/posts\/3859","targetHints":{"allow":["GET"]}}],"collection":[{"href":"https:\/\/bd-chroniques.be\/index.php\/wp-json\/wp\/v2\/posts"}],"about":[{"href":"https:\/\/bd-chroniques.be\/index.php\/wp-json\/wp\/v2\/types\/post"}],"author":[{"embeddable":true,"href":"https:\/\/bd-chroniques.be\/index.php\/wp-json\/wp\/v2\/users\/1"}],"replies":[{"embeddable":true,"href":"https:\/\/bd-chroniques.be\/index.php\/wp-json\/wp\/v2\/comments?post=3859"}],"version-history":[{"count":1,"href":"https:\/\/bd-chroniques.be\/index.php\/wp-json\/wp\/v2\/posts\/3859\/revisions"}],"predecessor-version":[{"id":3872,"href":"https:\/\/bd-chroniques.be\/index.php\/wp-json\/wp\/v2\/posts\/3859\/revisions\/3872"}],"wp:featuredmedia":[{"embeddable":true,"href":"https:\/\/bd-chroniques.be\/index.php\/wp-json\/wp\/v2\/media\/3871"}],"wp:attachment":[{"href":"https:\/\/bd-chroniques.be\/index.php\/wp-json\/wp\/v2\/media?parent=3859"}],"wp:term":[{"taxonomy":"category","embeddable":true,"href":"https:\/\/bd-chroniques.be\/index.php\/wp-json\/wp\/v2\/categories?post=3859"},{"taxonomy":"post_tag","embeddable":true,"href":"https:\/\/bd-chroniques.be\/index.php\/wp-json\/wp\/v2\/tags?post=3859"}],"curies":[{"name":"wp","href":"https:\/\/api.w.org\/{rel}","templated":true}]}}