{"id":3912,"date":"2019-07-11T09:41:56","date_gmt":"2019-07-11T07:41:56","guid":{"rendered":"http:\/\/bd-chroniques.be\/?p=3912"},"modified":"2019-07-11T09:41:57","modified_gmt":"2019-07-11T07:41:57","slug":"mer-daral","status":"publish","type":"post","link":"https:\/\/bd-chroniques.be\/index.php\/2019\/07\/11\/mer-daral\/","title":{"rendered":"Mer D&rsquo;Aral"},"content":{"rendered":"\n<p style=\"text-align:center\"><strong>Du fantastique pour mieux parler du pr\u00e9sent&#8230; <\/strong><\/p>\n\n\n\n<p>Cinq histoires teint\u00e9es de fantastique et qui parlent de la mer, de la mort, de pass\u00e9s r\u00e9invent\u00e9s et de pr\u00e9sents morcel\u00e9s.<\/p>\n\n\n\n<div class=\"wp-block-image\"><figure class=\"aligncenter\"><a href=\"https:\/\/i0.wp.com\/ds1.static.rtbf.be\/article\/image\/1240x800\/b\/4\/2\/b45522b92a15e469f0d317d09ec6d57d-1562763071.jpg?ssl=1\" target=\"_blank\" rel=\"noreferrer noopener\"><img data-recalc-dims=\"1\" decoding=\"async\" src=\"https:\/\/i0.wp.com\/ds1.static.rtbf.be\/article\/image\/770xAuto\/b\/4\/2\/b45522b92a15e469f0d317d09ec6d57d-1562763071.jpg?w=768&#038;ssl=1\" alt=\"mer d'Aral\"\/><\/a><figcaption>                                              Mer d&rsquo;Aral  \u00a9 Editions du Long Bec                                               <\/figcaption><\/figure><\/div>\n\n\n\n<p>\u00a0\u00bb&nbsp;Le Long Bec&nbsp;\u00a0\u00bb est un \u00e9diteur qui se caract\u00e9rise par un choix d\u2019\u00e9dition ax\u00e9 essentiellement sur la qualit\u00e9 et la \u00a0\u00bb&nbsp;diff\u00e9rence&nbsp;\u00ab\u00a0. Ce n\u2019est pas chez lui qu\u2019on trouvera des best-sellers de la bande dessin\u00e9e, du tout-venant en guise de r\u00e9cits dessin\u00e9s, de la routine au niveau des sc\u00e9narios et du graphisme. Mais, par contre, ce qu\u2019on trouve dans le catalogue de cette maison d\u2019\u00e9dition, ce sont des livres qui sortent de l\u2019ordinaire, qui s\u2019\u00e9cartent des sentiers battus, qui cultivent l\u2019imaginaire, tant dans le texte que dans le graphisme. <\/p>\n\n\n\n<p>Bien entendu, je n\u2019aime pas toutes leurs parutions. Mais je reconnais que toutes font preuve, \u00e0 chaque fois, d\u2019originalit\u00e9\u2026 Des originalit\u00e9s multiples qui, comme avec ce \u00a0\u00bb&nbsp;Mer d\u2019Aral&nbsp;\u00ab\u00a0, me touchent r\u00e9ellement. Et qui, d\u00e8s lors, me donnent l\u2019envie de partager mes impressions, et de vous donner envie de d\u00e9couvrir cet album \u00e0 la po\u00e9sie fantastique omnipr\u00e9sente. <\/p>\n\n\n\n<figure class=\"wp-block-image\"><a href=\"https:\/\/i0.wp.com\/ds1.static.rtbf.be\/article\/image\/1240x800\/8\/9\/7\/27eae3494475d0d94718e2f10106fc7c-1562763168.jpg?ssl=1\" target=\"_blank\" rel=\"noreferrer noopener\"><img data-recalc-dims=\"1\" decoding=\"async\" src=\"https:\/\/i0.wp.com\/ds1.static.rtbf.be\/article\/image\/770xAuto\/8\/9\/7\/27eae3494475d0d94718e2f10106fc7c-1562763168.jpg?w=768&#038;ssl=1\" alt=\"mer d'Aral\"\/><\/a><figcaption>                                                      Mer d&rsquo;Aral  \u00a9 Editions du Long Bec                                                  <\/figcaption><\/figure>\n\n\n\n<p>On pourrait parler, avec ce livre, \u00e0 l\u2019instar des romans graphiques, de \u00a0\u00bb&nbsp;nouvelles graphiques&nbsp;\u00ab\u00a0, tant il est vrai que l\u2019\u00e9criture et le dessin font corps, tout au long de cinq petites histoires, pour cr\u00e9er une narration, \u00e0 chaque fois, \u00e9tincelante\u2026 et envo\u00fbtante&nbsp;!<\/p>\n\n\n\n<p>La Mer d\u2019Aral s\u2019ass\u00e8che mais la vie continue, m\u00eame pour les poissons dont l\u2019\u00e9volution s\u2019acc\u00e9l\u00e8re.<\/p>\n\n\n\n<p>Un b\u0153uf occupe, Dieu sait comment, le toit d\u2019un immeuble.<\/p>\n\n\n\n<p>Un fant\u00f4me parle de la vie apr\u00e8s la mort.<\/p>\n\n\n\n<p>On inaugure le canal de Panama et une vieille femme se souvient.<\/p>\n\n\n\n<p>Et, finalement, pour en revenir \u00e0 l\u2019\u00e9l\u00e9ment liquide, la derni\u00e8re histoire nous fait d\u00e9couvrir un \u00e9leveur de saumons, qui leur apprenait l\u2019art de la nage \u00e0 contre-courant.<\/p>\n\n\n\n<figure class=\"wp-block-image\"><a href=\"https:\/\/i0.wp.com\/ds1.static.rtbf.be\/article\/image\/1240x800\/f\/a\/a\/4fc4106679b185265f7a3ac1108e2b97-1562763287.jpg?ssl=1\" target=\"_blank\" rel=\"noreferrer noopener\"><img data-recalc-dims=\"1\" decoding=\"async\" src=\"https:\/\/i0.wp.com\/ds1.static.rtbf.be\/article\/image\/770xAuto\/f\/a\/a\/4fc4106679b185265f7a3ac1108e2b97-1562763287.jpg?w=768&#038;ssl=1\" alt=\"mer d'Aral\"\/><\/a><figcaption>                                             Mer d&rsquo;Aral  \u00a9 Editions du Long Bec                                               <\/figcaption><\/figure>\n\n\n\n<p>On se trouve face \u00e0 un fantastique tranquille, un fantastique s\u2019inscrivant dans la lign\u00e9e d\u2019\u00e9crivains comme Seignolle ou Jean Ray, ou m\u00eame de Jacques Sternberg, mais en y ajoutant une once de surr\u00e9alisme, ou, plut\u00f4t, d\u2019\u00e9trange\u2026<\/p>\n\n\n\n<p>Rien n\u2019est absurde dans ces cinq r\u00e9cits&nbsp;: il suffit d\u2019accepter un axiome de base pour tout accepter des p\u00e9rip\u00e9ties tranquilles du sc\u00e9nario, du texte, \u00e0 la fois tr\u00e8s litt\u00e9raire et tr\u00e8s succinct dans sa forme. <\/p>\n\n\n\n<p>Le trait d\u2019union de ces cinq nouvelles dessin\u00e9es est de plonger le lecteur dans tout ce qui fait l\u2019existence de l\u2019humain&nbsp;: l\u2019\u00e2ge, l\u2019\u00e9volution, le changement, l\u2019absurde de plus en plus pr\u00e9sent, la nature et, \u00e9videmment, la mort.<\/p>\n\n\n\n<p>Et tout cela cr\u00e9e une ambiance qui, d\u00e9passant la trame des r\u00e9cits, fait de ce livre une suite de po\u00e8mes graphiques nourris de fantastique. <\/p>\n\n\n\n<p>Chaque histoire est trait\u00e9e diff\u00e9remment, tant au niveau des d\u00e9cors que du trait lui-m\u00eame, des angles de vue comme de la couleur qui joue avec les tonalit\u00e9s et n\u2019h\u00e9site pas \u00e0 certains moment \u00e0 choisir la voie (voix) de la monochromie.<\/p>\n\n\n\n<p>Ce livre, c\u2019est celui, sans doute, de l\u2019\u00e9leveur de saumon qui n\u2019a plus de poisson \u00e0 qui apprendre \u00e0 nager \u00e0 contre-courant, et qui, d\u00e8s lors, laisse les mots et les phrases, en une prose sans h\u00e9sitation, s\u2019\u00e9crire \u00e0 contre-pens\u00e9e\u2026<\/p>\n\n\n\n<p>Cette \u00a0\u00bb&nbsp;Mer d\u2019Aral&nbsp;\u00a0\u00bb est comme un courant, oui, qui n\u2019a rien de limpide et nous m\u00e8ne de l\u2019ailleurs au n\u00e9ant\u2026 <\/p>\n\n\n\n<p><strong>Jacques Schra\u00fbwen<\/strong><\/p>\n\n\n\n<p><strong>Mer D\u2019Aral (dessin\u00a0: Roberto Gomes \u2013 sc\u00e9nario\u00a0: Jos\u00e9 Carlos Fernandes \u2013 \u00e9diteur\u00a0; \u00e9ditions du Long Bec)<\/strong><\/p>\n\n\n\n<div class=\"wp-block-image\"><figure class=\"aligncenter\"><img data-recalc-dims=\"1\" loading=\"lazy\" decoding=\"async\" width=\"699\" height=\"1024\" src=\"https:\/\/i0.wp.com\/bd-chroniques.be\/wp-content\/uploads\/2019\/07\/aral0ter-699x1024.jpg?resize=699%2C1024\" alt=\"\" class=\"wp-image-3914\" srcset=\"https:\/\/i0.wp.com\/bd-chroniques.be\/wp-content\/uploads\/2019\/07\/aral0ter.jpg?resize=699%2C1024&amp;ssl=1 699w, https:\/\/i0.wp.com\/bd-chroniques.be\/wp-content\/uploads\/2019\/07\/aral0ter.jpg?resize=205%2C300&amp;ssl=1 205w, https:\/\/i0.wp.com\/bd-chroniques.be\/wp-content\/uploads\/2019\/07\/aral0ter.jpg?resize=768%2C1125&amp;ssl=1 768w, https:\/\/i0.wp.com\/bd-chroniques.be\/wp-content\/uploads\/2019\/07\/aral0ter.jpg?w=1400&amp;ssl=1 1400w\" sizes=\"auto, (max-width: 699px) 100vw, 699px\" \/><\/figure><\/div>\n","protected":false},"excerpt":{"rendered":"<p>Du fantastique pour mieux parler du pr\u00e9sent&#8230; Cinq histoires teint\u00e9es de fantastique et qui parlent de la mer, de la mort, de pass\u00e9s r\u00e9invent\u00e9s et de pr\u00e9sents morcel\u00e9s. \u00a0\u00bb&nbsp;Le Long Bec&nbsp;\u00a0\u00bb est un \u00e9diteur qui se caract\u00e9rise par un choix d\u2019\u00e9dition ax\u00e9 essentiellement sur la qualit\u00e9 et la \u00a0\u00bb&nbsp;diff\u00e9rence&nbsp;\u00ab\u00a0. Ce n\u2019est pas chez lui qu\u2019on [&hellip;]<\/p>\n","protected":false},"author":1,"featured_media":3914,"comment_status":"open","ping_status":"open","sticky":false,"template":"","format":"standard","meta":{"jetpack_post_was_ever_published":false,"_jetpack_newsletter_access":"","_jetpack_dont_email_post_to_subs":false,"_jetpack_newsletter_tier_id":0,"_jetpack_memberships_contains_paywalled_content":false,"_jetpack_memberships_contains_paid_content":false,"footnotes":"","jetpack_publicize_message":"","jetpack_publicize_feature_enabled":true,"jetpack_social_post_already_shared":true,"jetpack_social_options":{"image_generator_settings":{"template":"highway","default_image_id":0,"font":"","enabled":false},"version":2}},"categories":[23,24],"tags":[],"class_list":["post-3912","post","type-post","status-publish","format-standard","has-post-thumbnail","hentry","category-bd-de-m-a-r","category-m"],"jetpack_publicize_connections":[],"jetpack_featured_media_url":"https:\/\/i0.wp.com\/bd-chroniques.be\/wp-content\/uploads\/2019\/07\/aral0ter.jpg?fit=1400%2C2051&ssl=1","jetpack_shortlink":"https:\/\/wp.me\/p8dqsu-116","jetpack_likes_enabled":true,"jetpack_sharing_enabled":true,"_links":{"self":[{"href":"https:\/\/bd-chroniques.be\/index.php\/wp-json\/wp\/v2\/posts\/3912","targetHints":{"allow":["GET"]}}],"collection":[{"href":"https:\/\/bd-chroniques.be\/index.php\/wp-json\/wp\/v2\/posts"}],"about":[{"href":"https:\/\/bd-chroniques.be\/index.php\/wp-json\/wp\/v2\/types\/post"}],"author":[{"embeddable":true,"href":"https:\/\/bd-chroniques.be\/index.php\/wp-json\/wp\/v2\/users\/1"}],"replies":[{"embeddable":true,"href":"https:\/\/bd-chroniques.be\/index.php\/wp-json\/wp\/v2\/comments?post=3912"}],"version-history":[{"count":1,"href":"https:\/\/bd-chroniques.be\/index.php\/wp-json\/wp\/v2\/posts\/3912\/revisions"}],"predecessor-version":[{"id":3915,"href":"https:\/\/bd-chroniques.be\/index.php\/wp-json\/wp\/v2\/posts\/3912\/revisions\/3915"}],"wp:featuredmedia":[{"embeddable":true,"href":"https:\/\/bd-chroniques.be\/index.php\/wp-json\/wp\/v2\/media\/3914"}],"wp:attachment":[{"href":"https:\/\/bd-chroniques.be\/index.php\/wp-json\/wp\/v2\/media?parent=3912"}],"wp:term":[{"taxonomy":"category","embeddable":true,"href":"https:\/\/bd-chroniques.be\/index.php\/wp-json\/wp\/v2\/categories?post=3912"},{"taxonomy":"post_tag","embeddable":true,"href":"https:\/\/bd-chroniques.be\/index.php\/wp-json\/wp\/v2\/tags?post=3912"}],"curies":[{"name":"wp","href":"https:\/\/api.w.org\/{rel}","templated":true}]}}