{"id":3917,"date":"2019-07-16T07:30:03","date_gmt":"2019-07-16T05:30:03","guid":{"rendered":"http:\/\/bd-chroniques.be\/?p=3917"},"modified":"2019-07-15T18:48:50","modified_gmt":"2019-07-15T16:48:50","slug":"les-voyages-de-jules","status":"publish","type":"post","link":"https:\/\/bd-chroniques.be\/index.php\/2019\/07\/16\/les-voyages-de-jules\/","title":{"rendered":"Les Voyages de Jules"},"content":{"rendered":"\n<p>Il y a eu Anna, il y a eu Ulysse, et, en compagnie de leurs voyages, il y a toujours eu Jules. Jules qui, dans ce livre somptueux, est totalement central. Un album \u00e9tonnant qui met en avant deux des plus grands talents du neuvi\u00e8me art : le Belge Ren\u00e9 Follet et le Fran\u00e7ais Emmanuel Lepage ! <\/p>\n\n\n\n<figure class=\"wp-block-image\"><img data-recalc-dims=\"1\" loading=\"lazy\" decoding=\"async\" width=\"768\" height=\"519\" src=\"https:\/\/i0.wp.com\/bd-chroniques.be\/wp-content\/uploads\/2019\/07\/LEPAGE2-1024x692.jpg?resize=768%2C519\" alt=\"\" class=\"wp-image-3919\" srcset=\"https:\/\/i0.wp.com\/bd-chroniques.be\/wp-content\/uploads\/2019\/07\/LEPAGE2.jpg?resize=1024%2C692&amp;ssl=1 1024w, https:\/\/i0.wp.com\/bd-chroniques.be\/wp-content\/uploads\/2019\/07\/LEPAGE2.jpg?resize=300%2C203&amp;ssl=1 300w, https:\/\/i0.wp.com\/bd-chroniques.be\/wp-content\/uploads\/2019\/07\/LEPAGE2.jpg?resize=768%2C519&amp;ssl=1 768w, https:\/\/i0.wp.com\/bd-chroniques.be\/wp-content\/uploads\/2019\/07\/LEPAGE2.jpg?w=1736&amp;ssl=1 1736w, https:\/\/i0.wp.com\/bd-chroniques.be\/wp-content\/uploads\/2019\/07\/LEPAGE2.jpg?w=1536&amp;ssl=1 1536w\" sizes=\"auto, (max-width: 768px) 100vw, 768px\" \/><figcaption>Les Voyages de Jules \u00a9 Daniel Maghen<\/figcaption><\/figure>\n\n\n\n<p>Les Voyages de Jules, c\u2019est d\u2019abord un livre impossible \u00e0 r\u00e9sumer, qui m\u00eale aventures marines et enfouissement dans l\u2019art et dans la litt\u00e9rature. Oui, c\u2019est un album \u00e0 la fois tr\u00e8s graphique et tr\u00e8s litt\u00e9raire. Le tout dans une forme narrative qui n\u2019est pas celle du neuvi\u00e8me art. Pas tout \u00e0 fait en tout cas\u2026 On se trouve dans un texte qui s\u2019ouvre \u00e0 des illustrations splendides, tout en laissant la place, rarement, \u00e0 des petits d\u00e9coupages correspondant aux codes du neuvi\u00e8me art. <\/p>\n\n\n\n<p>On se trouve d\u2019abord et avant tout dans un r\u00e9cit, un r\u00e9cit particuli\u00e8rement construit, m\u00eame s\u2019il est d\u2019une lisibilit\u00e9 imm\u00e9diate. Il y a d\u2019abord le r\u00eave, l\u2019imagination et les r\u00e9f\u00e9rences litt\u00e9raires de deux dessinateurs. Il y a, ensuite, la mise en forme d\u2019un texte qui, lui aussi, s\u2019ouvre \u00e0 de nouveaux dessins. Et, enfin, il y a l\u2019\u00e9criture, physiquement parlant, qui fait de la repr\u00e9sentation des lettres, des missives, une pr\u00e9sence \u00e9galement graphique!  <\/p>\n\n\n\n<div class=\"wp-block-image\"><figure class=\"aligncenter\"><img loading=\"lazy\" decoding=\"async\" width=\"1604\" height=\"1065\" src=\"https:\/\/i1.wp.com\/bd-chroniques.be\/wp-content\/uploads\/2019\/07\/lepage1.png?fit=768%2C510\" alt=\"\" class=\"wp-image-3920\" srcset=\"https:\/\/i0.wp.com\/bd-chroniques.be\/wp-content\/uploads\/2019\/07\/lepage1.png?w=1604&amp;ssl=1 1604w, https:\/\/i0.wp.com\/bd-chroniques.be\/wp-content\/uploads\/2019\/07\/lepage1.png?resize=300%2C199&amp;ssl=1 300w, https:\/\/i0.wp.com\/bd-chroniques.be\/wp-content\/uploads\/2019\/07\/lepage1.png?resize=768%2C510&amp;ssl=1 768w, https:\/\/i0.wp.com\/bd-chroniques.be\/wp-content\/uploads\/2019\/07\/lepage1.png?resize=1024%2C680&amp;ssl=1 1024w, https:\/\/i0.wp.com\/bd-chroniques.be\/wp-content\/uploads\/2019\/07\/lepage1.png?w=1536&amp;ssl=1 1536w\" sizes=\"auto, (max-width: 768px) 100vw, 768px\" \/><figcaption>Les Voyages de Jules \u00a9 Daniel Maghen<\/figcaption><\/figure><\/div>\n\n\n\n<figure class=\"wp-block-audio\"><audio controls src=\"http:\/\/bd-chroniques.be\/wp-content\/uploads\/2019\/07\/SCHRAUWEN-Jacques-lepage-narration.mp3\"><\/audio><figcaption>Emmanuel Lepage: la narration<\/figcaption><\/figure>\n\n\n\n<figure class=\"wp-block-audio\"><audio controls src=\"http:\/\/bd-chroniques.be\/wp-content\/uploads\/2019\/07\/SCHRAUWEN-Jacques-lepage-construction.mp3\"><\/audio><figcaption>Emmanuel Lepage: la construction<\/figcaption><\/figure>\n\n\n\n<p>Un livre, quel qu\u2019il soit, c\u2019est un objet qui raconte une histoire. Et toutes les histoires qui construisent une vie sont faites de d\u00e9tails, de petits riens et de grands \u00e9v\u00e9nements.  <\/p>\n\n\n\n<p>\u00ab Ouvrir un livre, prendre un bateau, c\u2019est la m\u00eame chose \u00bb nous dit Emmanuel Lepage. Et c\u2019est vrai que, dans cet album, dans ce livre, la litt\u00e9rature de voyage et omnipr\u00e9sente, elle est le lien qui unit les deux personnages qui sont au centre du r\u00e9cit : Jules et Amon. Un \u00eatre presque fantasque, qui a le besoin visc\u00e9ral de ne pas s\u2019installer, et un autre \u00eatre qui, pour se d\u00e9mesurer, a besoin de rigidit\u00e9 et d\u2019ordre. On les voit, presque en face \u00e0 face, comme deux p\u00f4les d\u2019une m\u00eame soif de cr\u00e9er, d\u2019une m\u00eame n\u00e9cessit\u00e9 de ne pas se plier \u00e0 quelque code que ce soit, mais \u00e0 faire le choix de quelques habitudes qui prouvent que toutes les routines ne sont pas mauvaises ! <\/p>\n\n\n\n<figure class=\"wp-block-image\"><img data-recalc-dims=\"1\" loading=\"lazy\" decoding=\"async\" width=\"721\" height=\"1024\" src=\"https:\/\/i0.wp.com\/bd-chroniques.be\/wp-content\/uploads\/2019\/07\/lepage3-721x1024.png?resize=721%2C1024\" alt=\"\" class=\"wp-image-3921\" srcset=\"https:\/\/i0.wp.com\/bd-chroniques.be\/wp-content\/uploads\/2019\/07\/lepage3.png?resize=721%2C1024&amp;ssl=1 721w, https:\/\/i0.wp.com\/bd-chroniques.be\/wp-content\/uploads\/2019\/07\/lepage3.png?resize=211%2C300&amp;ssl=1 211w, https:\/\/i0.wp.com\/bd-chroniques.be\/wp-content\/uploads\/2019\/07\/lepage3.png?w=732&amp;ssl=1 732w\" sizes=\"auto, (max-width: 721px) 100vw, 721px\" \/><figcaption>Les Voyages de Jules \u00a9 Daniel Maghen<\/figcaption><\/figure>\n\n\n\n<figure class=\"wp-block-audio\"><audio controls src=\"http:\/\/bd-chroniques.be\/wp-content\/uploads\/2019\/07\/SCHRAUWEN-Jacques-lepage-jules-et-amon.mp3\"><\/audio><figcaption>Emmanuel Lepage: Jules et Amon<\/figcaption><\/figure>\n\n\n\n<p>\u00ab Homme libre, toujours tu ch\u00e9riras la mer \u00bb, disait Baudelaire. \u00ab La mer est ton miroir \u00bb, ajoutait-il. <\/p>\n\n\n\n<p>Lepage et Follet sont libres, puisque amoureux de cet \u00e9l\u00e9ment qui leur ouvre des horizons aux couleurs infiniment changeantes.  <\/p>\n\n\n\n<p>\u00ab Les Voyages de Jules \u00bb, c\u2019est la fin d\u2019une trilogie entam\u00e9e il y a une quinzaine d\u2019ann\u00e9es. Trois albums qui racontent le trajet humain et les voyages d\u2019un peintre imaginaire, Jules Toulet.  <\/p>\n\n\n\n<p>Un peintre qui, dans ce livre-ci, se raconte au travers de lettres illustr\u00e9es. Des lettres qui, certes, parlent de la mer, en prenant comme d\u00e9part des lectures \u00ab marines \u00bb aussi essentielles que Moby Dick, le vieil homme et la mer, ou p\u00eacheur d\u2019Islande. Mais ce qui fait le centre de gravit\u00e9 de ce superbe album, c\u2019est l\u2019art, aussi, et peut-\u00eatre m\u00eame d\u2019abord et avant tout. <\/p>\n\n\n\n<figure class=\"wp-block-image\"><img data-recalc-dims=\"1\" loading=\"lazy\" decoding=\"async\" width=\"768\" height=\"248\" src=\"https:\/\/i0.wp.com\/bd-chroniques.be\/wp-content\/uploads\/2019\/07\/lepage4.png?resize=768%2C248\" alt=\"\" class=\"wp-image-3922\" srcset=\"https:\/\/i0.wp.com\/bd-chroniques.be\/wp-content\/uploads\/2019\/07\/lepage4.png?w=772&amp;ssl=1 772w, https:\/\/i0.wp.com\/bd-chroniques.be\/wp-content\/uploads\/2019\/07\/lepage4.png?resize=300%2C97&amp;ssl=1 300w, https:\/\/i0.wp.com\/bd-chroniques.be\/wp-content\/uploads\/2019\/07\/lepage4.png?resize=768%2C249&amp;ssl=1 768w\" sizes=\"auto, (max-width: 768px) 100vw, 768px\" \/><figcaption>Les Voyages de Jules \u00a9 Daniel Maghen<\/figcaption><\/figure>\n\n\n\n<figure class=\"wp-block-audio\"><audio controls src=\"http:\/\/bd-chroniques.be\/wp-content\/uploads\/2019\/07\/SCHRAUWEN-Jacques-lepage-mer.mp3\"><\/audio><figcaption>Emmanuel Lepage: la mer<\/figcaption><\/figure>\n\n\n\n<figure class=\"wp-block-audio\"><audio controls src=\"http:\/\/bd-chroniques.be\/wp-content\/uploads\/2019\/07\/SCHRAUWEN-Jacques-lepage-art.mp3\"><\/audio><figcaption>Emmanuel Lepage: l&rsquo;art<\/figcaption><\/figure>\n\n\n\n<p>Le ma\u00eetre d\u2019\u0153uvre de cet album, c\u2019est Emmanuel Lepage. Un dessinateur qui, au fil des ann\u00e9es, s\u2019affirme comme un des artistes les plus importants, humainement et artistiquement, du neuvi\u00e8me art. Un dessinateur qui appartient pleinement \u00e0 la lign\u00e9e de la BD franco-belge (ou belgo-fran\u00e7aise\u2026), mais qui est incapable, et cela est \u00e9vident d\u2019album en album (de Tchernobyl \u00e0 Muchachos, jusqu\u2019\u00e0 Ar-men et ces voyages-ci\u2026) de se contenter d\u2019une seule forme de dessin, de mise en couleur, de narration.  <\/p>\n\n\n\n<p>Et dans ces voyages de Jules, il y a aussi l\u2019immense Ren\u00e9 Follet, dessinateur belge exceptionnel, illustrateur de g\u00e9nie, qui, du haut de ses 88 printemps, illumine de ses traits et de sa couleur ce livre absolument ph\u00e9nom\u00e9nal\u2026 Un livre hommage \u00e0 la peinture, \u00e0 la litt\u00e9rature, \u00e0 la mer, et \u00e0 l\u2019amiti\u00e9 qui unit Lepage et Follet depuis longtemps d\u00e9j\u00e0\u2026  <\/p>\n\n\n\n<figure class=\"wp-block-image\"><img data-recalc-dims=\"1\" loading=\"lazy\" decoding=\"async\" width=\"592\" height=\"788\" src=\"https:\/\/i0.wp.com\/bd-chroniques.be\/wp-content\/uploads\/2019\/07\/lepage5.png?resize=592%2C788\" alt=\"\" class=\"wp-image-3923\" srcset=\"https:\/\/i0.wp.com\/bd-chroniques.be\/wp-content\/uploads\/2019\/07\/lepage5.png?w=592&amp;ssl=1 592w, https:\/\/i0.wp.com\/bd-chroniques.be\/wp-content\/uploads\/2019\/07\/lepage5.png?resize=225%2C300&amp;ssl=1 225w\" sizes=\"auto, (max-width: 592px) 100vw, 592px\" \/><figcaption>Les Voyages de Jules \u00a9 Daniel Maghen<\/figcaption><\/figure>\n\n\n\n<figure class=\"wp-block-audio\"><audio controls src=\"http:\/\/bd-chroniques.be\/wp-content\/uploads\/2019\/07\/SCHRAUWEN-Jacques-lepage-les-ma\u00eetres.mp3\"><\/audio><figcaption>Emmanuel Lepage: les ma\u00eetres<\/figcaption><\/figure>\n\n\n\n<figure class=\"wp-block-audio\"><audio controls src=\"http:\/\/bd-chroniques.be\/wp-content\/uploads\/2019\/07\/SCHRAUWEN-Jacques-lepage-follet.mp3\"><\/audio><figcaption>Emmanuel Lepage: Ren\u00e9 Follet<\/figcaption><\/figure>\n\n\n\n<p>Il y a de l\u2019amiti\u00e9, il y a une convergence de talents et d\u2019imaginaires, il y a un contraste entre deux styles qui, pourtant, se rejoignent avec une sorte de plaisir presque sensuel, de page en page.  <\/p>\n\n\n\n<p>Lepage et Follet sont deux capitaines de bateaux qui m\u00ealent leurs destins sur les navires parall\u00e8les de leurs propres existences. <\/p>\n\n\n\n<p>Et le bonheur, dans ce livre, c\u2019est aussi de voir c\u00f4te \u00e0 c\u00f4te, deux artistes de leur trempe dialoguer entre et eux et dialoguer, en m\u00eame temps, avec la mer, les mots, le temps qui passe et le sens de la cr\u00e9ation. <\/p>\n\n\n\n<div class=\"wp-block-image\"><figure class=\"aligncenter\"><img loading=\"lazy\" decoding=\"async\" width=\"744\" height=\"1041\" src=\"https:\/\/i0.wp.com\/bd-chroniques.be\/wp-content\/uploads\/2019\/07\/lepage6.png?fit=732%2C1024\" alt=\"\" class=\"wp-image-3925\" srcset=\"https:\/\/i0.wp.com\/bd-chroniques.be\/wp-content\/uploads\/2019\/07\/lepage6.png?w=744&amp;ssl=1 744w, https:\/\/i0.wp.com\/bd-chroniques.be\/wp-content\/uploads\/2019\/07\/lepage6.png?resize=214%2C300&amp;ssl=1 214w, https:\/\/i0.wp.com\/bd-chroniques.be\/wp-content\/uploads\/2019\/07\/lepage6.png?resize=732%2C1024&amp;ssl=1 732w\" sizes=\"auto, (max-width: 744px) 100vw, 744px\" \/><figcaption>Les Voyages de Jules \u00a9 Daniel Maghen<\/figcaption><\/figure><\/div>\n\n\n\n<figure class=\"wp-block-audio\"><audio controls src=\"http:\/\/bd-chroniques.be\/wp-content\/uploads\/2019\/07\/SCHRAUWEN-Jacques-lepage-follet-2-dessin.mp3\"><\/audio><figcaption>Emmanuel Lepage: Ren\u00e9 Follet et le dessin<\/figcaption><\/figure>\n\n\n\n<p>\u00ab Les voyages de Jules \u00bb, c\u2019est un livre \u00e0 lire\u2026 Petit \u00e0 petit ou d\u2019une traite\u2026 C\u2019est un livre \u00e0 feuilleter, \u00e0 ouvrir, \u00e0 rouvrir souvent\u2026 C\u2019est un livre d\u2019art et de litt\u00e9rature, c\u2019est un livre de rencontre, entre les personnages qu\u2019il nous montre et qu\u2019il imagine vivre, entre quatre auteurs, aussi, en totale osmose.  <\/p>\n\n\n\n<p>\u00ab Les voyages de Jules \u00bb, c\u2019est un livre qui ne peut que trouver une place de choix dans la biblioth\u00e8que de tout honn\u00eate homme !&#8230;  <\/p>\n\n\n\n<p><strong>Jacques Schra\u00fbwen <\/strong><\/p>\n\n\n\n<p><strong>Les Voyages de Jules (auteurs : Emmanuel Lepage, Ren\u00e9 Follet et Sophie Michel \u2013 calligraphie : Aur\u00e9lie Ti\u00e8che &#8211; \u00e9diteur : Daniel Maghen)<\/strong><\/p>\n\n\n\n<figure class=\"wp-block-image\"><img data-recalc-dims=\"1\" loading=\"lazy\" decoding=\"async\" width=\"759\" height=\"1024\" src=\"https:\/\/i0.wp.com\/bd-chroniques.be\/wp-content\/uploads\/2019\/07\/lepage0bis-759x1024.png?resize=759%2C1024\" alt=\"\" class=\"wp-image-3918\" srcset=\"https:\/\/i0.wp.com\/bd-chroniques.be\/wp-content\/uploads\/2019\/07\/lepage0bis.png?resize=759%2C1024&amp;ssl=1 759w, https:\/\/i0.wp.com\/bd-chroniques.be\/wp-content\/uploads\/2019\/07\/lepage0bis.png?resize=222%2C300&amp;ssl=1 222w, https:\/\/i0.wp.com\/bd-chroniques.be\/wp-content\/uploads\/2019\/07\/lepage0bis.png?resize=768%2C1037&amp;ssl=1 768w, https:\/\/i0.wp.com\/bd-chroniques.be\/wp-content\/uploads\/2019\/07\/lepage0bis.png?w=1184&amp;ssl=1 1184w\" sizes=\"auto, (max-width: 759px) 100vw, 759px\" \/><figcaption>Les Voyages de Jules \u00a9 Daniel Maghen<\/figcaption><\/figure>\n","protected":false},"excerpt":{"rendered":"<p>Il y a eu Anna, il y a eu Ulysse, et, en compagnie de leurs voyages, il y a toujours eu Jules. Jules qui, dans ce livre somptueux, est totalement central. Un album \u00e9tonnant qui met en avant deux des plus grands talents du neuvi\u00e8me art : le Belge Ren\u00e9 Follet et le Fran\u00e7ais Emmanuel [&hellip;]<\/p>\n","protected":false},"author":1,"featured_media":3918,"comment_status":"open","ping_status":"open","sticky":false,"template":"","format":"standard","meta":{"jetpack_post_was_ever_published":false,"_jetpack_newsletter_access":"","_jetpack_dont_email_post_to_subs":false,"_jetpack_newsletter_tier_id":0,"_jetpack_memberships_contains_paywalled_content":false,"_jetpack_memberships_contains_paid_content":false,"footnotes":"","jetpack_publicize_message":"","jetpack_publicize_feature_enabled":true,"jetpack_social_post_already_shared":true,"jetpack_social_options":{"image_generator_settings":{"template":"highway","default_image_id":0,"font":"","enabled":false},"version":2}},"categories":[3,10],"tags":[],"class_list":["post-3917","post","type-post","status-publish","format-standard","has-post-thumbnail","hentry","category-bd-de-s-a-z","category-v"],"jetpack_publicize_connections":[],"jetpack_featured_media_url":"https:\/\/i0.wp.com\/bd-chroniques.be\/wp-content\/uploads\/2019\/07\/lepage0bis.png?fit=1184%2C1598&ssl=1","jetpack_shortlink":"https:\/\/wp.me\/p8dqsu-11b","jetpack_likes_enabled":true,"jetpack_sharing_enabled":true,"_links":{"self":[{"href":"https:\/\/bd-chroniques.be\/index.php\/wp-json\/wp\/v2\/posts\/3917","targetHints":{"allow":["GET"]}}],"collection":[{"href":"https:\/\/bd-chroniques.be\/index.php\/wp-json\/wp\/v2\/posts"}],"about":[{"href":"https:\/\/bd-chroniques.be\/index.php\/wp-json\/wp\/v2\/types\/post"}],"author":[{"embeddable":true,"href":"https:\/\/bd-chroniques.be\/index.php\/wp-json\/wp\/v2\/users\/1"}],"replies":[{"embeddable":true,"href":"https:\/\/bd-chroniques.be\/index.php\/wp-json\/wp\/v2\/comments?post=3917"}],"version-history":[{"count":1,"href":"https:\/\/bd-chroniques.be\/index.php\/wp-json\/wp\/v2\/posts\/3917\/revisions"}],"predecessor-version":[{"id":3934,"href":"https:\/\/bd-chroniques.be\/index.php\/wp-json\/wp\/v2\/posts\/3917\/revisions\/3934"}],"wp:featuredmedia":[{"embeddable":true,"href":"https:\/\/bd-chroniques.be\/index.php\/wp-json\/wp\/v2\/media\/3918"}],"wp:attachment":[{"href":"https:\/\/bd-chroniques.be\/index.php\/wp-json\/wp\/v2\/media?parent=3917"}],"wp:term":[{"taxonomy":"category","embeddable":true,"href":"https:\/\/bd-chroniques.be\/index.php\/wp-json\/wp\/v2\/categories?post=3917"},{"taxonomy":"post_tag","embeddable":true,"href":"https:\/\/bd-chroniques.be\/index.php\/wp-json\/wp\/v2\/tags?post=3917"}],"curies":[{"name":"wp","href":"https:\/\/api.w.org\/{rel}","templated":true}]}}