{"id":4121,"date":"2019-09-12T15:19:24","date_gmt":"2019-09-12T13:19:24","guid":{"rendered":"http:\/\/bd-chroniques.be\/?p=4121"},"modified":"2019-09-12T15:19:25","modified_gmt":"2019-09-12T13:19:25","slug":"classe-de-lune","status":"publish","type":"post","link":"https:\/\/bd-chroniques.be\/index.php\/2019\/09\/12\/classe-de-lune\/","title":{"rendered":"Classe de Lune"},"content":{"rendered":"\n<p>Il y a des classes de neige, des classes vertes\u2026 Pourquoi n\u2019y aurait-il pas aussi de \u00ab classe de lune \u00bb ?&#8230; De petit voyage scolaire sur ce satellite o\u00f9 l\u2019homme, pour l\u2019instant, n\u2019a fait que mettre quelques pieds ?&#8230; R\u00eavons\u2026<\/p>\n\n\n\n<figure class=\"wp-block-image\"><img data-recalc-dims=\"1\" loading=\"lazy\" decoding=\"async\" width=\"768\" height=\"627\" src=\"https:\/\/i0.wp.com\/bd-chroniques.be\/wp-content\/uploads\/2019\/09\/lune0bis.jpg?resize=768%2C627\" alt=\"\" class=\"wp-image-4122\" srcset=\"https:\/\/i0.wp.com\/bd-chroniques.be\/wp-content\/uploads\/2019\/09\/lune0bis.jpg?w=1000&amp;ssl=1 1000w, https:\/\/i0.wp.com\/bd-chroniques.be\/wp-content\/uploads\/2019\/09\/lune0bis.jpg?resize=300%2C245&amp;ssl=1 300w, https:\/\/i0.wp.com\/bd-chroniques.be\/wp-content\/uploads\/2019\/09\/lune0bis.jpg?resize=768%2C627&amp;ssl=1 768w\" sizes=\"auto, (max-width: 768px) 100vw, 768px\" \/><figcaption>Classe de lune \u00a9 Pastel<\/figcaption><\/figure>\n\n\n\n<p>L\u2019Ecole des Loisirs est sans doute la maison d\u2019\u00e9dition qui a le plus fait, depuis des ann\u00e9es, pour casser la routine quelque peu d\u00e9su\u00e8te d\u2019une litt\u00e9rature pour jeune public. Et cet \u00e9diteur continue, inlassablement, \u00e0 nous offrir des \u0153uvres litt\u00e9raires et\/ou graphiques extr\u00eamement vari\u00e9es et qui ont l\u2019immense avantage de pouvoir plaire autant aux parents qu\u2019\u00e0 leurs enfants !<\/p>\n\n\n\n<p>Et c\u2019est bien le cas avec cet album, d\u2019une belle simplicit\u00e9, du au talent de l\u2019Am\u00e9ricain John Hare. Pas un seul mot, mais des images en pleines pages, qui ne sont pas que des illustrations et qui s\u2019apparentent vraiment \u00e0 une bd muette au discours po\u00e9tique accessible imm\u00e9diatement.<\/p>\n\n\n\n<div class=\"wp-block-image\"><figure class=\"aligncenter\"><img data-recalc-dims=\"1\" loading=\"lazy\" decoding=\"async\" width=\"768\" height=\"370\" src=\"https:\/\/i0.wp.com\/bd-chroniques.be\/wp-content\/uploads\/2019\/09\/lune1.jpg?resize=768%2C370\" alt=\"\" class=\"wp-image-4123\" srcset=\"https:\/\/i0.wp.com\/bd-chroniques.be\/wp-content\/uploads\/2019\/09\/lune1.jpg?w=1000&amp;ssl=1 1000w, https:\/\/i0.wp.com\/bd-chroniques.be\/wp-content\/uploads\/2019\/09\/lune1.jpg?resize=300%2C145&amp;ssl=1 300w, https:\/\/i0.wp.com\/bd-chroniques.be\/wp-content\/uploads\/2019\/09\/lune1.jpg?resize=768%2C370&amp;ssl=1 768w\" sizes=\"auto, (max-width: 768px) 100vw, 768px\" \/><figcaption> Classe de lune \u00a9 Pastel <\/figcaption><\/figure><\/div>\n\n\n\n<p>Il s\u2019agit donc d\u2019une excursion scolaire. Toute une classe se rend sur la lune, s\u2019y balade, \u00e9coutant et suivant leur professeur. Mais une petite fille reste en arri\u00e8re et, \u00e9blouie par le spectacle d\u2019un \u00ab clair de terre \u00bb, elle s\u2019arr\u00eate, prend son bloc de feuilles, ses crayons, et elle dessine cette plan\u00e8te qui est sienne et qui lui appara\u00eet dans toute sa splendeur naturelle.<\/p>\n\n\n\n<p>Mais voil\u00e0\u2026 Le reste de la classe n\u2019a pas remarqu\u00e9 son absence (bien des professeurs et des animateurs se reconnaitront dans cette situation\u2026) et remonte dans le vaisseau, prenant la direction de la Terre. Et cette petite fille, dans son scaphandre blanc, reste seule sur la Lune\u2026 Perdue, apeur\u00e9e sans doute, mais sans angoisse particuli\u00e8re, malgr\u00e9 tout. Et elle se remet \u00e0 dessiner\u2026 Un arc-en-ciel, une trou\u00e9e de couleurs, comme pour affronter le sort.<\/p>\n\n\n\n<div class=\"wp-block-image\"><figure class=\"aligncenter\"><img data-recalc-dims=\"1\" loading=\"lazy\" decoding=\"async\" width=\"560\" height=\"420\" src=\"https:\/\/i0.wp.com\/bd-chroniques.be\/wp-content\/uploads\/2019\/09\/lune2.jpg?resize=560%2C420\" alt=\"\" class=\"wp-image-4124\" srcset=\"https:\/\/i0.wp.com\/bd-chroniques.be\/wp-content\/uploads\/2019\/09\/lune2.jpg?w=560&amp;ssl=1 560w, https:\/\/i0.wp.com\/bd-chroniques.be\/wp-content\/uploads\/2019\/09\/lune2.jpg?resize=300%2C225&amp;ssl=1 300w\" sizes=\"auto, (max-width: 560px) 100vw, 560px\" \/><figcaption> Classe de lune \u00a9 Pastel <\/figcaption><\/figure><\/div>\n\n\n\n<p>Seule ?&#8230;.<\/p>\n\n\n\n<p>Pas vraiment\u2026 Des rochers se transforment, deviennent des formes humaines\u2026 La petite fille et ces formes vont ainsi devenir complices, dans le silence, d\u2019un crime extraordinaire, celui du partage de la f\u00e9\u00e9rie artistique.<\/p>\n\n\n\n<p>Les habitants de la lune se mettent \u00e0 dessiner, eux aussi, sur eux-m\u00eames\u2026<\/p>\n\n\n\n<p>Mais voil\u00e0\u2026 Les meilleurs choses ont une fin, le vaisseau spatial revient, le professeur enguirlande son \u00e9l\u00e8ve, l\u2018oblige \u00e0 effacer ses \u00ab graffitis \u00bb, ses \u00ab tags \u00bb\u2026<\/p>\n\n\n\n<p>Dans le vaisseau qui la ram\u00e8ne chez elle, cette enfant dessine ceux qui viennent d\u2019\u00eatre ses amis. Et sur la Lune, o\u00f9 elle a oubli\u00e9 ses feutres, la couleur devient un nouveau langage pour ces compagnons de quelques instants\u2026<\/p>\n\n\n\n<div class=\"wp-block-image\"><figure class=\"aligncenter\"><img loading=\"lazy\" decoding=\"async\" width=\"1600\" height=\"769\" src=\"https:\/\/i2.wp.com\/bd-chroniques.be\/wp-content\/uploads\/2019\/09\/lune3.jpg?fit=768%2C369\" alt=\"\" class=\"wp-image-4125\" srcset=\"https:\/\/i0.wp.com\/bd-chroniques.be\/wp-content\/uploads\/2019\/09\/lune3.jpg?w=1600&amp;ssl=1 1600w, https:\/\/i0.wp.com\/bd-chroniques.be\/wp-content\/uploads\/2019\/09\/lune3.jpg?resize=300%2C144&amp;ssl=1 300w, https:\/\/i0.wp.com\/bd-chroniques.be\/wp-content\/uploads\/2019\/09\/lune3.jpg?resize=768%2C369&amp;ssl=1 768w, https:\/\/i0.wp.com\/bd-chroniques.be\/wp-content\/uploads\/2019\/09\/lune3.jpg?resize=1024%2C492&amp;ssl=1 1024w, https:\/\/i0.wp.com\/bd-chroniques.be\/wp-content\/uploads\/2019\/09\/lune3.jpg?w=1536&amp;ssl=1 1536w\" sizes=\"auto, (max-width: 768px) 100vw, 768px\" \/><figcaption> Classe de lune \u00a9 Pastel <\/figcaption><\/figure><\/div>\n\n\n\n<p>La po\u00e9sie n\u2019a pas toujours besoin de mots pour exprimer l\u2019indicible\u2026 La po\u00e9sie se trouve dans le regard qu\u2019on pose sur elle\u2026 La po\u00e9sie, ici, est celle d\u2019une couleur somptueuse, d\u2019une construction narrative \u00e0 la simplicit\u00e9 superbe, d\u2019un r\u00e9cit lin\u00e9aire, mais qui parvient \u00e0 la fois \u00e0 ouvrir la porte au r\u00eave \u00e0 entrouvrir la fen\u00eatre de l\u2019\u00e2me \u00e0 la magie de toutes les diff\u00e9rences entre les \u00eatres, ces diff\u00e9rences qui les enrichissent lorsqu\u2019ils acceptent d\u2019ouvrir r\u00e9ellement les yeux et le c\u0153ur.<\/p>\n\n\n\n<p>Une classe de lune, pour r\u00eaver et faire r\u00eaver\u2026 Un bien beau livre, pour les enfants en \u00e2ge de maternelle, et pour leurs parents et leurs grands-parents\u2026 Un enchantement d\u2019images !<\/p>\n\n\n\n<p><strong>Jacques Schra\u00fbwen<\/strong><\/p>\n\n\n\n<p><strong>Classe de Lune (auteur : John Hare \u2013 \u00e9diteur : Pastel\/L\u2019Ecole des Loisirs\/Rue de S\u00e8vres \u2013 48 pages \u2013 \u00e0 savourer \u00e0 partir de quatre ans et jusqu\u2019\u00e0 bien plus que 77 ans \u2013 parution : mai 2019)<\/strong><\/p>\n","protected":false},"excerpt":{"rendered":"<p>Il y a des classes de neige, des classes vertes\u2026 Pourquoi n\u2019y aurait-il pas aussi de \u00ab classe de lune \u00bb ?&#8230; De petit voyage scolaire sur ce satellite o\u00f9 l\u2019homme, pour l\u2019instant, n\u2019a fait que mettre quelques pieds ?&#8230; R\u00eavons\u2026 L\u2019Ecole des Loisirs est sans doute la maison d\u2019\u00e9dition qui a le plus fait, [&hellip;]<\/p>\n","protected":false},"author":1,"featured_media":4126,"comment_status":"open","ping_status":"open","sticky":false,"template":"","format":"standard","meta":{"jetpack_post_was_ever_published":false,"_jetpack_newsletter_access":"","_jetpack_dont_email_post_to_subs":false,"_jetpack_newsletter_tier_id":0,"_jetpack_memberships_contains_paywalled_content":false,"_jetpack_memberships_contains_paid_content":false,"footnotes":"","jetpack_publicize_message":"","jetpack_publicize_feature_enabled":true,"jetpack_social_post_already_shared":true,"jetpack_social_options":{"image_generator_settings":{"template":"highway","default_image_id":0,"font":"","enabled":false},"version":2}},"categories":[42],"tags":[],"class_list":["post-4121","post","type-post","status-publish","format-standard","has-post-thumbnail","hentry","category-livres-pour-enfants"],"jetpack_publicize_connections":[],"jetpack_featured_media_url":"https:\/\/i0.wp.com\/bd-chroniques.be\/wp-content\/uploads\/2019\/09\/lune0.jpg?fit=340%2C329&ssl=1","jetpack_shortlink":"https:\/\/wp.me\/p8dqsu-14t","jetpack_likes_enabled":true,"jetpack_sharing_enabled":true,"_links":{"self":[{"href":"https:\/\/bd-chroniques.be\/index.php\/wp-json\/wp\/v2\/posts\/4121","targetHints":{"allow":["GET"]}}],"collection":[{"href":"https:\/\/bd-chroniques.be\/index.php\/wp-json\/wp\/v2\/posts"}],"about":[{"href":"https:\/\/bd-chroniques.be\/index.php\/wp-json\/wp\/v2\/types\/post"}],"author":[{"embeddable":true,"href":"https:\/\/bd-chroniques.be\/index.php\/wp-json\/wp\/v2\/users\/1"}],"replies":[{"embeddable":true,"href":"https:\/\/bd-chroniques.be\/index.php\/wp-json\/wp\/v2\/comments?post=4121"}],"version-history":[{"count":1,"href":"https:\/\/bd-chroniques.be\/index.php\/wp-json\/wp\/v2\/posts\/4121\/revisions"}],"predecessor-version":[{"id":4127,"href":"https:\/\/bd-chroniques.be\/index.php\/wp-json\/wp\/v2\/posts\/4121\/revisions\/4127"}],"wp:featuredmedia":[{"embeddable":true,"href":"https:\/\/bd-chroniques.be\/index.php\/wp-json\/wp\/v2\/media\/4126"}],"wp:attachment":[{"href":"https:\/\/bd-chroniques.be\/index.php\/wp-json\/wp\/v2\/media?parent=4121"}],"wp:term":[{"taxonomy":"category","embeddable":true,"href":"https:\/\/bd-chroniques.be\/index.php\/wp-json\/wp\/v2\/categories?post=4121"},{"taxonomy":"post_tag","embeddable":true,"href":"https:\/\/bd-chroniques.be\/index.php\/wp-json\/wp\/v2\/tags?post=4121"}],"curies":[{"name":"wp","href":"https:\/\/api.w.org\/{rel}","templated":true}]}}