{"id":4261,"date":"2019-10-18T08:30:41","date_gmt":"2019-10-18T06:30:41","guid":{"rendered":"http:\/\/bd-chroniques.be\/?p=4261"},"modified":"2019-10-17T13:32:09","modified_gmt":"2019-10-17T11:32:09","slug":"chez-adolf-1-1933","status":"publish","type":"post","link":"https:\/\/bd-chroniques.be\/index.php\/2019\/10\/18\/chez-adolf-1-1933\/","title":{"rendered":"Chez Adolf : 1. 1933"},"content":{"rendered":"\n<p><em>Un r\u00e9cit \u00e0 l\u2019initiale de l\u2019horreur. <\/em><\/p>\n\n\n\n<p>Les livres consacr\u00e9s \u00e0 la guerre 40\/45, au g\u00e9nocide des Juifs, des homosexuels, des communistes, des handicap\u00e9s, il y en a eu \u00e9norm\u00e9ment, il y en aura encore, c\u2019est \u00e9vident, tant il est important de ne pas \u00ab oublier \u00bb pour ne pas recommencer !<\/p>\n\n\n\n<p>Mais avant que l\u2019horreur s\u2019installe comme une r\u00e9alit\u00e9 tangible pour tout un chacun, il a fallu qu\u2019elle s\u2019organise, qu\u2019elle s\u2019implante, quelle prenne le pouvoir, politiquement, mais humainement aussi, humainement peut-\u00eatre m\u00eame d\u2019abord et avant tout !<\/p>\n\n\n\n<div class=\"wp-block-image\"><figure class=\"aligncenter\"><img loading=\"lazy\" decoding=\"async\" width=\"900\" height=\"1261\" src=\"https:\/\/i2.wp.com\/bd-chroniques.be\/wp-content\/uploads\/2019\/10\/adolf2.jpg?fit=731%2C1024\" alt=\"\" class=\"wp-image-4263\" srcset=\"https:\/\/i0.wp.com\/bd-chroniques.be\/wp-content\/uploads\/2019\/10\/adolf2.jpg?w=900&amp;ssl=1 900w, https:\/\/i0.wp.com\/bd-chroniques.be\/wp-content\/uploads\/2019\/10\/adolf2.jpg?resize=214%2C300&amp;ssl=1 214w, https:\/\/i0.wp.com\/bd-chroniques.be\/wp-content\/uploads\/2019\/10\/adolf2.jpg?resize=768%2C1076&amp;ssl=1 768w, https:\/\/i0.wp.com\/bd-chroniques.be\/wp-content\/uploads\/2019\/10\/adolf2.jpg?resize=731%2C1024&amp;ssl=1 731w\" sizes=\"auto, (max-width: 768px) 100vw, 768px\" \/><figcaption>Chez Adolf 1 \u00a9 Delcourt <\/figcaption><\/figure><\/div>\n\n\n\n<p>Nous sommes en 1933, en Allemagne, dans un immeuble \u00e0 appartements. Y vivent des personnages qui se croisent, se font parfois intimes, aussi. Il y a le professeur Stieg, la belle Rosa et son mari, les Feldman et les Albo, des Juifs. Il y a aussi, au rez-de chauss\u00e9e, un bistrot tenu par Emma et Adolf\u2026 Un bistrot qui, au d\u00e9but de cet album, change de nom en hommage \u00e0 celui qui est devenu chancelier d\u2019Allemagne Adolf Hitler.<\/p>\n\n\n\n<p>Le professeur Stieg est ce qu\u2019on appelait au 18\u00e8me si\u00e8cle un \u00ab honn\u00eate homme \u00bb, un citoyen peu int\u00e9ress\u00e9 \u00e0 la politique. Un \u00eatre humain, simplement, qui assiste, sans vraiment en \u00eatre touch\u00e9, \u00e0 une entreprise de d\u00e9shumanisation compl\u00e8te.<\/p>\n\n\n\n<div class=\"wp-block-image\"><figure class=\"aligncenter\"><img data-recalc-dims=\"1\" loading=\"lazy\" decoding=\"async\" width=\"500\" height=\"702\" src=\"https:\/\/i0.wp.com\/bd-chroniques.be\/wp-content\/uploads\/2019\/10\/adolf3.jpg?resize=500%2C702\" alt=\"\" class=\"wp-image-4265\" srcset=\"https:\/\/i0.wp.com\/bd-chroniques.be\/wp-content\/uploads\/2019\/10\/adolf3.jpg?w=500&amp;ssl=1 500w, https:\/\/i0.wp.com\/bd-chroniques.be\/wp-content\/uploads\/2019\/10\/adolf3.jpg?resize=214%2C300&amp;ssl=1 214w\" sizes=\"auto, (max-width: 500px) 100vw, 500px\" \/><figcaption> Chez Adolf 1 \u00a9 Delcourt  <\/figcaption><\/figure><\/div>\n\n\n\n<p>L\u2019Histoire, la grande, celle qui voit s\u2019enflammer le Reichstag, alibi parfait pour \u00e9liminer toute opposition politique, cette Histoire qui voit se multiplier, dans les rues, les exactions dues aux \u00ab Hitlerjungend \u00bb, cette Histoire qui voit le premier autodaf\u00e9, dans le cadre d\u2019une \u00e9cole, de livres qui portent atteinte au Reich, cette Histoire-l\u00e0, bien \u00e9videmment, est sans cesse pr\u00e9sente. Mais elle laisse la place, surtout, \u00e0 des quotidiens qui se m\u00ealent, s\u2019opposent, se posent des questions ou, simplement, se taisent et suivent le mouvement d\u2019un troupeau de plus en plus imposant !<\/p>\n\n\n\n<p>Le dessin de Ramon Marcos est d\u2019un presque-r\u00e9alisme qui sied \u00e0 merveille au r\u00e9cit qu\u2019il accompagne. Un dessin qui prend encore plus de puissance d\u2019\u00e9vocation gr\u00e2ce \u00e0 la couleur de Dimitri Fogolin, qui a travaill\u00e9 tout l\u2019album avec une palette proche des bruns, comme cette peste nazie que l\u2019on appel\u00e9e brune\u2026<\/p>\n\n\n\n<p>Le sc\u00e9nario, lui, est probablement, \u00e0 mon humble avis, un des meilleurs de Rodolphe. Parfaitement fouill\u00e9 au niveau historique, ce sc\u00e9nario nous trace le portrait d\u2019une \u00e9poque de notre pass\u00e9 qui semble, par bien des aspects, se reproduire aujourd\u2019hui. Plus qu\u2019une immersion dans le nazisme des ann\u00e9es trente, Rodolphe nous montre comment un pouvoir absolu, dictatorial, inhumain, peut s\u2019imposer, relativement vite, dans tout un pays, voire dans plusieurs pays m\u00eame !<\/p>\n\n\n\n<p>On commence par cr\u00e9er un \u00ab decorum \u00bb, une ambiance qui s\u2019inspire des l\u00e9gendes du pass\u00e9, on continue en s\u2019attaquant aux commerces (ceux des boucs \u00e9missaires de la crise), donc \u00e0 l\u2019\u00e9conomie, puis \u00e0 la jeunesse, et, enfin, \u00e0 la culture. Et les gens comme le professeur h\u00e9ros de cet album, m\u00eame s\u2019ils se posent des questions, m\u00eame i l\u2019envie leur vient de r\u00e9sister, se voient oblig\u00e9s de s\u2019affilier au parti nazi. De faire, simplement, comme tout le monde !<\/p>\n\n\n\n<div class=\"wp-block-image\"><figure class=\"aligncenter\"><img loading=\"lazy\" decoding=\"async\" width=\"1600\" height=\"1096\" src=\"https:\/\/i1.wp.com\/bd-chroniques.be\/wp-content\/uploads\/2019\/10\/adolf4.jpg?fit=768%2C526\" alt=\"\" class=\"wp-image-4266\" srcset=\"https:\/\/i0.wp.com\/bd-chroniques.be\/wp-content\/uploads\/2019\/10\/adolf4.jpg?w=1600&amp;ssl=1 1600w, https:\/\/i0.wp.com\/bd-chroniques.be\/wp-content\/uploads\/2019\/10\/adolf4.jpg?resize=300%2C206&amp;ssl=1 300w, https:\/\/i0.wp.com\/bd-chroniques.be\/wp-content\/uploads\/2019\/10\/adolf4.jpg?resize=768%2C526&amp;ssl=1 768w, https:\/\/i0.wp.com\/bd-chroniques.be\/wp-content\/uploads\/2019\/10\/adolf4.jpg?resize=1024%2C701&amp;ssl=1 1024w, https:\/\/i0.wp.com\/bd-chroniques.be\/wp-content\/uploads\/2019\/10\/adolf4.jpg?w=1536&amp;ssl=1 1536w\" sizes=\"auto, (max-width: 768px) 100vw, 768px\" \/><figcaption> Chez Adolf 1 \u00a9 Delcourt  <\/figcaption><\/figure><\/div>\n\n\n\n<p>Oui, c\u2019est bien de l\u2019installation d\u2019un r\u00e9gime fort, soutenu par un racisme d\u2019\u00e9tat, que nous montre ce livre. Et Rodolphe le fait sans manich\u00e9isme, en montrant, en m\u00eame temps que les l\u00e2chet\u00e9s et cruaut\u00e9s majoritaires, des \u00eatres qui ne sont que ballot\u00e9s, m\u00eame s\u2019ils se font actifs dans la r\u00e9volte, dans l\u2019opposition en tout cas.<\/p>\n\n\n\n<p>Un exemple : un pr\u00eatre qui d\u00e9fend l\u2019id\u00e9al des scouts dont il s\u2019occupe contre l\u2019id\u00e9ologie des Hitlerjungend.<\/p>\n\n\n\n<p>Cet album est un livre particuli\u00e8rement r\u00e9ussi, avec aussi de l\u2019amour, du d\u00e9sir, du sentiment\u2026 De la p\u00e9dophilie, \u00e9galement\u2026 C\u2019est une nouvelle civilisation qui s\u2019offre \u00e0 nous, dit un des protagonistes ! C\u2019est, tout simplement, gr\u00e2ce aux talents du sc\u00e9nariste, du coloriste et du dessinateur, un compte-rendu horrible d\u2019une horreur insidieuse qui s\u2019impose et devient la r\u00e8gle de vie g\u00e9n\u00e9rale dans tout un pays !<\/p>\n\n\n\n<p>Un livre excellent, \u00e0 d\u00e9couvrir, \u00e0 aimer !<\/p>\n\n\n\n<p><strong>Jacques Schra\u00fbwen<\/strong><\/p>\n\n\n\n<p><strong>Chez Adolf : 1. 1933 (dessin : Ramon Marcos \u2013 sc\u00e9nario : Rodophe \u2013 couleurs : Dimitri Fogolin \u2013 \u00e9diteur : Delcourt \u2013 56 pages \u2013 date de parution : mai 2019)<\/strong><\/p>\n\n\n\n<div class=\"wp-block-image\"><figure class=\"aligncenter\"><img data-recalc-dims=\"1\" loading=\"lazy\" decoding=\"async\" width=\"586\" height=\"800\" src=\"https:\/\/i0.wp.com\/bd-chroniques.be\/wp-content\/uploads\/2019\/10\/adolf0.jpg?resize=586%2C800\" alt=\"\" class=\"wp-image-4262\" srcset=\"https:\/\/i0.wp.com\/bd-chroniques.be\/wp-content\/uploads\/2019\/10\/adolf0.jpg?w=586&amp;ssl=1 586w, https:\/\/i0.wp.com\/bd-chroniques.be\/wp-content\/uploads\/2019\/10\/adolf0.jpg?resize=220%2C300&amp;ssl=1 220w\" sizes=\"auto, (max-width: 586px) 100vw, 586px\" \/><figcaption> Chez Adolf 1 \u00a9 Delcourt  <\/figcaption><\/figure><\/div>\n","protected":false},"excerpt":{"rendered":"<p>Un r\u00e9cit \u00e0 l\u2019initiale de l\u2019horreur. Les livres consacr\u00e9s \u00e0 la guerre 40\/45, au g\u00e9nocide des Juifs, des homosexuels, des communistes, des handicap\u00e9s, il y en a eu \u00e9norm\u00e9ment, il y en aura encore, c\u2019est \u00e9vident, tant il est important de ne pas \u00ab oublier \u00bb pour ne pas recommencer ! Mais avant que l\u2019horreur [&hellip;]<\/p>\n","protected":false},"author":1,"featured_media":4262,"comment_status":"open","ping_status":"open","sticky":false,"template":"","format":"standard","meta":{"jetpack_post_was_ever_published":false,"_jetpack_newsletter_access":"","_jetpack_dont_email_post_to_subs":false,"_jetpack_newsletter_tier_id":0,"_jetpack_memberships_contains_paywalled_content":false,"_jetpack_memberships_contains_paid_content":false,"footnotes":"","jetpack_publicize_message":"","jetpack_publicize_feature_enabled":true,"jetpack_social_post_already_shared":true,"jetpack_social_options":{"image_generator_settings":{"template":"highway","default_image_id":0,"font":"","enabled":false},"version":2}},"categories":[14,18],"tags":[],"class_list":["post-4261","post","type-post","status-publish","format-standard","has-post-thumbnail","hentry","category-bd-de-a-a-f","category-c"],"jetpack_publicize_connections":[],"jetpack_featured_media_url":"https:\/\/i0.wp.com\/bd-chroniques.be\/wp-content\/uploads\/2019\/10\/adolf0.jpg?fit=586%2C800&ssl=1","jetpack_shortlink":"https:\/\/wp.me\/p8dqsu-16J","jetpack_likes_enabled":true,"jetpack_sharing_enabled":true,"_links":{"self":[{"href":"https:\/\/bd-chroniques.be\/index.php\/wp-json\/wp\/v2\/posts\/4261","targetHints":{"allow":["GET"]}}],"collection":[{"href":"https:\/\/bd-chroniques.be\/index.php\/wp-json\/wp\/v2\/posts"}],"about":[{"href":"https:\/\/bd-chroniques.be\/index.php\/wp-json\/wp\/v2\/types\/post"}],"author":[{"embeddable":true,"href":"https:\/\/bd-chroniques.be\/index.php\/wp-json\/wp\/v2\/users\/1"}],"replies":[{"embeddable":true,"href":"https:\/\/bd-chroniques.be\/index.php\/wp-json\/wp\/v2\/comments?post=4261"}],"version-history":[{"count":1,"href":"https:\/\/bd-chroniques.be\/index.php\/wp-json\/wp\/v2\/posts\/4261\/revisions"}],"predecessor-version":[{"id":4267,"href":"https:\/\/bd-chroniques.be\/index.php\/wp-json\/wp\/v2\/posts\/4261\/revisions\/4267"}],"wp:featuredmedia":[{"embeddable":true,"href":"https:\/\/bd-chroniques.be\/index.php\/wp-json\/wp\/v2\/media\/4262"}],"wp:attachment":[{"href":"https:\/\/bd-chroniques.be\/index.php\/wp-json\/wp\/v2\/media?parent=4261"}],"wp:term":[{"taxonomy":"category","embeddable":true,"href":"https:\/\/bd-chroniques.be\/index.php\/wp-json\/wp\/v2\/categories?post=4261"},{"taxonomy":"post_tag","embeddable":true,"href":"https:\/\/bd-chroniques.be\/index.php\/wp-json\/wp\/v2\/tags?post=4261"}],"curies":[{"name":"wp","href":"https:\/\/api.w.org\/{rel}","templated":true}]}}