{"id":4268,"date":"2019-10-21T08:30:44","date_gmt":"2019-10-21T06:30:44","guid":{"rendered":"http:\/\/bd-chroniques.be\/?p=4268"},"modified":"2019-10-21T09:47:41","modified_gmt":"2019-10-21T07:47:41","slug":"bd-jean-claude-servais-au-dela-du-trait","status":"publish","type":"post","link":"https:\/\/bd-chroniques.be\/index.php\/2019\/10\/21\/bd-jean-claude-servais-au-dela-du-trait\/","title":{"rendered":"BD : Jean-Claude Servais au-del\u00e0 du trait"},"content":{"rendered":"\n<h4 class=\"wp-block-heading\"> Jusqu\u2019en septembre 2020, une superbe exposition \u00e0 Bastogne <\/h4>\n\n\n\n<p>Dans la bande dessin\u00e9e belgo-fran\u00e7aise, Jean-Claude Servais occupe une place de choix. Ce Gaumais, amoureux de sa r\u00e9gion depuis toujours, re\u00e7oit aujourd\u2019hui un hommage somptueux \u00e0 Bastogne, ce qui prouve qu\u2019on peut \u00eatre proph\u00e8te dans son pays ! Dans sa r\u00e9gion, tout au moins !<\/p>\n\n\n\n<div class=\"wp-block-image\"><figure class=\"aligncenter\"><img loading=\"lazy\" decoding=\"async\" width=\"1024\" height=\"768\" src=\"https:\/\/i2.wp.com\/bd-chroniques.be\/wp-content\/uploads\/2019\/10\/collageservais1.jpg?fit=768%2C576\" alt=\"\" class=\"wp-image-4269\" srcset=\"https:\/\/i0.wp.com\/bd-chroniques.be\/wp-content\/uploads\/2019\/10\/collageservais1.jpg?w=1024&amp;ssl=1 1024w, https:\/\/i0.wp.com\/bd-chroniques.be\/wp-content\/uploads\/2019\/10\/collageservais1.jpg?resize=300%2C225&amp;ssl=1 300w, https:\/\/i0.wp.com\/bd-chroniques.be\/wp-content\/uploads\/2019\/10\/collageservais1.jpg?resize=768%2C576&amp;ssl=1 768w\" sizes=\"auto, (max-width: 768px) 100vw, 768px\" \/><figcaption>Expo J.C. Servais \u00a9 Jacques Schra\u00fbwen<\/figcaption><\/figure><\/div>\n\n\n\n<p>D\u00e8s ses premi\u00e8res bandes dessin\u00e9es, parues il y a quarante ans, Jean-Claude Servais mettait en place un style reconnaissable d\u00e8s le premier regard. A l\u2019instar des grands acteurs (je pense \u00e0 Louis Jouvet, entre autres), Jean-Claude Servais est toujours le m\u00eame, avec un trait qui, certes, s\u2019est affin\u00e9 au fil des ans, mais sans jamais perdre son adn originel. Mais, en m\u00eame temps, chaque album est diff\u00e9rent, les r\u00e9cits qu\u2019il invente, ou r\u00e9invente, sont neufs, \u00e0 chaque !e fois. 40 ans de carri\u00e8re, une cinquantaine d\u2019albums, et une passion sans cesse renouvel\u00e9e ! Son nouveau livre, \u00ab Le fils de l\u2019ours \u00bb, paru chez Dupuis, est d\u2019une facture \u00e0 la fois po\u00e9tique et \u00ab naturelle \u00bb, avec un trait qui, comme son habitude, aime raconter les beaut\u00e9s et les troubles de ses personnages.<\/p>\n\n\n\n<div class=\"wp-block-image\"><figure class=\"aligncenter\"><img loading=\"lazy\" decoding=\"async\" width=\"1024\" height=\"768\" src=\"https:\/\/i0.wp.com\/bd-chroniques.be\/wp-content\/uploads\/2019\/10\/collageservais2.jpg?fit=768%2C576\" alt=\"\" class=\"wp-image-4270\" srcset=\"https:\/\/i0.wp.com\/bd-chroniques.be\/wp-content\/uploads\/2019\/10\/collageservais2.jpg?w=1024&amp;ssl=1 1024w, https:\/\/i0.wp.com\/bd-chroniques.be\/wp-content\/uploads\/2019\/10\/collageservais2.jpg?resize=300%2C225&amp;ssl=1 300w, https:\/\/i0.wp.com\/bd-chroniques.be\/wp-content\/uploads\/2019\/10\/collageservais2.jpg?resize=768%2C576&amp;ssl=1 768w\" sizes=\"auto, (max-width: 768px) 100vw, 768px\" \/><figcaption> J.C. Servais \u00a9 Jacques Schra\u00fbwen <\/figcaption><\/figure><\/div>\n\n\n\n<p>Et, en parall\u00e8le de ce nouvel album, c\u2019est au Mus\u00e9e de la Grande Ardenne qu\u2019on retrouve quelque 120 de ses originaux, tout au long d\u2019une exposition comme, je l\u2019avoue, je n\u2019en ai jamais vu ! C\u2019est \u00e0 Bastogne, \u00e0 Piconrue, que cela se passe. Cette exposition, fabuleuse, il n\u2019y a pas d\u2019autre mot, avec une sc\u00e9nographie qui, volontairement, refuse la chronologie pour s\u2019int\u00e9resser aux th\u00e8mes de pr\u00e9dilection de l\u2019artiste (la nature, la f\u00e9minit\u00e9, la r\u00e9volte\u2026), nous balade, au fil de petites salles \u00e0 l\u2019\u00e9clairage parfait, dans l\u2019\u0153uvre et l\u2019univers de Jean-Claude Servais. Et ce, de mani\u00e8re, croyez-moi, \u00e9blouissante !<\/p>\n\n\n\n<figure class=\"wp-block-audio\"><audio controls src=\"http:\/\/bd-chroniques.be\/wp-content\/uploads\/2019\/10\/1servaisexpomiseenscene.mp3\"><\/audio><figcaption> J.C. Servais : l&rsquo;expo<\/figcaption><\/figure>\n\n\n\n<p>Enum\u00e9rer les livres de Jean-Claude Servais serait fastidieux, et inutile. Mais on peut \u00e9pingler \u00ab La Tchalette \u00bb, \u00ab Tendre Violette \u00bb, \u00ab Les saisons de la vie \u00bb, \u00ab Lova \u00bb, et le sublime \u00ab Chalet bleu \u00bb ! Tout comme son dernier n\u00e9, le fils de l\u2019ours, qui nous parle de g\u00e9mellit\u00e9, d\u2019identit\u00e9, de naissance, de sensualit\u00e9\u2026<\/p>\n\n\n\n<p>Son univers, qui se trouve expos\u00e9 \u00e0 Bastogne, est double.<\/p>\n\n\n\n<div class=\"wp-block-image\"><figure class=\"aligncenter\"><img loading=\"lazy\" decoding=\"async\" width=\"1880\" height=\"2816\" src=\"https:\/\/i2.wp.com\/bd-chroniques.be\/wp-content\/uploads\/2019\/10\/IMG_0012.jpg?fit=684%2C1024\" alt=\"\" class=\"wp-image-4275\" srcset=\"https:\/\/i0.wp.com\/bd-chroniques.be\/wp-content\/uploads\/2019\/10\/IMG_0012.jpg?w=1880&amp;ssl=1 1880w, https:\/\/i0.wp.com\/bd-chroniques.be\/wp-content\/uploads\/2019\/10\/IMG_0012.jpg?resize=200%2C300&amp;ssl=1 200w, https:\/\/i0.wp.com\/bd-chroniques.be\/wp-content\/uploads\/2019\/10\/IMG_0012.jpg?resize=768%2C1150&amp;ssl=1 768w, https:\/\/i0.wp.com\/bd-chroniques.be\/wp-content\/uploads\/2019\/10\/IMG_0012.jpg?resize=684%2C1024&amp;ssl=1 684w, https:\/\/i0.wp.com\/bd-chroniques.be\/wp-content\/uploads\/2019\/10\/IMG_0012.jpg?w=1536&amp;ssl=1 1536w\" sizes=\"auto, (max-width: 768px) 100vw, 768px\" \/><figcaption>  J.C. Servais \u00a9 Jacques Schra\u00fbwen  <\/figcaption><\/figure><\/div>\n\n\n\n<p>D\u2019abord, il y a les gens\u2026 Les gens normaux, les \u00ab petites bens \u00bb, les \u00ab honn\u00eates gens \u00bb, dans l\u2019esprit du dix-huiti\u00e8me si\u00e8cle. Il y a les gens ballot\u00e9s par l\u2019histoire, influenc\u00e9s par des l\u00e9gendes. Il y a les gens les femmes surtout, qui se battent contre le pouvoir, contre les conventions. Avec un sens de la libert\u00e9, de la sensualit\u00e9, voire m\u00eame du libertinage absolument r\u00e9jouissant.<\/p>\n\n\n\n<p>Et puis, il y a la nature, omnipr\u00e9sente\u2026 La faune et la flore de notre Ardenne, de la Gaume, de Bretagne, d\u2019Alsace\u2026 Une nature dans laquelle toute magie et toute po\u00e9sie sont possibles, et le seront toujours, pourvu que les pouvoirs politiques et industriels n\u2019en d\u00e9truisent pas l\u2019\u00e9quilibre et la beaut\u00e9\u2026 Cette nature dans laquelle Jean-Claude Servais vit, lui qui ne dessinera jamais que ce qu\u2019il conna\u00eet vraiment !<\/p>\n\n\n\n<figure class=\"wp-block-audio\"><audio controls src=\"http:\/\/bd-chroniques.be\/wp-content\/uploads\/2019\/10\/1servaisproph\u00e8teensonpays.mp3\"><\/audio><figcaption>  J.C. Servais : la Gaume<\/figcaption><\/figure>\n\n\n\n<div class=\"wp-block-image\"><figure class=\"aligncenter\"><img loading=\"lazy\" decoding=\"async\" width=\"2816\" height=\"1880\" src=\"https:\/\/i1.wp.com\/bd-chroniques.be\/wp-content\/uploads\/2019\/10\/IMG_0027.jpg?fit=768%2C513\" alt=\"\" class=\"wp-image-4273\" srcset=\"https:\/\/i0.wp.com\/bd-chroniques.be\/wp-content\/uploads\/2019\/10\/IMG_0027.jpg?w=2816&amp;ssl=1 2816w, https:\/\/i0.wp.com\/bd-chroniques.be\/wp-content\/uploads\/2019\/10\/IMG_0027.jpg?resize=300%2C200&amp;ssl=1 300w, https:\/\/i0.wp.com\/bd-chroniques.be\/wp-content\/uploads\/2019\/10\/IMG_0027.jpg?resize=768%2C513&amp;ssl=1 768w, https:\/\/i0.wp.com\/bd-chroniques.be\/wp-content\/uploads\/2019\/10\/IMG_0027.jpg?resize=1024%2C684&amp;ssl=1 1024w, https:\/\/i0.wp.com\/bd-chroniques.be\/wp-content\/uploads\/2019\/10\/IMG_0027.jpg?w=1536&amp;ssl=1 1536w, https:\/\/i0.wp.com\/bd-chroniques.be\/wp-content\/uploads\/2019\/10\/IMG_0027.jpg?w=2304&amp;ssl=1 2304w\" sizes=\"auto, (max-width: 768px) 100vw, 768px\" \/><figcaption>  J.C. Servais \u00a9 Jacques Schra\u00fbwen  <\/figcaption><\/figure><\/div>\n\n\n\n<p>Un hommage comme celui de cette exposition est extr\u00eamement bien construit, bien \u00ab sc\u00e9nographi\u00e9 \u00bb. Et, croyez-moi, il s\u2019agit de l\u2019exposition bd la plus belle qu\u2019il m\u2019ait \u00e9t\u00e9 donn\u00e9 de voir\u2026 La plus belle, la plus intelligente, une exposition que vous ne pouvez pas rater, vous qui aimez le neuvi\u00e8me art !<\/p>\n\n\n\n<p><strong>Jacques Schra\u00fbwen<\/strong><\/p>\n\n\n\n<p><strong>Jean-Claude Servais au-del\u00e0 du trait (exposition \u00e0 Piconrue, \u00e0 Bastogne, jusqu\u2019en septembre 2020)<\/strong><\/p>\n\n\n\n<p><strong>Le fils de l\u2019ours (auteur : Jean-Claude Servais \u2013 couleur : Raives \u2013 \u00e9diteur : Dupuis)<\/strong><\/p>\n\n\n\n<p><a href=\"https:\/\/www.piconrue.be\/fr\/\">https:\/\/www.piconrue.be\/fr\/<\/a><\/p>\n\n\n\n<figure class=\"wp-block-embed-wordpress wp-block-embed is-type-wp-embed is-provider-bd-chroniques-de-jacques-schrauwen\"><div class=\"wp-block-embed__wrapper\">\n<blockquote class=\"wp-embedded-content\" data-secret=\"IA0DzVuE0o\"><a href=\"http:\/\/bd-chroniques.be\/index.php\/2019\/10\/16\/le-fils-de-lours\/\">Le fils de l\u2019ours<\/a><\/blockquote><iframe loading=\"lazy\" title=\"\u00ab\u00a0Le fils de l\u2019ours\u00a0\u00bb &#8212; Bd-Chroniques de Jacques Schra\u00fbwen\" class=\"wp-embedded-content\" sandbox=\"allow-scripts\" security=\"restricted\" style=\"position: absolute; clip: rect(1px, 1px, 1px, 1px);\" src=\"http:\/\/bd-chroniques.be\/index.php\/2019\/10\/16\/le-fils-de-lours\/embed\/#?secret=IA0DzVuE0o\" data-secret=\"IA0DzVuE0o\" width=\"600\" height=\"338\" frameborder=\"0\" marginwidth=\"0\" marginheight=\"0\" scrolling=\"no\"><\/iframe>\n<\/div><\/figure>\n\n\n\n<figure class=\"wp-block-image\"><img data-recalc-dims=\"1\" loading=\"lazy\" decoding=\"async\" width=\"723\" height=\"1024\" src=\"https:\/\/i0.wp.com\/bd-chroniques.be\/wp-content\/uploads\/2019\/10\/servaisexpo-723x1024.jpg?resize=723%2C1024\" alt=\"\" class=\"wp-image-4278\" srcset=\"https:\/\/i0.wp.com\/bd-chroniques.be\/wp-content\/uploads\/2019\/10\/servaisexpo.jpg?w=723&amp;ssl=1 723w, https:\/\/i0.wp.com\/bd-chroniques.be\/wp-content\/uploads\/2019\/10\/servaisexpo.jpg?resize=212%2C300&amp;ssl=1 212w\" sizes=\"auto, (max-width: 723px) 100vw, 723px\" \/><\/figure>\n","protected":false},"excerpt":{"rendered":"<p>Jusqu\u2019en septembre 2020, une superbe exposition \u00e0 Bastogne Dans la bande dessin\u00e9e belgo-fran\u00e7aise, Jean-Claude Servais occupe une place de choix. Ce Gaumais, amoureux de sa r\u00e9gion depuis toujours, re\u00e7oit aujourd\u2019hui un hommage somptueux \u00e0 Bastogne, ce qui prouve qu\u2019on peut \u00eatre proph\u00e8te dans son pays ! Dans sa r\u00e9gion, tout au moins ! D\u00e8s ses [&hellip;]<\/p>\n","protected":false},"author":1,"featured_media":4278,"comment_status":"open","ping_status":"open","sticky":false,"template":"","format":"standard","meta":{"jetpack_post_was_ever_published":false,"_jetpack_newsletter_access":"","_jetpack_dont_email_post_to_subs":false,"_jetpack_newsletter_tier_id":0,"_jetpack_memberships_contains_paywalled_content":false,"_jetpack_memberships_contains_paid_content":false,"footnotes":"","jetpack_publicize_message":"","jetpack_publicize_feature_enabled":true,"jetpack_social_post_already_shared":true,"jetpack_social_options":{"image_generator_settings":{"template":"highway","default_image_id":0,"font":"","enabled":false},"version":2}},"categories":[37],"tags":[],"class_list":["post-4268","post","type-post","status-publish","format-standard","has-post-thumbnail","hentry","category-evenements"],"jetpack_publicize_connections":[],"jetpack_featured_media_url":"https:\/\/i0.wp.com\/bd-chroniques.be\/wp-content\/uploads\/2019\/10\/servaisexpo.jpg?fit=723%2C1024&ssl=1","jetpack_shortlink":"https:\/\/wp.me\/p8dqsu-16Q","jetpack_likes_enabled":true,"jetpack_sharing_enabled":true,"_links":{"self":[{"href":"https:\/\/bd-chroniques.be\/index.php\/wp-json\/wp\/v2\/posts\/4268","targetHints":{"allow":["GET"]}}],"collection":[{"href":"https:\/\/bd-chroniques.be\/index.php\/wp-json\/wp\/v2\/posts"}],"about":[{"href":"https:\/\/bd-chroniques.be\/index.php\/wp-json\/wp\/v2\/types\/post"}],"author":[{"embeddable":true,"href":"https:\/\/bd-chroniques.be\/index.php\/wp-json\/wp\/v2\/users\/1"}],"replies":[{"embeddable":true,"href":"https:\/\/bd-chroniques.be\/index.php\/wp-json\/wp\/v2\/comments?post=4268"}],"version-history":[{"count":2,"href":"https:\/\/bd-chroniques.be\/index.php\/wp-json\/wp\/v2\/posts\/4268\/revisions"}],"predecessor-version":[{"id":4279,"href":"https:\/\/bd-chroniques.be\/index.php\/wp-json\/wp\/v2\/posts\/4268\/revisions\/4279"}],"wp:featuredmedia":[{"embeddable":true,"href":"https:\/\/bd-chroniques.be\/index.php\/wp-json\/wp\/v2\/media\/4278"}],"wp:attachment":[{"href":"https:\/\/bd-chroniques.be\/index.php\/wp-json\/wp\/v2\/media?parent=4268"}],"wp:term":[{"taxonomy":"category","embeddable":true,"href":"https:\/\/bd-chroniques.be\/index.php\/wp-json\/wp\/v2\/categories?post=4268"},{"taxonomy":"post_tag","embeddable":true,"href":"https:\/\/bd-chroniques.be\/index.php\/wp-json\/wp\/v2\/tags?post=4268"}],"curies":[{"name":"wp","href":"https:\/\/api.w.org\/{rel}","templated":true}]}}