{"id":4304,"date":"2019-11-01T10:28:11","date_gmt":"2019-11-01T09:28:11","guid":{"rendered":"http:\/\/bd-chroniques.be\/?p=4304"},"modified":"2019-11-01T10:28:12","modified_gmt":"2019-11-01T09:28:12","slug":"penss-et-les-plis-du-monde","status":"publish","type":"post","link":"https:\/\/bd-chroniques.be\/index.php\/2019\/11\/01\/penss-et-les-plis-du-monde\/","title":{"rendered":"Penss Et Les Plis Du Monde"},"content":{"rendered":"\n<p> <em><strong>Une bande dessin\u00e9e \u00e9tonnante, une exposition lumineuse \u00e0 Bruxelles jusqu\u2019au premier d\u00e9cembre 2019<\/strong><\/em><\/p>\n\n\n\n<p>J\u00e9r\u00e9mie Moreau, apr\u00e8s le succ\u00e8s de son album pr\u00e9c\u00e9dent, \u00ab La saga de Grimr \u00bb, nous revient avec un livre tr\u00e8s particulier. Philosophique, oui, mais d\u2019une lecture ais\u00e9e, et mettant en exergue une aventure humaine faite de contemplation et d\u2019action.<\/p>\n\n\n\n<div class=\"wp-block-image\"><figure class=\"aligncenter\"><img loading=\"lazy\" decoding=\"async\" width=\"1500\" height=\"1975\" src=\"https:\/\/i1.wp.com\/bd-chroniques.be\/wp-content\/uploads\/2019\/11\/penss1.jpg?fit=768%2C1011\" alt=\"\" class=\"wp-image-4305\" srcset=\"https:\/\/i0.wp.com\/bd-chroniques.be\/wp-content\/uploads\/2019\/11\/penss1.jpg?w=1500&amp;ssl=1 1500w, https:\/\/i0.wp.com\/bd-chroniques.be\/wp-content\/uploads\/2019\/11\/penss1.jpg?resize=228%2C300&amp;ssl=1 228w, https:\/\/i0.wp.com\/bd-chroniques.be\/wp-content\/uploads\/2019\/11\/penss1.jpg?resize=768%2C1011&amp;ssl=1 768w, https:\/\/i0.wp.com\/bd-chroniques.be\/wp-content\/uploads\/2019\/11\/penss1.jpg?resize=778%2C1024&amp;ssl=1 778w\" sizes=\"auto, (max-width: 768px) 100vw, 768px\" \/><figcaption>Penss Et Les Plis Du Monde \u00a9 Delcourt<\/figcaption><\/figure><\/div>\n\n\n\n<p>Dans une pr\u00e9histoire r\u00e9invent\u00e9e, Penss ne trouve pas sa place dans son clan. A la chasse, il pr\u00e9f\u00e8re l\u2019observation. A l\u2019action, il pr\u00e9f\u00e8re la contemplation. Seulement, en ces temps recul\u00e9s pendant lesquels l\u2019homme est devenu homme, l\u2019existence \u00e9tait un combat de tous les jours, une lutte incessante faite de violence, de renoncement et, d\u00e9j\u00e0, de refus de la diff\u00e9rence.<\/p>\n\n\n\n<p>La vie, donc, ne fait pas de cadeau \u00e0 Penss. Et, ce faisant, la vie lui offre la chance de voir dans le monde qui l\u2019entoure autre chose qu\u2019un ennemi \u00e0 vaincre, qu\u2019un proche duquel se venger.<\/p>\n\n\n\n<p>Autour de cette trame, J\u00e9r\u00e9mie Moreau construit, comme un vrai roman, une fable \u00e0 taille humaine nous contant la conqu\u00eate de la nature et de ses ressources par l\u2019homme.<\/p>\n\n\n\n<p>Je n\u2019ai pas pu m\u2019emp\u00eacher de penser, en lisant ce livre, de penser \u00e0 \u00ab Rahan \u00bb\u2026 Le th\u00e8me, en effet, est quelque peu similaire, puisque Penss comme Rahan sont des humains cherchant inlassablement \u00e0 modifier le monde, \u00e0 le rendre plus vivable.<\/p>\n\n\n\n<p>Mais avec J\u00e9r\u00e9mie Moreau, il n\u2019y a aucun aspect moralisateur, au contraire de la s\u00e9rie de L\u00e9cureux et Ch\u00e9ret.<\/p>\n\n\n\n<p>Et le dessin, bien \u00e9videmment, n\u2019a rien \u00e0 voir non plus ! Un dessin simple, mais terriblement rythm\u00e9, un graphisme inspir\u00e9 sans aucun doute par le monde de l\u2019animation \u00ab manga \u00bb. Mais un dessin qui d\u00e9passe ses influences gr\u00e2ce, entre autres, \u00e0 un d\u00e9coupage tout en vivacit\u00e9, gr\u00e2ce, aussi, \u00e0 un sens de la couleur tout \u00e0 fait particulier. Et l\u00e0, les influences sont \u00e0 chercher ailleurs, dans ce qu\u2019on appelle aujourd\u2019hui l\u2019art brut, dans ce qu\u2019on appelait avec plus de justesse peut-\u00eatre l\u2019art na\u00eff. La couleur est une explosion, dans ce livre, une sorte d\u2019improvisation \u00e0 la fois r\u00eav\u00e9e et ma\u00eetris\u00e9e.<\/p>\n\n\n\n<div class=\"wp-block-image\"><figure class=\"aligncenter\"><img loading=\"lazy\" decoding=\"async\" width=\"784\" height=\"1032\" src=\"https:\/\/i2.wp.com\/bd-chroniques.be\/wp-content\/uploads\/2019\/11\/penss2.jpg?fit=768%2C1011\" alt=\"\" class=\"wp-image-4307\" srcset=\"https:\/\/i0.wp.com\/bd-chroniques.be\/wp-content\/uploads\/2019\/11\/penss2.jpg?w=784&amp;ssl=1 784w, https:\/\/i0.wp.com\/bd-chroniques.be\/wp-content\/uploads\/2019\/11\/penss2.jpg?resize=228%2C300&amp;ssl=1 228w, https:\/\/i0.wp.com\/bd-chroniques.be\/wp-content\/uploads\/2019\/11\/penss2.jpg?resize=768%2C1011&amp;ssl=1 768w, https:\/\/i0.wp.com\/bd-chroniques.be\/wp-content\/uploads\/2019\/11\/penss2.jpg?resize=778%2C1024&amp;ssl=1 778w\" sizes=\"auto, (max-width: 768px) 100vw, 768px\" \/><figcaption> Penss Et Les Plis Du Monde \u00a9 Delcourt <\/figcaption><\/figure><\/div>\n\n\n\n<figure class=\"wp-block-audio\"><audio controls src=\"http:\/\/bd-chroniques.be\/wp-content\/uploads\/2019\/11\/1pensscouleurartbrut.mp3\"><\/audio><figcaption> J\u00e9r\u00e9mie Moreau : les couleurs <\/figcaption><\/figure>\n\n\n\n<p>Penss, plus qu\u2019un personnage central, est l\u2019axe v\u00e9ritable de tout le r\u00e9cit que nous offre J\u00e9r\u00e9mie Moreau. A partir du moment o\u00f9 il cultive la certitude que tout, dans l\u2019univers, est fait de plis, il va se persuader que vivre, c\u2019est d\u00e9couvrir, d\u2019abord et avant tout, c\u2019est regarder pour comprendre, c\u2019est comprendre pour exister, c\u2019est exister pour exp\u00e9rimenter. La question \u00e0 laquelle cet \u00eatre \u00e0 l\u2019ambition d\u00e9mesur\u00e9e, principale source d\u2019ailleurs de l\u2019ostracisme dont il est victime, va \u00eatre confront\u00e9, c\u2019est de savoir si tout peut \u00eatre appr\u00e9hend\u00e9\u2026 Pris au pi\u00e8ge du narcissisme, de l\u2019autosatisfaction, de la solitude, de l\u2019indiff\u00e9rence et de la haine, Penss va devoir accepter les diff\u00e9rences des autres pour que les siennes deviennent des richesses \u00e0 partager. Il va surtout devoir se reconna\u00eetre comme humain. Et il va le faire gr\u00e2ce \u00e0 la rencontre de Craie, une jeune femme qui, tout comme lui, voit le monde comme une suite ininterrompue de plis. Mais l\u00e0 o\u00f9 Penss ne voit que les remous de la nature, Craie, elle, parle avec les esprits\u2026 Et c\u2019est ainsi que, avec la naissance du d\u00e9sir, \u00e0 l\u2019or\u00e9e d\u2019une autre naissance d\u2019ailleurs, Penss va \u00e9voluer, et comprendre que l\u2019amour et la sensualit\u00e9 sont des plis essentiels \u00e0 explorer, aux aussi.<\/p>\n\n\n\n<div class=\"wp-block-image\"><figure class=\"aligncenter is-resized\"><img data-recalc-dims=\"1\" loading=\"lazy\" decoding=\"async\" src=\"https:\/\/i0.wp.com\/bd-chroniques.be\/wp-content\/uploads\/2019\/11\/penss3.jpg?resize=443%2C582\" alt=\"\" class=\"wp-image-4308\" width=\"443\" height=\"582\" srcset=\"https:\/\/i0.wp.com\/bd-chroniques.be\/wp-content\/uploads\/2019\/11\/penss3.jpg?w=230&amp;ssl=1 230w, https:\/\/i0.wp.com\/bd-chroniques.be\/wp-content\/uploads\/2019\/11\/penss3.jpg?resize=228%2C300&amp;ssl=1 228w\" sizes=\"auto, (max-width: 443px) 100vw, 443px\" \/><figcaption> Penss Et Les Plis Du Monde \u00a9 Delcourt <\/figcaption><\/figure><\/div>\n\n\n\n<figure class=\"wp-block-audio\"><audio controls src=\"http:\/\/bd-chroniques.be\/wp-content\/uploads\/2019\/11\/1penssambitiondesirnature.mp3\"><\/audio><figcaption> J\u00e9r\u00e9mie Moreau : l\u2019ambition, le d\u00e9sir, la nature <\/figcaption><\/figure>\n\n\n\n<figure class=\"wp-block-audio\"><audio controls src=\"http:\/\/bd-chroniques.be\/wp-content\/uploads\/2019\/11\/1pensschairesprit.mp3\"><\/audio><figcaption> J\u00e9r\u00e9mie Moreau : la chair et l\u2019esprit <\/figcaption><\/figure>\n\n\n\n<p>Je parlais de fable, mais de fable sans morale. Une fable qui, en cr\u00e9ant une impossible pr\u00e9histoire dans laquelle un homme seul invente l\u2019agriculture, nous parle aussi, de toute \u00e9vidence, d\u2019aujourd\u2019hui.<\/p>\n\n\n\n<p>De l\u2019orgueil \u00e0 l\u2019humilit\u00e9, le personnage de Penss grandit et fait se grandir le monde autour de lui. J\u00e9r\u00e9mie Moreau nous montre son \u00e9volution sans manich\u00e9isme, il nous parle des r\u00e9alit\u00e9s actuelles de l\u2019agriculture et de la nourriture sans aucun diktat. Il fait \u0153uvre d\u2019artiste bien plus que de moralisateur, tout au long d\u2019un roman graphique d\u2019excellente tenue.<\/p>\n\n\n\n<div class=\"wp-block-image\"><figure class=\"aligncenter\"><img loading=\"lazy\" decoding=\"async\" width=\"1500\" height=\"1975\" src=\"https:\/\/i2.wp.com\/bd-chroniques.be\/wp-content\/uploads\/2019\/11\/penss3bis.jpg?fit=768%2C1011\" alt=\"\" class=\"wp-image-4309\" srcset=\"https:\/\/i0.wp.com\/bd-chroniques.be\/wp-content\/uploads\/2019\/11\/penss3bis.jpg?w=1500&amp;ssl=1 1500w, https:\/\/i0.wp.com\/bd-chroniques.be\/wp-content\/uploads\/2019\/11\/penss3bis.jpg?resize=228%2C300&amp;ssl=1 228w, https:\/\/i0.wp.com\/bd-chroniques.be\/wp-content\/uploads\/2019\/11\/penss3bis.jpg?resize=768%2C1011&amp;ssl=1 768w, https:\/\/i0.wp.com\/bd-chroniques.be\/wp-content\/uploads\/2019\/11\/penss3bis.jpg?resize=778%2C1024&amp;ssl=1 778w\" sizes=\"auto, (max-width: 768px) 100vw, 768px\" \/><figcaption> Penss Et Les Plis Du Monde \u00a9 Delcourt <\/figcaption><\/figure><\/div>\n\n\n\n<p>Sa force de sc\u00e9nariste r\u00e9side aussi dans l\u2019art qui est le sien de nous parler, du d\u00e9but \u00e0 la fin, de principes \u00e9minemment philosophique sans jamais \u00eatre r\u00e9barbatif dans son propos. R\u00e9ussir \u00e0 faire des th\u00e9ories philosophiques de Leibniz par exemple un outil narratif, cela tient de la gageure ! Et le pari est r\u00e9ussi\u2026 Penss nous dit qu\u2019on ne peut se d\u00e9finir autrement qu\u2019en fonction de la nature qui nous entoure et nous \u00e9rige humains. Il nous dit qu\u2019on ne peut modeler notre monde que par le \u00ab vivant \u00bb, m\u00eame si les strates de cet univers, en plis successifs et infinis, ne sont que l\u2019accumulation m\u00eal\u00e9e de la vie et de la mort, sans cesse\u2026<\/p>\n\n\n\n<p>Penss nous dit, tout simplement, que tout est toujours \u00e0 d\u00e9plier pour que le r\u00e9el puisse s\u2019\u00e9veiller \u00e0 la po\u00e9sie essentielle, celle du \u00ab vivre \u00bb.<\/p>\n\n\n\n<div class=\"wp-block-image\"><figure class=\"aligncenter\"><img loading=\"lazy\" decoding=\"async\" width=\"1500\" height=\"1975\" src=\"https:\/\/i2.wp.com\/bd-chroniques.be\/wp-content\/uploads\/2019\/11\/penss4.jpg?fit=768%2C1011\" alt=\"\" class=\"wp-image-4310\" srcset=\"https:\/\/i0.wp.com\/bd-chroniques.be\/wp-content\/uploads\/2019\/11\/penss4.jpg?w=1500&amp;ssl=1 1500w, https:\/\/i0.wp.com\/bd-chroniques.be\/wp-content\/uploads\/2019\/11\/penss4.jpg?resize=228%2C300&amp;ssl=1 228w, https:\/\/i0.wp.com\/bd-chroniques.be\/wp-content\/uploads\/2019\/11\/penss4.jpg?resize=768%2C1011&amp;ssl=1 768w, https:\/\/i0.wp.com\/bd-chroniques.be\/wp-content\/uploads\/2019\/11\/penss4.jpg?resize=778%2C1024&amp;ssl=1 778w\" sizes=\"auto, (max-width: 768px) 100vw, 768px\" \/><figcaption> Penss Et Les Plis Du Monde \u00a9 Delcourt <\/figcaption><\/figure><\/div>\n\n\n\n<figure class=\"wp-block-audio\"><audio controls src=\"http:\/\/bd-chroniques.be\/wp-content\/uploads\/2019\/11\/1penssaujourdhuiphilosophie.mp3\"><\/audio><figcaption> J\u00e9r\u00e9mie Moreau : des ponts philosophiques avec aujourd\u2019hui <\/figcaption><\/figure>\n\n\n\n<figure class=\"wp-block-audio\"><audio controls src=\"http:\/\/bd-chroniques.be\/wp-content\/uploads\/2019\/11\/1pensspli.mp3\"><\/audio><figcaption> J\u00e9r\u00e9mie Moreau : tout est \u00e0 d\u00e9plier\u2026 <\/figcaption><\/figure>\n\n\n\n<p>Penss, c\u2019est un roman graphique qui se d\u00e9couvre autant avec l\u2019intelligence que les yeux, autant avec la culture que l\u2019instinct. C\u2019est un album bd qui peut se lire avec passion, ou se feuilleter, ensuite, pour le plaisir des envol\u00e9es de la lumi\u00e8re et de la couleur.<\/p>\n\n\n\n<p>Penss, c\u2019est un livre qui m\u00e9lange les genres avec une v\u00e9ritable r\u00e9ussite !<\/p>\n\n\n\n<p><strong>Jacques Schra\u00fbwen<\/strong><\/p>\n\n\n\n<p><strong>Penss Et Les Plis Du Monde (auteur : J\u00e9r\u00e9mie Moreau \u2013 \u00e9diteur : Delcourt \u2013 229 pages \u2013 date de parution : septembre 2019)<\/strong><\/p>\n\n\n\n<p><strong>Une exposition au cbbd jusqu\u2019au 1\/12\/2019<\/strong> &#8211;  https:\/\/www.cbbd.be\/fr\/accueil <\/p>\n\n\n\n<figure class=\"wp-block-image\"><img data-recalc-dims=\"1\" height=\"1024\" width=\"630\" decoding=\"async\" src=\"https:\/\/i0.wp.com\/bd-chroniques.be\/wp-content\/uploads\/2019\/11\/pens0-630x1024.jpg?resize=630%2C1024\" alt=\"\" class=\"wp-image-4306\"\/><figcaption> Penss Et Les Plis Du Monde \u00a9 Delcourt <\/figcaption><\/figure>\n","protected":false},"excerpt":{"rendered":"<p>Une bande dessin\u00e9e \u00e9tonnante, une exposition lumineuse \u00e0 Bruxelles jusqu\u2019au premier d\u00e9cembre 2019 J\u00e9r\u00e9mie Moreau, apr\u00e8s le succ\u00e8s de son album pr\u00e9c\u00e9dent, \u00ab La saga de Grimr \u00bb, nous revient avec un livre tr\u00e8s particulier. Philosophique, oui, mais d\u2019une lecture ais\u00e9e, et mettant en exergue une aventure humaine faite de contemplation et d\u2019action. Dans une [&hellip;]<\/p>\n","protected":false},"author":1,"featured_media":4306,"comment_status":"open","ping_status":"open","sticky":false,"template":"","format":"standard","meta":{"jetpack_post_was_ever_published":false,"_jetpack_newsletter_access":"","_jetpack_dont_email_post_to_subs":false,"_jetpack_newsletter_tier_id":0,"_jetpack_memberships_contains_paywalled_content":false,"_jetpack_memberships_contains_paid_content":false,"footnotes":"","jetpack_publicize_message":"","jetpack_publicize_feature_enabled":true,"jetpack_social_post_already_shared":true,"jetpack_social_options":{"image_generator_settings":{"template":"highway","default_image_id":0,"font":"","enabled":false},"version":2}},"categories":[23,27],"tags":[],"class_list":["post-4304","post","type-post","status-publish","format-standard","has-post-thumbnail","hentry","category-bd-de-m-a-r","category-p"],"jetpack_publicize_connections":[],"jetpack_featured_media_url":"https:\/\/i0.wp.com\/bd-chroniques.be\/wp-content\/uploads\/2019\/11\/pens0-e1572603317637-1270341162-1572604229187.jpg?fit=1200%2C1951&ssl=1","jetpack_shortlink":"https:\/\/wp.me\/p8dqsu-17q","jetpack_likes_enabled":true,"jetpack_sharing_enabled":true,"_links":{"self":[{"href":"https:\/\/bd-chroniques.be\/index.php\/wp-json\/wp\/v2\/posts\/4304","targetHints":{"allow":["GET"]}}],"collection":[{"href":"https:\/\/bd-chroniques.be\/index.php\/wp-json\/wp\/v2\/posts"}],"about":[{"href":"https:\/\/bd-chroniques.be\/index.php\/wp-json\/wp\/v2\/types\/post"}],"author":[{"embeddable":true,"href":"https:\/\/bd-chroniques.be\/index.php\/wp-json\/wp\/v2\/users\/1"}],"replies":[{"embeddable":true,"href":"https:\/\/bd-chroniques.be\/index.php\/wp-json\/wp\/v2\/comments?post=4304"}],"version-history":[{"count":3,"href":"https:\/\/bd-chroniques.be\/index.php\/wp-json\/wp\/v2\/posts\/4304\/revisions"}],"predecessor-version":[{"id":4318,"href":"https:\/\/bd-chroniques.be\/index.php\/wp-json\/wp\/v2\/posts\/4304\/revisions\/4318"}],"wp:featuredmedia":[{"embeddable":true,"href":"https:\/\/bd-chroniques.be\/index.php\/wp-json\/wp\/v2\/media\/4306"}],"wp:attachment":[{"href":"https:\/\/bd-chroniques.be\/index.php\/wp-json\/wp\/v2\/media?parent=4304"}],"wp:term":[{"taxonomy":"category","embeddable":true,"href":"https:\/\/bd-chroniques.be\/index.php\/wp-json\/wp\/v2\/categories?post=4304"},{"taxonomy":"post_tag","embeddable":true,"href":"https:\/\/bd-chroniques.be\/index.php\/wp-json\/wp\/v2\/tags?post=4304"}],"curies":[{"name":"wp","href":"https:\/\/api.w.org\/{rel}","templated":true}]}}